{"id":18913,"date":"2026-09-04T08:49:38","date_gmt":"2026-09-04T06:49:38","guid":{"rendered":"https:\/\/ic-lotos.org.ba\/?p=18913"},"modified":"2026-09-04T08:49:38","modified_gmt":"2026-09-04T06:49:38","slug":"sastanak-aktiva-mladih-i-foruma-zena-sa-invaliditetom-koalicije-oosi-tk-03-09-2026-god","status":"publish","type":"post","link":"https:\/\/ic-lotos.org.ba\/en\/sastanak-aktiva-mladih-i-foruma-zena-sa-invaliditetom-koalicije-oosi-tk-03-09-2026-god\/","title":{"rendered":"Meeting of Youth Assets and the Forum of Women with Disabilities of the OOSI TK Coalition, 03.09.2026."},"content":{"rendered":"<div dir=\"auto\">U prostorijama I.C. \u201eLotos\u201c Tuzla 03. septembra 2026. godine odr\u017ean je sastanak Aktiva mladih i Foruma \u017eena sa invaliditetom Koalicije organizacija osoba sa invaliditetom TK, kao i sastanak peer podr\u0161ke.<\/div>\n<div dir=\"auto\">Dru\u017eili smo se, razgovarali o svakodnevnim stvarima, doga\u0111ajima u zajednici i iskustvima koja nosimo sa sobom. Posebno su nas obradovale lijepe pri\u010de na\u0161ih \u010dlanova. Neki su u me\u0111uvremenu pokrenuli vlastiti biznis ili se zaposlili.<\/div>\n<div dir=\"auto\">Posebno se zahvaljujemo na\u0161oj predstavnici Foruma \u017eena sa invaliditetom TK Selmi Plan\u010di\u0107 koja nas je po\u010dastila divnom tortom povodom svog zaposlenja. Uvijek dijelimo radost sa svim na\u0161im \u010dlanovima u koje smo vjerovali na njihovom putu ka ostvarenju svojih uspjeha.<\/div>\n<div dir=\"auto\">Na sastanku smo razgovarali i o tome koliko je va\u017ena samostalnost osoba sa invaliditetom. Mladi su istakli da \u017eele vi\u0161e prilika za u\u010denje i dru\u017eenje kroz treninge i radionice, gdje \u0107e mo\u0107i ste\u0107i nova znanja, ali i prakti\u010dne vje\u0161tine koje \u0107e im pomo\u0107i u svakodnevnom \u017eivotu.<\/div>\n<div dir=\"auto\">Svaka pri\u010da, iskustvo i novi uspjeh su va\u017eni.<\/div>\n<div dir=\"auto\">Zato nastavljamo zajedno da u\u010dimo jedni od drugih, pru\u017eamo podr\u0161ku i stvaramo vi\u0161e prilika za mlade i \u017eene sa invaliditetom.<\/div>\n<div dir=\"auto\">Hvala svima na lijepom dru\u017eenju i iskrenim razgovorima.<\/div>\n<div dir=\"auto\">Sastanak Aktiva mladih i Foruma \u017eena sa invaliditetom je odr\u017ean uz podr\u0161ku radu koalicija u BiH od strane <span class=\"html-span xdj266r x14z9mp xat24cr x1lziwak xexx8yu xyri2b x18d9i69 x1c1uobl x1hl2dhg x16tdsg8 x1vvkbs\"><a class=\"x1i10hfl xjbqb8w x1ejq31n x18oe1m7 x1sy0etr xstzfhl x972fbf x10w94by x1qhh985 x14e42zd x9f619 x1ypdohk xt0psk2 x3ct3a4 xdj266r x14z9mp xat24cr x1lziwak xexx8yu xyri2b x18d9i69 x1c1uobl x16tdsg8 x1hl2dhg xggy1nq x1a2a7pz xkrqix3 x1sur9pj x1fey0fg x1s688f\" tabindex=\"0\" role=\"link\" href=\"https:\/\/www.facebook.com\/myrightse?__cft__[0]=AZhTlfBOXkCdhNodOxM_ydwNRSAI77kh2OIFB-cs254XC-zmpylAo8iTK4ect9yPPkgTug5PhLei0aSLELnc5peAw7TVNMh5V6niGa9vTfY4c5xP_TddOY3guSa4t9840kp9T1LGNj0&amp;__tn__=-]K-R\"><span class=\"xt0psk2\"><span class=\"xjp7ctv\">MyRight &#8211; Empowers people with disabilities<\/span><\/span><\/a><\/span>, a peer podr\u0161ka u okviru programa rada sa mladima sa invaliditetom podr\u017eanog od strane <span class=\"html-span xdj266r x14z9mp xat24cr x1lziwak xexx8yu xyri2b x18d9i69 x1c1uobl x1hl2dhg x16tdsg8 x1vvkbs\"><a class=\"x1i10hfl xjbqb8w x1ejq31n x18oe1m7 x1sy0etr xstzfhl x972fbf x10w94by x1qhh985 x14e42zd x9f619 x1ypdohk xt0psk2 x3ct3a4 xdj266r x14z9mp xat24cr x1lziwak xexx8yu xyri2b x18d9i69 x1c1uobl x16tdsg8 x1hl2dhg xggy1nq x1a2a7pz xkrqix3 x1sur9pj x1fey0fg x1s688f\" tabindex=\"0\" role=\"link\" href=\"https:\/\/www.facebook.com\/federalno.ministarstvo.rada.i.socijalne.politike?__cft__[0]=AZhTlfBOXkCdhNodOxM_ydwNRSAI77kh2OIFB-cs254XC-zmpylAo8iTK4ect9yPPkgTug5PhLei0aSLELnc5peAw7TVNMh5V6niGa9vTfY4c5xP_TddOY3guSa4t9840kp9T1LGNj0&amp;__tn__=-]K-R\"><span class=\"xt0psk2\"><span class=\"xjp7ctv\">Federalno ministarstvo rada i socijalne politike<\/span><\/span><\/a><\/span> i Vlade TK.<\/div>\n<div dir=\"auto\"><img fetchpriority=\"high\" decoding=\"async\" class=\"alignnone wp-image-18914\" src=\"https:\/\/ic-lotos.org.ba\/wp-content\/uploads\/2026\/09\/Sastanak_MOSI_ZOSI_03_09_26_slika_1-1024x768.jpg\" alt=\"\" width=\"750\" height=\"563\" srcset=\"https:\/\/ic-lotos.org.ba\/wp-content\/uploads\/2026\/09\/Sastanak_MOSI_ZOSI_03_09_26_slika_1-1024x768.jpg 1024w, https:\/\/ic-lotos.org.ba\/wp-content\/uploads\/2026\/09\/Sastanak_MOSI_ZOSI_03_09_26_slika_1-300x225.jpg 300w, https:\/\/ic-lotos.org.ba\/wp-content\/uploads\/2026\/09\/Sastanak_MOSI_ZOSI_03_09_26_slika_1-768x576.jpg 768w, https:\/\/ic-lotos.org.ba\/wp-content\/uploads\/2026\/09\/Sastanak_MOSI_ZOSI_03_09_26_slika_1-1536x1152.jpg 1536w, https:\/\/ic-lotos.org.ba\/wp-content\/uploads\/2026\/09\/Sastanak_MOSI_ZOSI_03_09_26_slika_1-16x12.jpg 16w, https:\/\/ic-lotos.org.ba\/wp-content\/uploads\/2026\/09\/Sastanak_MOSI_ZOSI_03_09_26_slika_1-440x330.jpg 440w, https:\/\/ic-lotos.org.ba\/wp-content\/uploads\/2026\/09\/Sastanak_MOSI_ZOSI_03_09_26_slika_1.jpg 2048w\" sizes=\"(max-width: 750px) 100vw, 750px\" \/> <img decoding=\"async\" class=\"alignnone wp-image-18915\" src=\"https:\/\/ic-lotos.org.ba\/wp-content\/uploads\/2026\/09\/Sastanak_MOSI_ZOSI_03_09_26_slika_2-1024x768.jpg\" alt=\"\" width=\"750\" height=\"563\" srcset=\"https:\/\/ic-lotos.org.ba\/wp-content\/uploads\/2026\/09\/Sastanak_MOSI_ZOSI_03_09_26_slika_2-1024x768.jpg 1024w, https:\/\/ic-lotos.org.ba\/wp-content\/uploads\/2026\/09\/Sastanak_MOSI_ZOSI_03_09_26_slika_2-300x225.jpg 300w, https:\/\/ic-lotos.org.ba\/wp-content\/uploads\/2026\/09\/Sastanak_MOSI_ZOSI_03_09_26_slika_2-768x576.jpg 768w, https:\/\/ic-lotos.org.ba\/wp-content\/uploads\/2026\/09\/Sastanak_MOSI_ZOSI_03_09_26_slika_2-1536x1152.jpg 1536w, https:\/\/ic-lotos.org.ba\/wp-content\/uploads\/2026\/09\/Sastanak_MOSI_ZOSI_03_09_26_slika_2-16x12.jpg 16w, https:\/\/ic-lotos.org.ba\/wp-content\/uploads\/2026\/09\/Sastanak_MOSI_ZOSI_03_09_26_slika_2-440x330.jpg 440w, https:\/\/ic-lotos.org.ba\/wp-content\/uploads\/2026\/09\/Sastanak_MOSI_ZOSI_03_09_26_slika_2.jpg 2048w\" sizes=\"(max-width: 750px) 100vw, 750px\" \/> <img decoding=\"async\" class=\"alignnone wp-image-18916\" src=\"https:\/\/ic-lotos.org.ba\/wp-content\/uploads\/2026\/09\/Sastanak_MOSI_ZOSI_03_09_26_slika_3-1024x768.jpg\" alt=\"\" width=\"750\" height=\"563\" srcset=\"https:\/\/ic-lotos.org.ba\/wp-content\/uploads\/2026\/09\/Sastanak_MOSI_ZOSI_03_09_26_slika_3-1024x768.jpg 1024w, https:\/\/ic-lotos.org.ba\/wp-content\/uploads\/2026\/09\/Sastanak_MOSI_ZOSI_03_09_26_slika_3-300x225.jpg 300w, https:\/\/ic-lotos.org.ba\/wp-content\/uploads\/2026\/09\/Sastanak_MOSI_ZOSI_03_09_26_slika_3-768x576.jpg 768w, https:\/\/ic-lotos.org.ba\/wp-content\/uploads\/2026\/09\/Sastanak_MOSI_ZOSI_03_09_26_slika_3-1536x1152.jpg 1536w, https:\/\/ic-lotos.org.ba\/wp-content\/uploads\/2026\/09\/Sastanak_MOSI_ZOSI_03_09_26_slika_3-16x12.jpg 16w, https:\/\/ic-lotos.org.ba\/wp-content\/uploads\/2026\/09\/Sastanak_MOSI_ZOSI_03_09_26_slika_3-440x330.jpg 440w, https:\/\/ic-lotos.org.ba\/wp-content\/uploads\/2026\/09\/Sastanak_MOSI_ZOSI_03_09_26_slika_3.jpg 2048w\" sizes=\"(max-width: 750px) 100vw, 750px\" \/> <img loading=\"lazy\" decoding=\"async\" class=\"alignnone wp-image-18917\" src=\"https:\/\/ic-lotos.org.ba\/wp-content\/uploads\/2026\/09\/Sastanak_MOSI_ZOSI_03_09_26_slika_4-1024x768.jpg\" alt=\"\" width=\"750\" height=\"563\" srcset=\"https:\/\/ic-lotos.org.ba\/wp-content\/uploads\/2026\/09\/Sastanak_MOSI_ZOSI_03_09_26_slika_4-1024x768.jpg 1024w, https:\/\/ic-lotos.org.ba\/wp-content\/uploads\/2026\/09\/Sastanak_MOSI_ZOSI_03_09_26_slika_4-300x225.jpg 300w, https:\/\/ic-lotos.org.ba\/wp-content\/uploads\/2026\/09\/Sastanak_MOSI_ZOSI_03_09_26_slika_4-768x576.jpg 768w, https:\/\/ic-lotos.org.ba\/wp-content\/uploads\/2026\/09\/Sastanak_MOSI_ZOSI_03_09_26_slika_4-1536x1152.jpg 1536w, https:\/\/ic-lotos.org.ba\/wp-content\/uploads\/2026\/09\/Sastanak_MOSI_ZOSI_03_09_26_slika_4-16x12.jpg 16w, https:\/\/ic-lotos.org.ba\/wp-content\/uploads\/2026\/09\/Sastanak_MOSI_ZOSI_03_09_26_slika_4-440x330.jpg 440w, https:\/\/ic-lotos.org.ba\/wp-content\/uploads\/2026\/09\/Sastanak_MOSI_ZOSI_03_09_26_slika_4.jpg 2048w\" sizes=\"(max-width: 750px) 100vw, 750px\" \/><\/div>\n<div class=\"gsp_post_data\" \r\n\t            data-post_type=\"post\" \r\n\t            data-cat=\"vijesti\" \r\n\t            data-modified=\"120\"\r\n\t            data-created=\"1788511778\"\r\n\t            data-title=\"Sastanak Aktiva mladih i Foruma \u017eena sa invaliditetom Koalicije OOSI TK 03.09.2026.god.\" \r\n\t            data-home=\"https:\/\/ic-lotos.org.ba\/en\"><\/div>","protected":false},"excerpt":{"rendered":"<p>U prostorijama I.C. \u201eLotos\u201c Tuzla 03. septembra 2026. godine odr\u017ean je sastanak Aktiva mladih i Foruma \u017eena sa invaliditetom Koalicije organizacija osoba sa invaliditetom TK, kao i sastanak peer podr\u0161ke. Dru\u017eili smo se, razgovarali o svakodnevnim stvarima, doga\u0111ajima u zajednici [&hellip;]<\/p>\n","protected":false},"author":5,"featured_media":18914,"comment_status":"closed","ping_status":"closed","sticky":false,"template":"","format":"standard","meta":{"footnotes":""},"categories":[65],"tags":[],"class_list":["post-18913","post","type-post","status-publish","format-standard","has-post-thumbnail","hentry","category-vijesti"],"yoast_head":"<!-- This site is optimized with the Yoast SEO plugin v28.4 - https:\/\/yoast.com\/product\/yoast-seo-wordpress\/ -->\n<title>Sastanak Aktiva mladih i Foruma \u017eena sa invaliditetom Koalicije OOSI TK 03.09.2026.god. - IC Lotos Tuzla<\/title>\n<meta name=\"robots\" content=\"index, follow, max-snippet:-1, max-image-preview:large, max-video-preview:-1\" \/>\n<link rel=\"canonical\" href=\"https:\/\/ic-lotos.org.ba\/en\/sastanak-aktiva-mladih-i-foruma-zena-sa-invaliditetom-koalicije-oosi-tk-03-09-2026-god\/\" \/>\n<meta property=\"og:locale\" content=\"en_US\" \/>\n<meta property=\"og:type\" content=\"article\" \/>\n<meta property=\"og:title\" content=\"Sastanak Aktiva mladih i Foruma \u017eena sa invaliditetom Koalicije OOSI TK 03.09.2026.god. - IC Lotos Tuzla\" \/>\n<meta property=\"og:description\" content=\"U prostorijama I.C. \u201eLotos\u201c Tuzla 03. septembra 2026. godine odr\u017ean je sastanak Aktiva mladih i Foruma \u017eena sa invaliditetom Koalicije organizacija osoba sa invaliditetom TK, kao i sastanak peer podr\u0161ke. Dru\u017eili smo se, razgovarali o svakodnevnim stvarima, doga\u0111ajima u zajednici [&hellip;]\" \/>\n<meta property=\"og:url\" content=\"https:\/\/ic-lotos.org.ba\/en\/sastanak-aktiva-mladih-i-foruma-zena-sa-invaliditetom-koalicije-oosi-tk-03-09-2026-god\/\" \/>\n<meta property=\"og:site_name\" content=\"IC Lotos Tuzla\" \/>\n<meta property=\"article:publisher\" content=\"https:\/\/www.facebook.com\/iclotos\/\" \/>\n<meta property=\"article:published_time\" content=\"2026-09-04T06:49:38+00:00\" \/>\n<meta property=\"og:image\" content=\"https:\/\/ic-lotos.org.ba\/wp-content\/uploads\/2026\/09\/Sastanak_MOSI_ZOSI_03_09_26_slika_1.jpg\" \/>\n\t<meta property=\"og:image:width\" content=\"2048\" \/>\n\t<meta property=\"og:image:height\" content=\"1536\" \/>\n\t<meta property=\"og:image:type\" content=\"image\/jpeg\" \/>\n<meta name=\"author\" content=\"Jasminko Bijeli\u0107\" \/>\n<meta name=\"twitter:card\" content=\"summary_large_image\" \/>\n<meta name=\"twitter:label1\" content=\"Written by\" \/>\n\t<meta name=\"twitter:data1\" content=\"Jasminko Bijeli\u0107\" \/>\n\t<meta name=\"twitter:label2\" content=\"Est. reading time\" \/>\n\t<meta name=\"twitter:data2\" content=\"3 minutes\" \/>\n<script type=\"application\/ld+json\" class=\"yoast-schema-graph\">{\"@context\":\"https:\\\/\\\/schema.org\",\"@graph\":[{\"@type\":\"Article\",\"@id\":\"https:\\\/\\\/ic-lotos.org.ba\\\/sastanak-aktiva-mladih-i-foruma-zena-sa-invaliditetom-koalicije-oosi-tk-03-09-2026-god\\\/#article\",\"isPartOf\":{\"@id\":\"https:\\\/\\\/ic-lotos.org.ba\\\/sastanak-aktiva-mladih-i-foruma-zena-sa-invaliditetom-koalicije-oosi-tk-03-09-2026-god\\\/\"},\"author\":{\"name\":\"Jasminko Bijeli\u0107\",\"@id\":\"https:\\\/\\\/ic-lotos.org.ba\\\/#\\\/schema\\\/person\\\/fb1da7c92bc3365aad6d1abac5bfe80a\"},\"headline\":\"Sastanak Aktiva mladih i Foruma \u017eena sa invaliditetom Koalicije OOSI TK 03.09.2026.god.\",\"datePublished\":\"2026-09-04T06:49:38+00:00\",\"mainEntityOfPage\":{\"@id\":\"https:\\\/\\\/ic-lotos.org.ba\\\/sastanak-aktiva-mladih-i-foruma-zena-sa-invaliditetom-koalicije-oosi-tk-03-09-2026-god\\\/\"},\"wordCount\":274,\"publisher\":{\"@id\":\"https:\\\/\\\/ic-lotos.org.ba\\\/#organization\"},\"image\":{\"@id\":\"https:\\\/\\\/ic-lotos.org.ba\\\/sastanak-aktiva-mladih-i-foruma-zena-sa-invaliditetom-koalicije-oosi-tk-03-09-2026-god\\\/#primaryimage\"},\"thumbnailUrl\":\"https:\\\/\\\/ic-lotos.org.ba\\\/wp-content\\\/uploads\\\/2026\\\/09\\\/Sastanak_MOSI_ZOSI_03_09_26_slika_1.jpg\",\"articleSection\":[\"Vijesti\"],\"inLanguage\":\"en-US\"},{\"@type\":\"WebPage\",\"@id\":\"https:\\\/\\\/ic-lotos.org.ba\\\/sastanak-aktiva-mladih-i-foruma-zena-sa-invaliditetom-koalicije-oosi-tk-03-09-2026-god\\\/\",\"url\":\"https:\\\/\\\/ic-lotos.org.ba\\\/sastanak-aktiva-mladih-i-foruma-zena-sa-invaliditetom-koalicije-oosi-tk-03-09-2026-god\\\/\",\"name\":\"Sastanak Aktiva mladih i Foruma \u017eena sa invaliditetom Koalicije OOSI TK 03.09.2026.god. - IC Lotos Tuzla\",\"isPartOf\":{\"@id\":\"https:\\\/\\\/ic-lotos.org.ba\\\/#website\"},\"primaryImageOfPage\":{\"@id\":\"https:\\\/\\\/ic-lotos.org.ba\\\/sastanak-aktiva-mladih-i-foruma-zena-sa-invaliditetom-koalicije-oosi-tk-03-09-2026-god\\\/#primaryimage\"},\"image\":{\"@id\":\"https:\\\/\\\/ic-lotos.org.ba\\\/sastanak-aktiva-mladih-i-foruma-zena-sa-invaliditetom-koalicije-oosi-tk-03-09-2026-god\\\/#primaryimage\"},\"thumbnailUrl\":\"https:\\\/\\\/ic-lotos.org.ba\\\/wp-content\\\/uploads\\\/2026\\\/09\\\/Sastanak_MOSI_ZOSI_03_09_26_slika_1.jpg\",\"datePublished\":\"2026-09-04T06:49:38+00:00\",\"breadcrumb\":{\"@id\":\"https:\\\/\\\/ic-lotos.org.ba\\\/sastanak-aktiva-mladih-i-foruma-zena-sa-invaliditetom-koalicije-oosi-tk-03-09-2026-god\\\/#breadcrumb\"},\"inLanguage\":\"en-US\",\"potentialAction\":[{\"@type\":\"ReadAction\",\"target\":[\"https:\\\/\\\/ic-lotos.org.ba\\\/sastanak-aktiva-mladih-i-foruma-zena-sa-invaliditetom-koalicije-oosi-tk-03-09-2026-god\\\/\"]}]},{\"@type\":\"ImageObject\",\"inLanguage\":\"en-US\",\"@id\":\"https:\\\/\\\/ic-lotos.org.ba\\\/sastanak-aktiva-mladih-i-foruma-zena-sa-invaliditetom-koalicije-oosi-tk-03-09-2026-god\\\/#primaryimage\",\"url\":\"https:\\\/\\\/ic-lotos.org.ba\\\/wp-content\\\/uploads\\\/2026\\\/09\\\/Sastanak_MOSI_ZOSI_03_09_26_slika_1.jpg\",\"contentUrl\":\"https:\\\/\\\/ic-lotos.org.ba\\\/wp-content\\\/uploads\\\/2026\\\/09\\\/Sastanak_MOSI_ZOSI_03_09_26_slika_1.jpg\",\"width\":2048,\"height\":1536},{\"@type\":\"BreadcrumbList\",\"@id\":\"https:\\\/\\\/ic-lotos.org.ba\\\/sastanak-aktiva-mladih-i-foruma-zena-sa-invaliditetom-koalicije-oosi-tk-03-09-2026-god\\\/#breadcrumb\",\"itemListElement\":[{\"@type\":\"ListItem\",\"position\":1,\"name\":\"Naslovna\",\"item\":\"https:\\\/\\\/ic-lotos.org.ba\\\/\"},{\"@type\":\"ListItem\",\"position\":2,\"name\":\"Sastanak Aktiva mladih i Foruma \u017eena sa invaliditetom Koalicije OOSI TK 03.09.2026.god.\"}]},{\"@type\":\"WebSite\",\"@id\":\"https:\\\/\\\/ic-lotos.org.ba\\\/#website\",\"url\":\"https:\\\/\\\/ic-lotos.org.ba\\\/\",\"name\":\"IC Lotos Tuzla\",\"description\":\"Informativni centar \u201cLotos\u201d okuplja osobe sa ili bez invaliditeta koje su zainteresovane da svojim radom bilo na profesionalnoj ili volonterskoj osnovi doprinesu ostvarivanju misije organizacije.\",\"publisher\":{\"@id\":\"https:\\\/\\\/ic-lotos.org.ba\\\/#organization\"},\"potentialAction\":[{\"@type\":\"SearchAction\",\"target\":{\"@type\":\"EntryPoint\",\"urlTemplate\":\"https:\\\/\\\/ic-lotos.org.ba\\\/?s={search_term_string}\"},\"query-input\":{\"@type\":\"PropertyValueSpecification\",\"valueRequired\":true,\"valueName\":\"search_term_string\"}}],\"inLanguage\":\"en-US\"},{\"@type\":\"Organization\",\"@id\":\"https:\\\/\\\/ic-lotos.org.ba\\\/#organization\",\"name\":\"IC Lotos Tuzla\",\"url\":\"https:\\\/\\\/ic-lotos.org.ba\\\/\",\"logo\":{\"@type\":\"ImageObject\",\"inLanguage\":\"en-US\",\"@id\":\"https:\\\/\\\/ic-lotos.org.ba\\\/#\\\/schema\\\/logo\\\/image\\\/\",\"url\":\"https:\\\/\\\/ic-lotos.org.ba\\\/wp-content\\\/uploads\\\/2019\\\/11\\\/logo.jpg\",\"contentUrl\":\"https:\\\/\\\/ic-lotos.org.ba\\\/wp-content\\\/uploads\\\/2019\\\/11\\\/logo.jpg\",\"width\":575,\"height\":623,\"caption\":\"IC Lotos Tuzla\"},\"image\":{\"@id\":\"https:\\\/\\\/ic-lotos.org.ba\\\/#\\\/schema\\\/logo\\\/image\\\/\"},\"sameAs\":[\"https:\\\/\\\/www.facebook.com\\\/iclotos\\\/\",\"https:\\\/\\\/www.youtube.com\\\/feed\\\/library\"]},{\"@type\":\"Person\",\"@id\":\"https:\\\/\\\/ic-lotos.org.ba\\\/#\\\/schema\\\/person\\\/fb1da7c92bc3365aad6d1abac5bfe80a\",\"name\":\"Jasminko Bijeli\u0107\",\"image\":{\"@type\":\"ImageObject\",\"inLanguage\":\"en-US\",\"@id\":\"https:\\\/\\\/secure.gravatar.com\\\/avatar\\\/d694f8eb6cc3383210938655f7851f13239ed2f29afcf4e787e3c519ba016d67?s=96&d=mm&r=g\",\"url\":\"https:\\\/\\\/secure.gravatar.com\\\/avatar\\\/d694f8eb6cc3383210938655f7851f13239ed2f29afcf4e787e3c519ba016d67?s=96&d=mm&r=g\",\"contentUrl\":\"https:\\\/\\\/secure.gravatar.com\\\/avatar\\\/d694f8eb6cc3383210938655f7851f13239ed2f29afcf4e787e3c519ba016d67?s=96&d=mm&r=g\",\"caption\":\"Jasminko Bijeli\u0107\"}}]}<\/script>\n<!-- \/ Yoast SEO plugin. -->","yoast_head_json":{"title":"Sastanak Aktiva mladih i Foruma \u017eena sa invaliditetom Koalicije OOSI TK 03.09.2026.god. - IC Lotos Tuzla","robots":{"index":"index","follow":"follow","max-snippet":"max-snippet:-1","max-image-preview":"max-image-preview:large","max-video-preview":"max-video-preview:-1"},"canonical":"https:\/\/ic-lotos.org.ba\/en\/sastanak-aktiva-mladih-i-foruma-zena-sa-invaliditetom-koalicije-oosi-tk-03-09-2026-god\/","og_locale":"en_US","og_type":"article","og_title":"Sastanak Aktiva mladih i Foruma \u017eena sa invaliditetom Koalicije OOSI TK 03.09.2026.god. - IC Lotos Tuzla","og_description":"U prostorijama I.C. \u201eLotos\u201c Tuzla 03. septembra 2026. godine odr\u017ean je sastanak Aktiva mladih i Foruma \u017eena sa invaliditetom Koalicije organizacija osoba sa invaliditetom TK, kao i sastanak peer podr\u0161ke. Dru\u017eili smo se, razgovarali o svakodnevnim stvarima, doga\u0111ajima u zajednici [&hellip;]","og_url":"https:\/\/ic-lotos.org.ba\/en\/sastanak-aktiva-mladih-i-foruma-zena-sa-invaliditetom-koalicije-oosi-tk-03-09-2026-god\/","og_site_name":"IC Lotos Tuzla","article_publisher":"https:\/\/www.facebook.com\/iclotos\/","article_published_time":"2026-09-04T06:49:38+00:00","og_image":[{"width":2048,"height":1536,"url":"https:\/\/ic-lotos.org.ba\/wp-content\/uploads\/2026\/09\/Sastanak_MOSI_ZOSI_03_09_26_slika_1.jpg","type":"image\/jpeg"}],"author":"Jasminko Bijeli\u0107","twitter_card":"summary_large_image","twitter_misc":{"Written by":"Jasminko Bijeli\u0107","Est. reading time":"3 minutes"},"schema":{"@context":"https:\/\/schema.org","@graph":[{"@type":"Article","@id":"https:\/\/ic-lotos.org.ba\/sastanak-aktiva-mladih-i-foruma-zena-sa-invaliditetom-koalicije-oosi-tk-03-09-2026-god\/#article","isPartOf":{"@id":"https:\/\/ic-lotos.org.ba\/sastanak-aktiva-mladih-i-foruma-zena-sa-invaliditetom-koalicije-oosi-tk-03-09-2026-god\/"},"author":{"name":"Jasminko Bijeli\u0107","@id":"https:\/\/ic-lotos.org.ba\/#\/schema\/person\/fb1da7c92bc3365aad6d1abac5bfe80a"},"headline":"Sastanak Aktiva mladih i Foruma \u017eena sa invaliditetom Koalicije OOSI TK 03.09.2026.god.","datePublished":"2026-09-04T06:49:38+00:00","mainEntityOfPage":{"@id":"https:\/\/ic-lotos.org.ba\/sastanak-aktiva-mladih-i-foruma-zena-sa-invaliditetom-koalicije-oosi-tk-03-09-2026-god\/"},"wordCount":274,"publisher":{"@id":"https:\/\/ic-lotos.org.ba\/#organization"},"image":{"@id":"https:\/\/ic-lotos.org.ba\/sastanak-aktiva-mladih-i-foruma-zena-sa-invaliditetom-koalicije-oosi-tk-03-09-2026-god\/#primaryimage"},"thumbnailUrl":"https:\/\/ic-lotos.org.ba\/wp-content\/uploads\/2026\/09\/Sastanak_MOSI_ZOSI_03_09_26_slika_1.jpg","articleSection":["Vijesti"],"inLanguage":"en-US"},{"@type":"WebPage","@id":"https:\/\/ic-lotos.org.ba\/sastanak-aktiva-mladih-i-foruma-zena-sa-invaliditetom-koalicije-oosi-tk-03-09-2026-god\/","url":"https:\/\/ic-lotos.org.ba\/sastanak-aktiva-mladih-i-foruma-zena-sa-invaliditetom-koalicije-oosi-tk-03-09-2026-god\/","name":"Sastanak Aktiva mladih i Foruma \u017eena sa invaliditetom Koalicije OOSI TK 03.09.2026.god. - IC Lotos Tuzla","isPartOf":{"@id":"https:\/\/ic-lotos.org.ba\/#website"},"primaryImageOfPage":{"@id":"https:\/\/ic-lotos.org.ba\/sastanak-aktiva-mladih-i-foruma-zena-sa-invaliditetom-koalicije-oosi-tk-03-09-2026-god\/#primaryimage"},"image":{"@id":"https:\/\/ic-lotos.org.ba\/sastanak-aktiva-mladih-i-foruma-zena-sa-invaliditetom-koalicije-oosi-tk-03-09-2026-god\/#primaryimage"},"thumbnailUrl":"https:\/\/ic-lotos.org.ba\/wp-content\/uploads\/2026\/09\/Sastanak_MOSI_ZOSI_03_09_26_slika_1.jpg","datePublished":"2026-09-04T06:49:38+00:00","breadcrumb":{"@id":"https:\/\/ic-lotos.org.ba\/sastanak-aktiva-mladih-i-foruma-zena-sa-invaliditetom-koalicije-oosi-tk-03-09-2026-god\/#breadcrumb"},"inLanguage":"en-US","potentialAction":[{"@type":"ReadAction","target":["https:\/\/ic-lotos.org.ba\/sastanak-aktiva-mladih-i-foruma-zena-sa-invaliditetom-koalicije-oosi-tk-03-09-2026-god\/"]}]},{"@type":"ImageObject","inLanguage":"en-US","@id":"https:\/\/ic-lotos.org.ba\/sastanak-aktiva-mladih-i-foruma-zena-sa-invaliditetom-koalicije-oosi-tk-03-09-2026-god\/#primaryimage","url":"https:\/\/ic-lotos.org.ba\/wp-content\/uploads\/2026\/09\/Sastanak_MOSI_ZOSI_03_09_26_slika_1.jpg","contentUrl":"https:\/\/ic-lotos.org.ba\/wp-content\/uploads\/2026\/09\/Sastanak_MOSI_ZOSI_03_09_26_slika_1.jpg","width":2048,"height":1536},{"@type":"BreadcrumbList","@id":"https:\/\/ic-lotos.org.ba\/sastanak-aktiva-mladih-i-foruma-zena-sa-invaliditetom-koalicije-oosi-tk-03-09-2026-god\/#breadcrumb","itemListElement":[{"@type":"ListItem","position":1,"name":"Naslovna","item":"https:\/\/ic-lotos.org.ba\/"},{"@type":"ListItem","position":2,"name":"Sastanak Aktiva mladih i Foruma \u017eena sa invaliditetom Koalicije OOSI TK 03.09.2026.god."}]},{"@type":"WebSite","@id":"https:\/\/ic-lotos.org.ba\/#website","url":"https:\/\/ic-lotos.org.ba\/","name":"IC Lotos Tuzla","description":"Informativni centar \u201cLotos\u201d okuplja osobe sa ili bez invaliditeta koje su zainteresovane da svojim radom bilo na profesionalnoj ili volonterskoj osnovi doprinesu ostvarivanju misije organizacije.","publisher":{"@id":"https:\/\/ic-lotos.org.ba\/#organization"},"potentialAction":[{"@type":"SearchAction","target":{"@type":"EntryPoint","urlTemplate":"https:\/\/ic-lotos.org.ba\/?s={search_term_string}"},"query-input":{"@type":"PropertyValueSpecification","valueRequired":true,"valueName":"search_term_string"}}],"inLanguage":"en-US"},{"@type":"Organization","@id":"https:\/\/ic-lotos.org.ba\/#organization","name":"IC Lotos Tuzla","url":"https:\/\/ic-lotos.org.ba\/","logo":{"@type":"ImageObject","inLanguage":"en-US","@id":"https:\/\/ic-lotos.org.ba\/#\/schema\/logo\/image\/","url":"https:\/\/ic-lotos.org.ba\/wp-content\/uploads\/2019\/11\/logo.jpg","contentUrl":"https:\/\/ic-lotos.org.ba\/wp-content\/uploads\/2019\/11\/logo.jpg","width":575,"height":623,"caption":"IC Lotos Tuzla"},"image":{"@id":"https:\/\/ic-lotos.org.ba\/#\/schema\/logo\/image\/"},"sameAs":["https:\/\/www.facebook.com\/iclotos\/","https:\/\/www.youtube.com\/feed\/library"]},{"@type":"Person","@id":"https:\/\/ic-lotos.org.ba\/#\/schema\/person\/fb1da7c92bc3365aad6d1abac5bfe80a","name":"Jasminko Bijeli\u0107","image":{"@type":"ImageObject","inLanguage":"en-US","@id":"https:\/\/secure.gravatar.com\/avatar\/d694f8eb6cc3383210938655f7851f13239ed2f29afcf4e787e3c519ba016d67?s=96&d=mm&r=g","url":"https:\/\/secure.gravatar.com\/avatar\/d694f8eb6cc3383210938655f7851f13239ed2f29afcf4e787e3c519ba016d67?s=96&d=mm&r=g","contentUrl":"https:\/\/secure.gravatar.com\/avatar\/d694f8eb6cc3383210938655f7851f13239ed2f29afcf4e787e3c519ba016d67?s=96&d=mm&r=g","caption":"Jasminko Bijeli\u0107"}}]}},"_links":{"self":[{"href":"https:\/\/ic-lotos.org.ba\/en\/wp-json\/wp\/v2\/posts\/18913","targetHints":{"allow":["GET"]}}],"collection":[{"href":"https:\/\/ic-lotos.org.ba\/en\/wp-json\/wp\/v2\/posts"}],"about":[{"href":"https:\/\/ic-lotos.org.ba\/en\/wp-json\/wp\/v2\/types\/post"}],"author":[{"embeddable":true,"href":"https:\/\/ic-lotos.org.ba\/en\/wp-json\/wp\/v2\/users\/5"}],"replies":[{"embeddable":true,"href":"https:\/\/ic-lotos.org.ba\/en\/wp-json\/wp\/v2\/comments?post=18913"}],"version-history":[{"count":1,"href":"https:\/\/ic-lotos.org.ba\/en\/wp-json\/wp\/v2\/posts\/18913\/revisions"}],"predecessor-version":[{"id":18918,"href":"https:\/\/ic-lotos.org.ba\/en\/wp-json\/wp\/v2\/posts\/18913\/revisions\/18918"}],"wp:featuredmedia":[{"embeddable":true,"href":"https:\/\/ic-lotos.org.ba\/en\/wp-json\/wp\/v2\/media\/18914"}],"wp:attachment":[{"href":"https:\/\/ic-lotos.org.ba\/en\/wp-json\/wp\/v2\/media?parent=18913"}],"wp:term":[{"taxonomy":"category","embeddable":true,"href":"https:\/\/ic-lotos.org.ba\/en\/wp-json\/wp\/v2\/categories?post=18913"},{"taxonomy":"post_tag","embeddable":true,"href":"https:\/\/ic-lotos.org.ba\/en\/wp-json\/wp\/v2\/tags?post=18913"}],"curies":[{"name":"wp","href":"https:\/\/api.w.org\/{rel}","templated":true}]}}