{"id":18891,"date":"2026-09-01T07:41:20","date_gmt":"2026-09-01T05:41:20","guid":{"rendered":"https:\/\/ic-lotos.org.ba\/?p=18891"},"modified":"2026-09-01T07:41:20","modified_gmt":"2026-09-01T05:41:20","slug":"mladi-zagovaraci-inkluzije-samostalan-zivot-u-praksi","status":"publish","type":"post","link":"https:\/\/ic-lotos.org.ba\/en\/mladi-zagovaraci-inkluzije-samostalan-zivot-u-praksi\/","title":{"rendered":"\"Young advocates of inclusion - independent living in practice\""},"content":{"rendered":"<div dir=\"auto\">U periodu od 25. do 28. avgusta 2026. godine u okviru projekta \u201eMladi zagovara\u010di inkluzije \u2013 samostalan \u017eivot u praksi\u201c kojeg realizuje I.C. \u201eLotos\u201c uz finansijsku podr\u0161ku Federalnog ministarstva kulture i sporta, odr\u017ean je edukativni kamp na Plivskom jezeru u Jajcu koji je okupio mlade sa i bez invaliditeta, sa zajedni\u010dkom \u017eeljom da u\u010de, povezuju se, osna\u017euju i budu pokreta\u010di pozitivnih promjena u svojim zajednicama.<\/div>\n<div dir=\"auto\">Cilj kampa je bio upoznati se sa vje\u0161tinama samostalnog \u017eivota i razviti inicijative koje \u0107e doprinijeti pobolj\u0161anju kvaliteta usluga za mlade.<\/div>\n<div dir=\"auto\">U divnoj prirodi, kroz interaktivne radionice, peer sastanke, razgovore i prakti\u010dne aktivnosti, mladi su imali priliku razgovarati o zna\u010daju aktivizma i zajedni\u010dkog djelovanja mladih sa i bez invaliditeta.<\/div>\n<div dir=\"auto\">Unaprije\u0111ene su vje\u0161tine komunikacije, zagovaranja, timskog rada i samostalnog \u017eivota. Posebna pa\u017enja posve\u0107ena je temama pristupa\u010dnosti, personalne asistencije, ravnopravnog u\u010de\u0161\u0107a i stvaranja dru\u0161tva u kojem svako ima jednake mogu\u0107nosti.<\/div>\n<div dir=\"auto\">Kamp je bio prostor za u\u010denje, nova prijateljstva, razmjenu iskustava, me\u0111usobnu podr\u0161ku i ru\u0161enje predrasuda. Pokazali smo da razli\u010ditosti nisu prepreka, ve\u0107 bogatstvo koje nas povezuje i \u010dini sna\u017enijima.<\/div>\n<div dir=\"auto\">Na\u0161i mladi su jo\u0161 jednom pokazali da imaju znanje, energiju i hrabrost da svojim djelovanjem doprinesu stvaranju pristupa\u010dnijih, inkluzivnijih i pravednijih lokalnih zajednica.<\/div>\n<div dir=\"auto\">Doga\u0111aj su podr\u017eali i Vlada TK, <span class=\"html-span xdj266r x14z9mp xat24cr x1lziwak xexx8yu xyri2b x18d9i69 x1c1uobl x1hl2dhg x16tdsg8 x1vvkbs\"><a class=\"x1i10hfl xjbqb8w x1ejq31n x18oe1m7 x1sy0etr xstzfhl x972fbf x10w94by x1qhh985 x14e42zd x9f619 x1ypdohk xt0psk2 x3ct3a4 xdj266r x14z9mp xat24cr x1lziwak xexx8yu xyri2b x18d9i69 x1c1uobl x16tdsg8 x1hl2dhg xggy1nq x1a2a7pz xkrqix3 x1sur9pj x1fey0fg x1s688f\" tabindex=\"0\" role=\"link\" href=\"https:\/\/www.facebook.com\/federalno.ministarstvo.rada.i.socijalne.politike?__cft__[0]=AZgN6c3_OOZ28z7UiB9DHgmGsJ8BjGCwh66f1ttkuzQ1ZJfrmQkGTEARcTn3NE-HpzSQwuuwvqrWeNLaFKbW6K4LhRVB0pbOxtEreDcnsZf8vxuZwy9CgcbskcFPuR2EPvzi2gS53AU&amp;__tn__=-]K-R\"><span class=\"xt0psk2\"><span class=\"xjp7ctv\">Federalno ministarstvo rada i socijalne politike<\/span><\/span><\/a><\/span> i <span class=\"html-span xdj266r x14z9mp xat24cr x1lziwak xexx8yu xyri2b x18d9i69 x1c1uobl x1hl2dhg x16tdsg8 x1vvkbs\"><a class=\"x1i10hfl xjbqb8w x1ejq31n x18oe1m7 x1sy0etr xstzfhl x972fbf x10w94by x1qhh985 x14e42zd x9f619 x1ypdohk xt0psk2 x3ct3a4 xdj266r x14z9mp xat24cr x1lziwak xexx8yu xyri2b x18d9i69 x1c1uobl x16tdsg8 x1hl2dhg xggy1nq x1a2a7pz xkrqix3 x1sur9pj x1fey0fg x1s688f\" tabindex=\"0\" role=\"link\" href=\"https:\/\/www.facebook.com\/myrightse?__cft__[0]=AZgN6c3_OOZ28z7UiB9DHgmGsJ8BjGCwh66f1ttkuzQ1ZJfrmQkGTEARcTn3NE-HpzSQwuuwvqrWeNLaFKbW6K4LhRVB0pbOxtEreDcnsZf8vxuZwy9CgcbskcFPuR2EPvzi2gS53AU&amp;__tn__=-]K-R\"><span class=\"xt0psk2\"><span class=\"xjp7ctv\">MyRight &#8211; Empowers people with disabilities<\/span><\/span><\/a><\/span>.<\/div>\n<div dir=\"auto\">Hvala svim u\u010desnicima i u\u010desnicama na energiji, otvorenosti, idejama i zajedni\u010dkom vremenu.<\/div>\n<div dir=\"auto\"><img fetchpriority=\"high\" decoding=\"async\" class=\"alignnone wp-image-18892 size-large\" src=\"https:\/\/ic-lotos.org.ba\/wp-content\/uploads\/2026\/09\/Kamp_Jajce_2026_slika_1-1024x576.jpg\" alt=\"\" width=\"1024\" height=\"576\" srcset=\"https:\/\/ic-lotos.org.ba\/wp-content\/uploads\/2026\/09\/Kamp_Jajce_2026_slika_1-1024x576.jpg 1024w, https:\/\/ic-lotos.org.ba\/wp-content\/uploads\/2026\/09\/Kamp_Jajce_2026_slika_1-300x169.jpg 300w, https:\/\/ic-lotos.org.ba\/wp-content\/uploads\/2026\/09\/Kamp_Jajce_2026_slika_1-768x432.jpg 768w, https:\/\/ic-lotos.org.ba\/wp-content\/uploads\/2026\/09\/Kamp_Jajce_2026_slika_1-1536x864.jpg 1536w, https:\/\/ic-lotos.org.ba\/wp-content\/uploads\/2026\/09\/Kamp_Jajce_2026_slika_1-18x10.jpg 18w, https:\/\/ic-lotos.org.ba\/wp-content\/uploads\/2026\/09\/Kamp_Jajce_2026_slika_1-700x393.jpg 700w, https:\/\/ic-lotos.org.ba\/wp-content\/uploads\/2026\/09\/Kamp_Jajce_2026_slika_1-440x248.jpg 440w, https:\/\/ic-lotos.org.ba\/wp-content\/uploads\/2026\/09\/Kamp_Jajce_2026_slika_1.jpg 1920w\" sizes=\"(max-width: 1024px) 100vw, 1024px\" \/> <img decoding=\"async\" class=\"alignnone wp-image-18893 size-large\" src=\"https:\/\/ic-lotos.org.ba\/wp-content\/uploads\/2026\/09\/Kamp_Jajce_2026_slika_2-1024x768.jpg\" alt=\"\" width=\"1024\" height=\"768\" srcset=\"https:\/\/ic-lotos.org.ba\/wp-content\/uploads\/2026\/09\/Kamp_Jajce_2026_slika_2-1024x768.jpg 1024w, https:\/\/ic-lotos.org.ba\/wp-content\/uploads\/2026\/09\/Kamp_Jajce_2026_slika_2-300x225.jpg 300w, https:\/\/ic-lotos.org.ba\/wp-content\/uploads\/2026\/09\/Kamp_Jajce_2026_slika_2-768x576.jpg 768w, https:\/\/ic-lotos.org.ba\/wp-content\/uploads\/2026\/09\/Kamp_Jajce_2026_slika_2-1536x1152.jpg 1536w, https:\/\/ic-lotos.org.ba\/wp-content\/uploads\/2026\/09\/Kamp_Jajce_2026_slika_2-16x12.jpg 16w, https:\/\/ic-lotos.org.ba\/wp-content\/uploads\/2026\/09\/Kamp_Jajce_2026_slika_2-440x330.jpg 440w, https:\/\/ic-lotos.org.ba\/wp-content\/uploads\/2026\/09\/Kamp_Jajce_2026_slika_2.jpg 2048w\" sizes=\"(max-width: 1024px) 100vw, 1024px\" \/> <img decoding=\"async\" class=\"alignnone wp-image-18894 size-large\" src=\"https:\/\/ic-lotos.org.ba\/wp-content\/uploads\/2026\/09\/Kamp_Jajce_2026_slika_3-1024x768.jpg\" alt=\"\" width=\"1024\" height=\"768\" srcset=\"https:\/\/ic-lotos.org.ba\/wp-content\/uploads\/2026\/09\/Kamp_Jajce_2026_slika_3-1024x768.jpg 1024w, https:\/\/ic-lotos.org.ba\/wp-content\/uploads\/2026\/09\/Kamp_Jajce_2026_slika_3-300x225.jpg 300w, https:\/\/ic-lotos.org.ba\/wp-content\/uploads\/2026\/09\/Kamp_Jajce_2026_slika_3-768x576.jpg 768w, https:\/\/ic-lotos.org.ba\/wp-content\/uploads\/2026\/09\/Kamp_Jajce_2026_slika_3-1536x1152.jpg 1536w, https:\/\/ic-lotos.org.ba\/wp-content\/uploads\/2026\/09\/Kamp_Jajce_2026_slika_3-16x12.jpg 16w, https:\/\/ic-lotos.org.ba\/wp-content\/uploads\/2026\/09\/Kamp_Jajce_2026_slika_3-440x330.jpg 440w, https:\/\/ic-lotos.org.ba\/wp-content\/uploads\/2026\/09\/Kamp_Jajce_2026_slika_3.jpg 2048w\" sizes=\"(max-width: 1024px) 100vw, 1024px\" \/><\/div>\n<div class=\"gsp_post_data\" \r\n\t            data-post_type=\"post\" \r\n\t            data-cat=\"vijesti\" \r\n\t            data-modified=\"120\"\r\n\t            data-created=\"1788248480\"\r\n\t            data-title=\"\u201eMladi zagovara\u010di inkluzije \u2013 samostalan \u017eivot u praksi\u201c\" \r\n\t            data-home=\"https:\/\/ic-lotos.org.ba\/en\"><\/div>","protected":false},"excerpt":{"rendered":"<p>U periodu od 25. do 28. avgusta 2026. godine u okviru projekta \u201eMladi zagovara\u010di inkluzije \u2013 samostalan \u017eivot u praksi\u201c kojeg realizuje I.C. \u201eLotos\u201c uz finansijsku podr\u0161ku Federalnog ministarstva kulture i sporta, odr\u017ean je edukativni kamp na Plivskom jezeru u [&hellip;]<\/p>\n","protected":false},"author":5,"featured_media":18894,"comment_status":"closed","ping_status":"closed","sticky":false,"template":"","format":"standard","meta":{"footnotes":""},"categories":[65],"tags":[],"class_list":["post-18891","post","type-post","status-publish","format-standard","has-post-thumbnail","hentry","category-vijesti"],"yoast_head":"<!-- This site is optimized with the Yoast SEO plugin v28.4 - https:\/\/yoast.com\/product\/yoast-seo-wordpress\/ -->\n<title>\u201eMladi zagovara\u010di inkluzije \u2013 samostalan \u017eivot u praksi\u201c - IC Lotos Tuzla<\/title>\n<meta name=\"robots\" content=\"index, follow, max-snippet:-1, max-image-preview:large, max-video-preview:-1\" \/>\n<link rel=\"canonical\" href=\"https:\/\/ic-lotos.org.ba\/en\/mladi-zagovaraci-inkluzije-samostalan-zivot-u-praksi\/\" \/>\n<meta property=\"og:locale\" content=\"en_US\" \/>\n<meta property=\"og:type\" content=\"article\" \/>\n<meta property=\"og:title\" content=\"\u201eMladi zagovara\u010di inkluzije \u2013 samostalan \u017eivot u praksi\u201c - IC Lotos Tuzla\" \/>\n<meta property=\"og:description\" content=\"U periodu od 25. do 28. avgusta 2026. godine u okviru projekta \u201eMladi zagovara\u010di inkluzije \u2013 samostalan \u017eivot u praksi\u201c kojeg realizuje I.C. \u201eLotos\u201c uz finansijsku podr\u0161ku Federalnog ministarstva kulture i sporta, odr\u017ean je edukativni kamp na Plivskom jezeru u [&hellip;]\" \/>\n<meta property=\"og:url\" content=\"https:\/\/ic-lotos.org.ba\/en\/mladi-zagovaraci-inkluzije-samostalan-zivot-u-praksi\/\" \/>\n<meta property=\"og:site_name\" content=\"IC Lotos Tuzla\" \/>\n<meta property=\"article:publisher\" content=\"https:\/\/www.facebook.com\/iclotos\/\" \/>\n<meta property=\"article:published_time\" content=\"2026-09-01T05:41:20+00:00\" \/>\n<meta property=\"og:image\" content=\"https:\/\/ic-lotos.org.ba\/wp-content\/uploads\/2026\/09\/Kamp_Jajce_2026_slika_3.jpg\" \/>\n\t<meta property=\"og:image:width\" content=\"2048\" \/>\n\t<meta property=\"og:image:height\" content=\"1536\" \/>\n\t<meta property=\"og:image:type\" content=\"image\/jpeg\" \/>\n<meta name=\"author\" content=\"Jasminko Bijeli\u0107\" \/>\n<meta name=\"twitter:card\" content=\"summary_large_image\" \/>\n<meta name=\"twitter:label1\" content=\"Written by\" \/>\n\t<meta name=\"twitter:data1\" content=\"Jasminko Bijeli\u0107\" \/>\n\t<meta name=\"twitter:label2\" content=\"Est. reading time\" \/>\n\t<meta name=\"twitter:data2\" content=\"3 minutes\" \/>\n<script type=\"application\/ld+json\" class=\"yoast-schema-graph\">{\"@context\":\"https:\\\/\\\/schema.org\",\"@graph\":[{\"@type\":\"Article\",\"@id\":\"https:\\\/\\\/ic-lotos.org.ba\\\/mladi-zagovaraci-inkluzije-samostalan-zivot-u-praksi\\\/#article\",\"isPartOf\":{\"@id\":\"https:\\\/\\\/ic-lotos.org.ba\\\/mladi-zagovaraci-inkluzije-samostalan-zivot-u-praksi\\\/\"},\"author\":{\"name\":\"Jasminko Bijeli\u0107\",\"@id\":\"https:\\\/\\\/ic-lotos.org.ba\\\/#\\\/schema\\\/person\\\/fb1da7c92bc3365aad6d1abac5bfe80a\"},\"headline\":\"\u201eMladi zagovara\u010di inkluzije \u2013 samostalan \u017eivot u praksi\u201c\",\"datePublished\":\"2026-09-01T05:41:20+00:00\",\"mainEntityOfPage\":{\"@id\":\"https:\\\/\\\/ic-lotos.org.ba\\\/mladi-zagovaraci-inkluzije-samostalan-zivot-u-praksi\\\/\"},\"wordCount\":265,\"publisher\":{\"@id\":\"https:\\\/\\\/ic-lotos.org.ba\\\/#organization\"},\"image\":{\"@id\":\"https:\\\/\\\/ic-lotos.org.ba\\\/mladi-zagovaraci-inkluzije-samostalan-zivot-u-praksi\\\/#primaryimage\"},\"thumbnailUrl\":\"https:\\\/\\\/ic-lotos.org.ba\\\/wp-content\\\/uploads\\\/2026\\\/09\\\/Kamp_Jajce_2026_slika_3.jpg\",\"articleSection\":[\"Vijesti\"],\"inLanguage\":\"en-US\"},{\"@type\":\"WebPage\",\"@id\":\"https:\\\/\\\/ic-lotos.org.ba\\\/mladi-zagovaraci-inkluzije-samostalan-zivot-u-praksi\\\/\",\"url\":\"https:\\\/\\\/ic-lotos.org.ba\\\/mladi-zagovaraci-inkluzije-samostalan-zivot-u-praksi\\\/\",\"name\":\"\u201eMladi zagovara\u010di inkluzije \u2013 samostalan \u017eivot u praksi\u201c - IC Lotos Tuzla\",\"isPartOf\":{\"@id\":\"https:\\\/\\\/ic-lotos.org.ba\\\/#website\"},\"primaryImageOfPage\":{\"@id\":\"https:\\\/\\\/ic-lotos.org.ba\\\/mladi-zagovaraci-inkluzije-samostalan-zivot-u-praksi\\\/#primaryimage\"},\"image\":{\"@id\":\"https:\\\/\\\/ic-lotos.org.ba\\\/mladi-zagovaraci-inkluzije-samostalan-zivot-u-praksi\\\/#primaryimage\"},\"thumbnailUrl\":\"https:\\\/\\\/ic-lotos.org.ba\\\/wp-content\\\/uploads\\\/2026\\\/09\\\/Kamp_Jajce_2026_slika_3.jpg\",\"datePublished\":\"2026-09-01T05:41:20+00:00\",\"breadcrumb\":{\"@id\":\"https:\\\/\\\/ic-lotos.org.ba\\\/mladi-zagovaraci-inkluzije-samostalan-zivot-u-praksi\\\/#breadcrumb\"},\"inLanguage\":\"en-US\",\"potentialAction\":[{\"@type\":\"ReadAction\",\"target\":[\"https:\\\/\\\/ic-lotos.org.ba\\\/mladi-zagovaraci-inkluzije-samostalan-zivot-u-praksi\\\/\"]}]},{\"@type\":\"ImageObject\",\"inLanguage\":\"en-US\",\"@id\":\"https:\\\/\\\/ic-lotos.org.ba\\\/mladi-zagovaraci-inkluzije-samostalan-zivot-u-praksi\\\/#primaryimage\",\"url\":\"https:\\\/\\\/ic-lotos.org.ba\\\/wp-content\\\/uploads\\\/2026\\\/09\\\/Kamp_Jajce_2026_slika_3.jpg\",\"contentUrl\":\"https:\\\/\\\/ic-lotos.org.ba\\\/wp-content\\\/uploads\\\/2026\\\/09\\\/Kamp_Jajce_2026_slika_3.jpg\",\"width\":2048,\"height\":1536},{\"@type\":\"BreadcrumbList\",\"@id\":\"https:\\\/\\\/ic-lotos.org.ba\\\/mladi-zagovaraci-inkluzije-samostalan-zivot-u-praksi\\\/#breadcrumb\",\"itemListElement\":[{\"@type\":\"ListItem\",\"position\":1,\"name\":\"Naslovna\",\"item\":\"https:\\\/\\\/ic-lotos.org.ba\\\/\"},{\"@type\":\"ListItem\",\"position\":2,\"name\":\"\u201eMladi zagovara\u010di inkluzije \u2013 samostalan \u017eivot u praksi\u201c\"}]},{\"@type\":\"WebSite\",\"@id\":\"https:\\\/\\\/ic-lotos.org.ba\\\/#website\",\"url\":\"https:\\\/\\\/ic-lotos.org.ba\\\/\",\"name\":\"IC Lotos Tuzla\",\"description\":\"Informativni centar \u201cLotos\u201d okuplja osobe sa ili bez invaliditeta koje su zainteresovane da svojim radom bilo na profesionalnoj ili volonterskoj osnovi doprinesu ostvarivanju misije organizacije.\",\"publisher\":{\"@id\":\"https:\\\/\\\/ic-lotos.org.ba\\\/#organization\"},\"potentialAction\":[{\"@type\":\"SearchAction\",\"target\":{\"@type\":\"EntryPoint\",\"urlTemplate\":\"https:\\\/\\\/ic-lotos.org.ba\\\/?s={search_term_string}\"},\"query-input\":{\"@type\":\"PropertyValueSpecification\",\"valueRequired\":true,\"valueName\":\"search_term_string\"}}],\"inLanguage\":\"en-US\"},{\"@type\":\"Organization\",\"@id\":\"https:\\\/\\\/ic-lotos.org.ba\\\/#organization\",\"name\":\"IC Lotos Tuzla\",\"url\":\"https:\\\/\\\/ic-lotos.org.ba\\\/\",\"logo\":{\"@type\":\"ImageObject\",\"inLanguage\":\"en-US\",\"@id\":\"https:\\\/\\\/ic-lotos.org.ba\\\/#\\\/schema\\\/logo\\\/image\\\/\",\"url\":\"https:\\\/\\\/ic-lotos.org.ba\\\/wp-content\\\/uploads\\\/2019\\\/11\\\/logo.jpg\",\"contentUrl\":\"https:\\\/\\\/ic-lotos.org.ba\\\/wp-content\\\/uploads\\\/2019\\\/11\\\/logo.jpg\",\"width\":575,\"height\":623,\"caption\":\"IC Lotos Tuzla\"},\"image\":{\"@id\":\"https:\\\/\\\/ic-lotos.org.ba\\\/#\\\/schema\\\/logo\\\/image\\\/\"},\"sameAs\":[\"https:\\\/\\\/www.facebook.com\\\/iclotos\\\/\",\"https:\\\/\\\/www.youtube.com\\\/feed\\\/library\"]},{\"@type\":\"Person\",\"@id\":\"https:\\\/\\\/ic-lotos.org.ba\\\/#\\\/schema\\\/person\\\/fb1da7c92bc3365aad6d1abac5bfe80a\",\"name\":\"Jasminko Bijeli\u0107\",\"image\":{\"@type\":\"ImageObject\",\"inLanguage\":\"en-US\",\"@id\":\"https:\\\/\\\/secure.gravatar.com\\\/avatar\\\/d694f8eb6cc3383210938655f7851f13239ed2f29afcf4e787e3c519ba016d67?s=96&d=mm&r=g\",\"url\":\"https:\\\/\\\/secure.gravatar.com\\\/avatar\\\/d694f8eb6cc3383210938655f7851f13239ed2f29afcf4e787e3c519ba016d67?s=96&d=mm&r=g\",\"contentUrl\":\"https:\\\/\\\/secure.gravatar.com\\\/avatar\\\/d694f8eb6cc3383210938655f7851f13239ed2f29afcf4e787e3c519ba016d67?s=96&d=mm&r=g\",\"caption\":\"Jasminko Bijeli\u0107\"}}]}<\/script>\n<!-- \/ Yoast SEO plugin. -->","yoast_head_json":{"title":"\u201eMladi zagovara\u010di inkluzije \u2013 samostalan \u017eivot u praksi\u201c - IC Lotos Tuzla","robots":{"index":"index","follow":"follow","max-snippet":"max-snippet:-1","max-image-preview":"max-image-preview:large","max-video-preview":"max-video-preview:-1"},"canonical":"https:\/\/ic-lotos.org.ba\/en\/mladi-zagovaraci-inkluzije-samostalan-zivot-u-praksi\/","og_locale":"en_US","og_type":"article","og_title":"\u201eMladi zagovara\u010di inkluzije \u2013 samostalan \u017eivot u praksi\u201c - IC Lotos Tuzla","og_description":"U periodu od 25. do 28. avgusta 2026. godine u okviru projekta \u201eMladi zagovara\u010di inkluzije \u2013 samostalan \u017eivot u praksi\u201c kojeg realizuje I.C. \u201eLotos\u201c uz finansijsku podr\u0161ku Federalnog ministarstva kulture i sporta, odr\u017ean je edukativni kamp na Plivskom jezeru u [&hellip;]","og_url":"https:\/\/ic-lotos.org.ba\/en\/mladi-zagovaraci-inkluzije-samostalan-zivot-u-praksi\/","og_site_name":"IC Lotos Tuzla","article_publisher":"https:\/\/www.facebook.com\/iclotos\/","article_published_time":"2026-09-01T05:41:20+00:00","og_image":[{"width":2048,"height":1536,"url":"https:\/\/ic-lotos.org.ba\/wp-content\/uploads\/2026\/09\/Kamp_Jajce_2026_slika_3.jpg","type":"image\/jpeg"}],"author":"Jasminko Bijeli\u0107","twitter_card":"summary_large_image","twitter_misc":{"Written by":"Jasminko Bijeli\u0107","Est. reading time":"3 minutes"},"schema":{"@context":"https:\/\/schema.org","@graph":[{"@type":"Article","@id":"https:\/\/ic-lotos.org.ba\/mladi-zagovaraci-inkluzije-samostalan-zivot-u-praksi\/#article","isPartOf":{"@id":"https:\/\/ic-lotos.org.ba\/mladi-zagovaraci-inkluzije-samostalan-zivot-u-praksi\/"},"author":{"name":"Jasminko Bijeli\u0107","@id":"https:\/\/ic-lotos.org.ba\/#\/schema\/person\/fb1da7c92bc3365aad6d1abac5bfe80a"},"headline":"\u201eMladi zagovara\u010di inkluzije \u2013 samostalan \u017eivot u praksi\u201c","datePublished":"2026-09-01T05:41:20+00:00","mainEntityOfPage":{"@id":"https:\/\/ic-lotos.org.ba\/mladi-zagovaraci-inkluzije-samostalan-zivot-u-praksi\/"},"wordCount":265,"publisher":{"@id":"https:\/\/ic-lotos.org.ba\/#organization"},"image":{"@id":"https:\/\/ic-lotos.org.ba\/mladi-zagovaraci-inkluzije-samostalan-zivot-u-praksi\/#primaryimage"},"thumbnailUrl":"https:\/\/ic-lotos.org.ba\/wp-content\/uploads\/2026\/09\/Kamp_Jajce_2026_slika_3.jpg","articleSection":["Vijesti"],"inLanguage":"en-US"},{"@type":"WebPage","@id":"https:\/\/ic-lotos.org.ba\/mladi-zagovaraci-inkluzije-samostalan-zivot-u-praksi\/","url":"https:\/\/ic-lotos.org.ba\/mladi-zagovaraci-inkluzije-samostalan-zivot-u-praksi\/","name":"\u201eMladi zagovara\u010di inkluzije \u2013 samostalan \u017eivot u praksi\u201c - IC Lotos Tuzla","isPartOf":{"@id":"https:\/\/ic-lotos.org.ba\/#website"},"primaryImageOfPage":{"@id":"https:\/\/ic-lotos.org.ba\/mladi-zagovaraci-inkluzije-samostalan-zivot-u-praksi\/#primaryimage"},"image":{"@id":"https:\/\/ic-lotos.org.ba\/mladi-zagovaraci-inkluzije-samostalan-zivot-u-praksi\/#primaryimage"},"thumbnailUrl":"https:\/\/ic-lotos.org.ba\/wp-content\/uploads\/2026\/09\/Kamp_Jajce_2026_slika_3.jpg","datePublished":"2026-09-01T05:41:20+00:00","breadcrumb":{"@id":"https:\/\/ic-lotos.org.ba\/mladi-zagovaraci-inkluzije-samostalan-zivot-u-praksi\/#breadcrumb"},"inLanguage":"en-US","potentialAction":[{"@type":"ReadAction","target":["https:\/\/ic-lotos.org.ba\/mladi-zagovaraci-inkluzije-samostalan-zivot-u-praksi\/"]}]},{"@type":"ImageObject","inLanguage":"en-US","@id":"https:\/\/ic-lotos.org.ba\/mladi-zagovaraci-inkluzije-samostalan-zivot-u-praksi\/#primaryimage","url":"https:\/\/ic-lotos.org.ba\/wp-content\/uploads\/2026\/09\/Kamp_Jajce_2026_slika_3.jpg","contentUrl":"https:\/\/ic-lotos.org.ba\/wp-content\/uploads\/2026\/09\/Kamp_Jajce_2026_slika_3.jpg","width":2048,"height":1536},{"@type":"BreadcrumbList","@id":"https:\/\/ic-lotos.org.ba\/mladi-zagovaraci-inkluzije-samostalan-zivot-u-praksi\/#breadcrumb","itemListElement":[{"@type":"ListItem","position":1,"name":"Naslovna","item":"https:\/\/ic-lotos.org.ba\/"},{"@type":"ListItem","position":2,"name":"\u201eMladi zagovara\u010di inkluzije \u2013 samostalan \u017eivot u praksi\u201c"}]},{"@type":"WebSite","@id":"https:\/\/ic-lotos.org.ba\/#website","url":"https:\/\/ic-lotos.org.ba\/","name":"IC Lotos Tuzla","description":"Informativni centar \u201cLotos\u201d okuplja osobe sa ili bez invaliditeta koje su zainteresovane da svojim radom bilo na profesionalnoj ili volonterskoj osnovi doprinesu ostvarivanju misije organizacije.","publisher":{"@id":"https:\/\/ic-lotos.org.ba\/#organization"},"potentialAction":[{"@type":"SearchAction","target":{"@type":"EntryPoint","urlTemplate":"https:\/\/ic-lotos.org.ba\/?s={search_term_string}"},"query-input":{"@type":"PropertyValueSpecification","valueRequired":true,"valueName":"search_term_string"}}],"inLanguage":"en-US"},{"@type":"Organization","@id":"https:\/\/ic-lotos.org.ba\/#organization","name":"IC Lotos Tuzla","url":"https:\/\/ic-lotos.org.ba\/","logo":{"@type":"ImageObject","inLanguage":"en-US","@id":"https:\/\/ic-lotos.org.ba\/#\/schema\/logo\/image\/","url":"https:\/\/ic-lotos.org.ba\/wp-content\/uploads\/2019\/11\/logo.jpg","contentUrl":"https:\/\/ic-lotos.org.ba\/wp-content\/uploads\/2019\/11\/logo.jpg","width":575,"height":623,"caption":"IC Lotos Tuzla"},"image":{"@id":"https:\/\/ic-lotos.org.ba\/#\/schema\/logo\/image\/"},"sameAs":["https:\/\/www.facebook.com\/iclotos\/","https:\/\/www.youtube.com\/feed\/library"]},{"@type":"Person","@id":"https:\/\/ic-lotos.org.ba\/#\/schema\/person\/fb1da7c92bc3365aad6d1abac5bfe80a","name":"Jasminko Bijeli\u0107","image":{"@type":"ImageObject","inLanguage":"en-US","@id":"https:\/\/secure.gravatar.com\/avatar\/d694f8eb6cc3383210938655f7851f13239ed2f29afcf4e787e3c519ba016d67?s=96&d=mm&r=g","url":"https:\/\/secure.gravatar.com\/avatar\/d694f8eb6cc3383210938655f7851f13239ed2f29afcf4e787e3c519ba016d67?s=96&d=mm&r=g","contentUrl":"https:\/\/secure.gravatar.com\/avatar\/d694f8eb6cc3383210938655f7851f13239ed2f29afcf4e787e3c519ba016d67?s=96&d=mm&r=g","caption":"Jasminko Bijeli\u0107"}}]}},"_links":{"self":[{"href":"https:\/\/ic-lotos.org.ba\/en\/wp-json\/wp\/v2\/posts\/18891","targetHints":{"allow":["GET"]}}],"collection":[{"href":"https:\/\/ic-lotos.org.ba\/en\/wp-json\/wp\/v2\/posts"}],"about":[{"href":"https:\/\/ic-lotos.org.ba\/en\/wp-json\/wp\/v2\/types\/post"}],"author":[{"embeddable":true,"href":"https:\/\/ic-lotos.org.ba\/en\/wp-json\/wp\/v2\/users\/5"}],"replies":[{"embeddable":true,"href":"https:\/\/ic-lotos.org.ba\/en\/wp-json\/wp\/v2\/comments?post=18891"}],"version-history":[{"count":1,"href":"https:\/\/ic-lotos.org.ba\/en\/wp-json\/wp\/v2\/posts\/18891\/revisions"}],"predecessor-version":[{"id":18895,"href":"https:\/\/ic-lotos.org.ba\/en\/wp-json\/wp\/v2\/posts\/18891\/revisions\/18895"}],"wp:featuredmedia":[{"embeddable":true,"href":"https:\/\/ic-lotos.org.ba\/en\/wp-json\/wp\/v2\/media\/18894"}],"wp:attachment":[{"href":"https:\/\/ic-lotos.org.ba\/en\/wp-json\/wp\/v2\/media?parent=18891"}],"wp:term":[{"taxonomy":"category","embeddable":true,"href":"https:\/\/ic-lotos.org.ba\/en\/wp-json\/wp\/v2\/categories?post=18891"},{"taxonomy":"post_tag","embeddable":true,"href":"https:\/\/ic-lotos.org.ba\/en\/wp-json\/wp\/v2\/tags?post=18891"}],"curies":[{"name":"wp","href":"https:\/\/api.w.org\/{rel}","templated":true}]}}