{"id":18571,"date":"2026-04-30T11:12:47","date_gmt":"2026-04-30T09:12:47","guid":{"rendered":"https:\/\/ic-lotos.org.ba\/?p=18571"},"modified":"2026-04-30T11:12:47","modified_gmt":"2026-04-30T09:12:47","slug":"sastanak-aktiva-mladih-i-foruma-zena-koalicije-organizacija-osoba-sa-invaliditetom-tuzlanskog-kantona","status":"publish","type":"post","link":"https:\/\/ic-lotos.org.ba\/en\/sastanak-aktiva-mladih-i-foruma-zena-koalicije-organizacija-osoba-sa-invaliditetom-tuzlanskog-kantona\/","title":{"rendered":"Meeting of Youth Activities and the Women's Forum of the Coalition of Organizations of Persons with Disabilities in the Tuzla Canton"},"content":{"rendered":"<div dir=\"auto\">The meeting of Youth Activities and the Women's Forum of the Coalition of Organizations of Persons with Disabilities of the Tuzla Canton was held at the Information Center for Persons with Disabilities \"Lotos\" Tuzla on April 29, 2026.<\/div>\n<div dir=\"auto\">The meeting discussed important topics for improving the position of young people and women with disabilities.<\/div>\n<div dir=\"auto\">Special focus was placed on the position of young people with disabilities, their challenges, but also opportunities for more active inclusion in decision-making processes. During the meeting, the Action Plan for the Inclusion of Women and Youth in the Management Structures of Organizations was presented, which opened a constructive discussion on the ways of its implementation and the importance of equal representation. Participants exchanged experiences and suggestions that can contribute to a more efficient achievement of the set goals.<\/div>\n<div dir=\"auto\">In the final part of the meeting, the field coordinator of the Coalition addressed the audience and presented the planned activities for the next period, emphasizing the importance of continuous cooperation, joint action and strengthening the capacity of members.<\/div>\n<div dir=\"auto\">Through open dialogue and exchange of experiences, the participants made a valuable contribution to the further strengthening of inclusion and equal participation in society.<\/div>\n<div dir=\"auto\">We continue to work together to create equal opportunities for all.<\/div>\n<div dir=\"auto\">The meeting was held as part of the MyRight program to support the work of coalitions in BiH.<\/div>\n<div dir=\"auto\"><img fetchpriority=\"high\" decoding=\"async\" class=\"alignnone wp-image-18572\" src=\"https:\/\/ic-lotos.org.ba\/wp-content\/uploads\/2026\/04\/IMG_5806-scaled.jpg\" alt=\"\" width=\"700\" height=\"525\" srcset=\"https:\/\/ic-lotos.org.ba\/wp-content\/uploads\/2026\/04\/IMG_5806-scaled.jpg 2560w, https:\/\/ic-lotos.org.ba\/wp-content\/uploads\/2026\/04\/IMG_5806-300x225.jpg 300w, https:\/\/ic-lotos.org.ba\/wp-content\/uploads\/2026\/04\/IMG_5806-1024x768.jpg 1024w, https:\/\/ic-lotos.org.ba\/wp-content\/uploads\/2026\/04\/IMG_5806-768x576.jpg 768w, https:\/\/ic-lotos.org.ba\/wp-content\/uploads\/2026\/04\/IMG_5806-1536x1152.jpg 1536w, https:\/\/ic-lotos.org.ba\/wp-content\/uploads\/2026\/04\/IMG_5806-2048x1536.jpg 2048w, https:\/\/ic-lotos.org.ba\/wp-content\/uploads\/2026\/04\/IMG_5806-16x12.jpg 16w, https:\/\/ic-lotos.org.ba\/wp-content\/uploads\/2026\/04\/IMG_5806-440x330.jpg 440w\" sizes=\"(max-width: 700px) 100vw, 700px\" \/> <img decoding=\"async\" class=\"alignnone wp-image-18573\" src=\"https:\/\/ic-lotos.org.ba\/wp-content\/uploads\/2026\/04\/IMG_5814-scaled.jpg\" alt=\"\" width=\"700\" height=\"525\" srcset=\"https:\/\/ic-lotos.org.ba\/wp-content\/uploads\/2026\/04\/IMG_5814-scaled.jpg 2560w, https:\/\/ic-lotos.org.ba\/wp-content\/uploads\/2026\/04\/IMG_5814-300x225.jpg 300w, https:\/\/ic-lotos.org.ba\/wp-content\/uploads\/2026\/04\/IMG_5814-1024x768.jpg 1024w, https:\/\/ic-lotos.org.ba\/wp-content\/uploads\/2026\/04\/IMG_5814-768x576.jpg 768w, https:\/\/ic-lotos.org.ba\/wp-content\/uploads\/2026\/04\/IMG_5814-1536x1152.jpg 1536w, https:\/\/ic-lotos.org.ba\/wp-content\/uploads\/2026\/04\/IMG_5814-2048x1536.jpg 2048w, https:\/\/ic-lotos.org.ba\/wp-content\/uploads\/2026\/04\/IMG_5814-16x12.jpg 16w, https:\/\/ic-lotos.org.ba\/wp-content\/uploads\/2026\/04\/IMG_5814-440x330.jpg 440w\" sizes=\"(max-width: 700px) 100vw, 700px\" \/> <img decoding=\"async\" class=\"alignnone wp-image-18574\" src=\"https:\/\/ic-lotos.org.ba\/wp-content\/uploads\/2026\/04\/IMG_5816-scaled.jpg\" alt=\"\" width=\"700\" height=\"525\" srcset=\"https:\/\/ic-lotos.org.ba\/wp-content\/uploads\/2026\/04\/IMG_5816-scaled.jpg 2560w, https:\/\/ic-lotos.org.ba\/wp-content\/uploads\/2026\/04\/IMG_5816-300x225.jpg 300w, https:\/\/ic-lotos.org.ba\/wp-content\/uploads\/2026\/04\/IMG_5816-1024x768.jpg 1024w, https:\/\/ic-lotos.org.ba\/wp-content\/uploads\/2026\/04\/IMG_5816-768x576.jpg 768w, https:\/\/ic-lotos.org.ba\/wp-content\/uploads\/2026\/04\/IMG_5816-1536x1152.jpg 1536w, https:\/\/ic-lotos.org.ba\/wp-content\/uploads\/2026\/04\/IMG_5816-2048x1536.jpg 2048w, https:\/\/ic-lotos.org.ba\/wp-content\/uploads\/2026\/04\/IMG_5816-16x12.jpg 16w, https:\/\/ic-lotos.org.ba\/wp-content\/uploads\/2026\/04\/IMG_5816-440x330.jpg 440w\" sizes=\"(max-width: 700px) 100vw, 700px\" \/> <img loading=\"lazy\" decoding=\"async\" class=\"alignnone wp-image-18575\" src=\"https:\/\/ic-lotos.org.ba\/wp-content\/uploads\/2026\/04\/IMG_5835-scaled.jpg\" alt=\"\" width=\"700\" height=\"525\" srcset=\"https:\/\/ic-lotos.org.ba\/wp-content\/uploads\/2026\/04\/IMG_5835-scaled.jpg 2560w, https:\/\/ic-lotos.org.ba\/wp-content\/uploads\/2026\/04\/IMG_5835-300x225.jpg 300w, https:\/\/ic-lotos.org.ba\/wp-content\/uploads\/2026\/04\/IMG_5835-1024x768.jpg 1024w, https:\/\/ic-lotos.org.ba\/wp-content\/uploads\/2026\/04\/IMG_5835-768x576.jpg 768w, https:\/\/ic-lotos.org.ba\/wp-content\/uploads\/2026\/04\/IMG_5835-1536x1152.jpg 1536w, https:\/\/ic-lotos.org.ba\/wp-content\/uploads\/2026\/04\/IMG_5835-2048x1536.jpg 2048w, https:\/\/ic-lotos.org.ba\/wp-content\/uploads\/2026\/04\/IMG_5835-16x12.jpg 16w, https:\/\/ic-lotos.org.ba\/wp-content\/uploads\/2026\/04\/IMG_5835-440x330.jpg 440w\" sizes=\"(max-width: 700px) 100vw, 700px\" \/><\/div>\n<div class=\"gsp_post_data\" \r\n\t            data-post_type=\"post\" \r\n\t            data-cat=\"vijesti\" \r\n\t            data-modified=\"120\"\r\n\t            data-created=\"1777547567\"\r\n\t            data-title=\"Sastanak Aktiva mladih i Foruma \u017eena Koalicije organizacija osoba sa invaliditetom Tuzlanskog kantona\" \r\n\t            data-home=\"https:\/\/ic-lotos.org.ba\/en\"><\/div>","protected":false},"excerpt":{"rendered":"<p>Sastanak Aktiva mladih i Foruma \u017eena Koalicije organizacija osoba sa invaliditetom Tuzlanskog kantona odr\u017ean je u Informativnom centru za osobe sa invaliditetom \u201eLotos\u201c Tuzla 29. aprila 2026. godine. Na sastanku su razmatrane va\u017ene teme za unapre\u0111enje polo\u017eaja mladih i \u017eena [&hellip;]<\/p>\n","protected":false},"author":5,"featured_media":18572,"comment_status":"closed","ping_status":"closed","sticky":false,"template":"","format":"standard","meta":{"footnotes":""},"categories":[65],"tags":[],"class_list":["post-18571","post","type-post","status-publish","format-standard","has-post-thumbnail","hentry","category-vijesti"],"yoast_head":"<!-- This site is optimized with the Yoast SEO plugin v27.5 - https:\/\/yoast.com\/product\/yoast-seo-wordpress\/ -->\n<title>Sastanak Aktiva mladih i Foruma \u017eena Koalicije organizacija osoba sa invaliditetom Tuzlanskog kantona - IC Lotos Tuzla<\/title>\n<meta name=\"robots\" content=\"index, follow, max-snippet:-1, max-image-preview:large, max-video-preview:-1\" \/>\n<link rel=\"canonical\" href=\"https:\/\/ic-lotos.org.ba\/en\/sastanak-aktiva-mladih-i-foruma-zena-koalicije-organizacija-osoba-sa-invaliditetom-tuzlanskog-kantona\/\" \/>\n<meta property=\"og:locale\" content=\"en_US\" \/>\n<meta property=\"og:type\" content=\"article\" \/>\n<meta property=\"og:title\" content=\"Sastanak Aktiva mladih i Foruma \u017eena Koalicije organizacija osoba sa invaliditetom Tuzlanskog kantona - IC Lotos Tuzla\" \/>\n<meta property=\"og:description\" content=\"Sastanak Aktiva mladih i Foruma \u017eena Koalicije organizacija osoba sa invaliditetom Tuzlanskog kantona odr\u017ean je u Informativnom centru za osobe sa invaliditetom \u201eLotos\u201c Tuzla 29. aprila 2026. godine. Na sastanku su razmatrane va\u017ene teme za unapre\u0111enje polo\u017eaja mladih i \u017eena [&hellip;]\" \/>\n<meta property=\"og:url\" content=\"https:\/\/ic-lotos.org.ba\/en\/sastanak-aktiva-mladih-i-foruma-zena-koalicije-organizacija-osoba-sa-invaliditetom-tuzlanskog-kantona\/\" \/>\n<meta property=\"og:site_name\" content=\"IC Lotos Tuzla\" \/>\n<meta property=\"article:publisher\" content=\"https:\/\/www.facebook.com\/iclotos\/\" \/>\n<meta property=\"article:published_time\" content=\"2026-04-30T09:12:47+00:00\" \/>\n<meta property=\"og:image\" content=\"https:\/\/ic-lotos.org.ba\/wp-content\/uploads\/2026\/04\/IMG_5806-scaled.jpg\" \/>\n\t<meta property=\"og:image:width\" content=\"2560\" \/>\n\t<meta property=\"og:image:height\" content=\"1920\" \/>\n\t<meta property=\"og:image:type\" content=\"image\/jpeg\" \/>\n<meta name=\"author\" content=\"Jasminko Bijeli\u0107\" \/>\n<meta name=\"twitter:card\" content=\"summary_large_image\" \/>\n<meta name=\"twitter:label1\" content=\"Written by\" \/>\n\t<meta name=\"twitter:data1\" content=\"Jasminko Bijeli\u0107\" \/>\n\t<meta name=\"twitter:label2\" content=\"Est. reading time\" \/>\n\t<meta name=\"twitter:data2\" content=\"2 minutes\" \/>\n<script type=\"application\/ld+json\" class=\"yoast-schema-graph\">{\"@context\":\"https:\\\/\\\/schema.org\",\"@graph\":[{\"@type\":\"Article\",\"@id\":\"https:\\\/\\\/ic-lotos.org.ba\\\/sastanak-aktiva-mladih-i-foruma-zena-koalicije-organizacija-osoba-sa-invaliditetom-tuzlanskog-kantona\\\/#article\",\"isPartOf\":{\"@id\":\"https:\\\/\\\/ic-lotos.org.ba\\\/sastanak-aktiva-mladih-i-foruma-zena-koalicije-organizacija-osoba-sa-invaliditetom-tuzlanskog-kantona\\\/\"},\"author\":{\"name\":\"Jasminko Bijeli\u0107\",\"@id\":\"https:\\\/\\\/ic-lotos.org.ba\\\/#\\\/schema\\\/person\\\/fb1da7c92bc3365aad6d1abac5bfe80a\"},\"headline\":\"Sastanak Aktiva mladih i Foruma \u017eena Koalicije organizacija osoba sa invaliditetom Tuzlanskog kantona\",\"datePublished\":\"2026-04-30T09:12:47+00:00\",\"mainEntityOfPage\":{\"@id\":\"https:\\\/\\\/ic-lotos.org.ba\\\/sastanak-aktiva-mladih-i-foruma-zena-koalicije-organizacija-osoba-sa-invaliditetom-tuzlanskog-kantona\\\/\"},\"wordCount\":210,\"publisher\":{\"@id\":\"https:\\\/\\\/ic-lotos.org.ba\\\/#organization\"},\"image\":{\"@id\":\"https:\\\/\\\/ic-lotos.org.ba\\\/sastanak-aktiva-mladih-i-foruma-zena-koalicije-organizacija-osoba-sa-invaliditetom-tuzlanskog-kantona\\\/#primaryimage\"},\"thumbnailUrl\":\"https:\\\/\\\/ic-lotos.org.ba\\\/wp-content\\\/uploads\\\/2026\\\/04\\\/IMG_5806-scaled.jpg\",\"articleSection\":[\"Vijesti\"],\"inLanguage\":\"en-US\"},{\"@type\":\"WebPage\",\"@id\":\"https:\\\/\\\/ic-lotos.org.ba\\\/sastanak-aktiva-mladih-i-foruma-zena-koalicije-organizacija-osoba-sa-invaliditetom-tuzlanskog-kantona\\\/\",\"url\":\"https:\\\/\\\/ic-lotos.org.ba\\\/sastanak-aktiva-mladih-i-foruma-zena-koalicije-organizacija-osoba-sa-invaliditetom-tuzlanskog-kantona\\\/\",\"name\":\"Sastanak Aktiva mladih i Foruma \u017eena Koalicije organizacija osoba sa invaliditetom Tuzlanskog kantona - IC Lotos Tuzla\",\"isPartOf\":{\"@id\":\"https:\\\/\\\/ic-lotos.org.ba\\\/#website\"},\"primaryImageOfPage\":{\"@id\":\"https:\\\/\\\/ic-lotos.org.ba\\\/sastanak-aktiva-mladih-i-foruma-zena-koalicije-organizacija-osoba-sa-invaliditetom-tuzlanskog-kantona\\\/#primaryimage\"},\"image\":{\"@id\":\"https:\\\/\\\/ic-lotos.org.ba\\\/sastanak-aktiva-mladih-i-foruma-zena-koalicije-organizacija-osoba-sa-invaliditetom-tuzlanskog-kantona\\\/#primaryimage\"},\"thumbnailUrl\":\"https:\\\/\\\/ic-lotos.org.ba\\\/wp-content\\\/uploads\\\/2026\\\/04\\\/IMG_5806-scaled.jpg\",\"datePublished\":\"2026-04-30T09:12:47+00:00\",\"breadcrumb\":{\"@id\":\"https:\\\/\\\/ic-lotos.org.ba\\\/sastanak-aktiva-mladih-i-foruma-zena-koalicije-organizacija-osoba-sa-invaliditetom-tuzlanskog-kantona\\\/#breadcrumb\"},\"inLanguage\":\"en-US\",\"potentialAction\":[{\"@type\":\"ReadAction\",\"target\":[\"https:\\\/\\\/ic-lotos.org.ba\\\/sastanak-aktiva-mladih-i-foruma-zena-koalicije-organizacija-osoba-sa-invaliditetom-tuzlanskog-kantona\\\/\"]}]},{\"@type\":\"ImageObject\",\"inLanguage\":\"en-US\",\"@id\":\"https:\\\/\\\/ic-lotos.org.ba\\\/sastanak-aktiva-mladih-i-foruma-zena-koalicije-organizacija-osoba-sa-invaliditetom-tuzlanskog-kantona\\\/#primaryimage\",\"url\":\"https:\\\/\\\/ic-lotos.org.ba\\\/wp-content\\\/uploads\\\/2026\\\/04\\\/IMG_5806-scaled.jpg\",\"contentUrl\":\"https:\\\/\\\/ic-lotos.org.ba\\\/wp-content\\\/uploads\\\/2026\\\/04\\\/IMG_5806-scaled.jpg\",\"width\":2560,\"height\":1920},{\"@type\":\"BreadcrumbList\",\"@id\":\"https:\\\/\\\/ic-lotos.org.ba\\\/sastanak-aktiva-mladih-i-foruma-zena-koalicije-organizacija-osoba-sa-invaliditetom-tuzlanskog-kantona\\\/#breadcrumb\",\"itemListElement\":[{\"@type\":\"ListItem\",\"position\":1,\"name\":\"Naslovna\",\"item\":\"https:\\\/\\\/ic-lotos.org.ba\\\/\"},{\"@type\":\"ListItem\",\"position\":2,\"name\":\"Sastanak Aktiva mladih i Foruma \u017eena Koalicije organizacija osoba sa invaliditetom Tuzlanskog kantona\"}]},{\"@type\":\"WebSite\",\"@id\":\"https:\\\/\\\/ic-lotos.org.ba\\\/#website\",\"url\":\"https:\\\/\\\/ic-lotos.org.ba\\\/\",\"name\":\"IC Lotos Tuzla\",\"description\":\"Informativni centar \u201cLotos\u201d okuplja osobe sa ili bez invaliditeta koje su zainteresovane da svojim radom bilo na profesionalnoj ili volonterskoj osnovi doprinesu ostvarivanju misije organizacije.\",\"publisher\":{\"@id\":\"https:\\\/\\\/ic-lotos.org.ba\\\/#organization\"},\"potentialAction\":[{\"@type\":\"SearchAction\",\"target\":{\"@type\":\"EntryPoint\",\"urlTemplate\":\"https:\\\/\\\/ic-lotos.org.ba\\\/?s={search_term_string}\"},\"query-input\":{\"@type\":\"PropertyValueSpecification\",\"valueRequired\":true,\"valueName\":\"search_term_string\"}}],\"inLanguage\":\"en-US\"},{\"@type\":\"Organization\",\"@id\":\"https:\\\/\\\/ic-lotos.org.ba\\\/#organization\",\"name\":\"IC Lotos Tuzla\",\"url\":\"https:\\\/\\\/ic-lotos.org.ba\\\/\",\"logo\":{\"@type\":\"ImageObject\",\"inLanguage\":\"en-US\",\"@id\":\"https:\\\/\\\/ic-lotos.org.ba\\\/#\\\/schema\\\/logo\\\/image\\\/\",\"url\":\"https:\\\/\\\/ic-lotos.org.ba\\\/wp-content\\\/uploads\\\/2019\\\/11\\\/logo.jpg\",\"contentUrl\":\"https:\\\/\\\/ic-lotos.org.ba\\\/wp-content\\\/uploads\\\/2019\\\/11\\\/logo.jpg\",\"width\":575,\"height\":623,\"caption\":\"IC Lotos Tuzla\"},\"image\":{\"@id\":\"https:\\\/\\\/ic-lotos.org.ba\\\/#\\\/schema\\\/logo\\\/image\\\/\"},\"sameAs\":[\"https:\\\/\\\/www.facebook.com\\\/iclotos\\\/\",\"https:\\\/\\\/www.youtube.com\\\/feed\\\/library\"]},{\"@type\":\"Person\",\"@id\":\"https:\\\/\\\/ic-lotos.org.ba\\\/#\\\/schema\\\/person\\\/fb1da7c92bc3365aad6d1abac5bfe80a\",\"name\":\"Jasminko Bijeli\u0107\",\"image\":{\"@type\":\"ImageObject\",\"inLanguage\":\"en-US\",\"@id\":\"https:\\\/\\\/secure.gravatar.com\\\/avatar\\\/d694f8eb6cc3383210938655f7851f13239ed2f29afcf4e787e3c519ba016d67?s=96&d=mm&r=g\",\"url\":\"https:\\\/\\\/secure.gravatar.com\\\/avatar\\\/d694f8eb6cc3383210938655f7851f13239ed2f29afcf4e787e3c519ba016d67?s=96&d=mm&r=g\",\"contentUrl\":\"https:\\\/\\\/secure.gravatar.com\\\/avatar\\\/d694f8eb6cc3383210938655f7851f13239ed2f29afcf4e787e3c519ba016d67?s=96&d=mm&r=g\",\"caption\":\"Jasminko Bijeli\u0107\"}}]}<\/script>\n<!-- \/ Yoast SEO plugin. -->","yoast_head_json":{"title":"Sastanak Aktiva mladih i Foruma \u017eena Koalicije organizacija osoba sa invaliditetom Tuzlanskog kantona - IC Lotos Tuzla","robots":{"index":"index","follow":"follow","max-snippet":"max-snippet:-1","max-image-preview":"max-image-preview:large","max-video-preview":"max-video-preview:-1"},"canonical":"https:\/\/ic-lotos.org.ba\/en\/sastanak-aktiva-mladih-i-foruma-zena-koalicije-organizacija-osoba-sa-invaliditetom-tuzlanskog-kantona\/","og_locale":"en_US","og_type":"article","og_title":"Sastanak Aktiva mladih i Foruma \u017eena Koalicije organizacija osoba sa invaliditetom Tuzlanskog kantona - IC Lotos Tuzla","og_description":"Sastanak Aktiva mladih i Foruma \u017eena Koalicije organizacija osoba sa invaliditetom Tuzlanskog kantona odr\u017ean je u Informativnom centru za osobe sa invaliditetom \u201eLotos\u201c Tuzla 29. aprila 2026. godine. Na sastanku su razmatrane va\u017ene teme za unapre\u0111enje polo\u017eaja mladih i \u017eena [&hellip;]","og_url":"https:\/\/ic-lotos.org.ba\/en\/sastanak-aktiva-mladih-i-foruma-zena-koalicije-organizacija-osoba-sa-invaliditetom-tuzlanskog-kantona\/","og_site_name":"IC Lotos Tuzla","article_publisher":"https:\/\/www.facebook.com\/iclotos\/","article_published_time":"2026-04-30T09:12:47+00:00","og_image":[{"width":2560,"height":1920,"url":"https:\/\/ic-lotos.org.ba\/wp-content\/uploads\/2026\/04\/IMG_5806-scaled.jpg","type":"image\/jpeg"}],"author":"Jasminko Bijeli\u0107","twitter_card":"summary_large_image","twitter_misc":{"Written by":"Jasminko Bijeli\u0107","Est. reading time":"2 minutes"},"schema":{"@context":"https:\/\/schema.org","@graph":[{"@type":"Article","@id":"https:\/\/ic-lotos.org.ba\/sastanak-aktiva-mladih-i-foruma-zena-koalicije-organizacija-osoba-sa-invaliditetom-tuzlanskog-kantona\/#article","isPartOf":{"@id":"https:\/\/ic-lotos.org.ba\/sastanak-aktiva-mladih-i-foruma-zena-koalicije-organizacija-osoba-sa-invaliditetom-tuzlanskog-kantona\/"},"author":{"name":"Jasminko Bijeli\u0107","@id":"https:\/\/ic-lotos.org.ba\/#\/schema\/person\/fb1da7c92bc3365aad6d1abac5bfe80a"},"headline":"Sastanak Aktiva mladih i Foruma \u017eena Koalicije organizacija osoba sa invaliditetom Tuzlanskog kantona","datePublished":"2026-04-30T09:12:47+00:00","mainEntityOfPage":{"@id":"https:\/\/ic-lotos.org.ba\/sastanak-aktiva-mladih-i-foruma-zena-koalicije-organizacija-osoba-sa-invaliditetom-tuzlanskog-kantona\/"},"wordCount":210,"publisher":{"@id":"https:\/\/ic-lotos.org.ba\/#organization"},"image":{"@id":"https:\/\/ic-lotos.org.ba\/sastanak-aktiva-mladih-i-foruma-zena-koalicije-organizacija-osoba-sa-invaliditetom-tuzlanskog-kantona\/#primaryimage"},"thumbnailUrl":"https:\/\/ic-lotos.org.ba\/wp-content\/uploads\/2026\/04\/IMG_5806-scaled.jpg","articleSection":["Vijesti"],"inLanguage":"en-US"},{"@type":"WebPage","@id":"https:\/\/ic-lotos.org.ba\/sastanak-aktiva-mladih-i-foruma-zena-koalicije-organizacija-osoba-sa-invaliditetom-tuzlanskog-kantona\/","url":"https:\/\/ic-lotos.org.ba\/sastanak-aktiva-mladih-i-foruma-zena-koalicije-organizacija-osoba-sa-invaliditetom-tuzlanskog-kantona\/","name":"Sastanak Aktiva mladih i Foruma \u017eena Koalicije organizacija osoba sa invaliditetom Tuzlanskog kantona - IC Lotos Tuzla","isPartOf":{"@id":"https:\/\/ic-lotos.org.ba\/#website"},"primaryImageOfPage":{"@id":"https:\/\/ic-lotos.org.ba\/sastanak-aktiva-mladih-i-foruma-zena-koalicije-organizacija-osoba-sa-invaliditetom-tuzlanskog-kantona\/#primaryimage"},"image":{"@id":"https:\/\/ic-lotos.org.ba\/sastanak-aktiva-mladih-i-foruma-zena-koalicije-organizacija-osoba-sa-invaliditetom-tuzlanskog-kantona\/#primaryimage"},"thumbnailUrl":"https:\/\/ic-lotos.org.ba\/wp-content\/uploads\/2026\/04\/IMG_5806-scaled.jpg","datePublished":"2026-04-30T09:12:47+00:00","breadcrumb":{"@id":"https:\/\/ic-lotos.org.ba\/sastanak-aktiva-mladih-i-foruma-zena-koalicije-organizacija-osoba-sa-invaliditetom-tuzlanskog-kantona\/#breadcrumb"},"inLanguage":"en-US","potentialAction":[{"@type":"ReadAction","target":["https:\/\/ic-lotos.org.ba\/sastanak-aktiva-mladih-i-foruma-zena-koalicije-organizacija-osoba-sa-invaliditetom-tuzlanskog-kantona\/"]}]},{"@type":"ImageObject","inLanguage":"en-US","@id":"https:\/\/ic-lotos.org.ba\/sastanak-aktiva-mladih-i-foruma-zena-koalicije-organizacija-osoba-sa-invaliditetom-tuzlanskog-kantona\/#primaryimage","url":"https:\/\/ic-lotos.org.ba\/wp-content\/uploads\/2026\/04\/IMG_5806-scaled.jpg","contentUrl":"https:\/\/ic-lotos.org.ba\/wp-content\/uploads\/2026\/04\/IMG_5806-scaled.jpg","width":2560,"height":1920},{"@type":"BreadcrumbList","@id":"https:\/\/ic-lotos.org.ba\/sastanak-aktiva-mladih-i-foruma-zena-koalicije-organizacija-osoba-sa-invaliditetom-tuzlanskog-kantona\/#breadcrumb","itemListElement":[{"@type":"ListItem","position":1,"name":"Naslovna","item":"https:\/\/ic-lotos.org.ba\/"},{"@type":"ListItem","position":2,"name":"Sastanak Aktiva mladih i Foruma \u017eena Koalicije organizacija osoba sa invaliditetom Tuzlanskog kantona"}]},{"@type":"WebSite","@id":"https:\/\/ic-lotos.org.ba\/#website","url":"https:\/\/ic-lotos.org.ba\/","name":"IC Lotos Tuzla","description":"Informativni centar \u201cLotos\u201d okuplja osobe sa ili bez invaliditeta koje su zainteresovane da svojim radom bilo na profesionalnoj ili volonterskoj osnovi doprinesu ostvarivanju misije organizacije.","publisher":{"@id":"https:\/\/ic-lotos.org.ba\/#organization"},"potentialAction":[{"@type":"SearchAction","target":{"@type":"EntryPoint","urlTemplate":"https:\/\/ic-lotos.org.ba\/?s={search_term_string}"},"query-input":{"@type":"PropertyValueSpecification","valueRequired":true,"valueName":"search_term_string"}}],"inLanguage":"en-US"},{"@type":"Organization","@id":"https:\/\/ic-lotos.org.ba\/#organization","name":"IC Lotos Tuzla","url":"https:\/\/ic-lotos.org.ba\/","logo":{"@type":"ImageObject","inLanguage":"en-US","@id":"https:\/\/ic-lotos.org.ba\/#\/schema\/logo\/image\/","url":"https:\/\/ic-lotos.org.ba\/wp-content\/uploads\/2019\/11\/logo.jpg","contentUrl":"https:\/\/ic-lotos.org.ba\/wp-content\/uploads\/2019\/11\/logo.jpg","width":575,"height":623,"caption":"IC Lotos Tuzla"},"image":{"@id":"https:\/\/ic-lotos.org.ba\/#\/schema\/logo\/image\/"},"sameAs":["https:\/\/www.facebook.com\/iclotos\/","https:\/\/www.youtube.com\/feed\/library"]},{"@type":"Person","@id":"https:\/\/ic-lotos.org.ba\/#\/schema\/person\/fb1da7c92bc3365aad6d1abac5bfe80a","name":"Jasminko Bijeli\u0107","image":{"@type":"ImageObject","inLanguage":"en-US","@id":"https:\/\/secure.gravatar.com\/avatar\/d694f8eb6cc3383210938655f7851f13239ed2f29afcf4e787e3c519ba016d67?s=96&d=mm&r=g","url":"https:\/\/secure.gravatar.com\/avatar\/d694f8eb6cc3383210938655f7851f13239ed2f29afcf4e787e3c519ba016d67?s=96&d=mm&r=g","contentUrl":"https:\/\/secure.gravatar.com\/avatar\/d694f8eb6cc3383210938655f7851f13239ed2f29afcf4e787e3c519ba016d67?s=96&d=mm&r=g","caption":"Jasminko Bijeli\u0107"}}]}},"_links":{"self":[{"href":"https:\/\/ic-lotos.org.ba\/en\/wp-json\/wp\/v2\/posts\/18571","targetHints":{"allow":["GET"]}}],"collection":[{"href":"https:\/\/ic-lotos.org.ba\/en\/wp-json\/wp\/v2\/posts"}],"about":[{"href":"https:\/\/ic-lotos.org.ba\/en\/wp-json\/wp\/v2\/types\/post"}],"author":[{"embeddable":true,"href":"https:\/\/ic-lotos.org.ba\/en\/wp-json\/wp\/v2\/users\/5"}],"replies":[{"embeddable":true,"href":"https:\/\/ic-lotos.org.ba\/en\/wp-json\/wp\/v2\/comments?post=18571"}],"version-history":[{"count":1,"href":"https:\/\/ic-lotos.org.ba\/en\/wp-json\/wp\/v2\/posts\/18571\/revisions"}],"predecessor-version":[{"id":18576,"href":"https:\/\/ic-lotos.org.ba\/en\/wp-json\/wp\/v2\/posts\/18571\/revisions\/18576"}],"wp:featuredmedia":[{"embeddable":true,"href":"https:\/\/ic-lotos.org.ba\/en\/wp-json\/wp\/v2\/media\/18572"}],"wp:attachment":[{"href":"https:\/\/ic-lotos.org.ba\/en\/wp-json\/wp\/v2\/media?parent=18571"}],"wp:term":[{"taxonomy":"category","embeddable":true,"href":"https:\/\/ic-lotos.org.ba\/en\/wp-json\/wp\/v2\/categories?post=18571"},{"taxonomy":"post_tag","embeddable":true,"href":"https:\/\/ic-lotos.org.ba\/en\/wp-json\/wp\/v2\/tags?post=18571"}],"curies":[{"name":"wp","href":"https:\/\/api.w.org\/{rel}","templated":true}]}}