{"id":18432,"date":"2026-04-28T10:54:05","date_gmt":"2026-04-28T08:54:05","guid":{"rendered":"https:\/\/ic-lotos.org.ba\/?p=18432"},"modified":"2026-04-28T13:18:18","modified_gmt":"2026-04-28T11:18:18","slug":"kako-komuniciramo-i-zasto-je-to-kljucno-za-ravnopravnost-zena-sa-invaliditetom","status":"publish","type":"post","link":"https:\/\/ic-lotos.org.ba\/en\/kako-komuniciramo-i-zasto-je-to-kljucno-za-ravnopravnost-zena-sa-invaliditetom\/","title":{"rendered":"How we communicate and why it is key to equality for women with disabilities"},"content":{"rendered":"<div data-elementor-type=\"wp-post\" data-elementor-id=\"18432\" class=\"elementor elementor-18432\" data-elementor-post-type=\"post\">\n\t\t\t\t<div class=\"elementor-element elementor-element-5f99e839 e-flex e-con-boxed e-con e-parent\" data-id=\"5f99e839\" data-element_type=\"container\" data-e-type=\"container\">\n\t\t\t\t\t<div class=\"e-con-inner\">\n\t\t\t\t<div class=\"elementor-element elementor-element-6824fc7a elementor-widget elementor-widget-text-editor\" data-id=\"6824fc7a\" data-element_type=\"widget\" data-e-type=\"widget\" data-settings=\"{&quot;avante_ext_is_scrollme&quot;:&quot;false&quot;,&quot;avante_ext_is_smoove&quot;:&quot;false&quot;,&quot;avante_ext_is_parallax_mouse&quot;:&quot;false&quot;,&quot;avante_ext_is_infinite&quot;:&quot;false&quot;,&quot;avante_ext_link_sidemenu&quot;:&quot;false&quot;}\" data-widget_type=\"text-editor.default\">\n\t\t\t\t<div class=\"elementor-widget-container\">\n\t\t\t\t\t\t\t\t\t<p>The way we communicate about people with disabilities is not just a matter of language - it is a matter of human rights, dignity and equal participation in society.<\/p><p>Although in Bosnia and Herzegovina the obligations from the UN Convention on the Rights of Persons with Disabilities have been formally assumed, everyday practice shows that stereotypes are still deeply rooted, especially when it comes to women with disabilities. Communication that portrays them as passive, dependent or \"objects of care\" directly affects their visibility, self-confidence and ability to participate in decision-making.<\/p><p>Through the work of I.C. \"Lotos\" and the Network of Women with Disabilities, these phenomena are recognized as one of the key obstacles to the realization of rights - from the right to an independent life, to the right to work, education and participation in public life.<\/p><p>That's why we launched an initiative aimed at changing the way of communication as one of the first and most important steps towards real inclusion.<\/p><p>As part of this initiative, an educational video was developed that clearly shows the difference between communication that empowers and that which, often unconsciously, limits through everyday situations.<\/p><p>Watch the video:<\/p><p><\/p><p>\u00a0<\/p><p>This initiative has several specific goals:<\/p><ul><li>improve understanding of dignified and non-discriminatory communication<\/li><li>reduce the presence of stereotypes in public space and the media<\/li><li>empower women with disabilities to recognize and demand equal treatment<\/li><li>encourage institutions, media and citizens to take an active role in changing the narrative<\/li><\/ul><p>Special focus is placed on women with disabilities due to the multiple discrimination they face - based on gender and disability. Such discrimination often remains invisible, but it has very concrete consequences: from reduced employment opportunities to exclusion from social and political processes.<\/p><p>In accordance with Articles 8 and 19 of the UN Convention on the Rights of Persons with Disabilities, which emphasize awareness raising and the right to live independently and be included in the community, this initiative represents a small but important step towards change \u2013 from a pity-based approach to a rights-based approach.<\/p><p>It is important to emphasize that change does not require large resources \u2013 but rather a willingness to reexamine our own habits and behavioral patterns.<\/p><p>The way we speak, the questions we ask and the way we offer support directly shape the society in which we live.<\/p><p>Through this initiative, we want to send a clear message: equality begins in everyday communication.<\/p><p>Vi\u0161e o ovoj temi mo\u017eete pro\u010ditati i na portalu\u00a0Ona.ba.<\/p><p>The program is implemented through I.C. \"Lotos\", within the Network of Women with Disabilities, with the support of the European Disability Forum, Kynnys ry and Trag foundation \/ OAK Foundation.<\/p>\t\t\t\t\t\t\t\t<\/div>\n\t\t\t\t<\/div>\n\t\t\t\t\t<\/div>\n\t\t\t\t<\/div>\n\t\t\t\t<div class=\"elementor-element elementor-element-9c25306 e-con e-atomic-element e-flexbox-base\" data-id=\"9c25306\" data-element_type=\"e-flexbox\" data-e-type=\"e-flexbox\" data-interaction-id=\"9c25306\">\n\t\t\t\t\t\t  \t<video\n    data-id=\"5d17fde\" data-interaction-id=\"5d17fde\"\n    data-e-type=\"e-self-hosted-video\" data-interactions=\"null\"\n    \n    class=\"e-5d17fde-7bf36d2 e-self-hosted-video-base\"\n    controls\t\t\t\tcontrolslist=\"nodownload\" preload=\"metadata\"\n\t>\n\t\t<source src=\"https:\/\/ic-lotos.org.ba\/wp-content\/uploads\/2026\/04\/alma_finish-1.mov#t=0\">\n\t<\/video>\n\t\t\t\t<\/div>\n\t\t\t\t<\/div>\n\t\t<div class=\"gsp_post_data\" \r\n\t            data-post_type=\"post\" \r\n\t            data-cat=\"vijesti\" \r\n\t            data-modified=\"81\"\r\n\t            data-created=\"1777373645\"\r\n\t            data-title=\"Kako komuniciramo i za\u0161to je to klju\u010dno za ravnopravnost \u017eena sa invaliditetom\" \r\n\t            data-home=\"https:\/\/ic-lotos.org.ba\/en\"><\/div>","protected":false},"excerpt":{"rendered":"<p>Na\u010din na koji komuniciramo o osobama sa invaliditetom nije samo pitanje jezika \u2013 to je pitanje ljudskih prava, dostojanstva i ravnopravnog u\u010de\u0161\u0107a u dru\u0161tvu. Iako su u Bosni i Hercegovini formalno preuzete obaveze iz UN Konvencije o pravima osoba sa [&hellip;]<\/p>\n","protected":false},"author":5,"featured_media":18434,"comment_status":"closed","ping_status":"closed","sticky":false,"template":"","format":"standard","meta":{"footnotes":""},"categories":[65],"tags":[],"class_list":["post-18432","post","type-post","status-publish","format-standard","has-post-thumbnail","hentry","category-vijesti"],"yoast_head":"<!-- This site is optimized with the Yoast SEO plugin v27.4 - https:\/\/yoast.com\/product\/yoast-seo-wordpress\/ -->\n<title>Kako komuniciramo i za\u0161to je to klju\u010dno za ravnopravnost \u017eena sa invaliditetom - IC Lotos Tuzla<\/title>\n<meta name=\"robots\" content=\"index, follow, max-snippet:-1, max-image-preview:large, max-video-preview:-1\" \/>\n<link rel=\"canonical\" href=\"https:\/\/ic-lotos.org.ba\/en\/kako-komuniciramo-i-zasto-je-to-kljucno-za-ravnopravnost-zena-sa-invaliditetom\/\" \/>\n<meta property=\"og:locale\" content=\"en_US\" \/>\n<meta property=\"og:type\" content=\"article\" \/>\n<meta property=\"og:title\" content=\"Kako komuniciramo i za\u0161to je to klju\u010dno za ravnopravnost \u017eena sa invaliditetom - IC Lotos Tuzla\" \/>\n<meta property=\"og:description\" content=\"Na\u010din na koji komuniciramo o osobama sa invaliditetom nije samo pitanje jezika \u2013 to je pitanje ljudskih prava, dostojanstva i ravnopravnog u\u010de\u0161\u0107a u dru\u0161tvu. Iako su u Bosni i Hercegovini formalno preuzete obaveze iz UN Konvencije o pravima osoba sa [&hellip;]\" \/>\n<meta property=\"og:url\" content=\"https:\/\/ic-lotos.org.ba\/en\/kako-komuniciramo-i-zasto-je-to-kljucno-za-ravnopravnost-zena-sa-invaliditetom\/\" \/>\n<meta property=\"og:site_name\" content=\"IC Lotos Tuzla\" \/>\n<meta property=\"article:publisher\" content=\"https:\/\/www.facebook.com\/iclotos\/\" \/>\n<meta property=\"article:published_time\" content=\"2026-04-28T08:54:05+00:00\" \/>\n<meta property=\"article:modified_time\" content=\"2026-04-28T11:18:18+00:00\" \/>\n<meta property=\"og:image\" content=\"https:\/\/ic-lotos.org.ba\/wp-content\/uploads\/2026\/04\/Bez-naslova.jpg\" \/>\n\t<meta property=\"og:image:width\" content=\"488\" \/>\n\t<meta property=\"og:image:height\" content=\"655\" \/>\n\t<meta property=\"og:image:type\" content=\"image\/jpeg\" \/>\n<meta name=\"author\" content=\"Jasminko Bijeli\u0107\" \/>\n<meta name=\"twitter:card\" content=\"summary_large_image\" \/>\n<meta name=\"twitter:label1\" content=\"Written by\" \/>\n\t<meta name=\"twitter:data1\" content=\"Jasminko Bijeli\u0107\" \/>\n\t<meta name=\"twitter:label2\" content=\"Est. reading time\" \/>\n\t<meta name=\"twitter:data2\" content=\"3 minutes\" \/>\n<script type=\"application\/ld+json\" class=\"yoast-schema-graph\">{\"@context\":\"https:\\\/\\\/schema.org\",\"@graph\":[{\"@type\":\"Article\",\"@id\":\"https:\\\/\\\/ic-lotos.org.ba\\\/kako-komuniciramo-i-zasto-je-to-kljucno-za-ravnopravnost-zena-sa-invaliditetom\\\/#article\",\"isPartOf\":{\"@id\":\"https:\\\/\\\/ic-lotos.org.ba\\\/kako-komuniciramo-i-zasto-je-to-kljucno-za-ravnopravnost-zena-sa-invaliditetom\\\/\"},\"author\":{\"name\":\"Jasminko Bijeli\u0107\",\"@id\":\"https:\\\/\\\/ic-lotos.org.ba\\\/#\\\/schema\\\/person\\\/fb1da7c92bc3365aad6d1abac5bfe80a\"},\"headline\":\"Kako komuniciramo i za\u0161to je to klju\u010dno za ravnopravnost \u017eena sa invaliditetom\",\"datePublished\":\"2026-04-28T08:54:05+00:00\",\"dateModified\":\"2026-04-28T11:18:18+00:00\",\"mainEntityOfPage\":{\"@id\":\"https:\\\/\\\/ic-lotos.org.ba\\\/kako-komuniciramo-i-zasto-je-to-kljucno-za-ravnopravnost-zena-sa-invaliditetom\\\/\"},\"wordCount\":442,\"publisher\":{\"@id\":\"https:\\\/\\\/ic-lotos.org.ba\\\/#organization\"},\"image\":{\"@id\":\"https:\\\/\\\/ic-lotos.org.ba\\\/kako-komuniciramo-i-zasto-je-to-kljucno-za-ravnopravnost-zena-sa-invaliditetom\\\/#primaryimage\"},\"thumbnailUrl\":\"https:\\\/\\\/ic-lotos.org.ba\\\/wp-content\\\/uploads\\\/2026\\\/04\\\/Bez-naslova.jpg\",\"articleSection\":[\"Vijesti\"],\"inLanguage\":\"en-US\"},{\"@type\":\"WebPage\",\"@id\":\"https:\\\/\\\/ic-lotos.org.ba\\\/kako-komuniciramo-i-zasto-je-to-kljucno-za-ravnopravnost-zena-sa-invaliditetom\\\/\",\"url\":\"https:\\\/\\\/ic-lotos.org.ba\\\/kako-komuniciramo-i-zasto-je-to-kljucno-za-ravnopravnost-zena-sa-invaliditetom\\\/\",\"name\":\"Kako komuniciramo i za\u0161to je to klju\u010dno za ravnopravnost \u017eena sa invaliditetom - IC Lotos Tuzla\",\"isPartOf\":{\"@id\":\"https:\\\/\\\/ic-lotos.org.ba\\\/#website\"},\"primaryImageOfPage\":{\"@id\":\"https:\\\/\\\/ic-lotos.org.ba\\\/kako-komuniciramo-i-zasto-je-to-kljucno-za-ravnopravnost-zena-sa-invaliditetom\\\/#primaryimage\"},\"image\":{\"@id\":\"https:\\\/\\\/ic-lotos.org.ba\\\/kako-komuniciramo-i-zasto-je-to-kljucno-za-ravnopravnost-zena-sa-invaliditetom\\\/#primaryimage\"},\"thumbnailUrl\":\"https:\\\/\\\/ic-lotos.org.ba\\\/wp-content\\\/uploads\\\/2026\\\/04\\\/Bez-naslova.jpg\",\"datePublished\":\"2026-04-28T08:54:05+00:00\",\"dateModified\":\"2026-04-28T11:18:18+00:00\",\"breadcrumb\":{\"@id\":\"https:\\\/\\\/ic-lotos.org.ba\\\/kako-komuniciramo-i-zasto-je-to-kljucno-za-ravnopravnost-zena-sa-invaliditetom\\\/#breadcrumb\"},\"inLanguage\":\"en-US\",\"potentialAction\":[{\"@type\":\"ReadAction\",\"target\":[\"https:\\\/\\\/ic-lotos.org.ba\\\/kako-komuniciramo-i-zasto-je-to-kljucno-za-ravnopravnost-zena-sa-invaliditetom\\\/\"]}]},{\"@type\":\"ImageObject\",\"inLanguage\":\"en-US\",\"@id\":\"https:\\\/\\\/ic-lotos.org.ba\\\/kako-komuniciramo-i-zasto-je-to-kljucno-za-ravnopravnost-zena-sa-invaliditetom\\\/#primaryimage\",\"url\":\"https:\\\/\\\/ic-lotos.org.ba\\\/wp-content\\\/uploads\\\/2026\\\/04\\\/Bez-naslova.jpg\",\"contentUrl\":\"https:\\\/\\\/ic-lotos.org.ba\\\/wp-content\\\/uploads\\\/2026\\\/04\\\/Bez-naslova.jpg\",\"width\":488,\"height\":655},{\"@type\":\"BreadcrumbList\",\"@id\":\"https:\\\/\\\/ic-lotos.org.ba\\\/kako-komuniciramo-i-zasto-je-to-kljucno-za-ravnopravnost-zena-sa-invaliditetom\\\/#breadcrumb\",\"itemListElement\":[{\"@type\":\"ListItem\",\"position\":1,\"name\":\"Naslovna\",\"item\":\"https:\\\/\\\/ic-lotos.org.ba\\\/\"},{\"@type\":\"ListItem\",\"position\":2,\"name\":\"Kako komuniciramo i za\u0161to je to klju\u010dno za ravnopravnost \u017eena sa invaliditetom\"}]},{\"@type\":\"WebSite\",\"@id\":\"https:\\\/\\\/ic-lotos.org.ba\\\/#website\",\"url\":\"https:\\\/\\\/ic-lotos.org.ba\\\/\",\"name\":\"IC Lotos Tuzla\",\"description\":\"Informativni centar \u201cLotos\u201d okuplja osobe sa ili bez invaliditeta koje su zainteresovane da svojim radom bilo na profesionalnoj ili volonterskoj osnovi doprinesu ostvarivanju misije organizacije.\",\"publisher\":{\"@id\":\"https:\\\/\\\/ic-lotos.org.ba\\\/#organization\"},\"potentialAction\":[{\"@type\":\"SearchAction\",\"target\":{\"@type\":\"EntryPoint\",\"urlTemplate\":\"https:\\\/\\\/ic-lotos.org.ba\\\/?s={search_term_string}\"},\"query-input\":{\"@type\":\"PropertyValueSpecification\",\"valueRequired\":true,\"valueName\":\"search_term_string\"}}],\"inLanguage\":\"en-US\"},{\"@type\":\"Organization\",\"@id\":\"https:\\\/\\\/ic-lotos.org.ba\\\/#organization\",\"name\":\"IC Lotos Tuzla\",\"url\":\"https:\\\/\\\/ic-lotos.org.ba\\\/\",\"logo\":{\"@type\":\"ImageObject\",\"inLanguage\":\"en-US\",\"@id\":\"https:\\\/\\\/ic-lotos.org.ba\\\/#\\\/schema\\\/logo\\\/image\\\/\",\"url\":\"https:\\\/\\\/ic-lotos.org.ba\\\/wp-content\\\/uploads\\\/2019\\\/11\\\/logo.jpg\",\"contentUrl\":\"https:\\\/\\\/ic-lotos.org.ba\\\/wp-content\\\/uploads\\\/2019\\\/11\\\/logo.jpg\",\"width\":575,\"height\":623,\"caption\":\"IC Lotos Tuzla\"},\"image\":{\"@id\":\"https:\\\/\\\/ic-lotos.org.ba\\\/#\\\/schema\\\/logo\\\/image\\\/\"},\"sameAs\":[\"https:\\\/\\\/www.facebook.com\\\/iclotos\\\/\",\"https:\\\/\\\/www.youtube.com\\\/feed\\\/library\"]},{\"@type\":\"Person\",\"@id\":\"https:\\\/\\\/ic-lotos.org.ba\\\/#\\\/schema\\\/person\\\/fb1da7c92bc3365aad6d1abac5bfe80a\",\"name\":\"Jasminko Bijeli\u0107\",\"image\":{\"@type\":\"ImageObject\",\"inLanguage\":\"en-US\",\"@id\":\"https:\\\/\\\/secure.gravatar.com\\\/avatar\\\/d694f8eb6cc3383210938655f7851f13239ed2f29afcf4e787e3c519ba016d67?s=96&d=mm&r=g\",\"url\":\"https:\\\/\\\/secure.gravatar.com\\\/avatar\\\/d694f8eb6cc3383210938655f7851f13239ed2f29afcf4e787e3c519ba016d67?s=96&d=mm&r=g\",\"contentUrl\":\"https:\\\/\\\/secure.gravatar.com\\\/avatar\\\/d694f8eb6cc3383210938655f7851f13239ed2f29afcf4e787e3c519ba016d67?s=96&d=mm&r=g\",\"caption\":\"Jasminko Bijeli\u0107\"}}]}<\/script>\n<!-- \/ Yoast SEO plugin. -->","yoast_head_json":{"title":"Kako komuniciramo i za\u0161to je to klju\u010dno za ravnopravnost \u017eena sa invaliditetom - IC Lotos Tuzla","robots":{"index":"index","follow":"follow","max-snippet":"max-snippet:-1","max-image-preview":"max-image-preview:large","max-video-preview":"max-video-preview:-1"},"canonical":"https:\/\/ic-lotos.org.ba\/en\/kako-komuniciramo-i-zasto-je-to-kljucno-za-ravnopravnost-zena-sa-invaliditetom\/","og_locale":"en_US","og_type":"article","og_title":"Kako komuniciramo i za\u0161to je to klju\u010dno za ravnopravnost \u017eena sa invaliditetom - IC Lotos Tuzla","og_description":"Na\u010din na koji komuniciramo o osobama sa invaliditetom nije samo pitanje jezika \u2013 to je pitanje ljudskih prava, dostojanstva i ravnopravnog u\u010de\u0161\u0107a u dru\u0161tvu. Iako su u Bosni i Hercegovini formalno preuzete obaveze iz UN Konvencije o pravima osoba sa [&hellip;]","og_url":"https:\/\/ic-lotos.org.ba\/en\/kako-komuniciramo-i-zasto-je-to-kljucno-za-ravnopravnost-zena-sa-invaliditetom\/","og_site_name":"IC Lotos Tuzla","article_publisher":"https:\/\/www.facebook.com\/iclotos\/","article_published_time":"2026-04-28T08:54:05+00:00","article_modified_time":"2026-04-28T11:18:18+00:00","og_image":[{"width":488,"height":655,"url":"https:\/\/ic-lotos.org.ba\/wp-content\/uploads\/2026\/04\/Bez-naslova.jpg","type":"image\/jpeg"}],"author":"Jasminko Bijeli\u0107","twitter_card":"summary_large_image","twitter_misc":{"Written by":"Jasminko Bijeli\u0107","Est. reading time":"3 minutes"},"schema":{"@context":"https:\/\/schema.org","@graph":[{"@type":"Article","@id":"https:\/\/ic-lotos.org.ba\/kako-komuniciramo-i-zasto-je-to-kljucno-za-ravnopravnost-zena-sa-invaliditetom\/#article","isPartOf":{"@id":"https:\/\/ic-lotos.org.ba\/kako-komuniciramo-i-zasto-je-to-kljucno-za-ravnopravnost-zena-sa-invaliditetom\/"},"author":{"name":"Jasminko Bijeli\u0107","@id":"https:\/\/ic-lotos.org.ba\/#\/schema\/person\/fb1da7c92bc3365aad6d1abac5bfe80a"},"headline":"Kako komuniciramo i za\u0161to je to klju\u010dno za ravnopravnost \u017eena sa invaliditetom","datePublished":"2026-04-28T08:54:05+00:00","dateModified":"2026-04-28T11:18:18+00:00","mainEntityOfPage":{"@id":"https:\/\/ic-lotos.org.ba\/kako-komuniciramo-i-zasto-je-to-kljucno-za-ravnopravnost-zena-sa-invaliditetom\/"},"wordCount":442,"publisher":{"@id":"https:\/\/ic-lotos.org.ba\/#organization"},"image":{"@id":"https:\/\/ic-lotos.org.ba\/kako-komuniciramo-i-zasto-je-to-kljucno-za-ravnopravnost-zena-sa-invaliditetom\/#primaryimage"},"thumbnailUrl":"https:\/\/ic-lotos.org.ba\/wp-content\/uploads\/2026\/04\/Bez-naslova.jpg","articleSection":["Vijesti"],"inLanguage":"en-US"},{"@type":"WebPage","@id":"https:\/\/ic-lotos.org.ba\/kako-komuniciramo-i-zasto-je-to-kljucno-za-ravnopravnost-zena-sa-invaliditetom\/","url":"https:\/\/ic-lotos.org.ba\/kako-komuniciramo-i-zasto-je-to-kljucno-za-ravnopravnost-zena-sa-invaliditetom\/","name":"Kako komuniciramo i za\u0161to je to klju\u010dno za ravnopravnost \u017eena sa invaliditetom - IC Lotos Tuzla","isPartOf":{"@id":"https:\/\/ic-lotos.org.ba\/#website"},"primaryImageOfPage":{"@id":"https:\/\/ic-lotos.org.ba\/kako-komuniciramo-i-zasto-je-to-kljucno-za-ravnopravnost-zena-sa-invaliditetom\/#primaryimage"},"image":{"@id":"https:\/\/ic-lotos.org.ba\/kako-komuniciramo-i-zasto-je-to-kljucno-za-ravnopravnost-zena-sa-invaliditetom\/#primaryimage"},"thumbnailUrl":"https:\/\/ic-lotos.org.ba\/wp-content\/uploads\/2026\/04\/Bez-naslova.jpg","datePublished":"2026-04-28T08:54:05+00:00","dateModified":"2026-04-28T11:18:18+00:00","breadcrumb":{"@id":"https:\/\/ic-lotos.org.ba\/kako-komuniciramo-i-zasto-je-to-kljucno-za-ravnopravnost-zena-sa-invaliditetom\/#breadcrumb"},"inLanguage":"en-US","potentialAction":[{"@type":"ReadAction","target":["https:\/\/ic-lotos.org.ba\/kako-komuniciramo-i-zasto-je-to-kljucno-za-ravnopravnost-zena-sa-invaliditetom\/"]}]},{"@type":"ImageObject","inLanguage":"en-US","@id":"https:\/\/ic-lotos.org.ba\/kako-komuniciramo-i-zasto-je-to-kljucno-za-ravnopravnost-zena-sa-invaliditetom\/#primaryimage","url":"https:\/\/ic-lotos.org.ba\/wp-content\/uploads\/2026\/04\/Bez-naslova.jpg","contentUrl":"https:\/\/ic-lotos.org.ba\/wp-content\/uploads\/2026\/04\/Bez-naslova.jpg","width":488,"height":655},{"@type":"BreadcrumbList","@id":"https:\/\/ic-lotos.org.ba\/kako-komuniciramo-i-zasto-je-to-kljucno-za-ravnopravnost-zena-sa-invaliditetom\/#breadcrumb","itemListElement":[{"@type":"ListItem","position":1,"name":"Naslovna","item":"https:\/\/ic-lotos.org.ba\/"},{"@type":"ListItem","position":2,"name":"Kako komuniciramo i za\u0161to je to klju\u010dno za ravnopravnost \u017eena sa invaliditetom"}]},{"@type":"WebSite","@id":"https:\/\/ic-lotos.org.ba\/#website","url":"https:\/\/ic-lotos.org.ba\/","name":"IC Lotos Tuzla","description":"Informativni centar \u201cLotos\u201d okuplja osobe sa ili bez invaliditeta koje su zainteresovane da svojim radom bilo na profesionalnoj ili volonterskoj osnovi doprinesu ostvarivanju misije organizacije.","publisher":{"@id":"https:\/\/ic-lotos.org.ba\/#organization"},"potentialAction":[{"@type":"SearchAction","target":{"@type":"EntryPoint","urlTemplate":"https:\/\/ic-lotos.org.ba\/?s={search_term_string}"},"query-input":{"@type":"PropertyValueSpecification","valueRequired":true,"valueName":"search_term_string"}}],"inLanguage":"en-US"},{"@type":"Organization","@id":"https:\/\/ic-lotos.org.ba\/#organization","name":"IC Lotos Tuzla","url":"https:\/\/ic-lotos.org.ba\/","logo":{"@type":"ImageObject","inLanguage":"en-US","@id":"https:\/\/ic-lotos.org.ba\/#\/schema\/logo\/image\/","url":"https:\/\/ic-lotos.org.ba\/wp-content\/uploads\/2019\/11\/logo.jpg","contentUrl":"https:\/\/ic-lotos.org.ba\/wp-content\/uploads\/2019\/11\/logo.jpg","width":575,"height":623,"caption":"IC Lotos Tuzla"},"image":{"@id":"https:\/\/ic-lotos.org.ba\/#\/schema\/logo\/image\/"},"sameAs":["https:\/\/www.facebook.com\/iclotos\/","https:\/\/www.youtube.com\/feed\/library"]},{"@type":"Person","@id":"https:\/\/ic-lotos.org.ba\/#\/schema\/person\/fb1da7c92bc3365aad6d1abac5bfe80a","name":"Jasminko Bijeli\u0107","image":{"@type":"ImageObject","inLanguage":"en-US","@id":"https:\/\/secure.gravatar.com\/avatar\/d694f8eb6cc3383210938655f7851f13239ed2f29afcf4e787e3c519ba016d67?s=96&d=mm&r=g","url":"https:\/\/secure.gravatar.com\/avatar\/d694f8eb6cc3383210938655f7851f13239ed2f29afcf4e787e3c519ba016d67?s=96&d=mm&r=g","contentUrl":"https:\/\/secure.gravatar.com\/avatar\/d694f8eb6cc3383210938655f7851f13239ed2f29afcf4e787e3c519ba016d67?s=96&d=mm&r=g","caption":"Jasminko Bijeli\u0107"}}]}},"_links":{"self":[{"href":"https:\/\/ic-lotos.org.ba\/en\/wp-json\/wp\/v2\/posts\/18432","targetHints":{"allow":["GET"]}}],"collection":[{"href":"https:\/\/ic-lotos.org.ba\/en\/wp-json\/wp\/v2\/posts"}],"about":[{"href":"https:\/\/ic-lotos.org.ba\/en\/wp-json\/wp\/v2\/types\/post"}],"author":[{"embeddable":true,"href":"https:\/\/ic-lotos.org.ba\/en\/wp-json\/wp\/v2\/users\/5"}],"replies":[{"embeddable":true,"href":"https:\/\/ic-lotos.org.ba\/en\/wp-json\/wp\/v2\/comments?post=18432"}],"version-history":[{"count":21,"href":"https:\/\/ic-lotos.org.ba\/en\/wp-json\/wp\/v2\/posts\/18432\/revisions"}],"predecessor-version":[{"id":18504,"href":"https:\/\/ic-lotos.org.ba\/en\/wp-json\/wp\/v2\/posts\/18432\/revisions\/18504"}],"wp:featuredmedia":[{"embeddable":true,"href":"https:\/\/ic-lotos.org.ba\/en\/wp-json\/wp\/v2\/media\/18434"}],"wp:attachment":[{"href":"https:\/\/ic-lotos.org.ba\/en\/wp-json\/wp\/v2\/media?parent=18432"}],"wp:term":[{"taxonomy":"category","embeddable":true,"href":"https:\/\/ic-lotos.org.ba\/en\/wp-json\/wp\/v2\/categories?post=18432"},{"taxonomy":"post_tag","embeddable":true,"href":"https:\/\/ic-lotos.org.ba\/en\/wp-json\/wp\/v2\/tags?post=18432"}],"curies":[{"name":"wp","href":"https:\/\/api.w.org\/{rel}","templated":true}]}}