{"id":16986,"date":"2025-11-04T09:51:50","date_gmt":"2025-11-04T08:51:50","guid":{"rendered":"https:\/\/ic-lotos.org.ba\/?p=16986"},"modified":"2025-11-11T10:08:55","modified_gmt":"2025-11-11T09:08:55","slug":"okupaciona-terapija-i-radionica-psiholoske-podrske-u-okviru-projekta-empowered-to-thrive-nova-vita","status":"publish","type":"post","link":"https:\/\/ic-lotos.org.ba\/en\/okupaciona-terapija-i-radionica-psiholoske-podrske-u-okviru-projekta-empowered-to-thrive-nova-vita\/","title":{"rendered":"Occupational therapy and psychological support workshop within the project \"Empowered to Thrive - Nova Vita\""},"content":{"rendered":"<p data-start=\"257\" data-end=\"556\">U okviru projekta &#8220;Empowered to Thrive \u2013 Nova Vita&#8221;, danas, 04. novembra su u prostorijama Udru\u017eenja <em data-start=\"348\" data-end=\"361\">&#8220;Nova Vita&#8221;<\/em> occupational therapy and a group workshop for psychological support were held, aimed at empowering women with disabilities and women from vulnerable categories through education, therapy, and mentoring.<\/p>\n<p data-start=\"558\" data-end=\"935\">This project is implemented through the program of small grants within the project <em data-start=\"635\" data-end=\"739\">\"Creating policies in Bosnia and Herzegovina with respect for human rights and the rights of persons with disabilities\"<\/em>, which implements the Information Center for People with Disabilities \"Lotos\" Tuzla in partnership with the Association of Blind Cantons of Sarajevo, and is financed by the European Union in Bosnia and Herzegovina.<\/p>\n<p data-start=\"937\" data-end=\"1534\">Occupational therapy \"Therapeutic Singing,\" led by Edina Attia Ferki\u0107, was designed to provide support to individuals facing anxiety and depression. Through group singing and musical interaction, the participants had the opportunity to express emotions, release tension, and feel the strength of community in a safe and supportive environment.<br data-start=\"1300\" data-end=\"1303\" \/>A special part of the activity was the \"happy senso\" multisensory gel, which through a combination of smells, touches, colors and sounds stimulated the senses of the participants, contributing to complete relaxation and creating a unique multisensory experience.<\/p>\n<p data-start=\"1536\" data-end=\"2046\">After that, psychologist La Lej D\u017eaferagi\u0107 held a workshop called \"Flower of Strengths and Success,\" which took place in the spirit of getting to know each other, support, and mutual growth.<br data-start=\"1725\" data-end=\"1728\" \/>Participants, through the creative task of drawing a flower, had the opportunity to recognize their successes, qualities, and strengths, and to become aware of what motivates and supports them in everyday life. The activity initiated a conversation about motivation, self-confidence, and personal development, with a lot of positive energy, inspiration, and mutual support.<\/p>\n<p data-start=\"2048\" data-end=\"2186\">We thank all the participants who, with their participation and energy, contributed to the warm, supportive atmosphere of today's meeting.<\/p>\n<p data-start=\"2048\" data-end=\"2186\"><img fetchpriority=\"high\" decoding=\"async\" class=\"alignnone wp-image-16987\" src=\"https:\/\/ic-lotos.org.ba\/wp-content\/uploads\/2025\/11\/Nova_Vita_okupaciona_terapija_i_grupna_radionica_psiholoske_podrske_slika_1.jpg\" alt=\"\" width=\"700\" height=\"525\" srcset=\"https:\/\/ic-lotos.org.ba\/wp-content\/uploads\/2025\/11\/Nova_Vita_okupaciona_terapija_i_grupna_radionica_psiholoske_podrske_slika_1.jpg 2048w, https:\/\/ic-lotos.org.ba\/wp-content\/uploads\/2025\/11\/Nova_Vita_okupaciona_terapija_i_grupna_radionica_psiholoske_podrske_slika_1-300x225.jpg 300w, https:\/\/ic-lotos.org.ba\/wp-content\/uploads\/2025\/11\/Nova_Vita_okupaciona_terapija_i_grupna_radionica_psiholoske_podrske_slika_1-1024x768.jpg 1024w, https:\/\/ic-lotos.org.ba\/wp-content\/uploads\/2025\/11\/Nova_Vita_okupaciona_terapija_i_grupna_radionica_psiholoske_podrske_slika_1-768x576.jpg 768w, https:\/\/ic-lotos.org.ba\/wp-content\/uploads\/2025\/11\/Nova_Vita_okupaciona_terapija_i_grupna_radionica_psiholoske_podrske_slika_1-1536x1152.jpg 1536w, https:\/\/ic-lotos.org.ba\/wp-content\/uploads\/2025\/11\/Nova_Vita_okupaciona_terapija_i_grupna_radionica_psiholoske_podrske_slika_1-16x12.jpg 16w, https:\/\/ic-lotos.org.ba\/wp-content\/uploads\/2025\/11\/Nova_Vita_okupaciona_terapija_i_grupna_radionica_psiholoske_podrske_slika_1-440x330.jpg 440w\" sizes=\"(max-width: 700px) 100vw, 700px\" \/> <img decoding=\"async\" class=\"alignnone wp-image-16988\" src=\"https:\/\/ic-lotos.org.ba\/wp-content\/uploads\/2025\/11\/Nova_Vita_okupaciona_terapija_i_grupna_radionica_psiholoske_podrske_slika_2.jpg\" alt=\"\" width=\"700\" height=\"525\" srcset=\"https:\/\/ic-lotos.org.ba\/wp-content\/uploads\/2025\/11\/Nova_Vita_okupaciona_terapija_i_grupna_radionica_psiholoske_podrske_slika_2.jpg 2048w, https:\/\/ic-lotos.org.ba\/wp-content\/uploads\/2025\/11\/Nova_Vita_okupaciona_terapija_i_grupna_radionica_psiholoske_podrske_slika_2-300x225.jpg 300w, https:\/\/ic-lotos.org.ba\/wp-content\/uploads\/2025\/11\/Nova_Vita_okupaciona_terapija_i_grupna_radionica_psiholoske_podrske_slika_2-1024x768.jpg 1024w, https:\/\/ic-lotos.org.ba\/wp-content\/uploads\/2025\/11\/Nova_Vita_okupaciona_terapija_i_grupna_radionica_psiholoske_podrske_slika_2-768x576.jpg 768w, https:\/\/ic-lotos.org.ba\/wp-content\/uploads\/2025\/11\/Nova_Vita_okupaciona_terapija_i_grupna_radionica_psiholoske_podrske_slika_2-1536x1152.jpg 1536w, https:\/\/ic-lotos.org.ba\/wp-content\/uploads\/2025\/11\/Nova_Vita_okupaciona_terapija_i_grupna_radionica_psiholoske_podrske_slika_2-16x12.jpg 16w, https:\/\/ic-lotos.org.ba\/wp-content\/uploads\/2025\/11\/Nova_Vita_okupaciona_terapija_i_grupna_radionica_psiholoske_podrske_slika_2-440x330.jpg 440w\" sizes=\"(max-width: 700px) 100vw, 700px\" \/> <img decoding=\"async\" class=\"alignnone wp-image-16989\" src=\"https:\/\/ic-lotos.org.ba\/wp-content\/uploads\/2025\/11\/Nova_Vita_okupaciona_terapija_i_grupna_radionica_psiholoske_podrske_slika_3.jpg\" alt=\"\" width=\"700\" height=\"525\" srcset=\"https:\/\/ic-lotos.org.ba\/wp-content\/uploads\/2025\/11\/Nova_Vita_okupaciona_terapija_i_grupna_radionica_psiholoske_podrske_slika_3.jpg 2048w, https:\/\/ic-lotos.org.ba\/wp-content\/uploads\/2025\/11\/Nova_Vita_okupaciona_terapija_i_grupna_radionica_psiholoske_podrske_slika_3-300x225.jpg 300w, https:\/\/ic-lotos.org.ba\/wp-content\/uploads\/2025\/11\/Nova_Vita_okupaciona_terapija_i_grupna_radionica_psiholoske_podrske_slika_3-1024x768.jpg 1024w, https:\/\/ic-lotos.org.ba\/wp-content\/uploads\/2025\/11\/Nova_Vita_okupaciona_terapija_i_grupna_radionica_psiholoske_podrske_slika_3-768x576.jpg 768w, https:\/\/ic-lotos.org.ba\/wp-content\/uploads\/2025\/11\/Nova_Vita_okupaciona_terapija_i_grupna_radionica_psiholoske_podrske_slika_3-1536x1152.jpg 1536w, https:\/\/ic-lotos.org.ba\/wp-content\/uploads\/2025\/11\/Nova_Vita_okupaciona_terapija_i_grupna_radionica_psiholoske_podrske_slika_3-16x12.jpg 16w, https:\/\/ic-lotos.org.ba\/wp-content\/uploads\/2025\/11\/Nova_Vita_okupaciona_terapija_i_grupna_radionica_psiholoske_podrske_slika_3-440x330.jpg 440w\" sizes=\"(max-width: 700px) 100vw, 700px\" \/><\/p>\n<div class=\"gsp_post_data\" \r\n\t            data-post_type=\"post\" \r\n\t            data-cat=\"vijesti\" \r\n\t            data-modified=\"120\"\r\n\t            data-created=\"1762249910\"\r\n\t            data-title=\"Okupaciona terapija i radionica psiholo\u0161ke podr\u0161ke u okviru projekta &#8220;Empowered to Thrive \u2013 Nova Vita&#8221;\" \r\n\t            data-home=\"https:\/\/ic-lotos.org.ba\/en\"><\/div>","protected":false},"excerpt":{"rendered":"<p>U okviru projekta &#8220;Empowered to Thrive \u2013 Nova Vita&#8221;, danas, 04. novembra su u prostorijama Udru\u017eenja &#8220;Nova Vita&#8221; odr\u017eane okupaciona terapija i grupna radionica psiholo\u0161ke podr\u0161ke, usmjerene na osna\u017eivanje \u017eena s invaliditetom i \u017eena iz ranjivih kategorija kroz edukaciju, terapiju [&hellip;]<\/p>\n","protected":false},"author":5,"featured_media":16989,"comment_status":"closed","ping_status":"closed","sticky":false,"template":"","format":"standard","meta":{"footnotes":""},"categories":[65],"tags":[],"class_list":["post-16986","post","type-post","status-publish","format-standard","has-post-thumbnail","hentry","category-vijesti"],"yoast_head":"<!-- This site is optimized with the Yoast SEO plugin v27.5 - https:\/\/yoast.com\/product\/yoast-seo-wordpress\/ -->\n<title>Okupaciona terapija i radionica psiholo\u0161ke podr\u0161ke u okviru projekta &quot;Empowered to Thrive \u2013 Nova Vita&quot; - IC Lotos Tuzla<\/title>\n<meta name=\"robots\" content=\"index, follow, max-snippet:-1, max-image-preview:large, max-video-preview:-1\" \/>\n<link rel=\"canonical\" href=\"https:\/\/ic-lotos.org.ba\/en\/okupaciona-terapija-i-radionica-psiholoske-podrske-u-okviru-projekta-empowered-to-thrive-nova-vita\/\" \/>\n<meta property=\"og:locale\" content=\"en_US\" \/>\n<meta property=\"og:type\" content=\"article\" \/>\n<meta property=\"og:title\" content=\"Okupaciona terapija i radionica psiholo\u0161ke podr\u0161ke u okviru projekta &quot;Empowered to Thrive \u2013 Nova Vita&quot; - IC Lotos Tuzla\" \/>\n<meta property=\"og:description\" content=\"U okviru projekta &#8220;Empowered to Thrive \u2013 Nova Vita&#8221;, danas, 04. novembra su u prostorijama Udru\u017eenja &#8220;Nova Vita&#8221; odr\u017eane okupaciona terapija i grupna radionica psiholo\u0161ke podr\u0161ke, usmjerene na osna\u017eivanje \u017eena s invaliditetom i \u017eena iz ranjivih kategorija kroz edukaciju, terapiju [&hellip;]\" \/>\n<meta property=\"og:url\" content=\"https:\/\/ic-lotos.org.ba\/en\/okupaciona-terapija-i-radionica-psiholoske-podrske-u-okviru-projekta-empowered-to-thrive-nova-vita\/\" \/>\n<meta property=\"og:site_name\" content=\"IC Lotos Tuzla\" \/>\n<meta property=\"article:publisher\" content=\"https:\/\/www.facebook.com\/iclotos\/\" \/>\n<meta property=\"article:published_time\" content=\"2025-11-04T08:51:50+00:00\" \/>\n<meta property=\"article:modified_time\" content=\"2025-11-11T09:08:55+00:00\" \/>\n<meta property=\"og:image\" content=\"https:\/\/ic-lotos.org.ba\/wp-content\/uploads\/2025\/11\/Nova_Vita_okupaciona_terapija_i_grupna_radionica_psiholoske_podrske_slika_3.jpg\" \/>\n\t<meta property=\"og:image:width\" content=\"2048\" \/>\n\t<meta property=\"og:image:height\" content=\"1536\" \/>\n\t<meta property=\"og:image:type\" content=\"image\/jpeg\" \/>\n<meta name=\"author\" content=\"Jasminko Bijeli\u0107\" \/>\n<meta name=\"twitter:card\" content=\"summary_large_image\" \/>\n<meta name=\"twitter:label1\" content=\"Written by\" \/>\n\t<meta name=\"twitter:data1\" content=\"Jasminko Bijeli\u0107\" \/>\n\t<meta name=\"twitter:label2\" content=\"Est. reading time\" \/>\n\t<meta name=\"twitter:data2\" content=\"3 minutes\" \/>\n<script type=\"application\/ld+json\" class=\"yoast-schema-graph\">{\"@context\":\"https:\\\/\\\/schema.org\",\"@graph\":[{\"@type\":\"Article\",\"@id\":\"https:\\\/\\\/ic-lotos.org.ba\\\/okupaciona-terapija-i-radionica-psiholoske-podrske-u-okviru-projekta-empowered-to-thrive-nova-vita\\\/#article\",\"isPartOf\":{\"@id\":\"https:\\\/\\\/ic-lotos.org.ba\\\/okupaciona-terapija-i-radionica-psiholoske-podrske-u-okviru-projekta-empowered-to-thrive-nova-vita\\\/\"},\"author\":{\"name\":\"Jasminko Bijeli\u0107\",\"@id\":\"https:\\\/\\\/ic-lotos.org.ba\\\/#\\\/schema\\\/person\\\/fb1da7c92bc3365aad6d1abac5bfe80a\"},\"headline\":\"Okupaciona terapija i radionica psiholo\u0161ke podr\u0161ke u okviru projekta &#8220;Empowered to Thrive \u2013 Nova Vita&#8221;\",\"datePublished\":\"2025-11-04T08:51:50+00:00\",\"dateModified\":\"2025-11-11T09:08:55+00:00\",\"mainEntityOfPage\":{\"@id\":\"https:\\\/\\\/ic-lotos.org.ba\\\/okupaciona-terapija-i-radionica-psiholoske-podrske-u-okviru-projekta-empowered-to-thrive-nova-vita\\\/\"},\"wordCount\":311,\"publisher\":{\"@id\":\"https:\\\/\\\/ic-lotos.org.ba\\\/#organization\"},\"image\":{\"@id\":\"https:\\\/\\\/ic-lotos.org.ba\\\/okupaciona-terapija-i-radionica-psiholoske-podrske-u-okviru-projekta-empowered-to-thrive-nova-vita\\\/#primaryimage\"},\"thumbnailUrl\":\"https:\\\/\\\/ic-lotos.org.ba\\\/wp-content\\\/uploads\\\/2025\\\/11\\\/Nova_Vita_okupaciona_terapija_i_grupna_radionica_psiholoske_podrske_slika_3.jpg\",\"articleSection\":[\"Vijesti\"],\"inLanguage\":\"en-US\"},{\"@type\":\"WebPage\",\"@id\":\"https:\\\/\\\/ic-lotos.org.ba\\\/okupaciona-terapija-i-radionica-psiholoske-podrske-u-okviru-projekta-empowered-to-thrive-nova-vita\\\/\",\"url\":\"https:\\\/\\\/ic-lotos.org.ba\\\/okupaciona-terapija-i-radionica-psiholoske-podrske-u-okviru-projekta-empowered-to-thrive-nova-vita\\\/\",\"name\":\"Okupaciona terapija i radionica psiholo\u0161ke podr\u0161ke u okviru projekta \\\"Empowered to Thrive \u2013 Nova Vita\\\" - IC Lotos Tuzla\",\"isPartOf\":{\"@id\":\"https:\\\/\\\/ic-lotos.org.ba\\\/#website\"},\"primaryImageOfPage\":{\"@id\":\"https:\\\/\\\/ic-lotos.org.ba\\\/okupaciona-terapija-i-radionica-psiholoske-podrske-u-okviru-projekta-empowered-to-thrive-nova-vita\\\/#primaryimage\"},\"image\":{\"@id\":\"https:\\\/\\\/ic-lotos.org.ba\\\/okupaciona-terapija-i-radionica-psiholoske-podrske-u-okviru-projekta-empowered-to-thrive-nova-vita\\\/#primaryimage\"},\"thumbnailUrl\":\"https:\\\/\\\/ic-lotos.org.ba\\\/wp-content\\\/uploads\\\/2025\\\/11\\\/Nova_Vita_okupaciona_terapija_i_grupna_radionica_psiholoske_podrske_slika_3.jpg\",\"datePublished\":\"2025-11-04T08:51:50+00:00\",\"dateModified\":\"2025-11-11T09:08:55+00:00\",\"breadcrumb\":{\"@id\":\"https:\\\/\\\/ic-lotos.org.ba\\\/okupaciona-terapija-i-radionica-psiholoske-podrske-u-okviru-projekta-empowered-to-thrive-nova-vita\\\/#breadcrumb\"},\"inLanguage\":\"en-US\",\"potentialAction\":[{\"@type\":\"ReadAction\",\"target\":[\"https:\\\/\\\/ic-lotos.org.ba\\\/okupaciona-terapija-i-radionica-psiholoske-podrske-u-okviru-projekta-empowered-to-thrive-nova-vita\\\/\"]}]},{\"@type\":\"ImageObject\",\"inLanguage\":\"en-US\",\"@id\":\"https:\\\/\\\/ic-lotos.org.ba\\\/okupaciona-terapija-i-radionica-psiholoske-podrske-u-okviru-projekta-empowered-to-thrive-nova-vita\\\/#primaryimage\",\"url\":\"https:\\\/\\\/ic-lotos.org.ba\\\/wp-content\\\/uploads\\\/2025\\\/11\\\/Nova_Vita_okupaciona_terapija_i_grupna_radionica_psiholoske_podrske_slika_3.jpg\",\"contentUrl\":\"https:\\\/\\\/ic-lotos.org.ba\\\/wp-content\\\/uploads\\\/2025\\\/11\\\/Nova_Vita_okupaciona_terapija_i_grupna_radionica_psiholoske_podrske_slika_3.jpg\",\"width\":2048,\"height\":1536},{\"@type\":\"BreadcrumbList\",\"@id\":\"https:\\\/\\\/ic-lotos.org.ba\\\/okupaciona-terapija-i-radionica-psiholoske-podrske-u-okviru-projekta-empowered-to-thrive-nova-vita\\\/#breadcrumb\",\"itemListElement\":[{\"@type\":\"ListItem\",\"position\":1,\"name\":\"Naslovna\",\"item\":\"https:\\\/\\\/ic-lotos.org.ba\\\/\"},{\"@type\":\"ListItem\",\"position\":2,\"name\":\"Okupaciona terapija i radionica psiholo\u0161ke podr\u0161ke u okviru projekta &#8220;Empowered to Thrive \u2013 Nova Vita&#8221;\"}]},{\"@type\":\"WebSite\",\"@id\":\"https:\\\/\\\/ic-lotos.org.ba\\\/#website\",\"url\":\"https:\\\/\\\/ic-lotos.org.ba\\\/\",\"name\":\"IC Lotos Tuzla\",\"description\":\"Informativni centar \u201cLotos\u201d okuplja osobe sa ili bez invaliditeta koje su zainteresovane da svojim radom bilo na profesionalnoj ili volonterskoj osnovi doprinesu ostvarivanju misije organizacije.\",\"publisher\":{\"@id\":\"https:\\\/\\\/ic-lotos.org.ba\\\/#organization\"},\"potentialAction\":[{\"@type\":\"SearchAction\",\"target\":{\"@type\":\"EntryPoint\",\"urlTemplate\":\"https:\\\/\\\/ic-lotos.org.ba\\\/?s={search_term_string}\"},\"query-input\":{\"@type\":\"PropertyValueSpecification\",\"valueRequired\":true,\"valueName\":\"search_term_string\"}}],\"inLanguage\":\"en-US\"},{\"@type\":\"Organization\",\"@id\":\"https:\\\/\\\/ic-lotos.org.ba\\\/#organization\",\"name\":\"IC Lotos Tuzla\",\"url\":\"https:\\\/\\\/ic-lotos.org.ba\\\/\",\"logo\":{\"@type\":\"ImageObject\",\"inLanguage\":\"en-US\",\"@id\":\"https:\\\/\\\/ic-lotos.org.ba\\\/#\\\/schema\\\/logo\\\/image\\\/\",\"url\":\"https:\\\/\\\/ic-lotos.org.ba\\\/wp-content\\\/uploads\\\/2019\\\/11\\\/logo.jpg\",\"contentUrl\":\"https:\\\/\\\/ic-lotos.org.ba\\\/wp-content\\\/uploads\\\/2019\\\/11\\\/logo.jpg\",\"width\":575,\"height\":623,\"caption\":\"IC Lotos Tuzla\"},\"image\":{\"@id\":\"https:\\\/\\\/ic-lotos.org.ba\\\/#\\\/schema\\\/logo\\\/image\\\/\"},\"sameAs\":[\"https:\\\/\\\/www.facebook.com\\\/iclotos\\\/\",\"https:\\\/\\\/www.youtube.com\\\/feed\\\/library\"]},{\"@type\":\"Person\",\"@id\":\"https:\\\/\\\/ic-lotos.org.ba\\\/#\\\/schema\\\/person\\\/fb1da7c92bc3365aad6d1abac5bfe80a\",\"name\":\"Jasminko Bijeli\u0107\",\"image\":{\"@type\":\"ImageObject\",\"inLanguage\":\"en-US\",\"@id\":\"https:\\\/\\\/secure.gravatar.com\\\/avatar\\\/d694f8eb6cc3383210938655f7851f13239ed2f29afcf4e787e3c519ba016d67?s=96&d=mm&r=g\",\"url\":\"https:\\\/\\\/secure.gravatar.com\\\/avatar\\\/d694f8eb6cc3383210938655f7851f13239ed2f29afcf4e787e3c519ba016d67?s=96&d=mm&r=g\",\"contentUrl\":\"https:\\\/\\\/secure.gravatar.com\\\/avatar\\\/d694f8eb6cc3383210938655f7851f13239ed2f29afcf4e787e3c519ba016d67?s=96&d=mm&r=g\",\"caption\":\"Jasminko Bijeli\u0107\"}}]}<\/script>\n<!-- \/ Yoast SEO plugin. -->","yoast_head_json":{"title":"Okupaciona terapija i radionica psiholo\u0161ke podr\u0161ke u okviru projekta \"Empowered to Thrive \u2013 Nova Vita\" - IC Lotos Tuzla","robots":{"index":"index","follow":"follow","max-snippet":"max-snippet:-1","max-image-preview":"max-image-preview:large","max-video-preview":"max-video-preview:-1"},"canonical":"https:\/\/ic-lotos.org.ba\/en\/okupaciona-terapija-i-radionica-psiholoske-podrske-u-okviru-projekta-empowered-to-thrive-nova-vita\/","og_locale":"en_US","og_type":"article","og_title":"Okupaciona terapija i radionica psiholo\u0161ke podr\u0161ke u okviru projekta \"Empowered to Thrive \u2013 Nova Vita\" - IC Lotos Tuzla","og_description":"U okviru projekta &#8220;Empowered to Thrive \u2013 Nova Vita&#8221;, danas, 04. novembra su u prostorijama Udru\u017eenja &#8220;Nova Vita&#8221; odr\u017eane okupaciona terapija i grupna radionica psiholo\u0161ke podr\u0161ke, usmjerene na osna\u017eivanje \u017eena s invaliditetom i \u017eena iz ranjivih kategorija kroz edukaciju, terapiju [&hellip;]","og_url":"https:\/\/ic-lotos.org.ba\/en\/okupaciona-terapija-i-radionica-psiholoske-podrske-u-okviru-projekta-empowered-to-thrive-nova-vita\/","og_site_name":"IC Lotos Tuzla","article_publisher":"https:\/\/www.facebook.com\/iclotos\/","article_published_time":"2025-11-04T08:51:50+00:00","article_modified_time":"2025-11-11T09:08:55+00:00","og_image":[{"width":2048,"height":1536,"url":"https:\/\/ic-lotos.org.ba\/wp-content\/uploads\/2025\/11\/Nova_Vita_okupaciona_terapija_i_grupna_radionica_psiholoske_podrske_slika_3.jpg","type":"image\/jpeg"}],"author":"Jasminko Bijeli\u0107","twitter_card":"summary_large_image","twitter_misc":{"Written by":"Jasminko Bijeli\u0107","Est. reading time":"3 minutes"},"schema":{"@context":"https:\/\/schema.org","@graph":[{"@type":"Article","@id":"https:\/\/ic-lotos.org.ba\/okupaciona-terapija-i-radionica-psiholoske-podrske-u-okviru-projekta-empowered-to-thrive-nova-vita\/#article","isPartOf":{"@id":"https:\/\/ic-lotos.org.ba\/okupaciona-terapija-i-radionica-psiholoske-podrske-u-okviru-projekta-empowered-to-thrive-nova-vita\/"},"author":{"name":"Jasminko Bijeli\u0107","@id":"https:\/\/ic-lotos.org.ba\/#\/schema\/person\/fb1da7c92bc3365aad6d1abac5bfe80a"},"headline":"Okupaciona terapija i radionica psiholo\u0161ke podr\u0161ke u okviru projekta &#8220;Empowered to Thrive \u2013 Nova Vita&#8221;","datePublished":"2025-11-04T08:51:50+00:00","dateModified":"2025-11-11T09:08:55+00:00","mainEntityOfPage":{"@id":"https:\/\/ic-lotos.org.ba\/okupaciona-terapija-i-radionica-psiholoske-podrske-u-okviru-projekta-empowered-to-thrive-nova-vita\/"},"wordCount":311,"publisher":{"@id":"https:\/\/ic-lotos.org.ba\/#organization"},"image":{"@id":"https:\/\/ic-lotos.org.ba\/okupaciona-terapija-i-radionica-psiholoske-podrske-u-okviru-projekta-empowered-to-thrive-nova-vita\/#primaryimage"},"thumbnailUrl":"https:\/\/ic-lotos.org.ba\/wp-content\/uploads\/2025\/11\/Nova_Vita_okupaciona_terapija_i_grupna_radionica_psiholoske_podrske_slika_3.jpg","articleSection":["Vijesti"],"inLanguage":"en-US"},{"@type":"WebPage","@id":"https:\/\/ic-lotos.org.ba\/okupaciona-terapija-i-radionica-psiholoske-podrske-u-okviru-projekta-empowered-to-thrive-nova-vita\/","url":"https:\/\/ic-lotos.org.ba\/okupaciona-terapija-i-radionica-psiholoske-podrske-u-okviru-projekta-empowered-to-thrive-nova-vita\/","name":"Okupaciona terapija i radionica psiholo\u0161ke podr\u0161ke u okviru projekta \"Empowered to Thrive \u2013 Nova Vita\" - IC Lotos Tuzla","isPartOf":{"@id":"https:\/\/ic-lotos.org.ba\/#website"},"primaryImageOfPage":{"@id":"https:\/\/ic-lotos.org.ba\/okupaciona-terapija-i-radionica-psiholoske-podrske-u-okviru-projekta-empowered-to-thrive-nova-vita\/#primaryimage"},"image":{"@id":"https:\/\/ic-lotos.org.ba\/okupaciona-terapija-i-radionica-psiholoske-podrske-u-okviru-projekta-empowered-to-thrive-nova-vita\/#primaryimage"},"thumbnailUrl":"https:\/\/ic-lotos.org.ba\/wp-content\/uploads\/2025\/11\/Nova_Vita_okupaciona_terapija_i_grupna_radionica_psiholoske_podrske_slika_3.jpg","datePublished":"2025-11-04T08:51:50+00:00","dateModified":"2025-11-11T09:08:55+00:00","breadcrumb":{"@id":"https:\/\/ic-lotos.org.ba\/okupaciona-terapija-i-radionica-psiholoske-podrske-u-okviru-projekta-empowered-to-thrive-nova-vita\/#breadcrumb"},"inLanguage":"en-US","potentialAction":[{"@type":"ReadAction","target":["https:\/\/ic-lotos.org.ba\/okupaciona-terapija-i-radionica-psiholoske-podrske-u-okviru-projekta-empowered-to-thrive-nova-vita\/"]}]},{"@type":"ImageObject","inLanguage":"en-US","@id":"https:\/\/ic-lotos.org.ba\/okupaciona-terapija-i-radionica-psiholoske-podrske-u-okviru-projekta-empowered-to-thrive-nova-vita\/#primaryimage","url":"https:\/\/ic-lotos.org.ba\/wp-content\/uploads\/2025\/11\/Nova_Vita_okupaciona_terapija_i_grupna_radionica_psiholoske_podrske_slika_3.jpg","contentUrl":"https:\/\/ic-lotos.org.ba\/wp-content\/uploads\/2025\/11\/Nova_Vita_okupaciona_terapija_i_grupna_radionica_psiholoske_podrske_slika_3.jpg","width":2048,"height":1536},{"@type":"BreadcrumbList","@id":"https:\/\/ic-lotos.org.ba\/okupaciona-terapija-i-radionica-psiholoske-podrske-u-okviru-projekta-empowered-to-thrive-nova-vita\/#breadcrumb","itemListElement":[{"@type":"ListItem","position":1,"name":"Naslovna","item":"https:\/\/ic-lotos.org.ba\/"},{"@type":"ListItem","position":2,"name":"Okupaciona terapija i radionica psiholo\u0161ke podr\u0161ke u okviru projekta &#8220;Empowered to Thrive \u2013 Nova Vita&#8221;"}]},{"@type":"WebSite","@id":"https:\/\/ic-lotos.org.ba\/#website","url":"https:\/\/ic-lotos.org.ba\/","name":"IC Lotos Tuzla","description":"Informativni centar \u201cLotos\u201d okuplja osobe sa ili bez invaliditeta koje su zainteresovane da svojim radom bilo na profesionalnoj ili volonterskoj osnovi doprinesu ostvarivanju misije organizacije.","publisher":{"@id":"https:\/\/ic-lotos.org.ba\/#organization"},"potentialAction":[{"@type":"SearchAction","target":{"@type":"EntryPoint","urlTemplate":"https:\/\/ic-lotos.org.ba\/?s={search_term_string}"},"query-input":{"@type":"PropertyValueSpecification","valueRequired":true,"valueName":"search_term_string"}}],"inLanguage":"en-US"},{"@type":"Organization","@id":"https:\/\/ic-lotos.org.ba\/#organization","name":"IC Lotos Tuzla","url":"https:\/\/ic-lotos.org.ba\/","logo":{"@type":"ImageObject","inLanguage":"en-US","@id":"https:\/\/ic-lotos.org.ba\/#\/schema\/logo\/image\/","url":"https:\/\/ic-lotos.org.ba\/wp-content\/uploads\/2019\/11\/logo.jpg","contentUrl":"https:\/\/ic-lotos.org.ba\/wp-content\/uploads\/2019\/11\/logo.jpg","width":575,"height":623,"caption":"IC Lotos Tuzla"},"image":{"@id":"https:\/\/ic-lotos.org.ba\/#\/schema\/logo\/image\/"},"sameAs":["https:\/\/www.facebook.com\/iclotos\/","https:\/\/www.youtube.com\/feed\/library"]},{"@type":"Person","@id":"https:\/\/ic-lotos.org.ba\/#\/schema\/person\/fb1da7c92bc3365aad6d1abac5bfe80a","name":"Jasminko Bijeli\u0107","image":{"@type":"ImageObject","inLanguage":"en-US","@id":"https:\/\/secure.gravatar.com\/avatar\/d694f8eb6cc3383210938655f7851f13239ed2f29afcf4e787e3c519ba016d67?s=96&d=mm&r=g","url":"https:\/\/secure.gravatar.com\/avatar\/d694f8eb6cc3383210938655f7851f13239ed2f29afcf4e787e3c519ba016d67?s=96&d=mm&r=g","contentUrl":"https:\/\/secure.gravatar.com\/avatar\/d694f8eb6cc3383210938655f7851f13239ed2f29afcf4e787e3c519ba016d67?s=96&d=mm&r=g","caption":"Jasminko Bijeli\u0107"}}]}},"_links":{"self":[{"href":"https:\/\/ic-lotos.org.ba\/en\/wp-json\/wp\/v2\/posts\/16986","targetHints":{"allow":["GET"]}}],"collection":[{"href":"https:\/\/ic-lotos.org.ba\/en\/wp-json\/wp\/v2\/posts"}],"about":[{"href":"https:\/\/ic-lotos.org.ba\/en\/wp-json\/wp\/v2\/types\/post"}],"author":[{"embeddable":true,"href":"https:\/\/ic-lotos.org.ba\/en\/wp-json\/wp\/v2\/users\/5"}],"replies":[{"embeddable":true,"href":"https:\/\/ic-lotos.org.ba\/en\/wp-json\/wp\/v2\/comments?post=16986"}],"version-history":[{"count":3,"href":"https:\/\/ic-lotos.org.ba\/en\/wp-json\/wp\/v2\/posts\/16986\/revisions"}],"predecessor-version":[{"id":16992,"href":"https:\/\/ic-lotos.org.ba\/en\/wp-json\/wp\/v2\/posts\/16986\/revisions\/16992"}],"wp:featuredmedia":[{"embeddable":true,"href":"https:\/\/ic-lotos.org.ba\/en\/wp-json\/wp\/v2\/media\/16989"}],"wp:attachment":[{"href":"https:\/\/ic-lotos.org.ba\/en\/wp-json\/wp\/v2\/media?parent=16986"}],"wp:term":[{"taxonomy":"category","embeddable":true,"href":"https:\/\/ic-lotos.org.ba\/en\/wp-json\/wp\/v2\/categories?post=16986"},{"taxonomy":"post_tag","embeddable":true,"href":"https:\/\/ic-lotos.org.ba\/en\/wp-json\/wp\/v2\/tags?post=16986"}],"curies":[{"name":"wp","href":"https:\/\/api.w.org\/{rel}","templated":true}]}}