{"id":15038,"date":"2024-03-28T07:45:00","date_gmt":"2024-03-28T06:45:00","guid":{"rendered":"https:\/\/v2.ic-lotos.org.ba\/pocetak-projekta-za-ukljucivanje-osoba-s-invaliditetom-i-suradnju-organizacija-civilnog-drustva-disc-caritas-bih\/"},"modified":"2024-08-21T07:52:05","modified_gmt":"2024-08-21T05:52:05","slug":"pocetak-projekta-za-ukljucivanje-osoba-s-invaliditetom-i-suradnju-organizacija-civilnog-drustva-disc-caritas-bih","status":"publish","type":"post","link":"https:\/\/ic-lotos.org.ba\/en\/pocetak-projekta-za-ukljucivanje-osoba-s-invaliditetom-i-suradnju-organizacija-civilnog-drustva-disc-caritas-bih\/","title":{"rendered":"The beginning of the project for the inclusion of persons with disabilities and the cooperation of civil society organizations &quot;DISC&quot; Caritas BiH"},"content":{"rendered":"<div class=\"x11i5rnm xat24cr x1mh8g0r x1vvkbs xtlvy1s x126k92a\">\n<div dir=\"auto\"><span style=\"font-family: arial, helvetica, sans-serif; font-size: 12pt;\">U srijedu, 27. marta 2024. godine, u hotelu &#8220;Royal&#8221; u Tuzli, odr\u017eana je tre\u0107a Info sesija projekta DISC koji se realizira zahvaljuju\u0107i financijskoj potpori Evropske unije u Bosni i Hercegovini te Federalnog ministarstva rada i socijalne politike. Na Info sesiji su prisustvovali predstavnici lokalnih organizacija osoba s invaliditetom kao i predstavnice <a tabindex=\"-1\"><\/a>Ministarstva zdravstva i Ministarstva za rad, socijalnu politiku i povratak Tuzlanskog kantona kojima su predstavljene najva\u017enije aktivnosti koje \u0107e se provoditi u okviru Projekta.<\/span><\/div>\n<div dir=\"auto\"><span style=\"font-family: arial, helvetica, sans-serif; font-size: 12pt;\">U drugom dijelu Info sesije prezentiran je i rad Unije organizacija osoba s invaliditetom u BiH.<\/span><\/div>\n<\/p><\/div>\n<div class=\"x11i5rnm xat24cr x1mh8g0r x1vvkbs xtlvy1s x126k92a\">\n<div dir=\"auto\"><span style=\"font-family: arial, helvetica, sans-serif; font-size: 12pt;\"><a href=\"https:\/\/www.facebook.com\/hashtag\/disc?__eep__=6&amp;__cft__[0]=AZUYEdvZP3cUBTJI2q8arx7dnK93X5qk-suX7-_3DwZ-k4rnwnpScxU5yJ4cujb9S8yRsAtaezT1Kd30lFg8z4FmHtiAdPz6johK6ywBprwz6EIcYko1oC_qxGWTeIvUaprolY7Z1lj_W2OoVDbrQ_M9xA3EQt5_-KLp7FHG1QOVcE7FcYh6pzvulQfZ0Fi7Xes&amp;__tn__=*NK-R\" class=\"x1i10hfl xjbqb8w x1ejq31n xd10rxx x1sy0etr x17r0tee x972fbf xcfux6l x1qhh985 xm0m39n x9f619 x1ypdohk xt0psk2 xe8uvvx xdj266r x11i5rnm xat24cr x1mh8g0r xexx8yu x4uap5 x18d9i69 xkhd6sd x16tdsg8 x1hl2dhg xggy1nq x1a2a7pz xt0b8zv x1fey0fg xo1l8bm\" tabindex=\"0\">#DISC<\/a> <a href=\"https:\/\/www.facebook.com\/hashtag\/inkluzijanijeiluzija?__eep__=6&amp;__cft__[0]=AZUYEdvZP3cUBTJI2q8arx7dnK93X5qk-suX7-_3DwZ-k4rnwnpScxU5yJ4cujb9S8yRsAtaezT1Kd30lFg8z4FmHtiAdPz6johK6ywBprwz6EIcYko1oC_qxGWTeIvUaprolY7Z1lj_W2OoVDbrQ_M9xA3EQt5_-KLp7FHG1QOVcE7FcYh6pzvulQfZ0Fi7Xes&amp;__tn__=*NK-R\" class=\"x1i10hfl xjbqb8w x1ejq31n xd10rxx x1sy0etr x17r0tee x972fbf xcfux6l x1qhh985 xm0m39n x9f619 x1ypdohk xt0psk2 xe8uvvx xdj266r x11i5rnm xat24cr x1mh8g0r xexx8yu x4uap5 x18d9i69 xkhd6sd x16tdsg8 x1hl2dhg xggy1nq x1a2a7pz xt0b8zv x1fey0fg xo1l8bm\" tabindex=\"0\">#InkluzijaNijeIluzija<\/a><\/span><\/div>\n<div dir=\"auto\"><span style=\"font-family: arial, helvetica, sans-serif; font-size: 12pt;\"><a href=\"https:\/\/www.facebook.com\/hashtag\/unijaoosibih?__eep__=6&amp;__cft__[0]=AZUYEdvZP3cUBTJI2q8arx7dnK93X5qk-suX7-_3DwZ-k4rnwnpScxU5yJ4cujb9S8yRsAtaezT1Kd30lFg8z4FmHtiAdPz6johK6ywBprwz6EIcYko1oC_qxGWTeIvUaprolY7Z1lj_W2OoVDbrQ_M9xA3EQt5_-KLp7FHG1QOVcE7FcYh6pzvulQfZ0Fi7Xes&amp;__tn__=*NK-R\" class=\"x1i10hfl xjbqb8w x1ejq31n xd10rxx x1sy0etr x17r0tee x972fbf xcfux6l x1qhh985 xm0m39n x9f619 x1ypdohk xt0psk2 xe8uvvx xdj266r x11i5rnm xat24cr x1mh8g0r xexx8yu x4uap5 x18d9i69 xkhd6sd x16tdsg8 x1hl2dhg xggy1nq x1a2a7pz xt0b8zv x1fey0fg xo1l8bm\" tabindex=\"0\">#UnijaOOSIBiH<\/a><\/span><\/div>\n<div><img decoding=\"async\" class=\" size-full wp-image-15037\" src=\"https:\/\/ic-lotos.org.ba\/wp-content\/uploads\/2024\/03\/images_Prezentacija_projekat_DISC_Caritas_Tuzla_27_03_24_slika_2.jpg\" alt=\"Prezentacija projekat DISC Caritas Tuzla 27 03 24 slika 2\" style=\"border: 2px solid #0033ff;\" \/><\/div>\n<\/p><\/div>\n<div class=\"gsp_post_data\" \r\n\t            data-post_type=\"post\" \r\n\t            data-cat=\"vijesti\" \r\n\t            data-modified=\"120\"\r\n\t            data-created=\"1711611900\"\r\n\t            data-title=\"Po\u010detak projekta za uklju\u010divanje osoba s invaliditetom i suradnju organizacija civilnog dru\u0161tva &#8220;DISC&#8221; Caritas BiH\" \r\n\t            data-home=\"https:\/\/ic-lotos.org.ba\/en\"><\/div>","protected":false},"excerpt":{"rendered":"<p>U srijedu, 27. marta 2024. godine, u hotelu &#8220;Royal&#8221; u Tuzli, odr\u017eana je tre\u0107a Info sesija projekta DISC koji se realizira zahvaljuju\u0107i financijskoj potpori Evropske unije u Bosni i Hercegovini te Federalnog ministarstva rada i socijalne politike. Na Info sesiji [&hellip;]<\/p>\n","protected":false},"author":5,"featured_media":15036,"comment_status":"closed","ping_status":"closed","sticky":false,"template":"","format":"standard","meta":{"footnotes":""},"categories":[65],"tags":[],"class_list":["post-15038","post","type-post","status-publish","format-standard","has-post-thumbnail","hentry","category-vijesti"],"yoast_head":"<!-- This site is optimized with the Yoast SEO plugin v27.5 - https:\/\/yoast.com\/product\/yoast-seo-wordpress\/ -->\n<title>Po\u010detak projekta za uklju\u010divanje osoba s invaliditetom i suradnju organizacija civilnog dru\u0161tva &quot;DISC&quot; Caritas BiH - IC Lotos Tuzla<\/title>\n<meta name=\"robots\" content=\"index, follow, max-snippet:-1, max-image-preview:large, max-video-preview:-1\" \/>\n<link rel=\"canonical\" href=\"https:\/\/ic-lotos.org.ba\/en\/pocetak-projekta-za-ukljucivanje-osoba-s-invaliditetom-i-suradnju-organizacija-civilnog-drustva-disc-caritas-bih\/\" \/>\n<meta property=\"og:locale\" content=\"en_US\" \/>\n<meta property=\"og:type\" content=\"article\" \/>\n<meta property=\"og:title\" content=\"Po\u010detak projekta za uklju\u010divanje osoba s invaliditetom i suradnju organizacija civilnog dru\u0161tva &quot;DISC&quot; Caritas BiH - IC Lotos Tuzla\" \/>\n<meta property=\"og:description\" content=\"U srijedu, 27. marta 2024. godine, u hotelu &#8220;Royal&#8221; u Tuzli, odr\u017eana je tre\u0107a Info sesija projekta DISC koji se realizira zahvaljuju\u0107i financijskoj potpori Evropske unije u Bosni i Hercegovini te Federalnog ministarstva rada i socijalne politike. Na Info sesiji [&hellip;]\" \/>\n<meta property=\"og:url\" content=\"https:\/\/ic-lotos.org.ba\/en\/pocetak-projekta-za-ukljucivanje-osoba-s-invaliditetom-i-suradnju-organizacija-civilnog-drustva-disc-caritas-bih\/\" \/>\n<meta property=\"og:site_name\" content=\"IC Lotos Tuzla\" \/>\n<meta property=\"article:publisher\" content=\"https:\/\/www.facebook.com\/iclotos\/\" \/>\n<meta property=\"article:published_time\" content=\"2024-03-28T06:45:00+00:00\" \/>\n<meta property=\"article:modified_time\" content=\"2024-08-21T05:52:05+00:00\" \/>\n<meta property=\"og:image\" content=\"https:\/\/ic-lotos.org.ba\/wp-content\/uploads\/2024\/03\/images_Prezentacija_projekat_DISC_Caritas_Tuzla_27_03_24_slika_1.jpg\" \/>\n\t<meta property=\"og:image:width\" content=\"1\" \/>\n\t<meta property=\"og:image:height\" content=\"1\" \/>\n\t<meta property=\"og:image:type\" content=\"image\/jpeg\" \/>\n<meta name=\"author\" content=\"Jasminko Bijeli\u0107\" \/>\n<meta name=\"twitter:card\" content=\"summary_large_image\" \/>\n<meta name=\"twitter:label1\" content=\"Written by\" \/>\n\t<meta name=\"twitter:data1\" content=\"Jasminko Bijeli\u0107\" \/>\n<script type=\"application\/ld+json\" class=\"yoast-schema-graph\">{\"@context\":\"https:\\\/\\\/schema.org\",\"@graph\":[{\"@type\":\"Article\",\"@id\":\"https:\\\/\\\/ic-lotos.org.ba\\\/pocetak-projekta-za-ukljucivanje-osoba-s-invaliditetom-i-suradnju-organizacija-civilnog-drustva-disc-caritas-bih\\\/#article\",\"isPartOf\":{\"@id\":\"https:\\\/\\\/ic-lotos.org.ba\\\/pocetak-projekta-za-ukljucivanje-osoba-s-invaliditetom-i-suradnju-organizacija-civilnog-drustva-disc-caritas-bih\\\/\"},\"author\":{\"name\":\"Jasminko Bijeli\u0107\",\"@id\":\"https:\\\/\\\/ic-lotos.org.ba\\\/#\\\/schema\\\/person\\\/fb1da7c92bc3365aad6d1abac5bfe80a\"},\"headline\":\"Po\u010detak projekta za uklju\u010divanje osoba s invaliditetom i suradnju organizacija civilnog dru\u0161tva &#8220;DISC&#8221; Caritas BiH\",\"datePublished\":\"2024-03-28T06:45:00+00:00\",\"dateModified\":\"2024-08-21T05:52:05+00:00\",\"mainEntityOfPage\":{\"@id\":\"https:\\\/\\\/ic-lotos.org.ba\\\/pocetak-projekta-za-ukljucivanje-osoba-s-invaliditetom-i-suradnju-organizacija-civilnog-drustva-disc-caritas-bih\\\/\"},\"wordCount\":114,\"publisher\":{\"@id\":\"https:\\\/\\\/ic-lotos.org.ba\\\/#organization\"},\"image\":{\"@id\":\"https:\\\/\\\/ic-lotos.org.ba\\\/pocetak-projekta-za-ukljucivanje-osoba-s-invaliditetom-i-suradnju-organizacija-civilnog-drustva-disc-caritas-bih\\\/#primaryimage\"},\"thumbnailUrl\":\"https:\\\/\\\/ic-lotos.org.ba\\\/wp-content\\\/uploads\\\/2024\\\/03\\\/images_Prezentacija_projekat_DISC_Caritas_Tuzla_27_03_24_slika_1.jpg\",\"articleSection\":[\"Vijesti\"],\"inLanguage\":\"en-US\"},{\"@type\":\"WebPage\",\"@id\":\"https:\\\/\\\/ic-lotos.org.ba\\\/pocetak-projekta-za-ukljucivanje-osoba-s-invaliditetom-i-suradnju-organizacija-civilnog-drustva-disc-caritas-bih\\\/\",\"url\":\"https:\\\/\\\/ic-lotos.org.ba\\\/pocetak-projekta-za-ukljucivanje-osoba-s-invaliditetom-i-suradnju-organizacija-civilnog-drustva-disc-caritas-bih\\\/\",\"name\":\"Po\u010detak projekta za uklju\u010divanje osoba s invaliditetom i suradnju organizacija civilnog dru\u0161tva \\\"DISC\\\" Caritas BiH - IC Lotos Tuzla\",\"isPartOf\":{\"@id\":\"https:\\\/\\\/ic-lotos.org.ba\\\/#website\"},\"primaryImageOfPage\":{\"@id\":\"https:\\\/\\\/ic-lotos.org.ba\\\/pocetak-projekta-za-ukljucivanje-osoba-s-invaliditetom-i-suradnju-organizacija-civilnog-drustva-disc-caritas-bih\\\/#primaryimage\"},\"image\":{\"@id\":\"https:\\\/\\\/ic-lotos.org.ba\\\/pocetak-projekta-za-ukljucivanje-osoba-s-invaliditetom-i-suradnju-organizacija-civilnog-drustva-disc-caritas-bih\\\/#primaryimage\"},\"thumbnailUrl\":\"https:\\\/\\\/ic-lotos.org.ba\\\/wp-content\\\/uploads\\\/2024\\\/03\\\/images_Prezentacija_projekat_DISC_Caritas_Tuzla_27_03_24_slika_1.jpg\",\"datePublished\":\"2024-03-28T06:45:00+00:00\",\"dateModified\":\"2024-08-21T05:52:05+00:00\",\"breadcrumb\":{\"@id\":\"https:\\\/\\\/ic-lotos.org.ba\\\/pocetak-projekta-za-ukljucivanje-osoba-s-invaliditetom-i-suradnju-organizacija-civilnog-drustva-disc-caritas-bih\\\/#breadcrumb\"},\"inLanguage\":\"en-US\",\"potentialAction\":[{\"@type\":\"ReadAction\",\"target\":[\"https:\\\/\\\/ic-lotos.org.ba\\\/pocetak-projekta-za-ukljucivanje-osoba-s-invaliditetom-i-suradnju-organizacija-civilnog-drustva-disc-caritas-bih\\\/\"]}]},{\"@type\":\"ImageObject\",\"inLanguage\":\"en-US\",\"@id\":\"https:\\\/\\\/ic-lotos.org.ba\\\/pocetak-projekta-za-ukljucivanje-osoba-s-invaliditetom-i-suradnju-organizacija-civilnog-drustva-disc-caritas-bih\\\/#primaryimage\",\"url\":\"https:\\\/\\\/ic-lotos.org.ba\\\/wp-content\\\/uploads\\\/2024\\\/03\\\/images_Prezentacija_projekat_DISC_Caritas_Tuzla_27_03_24_slika_1.jpg\",\"contentUrl\":\"https:\\\/\\\/ic-lotos.org.ba\\\/wp-content\\\/uploads\\\/2024\\\/03\\\/images_Prezentacija_projekat_DISC_Caritas_Tuzla_27_03_24_slika_1.jpg\",\"caption\":\"Prezentacija projekat DISC Caritas Tuzla 27 03 24 slika 1\"},{\"@type\":\"BreadcrumbList\",\"@id\":\"https:\\\/\\\/ic-lotos.org.ba\\\/pocetak-projekta-za-ukljucivanje-osoba-s-invaliditetom-i-suradnju-organizacija-civilnog-drustva-disc-caritas-bih\\\/#breadcrumb\",\"itemListElement\":[{\"@type\":\"ListItem\",\"position\":1,\"name\":\"Naslovna\",\"item\":\"https:\\\/\\\/ic-lotos.org.ba\\\/\"},{\"@type\":\"ListItem\",\"position\":2,\"name\":\"Po\u010detak projekta za uklju\u010divanje osoba s invaliditetom i suradnju organizacija civilnog dru\u0161tva &#8220;DISC&#8221; Caritas BiH\"}]},{\"@type\":\"WebSite\",\"@id\":\"https:\\\/\\\/ic-lotos.org.ba\\\/#website\",\"url\":\"https:\\\/\\\/ic-lotos.org.ba\\\/\",\"name\":\"IC Lotos Tuzla\",\"description\":\"Informativni centar \u201cLotos\u201d okuplja osobe sa ili bez invaliditeta koje su zainteresovane da svojim radom bilo na profesionalnoj ili volonterskoj osnovi doprinesu ostvarivanju misije organizacije.\",\"publisher\":{\"@id\":\"https:\\\/\\\/ic-lotos.org.ba\\\/#organization\"},\"potentialAction\":[{\"@type\":\"SearchAction\",\"target\":{\"@type\":\"EntryPoint\",\"urlTemplate\":\"https:\\\/\\\/ic-lotos.org.ba\\\/?s={search_term_string}\"},\"query-input\":{\"@type\":\"PropertyValueSpecification\",\"valueRequired\":true,\"valueName\":\"search_term_string\"}}],\"inLanguage\":\"en-US\"},{\"@type\":\"Organization\",\"@id\":\"https:\\\/\\\/ic-lotos.org.ba\\\/#organization\",\"name\":\"IC Lotos Tuzla\",\"url\":\"https:\\\/\\\/ic-lotos.org.ba\\\/\",\"logo\":{\"@type\":\"ImageObject\",\"inLanguage\":\"en-US\",\"@id\":\"https:\\\/\\\/ic-lotos.org.ba\\\/#\\\/schema\\\/logo\\\/image\\\/\",\"url\":\"https:\\\/\\\/ic-lotos.org.ba\\\/wp-content\\\/uploads\\\/2019\\\/11\\\/logo.jpg\",\"contentUrl\":\"https:\\\/\\\/ic-lotos.org.ba\\\/wp-content\\\/uploads\\\/2019\\\/11\\\/logo.jpg\",\"width\":575,\"height\":623,\"caption\":\"IC Lotos Tuzla\"},\"image\":{\"@id\":\"https:\\\/\\\/ic-lotos.org.ba\\\/#\\\/schema\\\/logo\\\/image\\\/\"},\"sameAs\":[\"https:\\\/\\\/www.facebook.com\\\/iclotos\\\/\",\"https:\\\/\\\/www.youtube.com\\\/feed\\\/library\"]},{\"@type\":\"Person\",\"@id\":\"https:\\\/\\\/ic-lotos.org.ba\\\/#\\\/schema\\\/person\\\/fb1da7c92bc3365aad6d1abac5bfe80a\",\"name\":\"Jasminko Bijeli\u0107\",\"image\":{\"@type\":\"ImageObject\",\"inLanguage\":\"en-US\",\"@id\":\"https:\\\/\\\/secure.gravatar.com\\\/avatar\\\/d694f8eb6cc3383210938655f7851f13239ed2f29afcf4e787e3c519ba016d67?s=96&d=mm&r=g\",\"url\":\"https:\\\/\\\/secure.gravatar.com\\\/avatar\\\/d694f8eb6cc3383210938655f7851f13239ed2f29afcf4e787e3c519ba016d67?s=96&d=mm&r=g\",\"contentUrl\":\"https:\\\/\\\/secure.gravatar.com\\\/avatar\\\/d694f8eb6cc3383210938655f7851f13239ed2f29afcf4e787e3c519ba016d67?s=96&d=mm&r=g\",\"caption\":\"Jasminko Bijeli\u0107\"}}]}<\/script>\n<!-- \/ Yoast SEO plugin. -->","yoast_head_json":{"title":"Po\u010detak projekta za uklju\u010divanje osoba s invaliditetom i suradnju organizacija civilnog dru\u0161tva \"DISC\" Caritas BiH - IC Lotos Tuzla","robots":{"index":"index","follow":"follow","max-snippet":"max-snippet:-1","max-image-preview":"max-image-preview:large","max-video-preview":"max-video-preview:-1"},"canonical":"https:\/\/ic-lotos.org.ba\/en\/pocetak-projekta-za-ukljucivanje-osoba-s-invaliditetom-i-suradnju-organizacija-civilnog-drustva-disc-caritas-bih\/","og_locale":"en_US","og_type":"article","og_title":"Po\u010detak projekta za uklju\u010divanje osoba s invaliditetom i suradnju organizacija civilnog dru\u0161tva \"DISC\" Caritas BiH - IC Lotos Tuzla","og_description":"U srijedu, 27. marta 2024. godine, u hotelu &#8220;Royal&#8221; u Tuzli, odr\u017eana je tre\u0107a Info sesija projekta DISC koji se realizira zahvaljuju\u0107i financijskoj potpori Evropske unije u Bosni i Hercegovini te Federalnog ministarstva rada i socijalne politike. Na Info sesiji [&hellip;]","og_url":"https:\/\/ic-lotos.org.ba\/en\/pocetak-projekta-za-ukljucivanje-osoba-s-invaliditetom-i-suradnju-organizacija-civilnog-drustva-disc-caritas-bih\/","og_site_name":"IC Lotos Tuzla","article_publisher":"https:\/\/www.facebook.com\/iclotos\/","article_published_time":"2024-03-28T06:45:00+00:00","article_modified_time":"2024-08-21T05:52:05+00:00","og_image":[{"url":"https:\/\/ic-lotos.org.ba\/wp-content\/uploads\/2024\/03\/images_Prezentacija_projekat_DISC_Caritas_Tuzla_27_03_24_slika_1.jpg","width":1,"height":1,"type":"image\/jpeg"}],"author":"Jasminko Bijeli\u0107","twitter_card":"summary_large_image","twitter_misc":{"Written by":"Jasminko Bijeli\u0107"},"schema":{"@context":"https:\/\/schema.org","@graph":[{"@type":"Article","@id":"https:\/\/ic-lotos.org.ba\/pocetak-projekta-za-ukljucivanje-osoba-s-invaliditetom-i-suradnju-organizacija-civilnog-drustva-disc-caritas-bih\/#article","isPartOf":{"@id":"https:\/\/ic-lotos.org.ba\/pocetak-projekta-za-ukljucivanje-osoba-s-invaliditetom-i-suradnju-organizacija-civilnog-drustva-disc-caritas-bih\/"},"author":{"name":"Jasminko Bijeli\u0107","@id":"https:\/\/ic-lotos.org.ba\/#\/schema\/person\/fb1da7c92bc3365aad6d1abac5bfe80a"},"headline":"Po\u010detak projekta za uklju\u010divanje osoba s invaliditetom i suradnju organizacija civilnog dru\u0161tva &#8220;DISC&#8221; Caritas BiH","datePublished":"2024-03-28T06:45:00+00:00","dateModified":"2024-08-21T05:52:05+00:00","mainEntityOfPage":{"@id":"https:\/\/ic-lotos.org.ba\/pocetak-projekta-za-ukljucivanje-osoba-s-invaliditetom-i-suradnju-organizacija-civilnog-drustva-disc-caritas-bih\/"},"wordCount":114,"publisher":{"@id":"https:\/\/ic-lotos.org.ba\/#organization"},"image":{"@id":"https:\/\/ic-lotos.org.ba\/pocetak-projekta-za-ukljucivanje-osoba-s-invaliditetom-i-suradnju-organizacija-civilnog-drustva-disc-caritas-bih\/#primaryimage"},"thumbnailUrl":"https:\/\/ic-lotos.org.ba\/wp-content\/uploads\/2024\/03\/images_Prezentacija_projekat_DISC_Caritas_Tuzla_27_03_24_slika_1.jpg","articleSection":["Vijesti"],"inLanguage":"en-US"},{"@type":"WebPage","@id":"https:\/\/ic-lotos.org.ba\/pocetak-projekta-za-ukljucivanje-osoba-s-invaliditetom-i-suradnju-organizacija-civilnog-drustva-disc-caritas-bih\/","url":"https:\/\/ic-lotos.org.ba\/pocetak-projekta-za-ukljucivanje-osoba-s-invaliditetom-i-suradnju-organizacija-civilnog-drustva-disc-caritas-bih\/","name":"Po\u010detak projekta za uklju\u010divanje osoba s invaliditetom i suradnju organizacija civilnog dru\u0161tva \"DISC\" Caritas BiH - IC Lotos Tuzla","isPartOf":{"@id":"https:\/\/ic-lotos.org.ba\/#website"},"primaryImageOfPage":{"@id":"https:\/\/ic-lotos.org.ba\/pocetak-projekta-za-ukljucivanje-osoba-s-invaliditetom-i-suradnju-organizacija-civilnog-drustva-disc-caritas-bih\/#primaryimage"},"image":{"@id":"https:\/\/ic-lotos.org.ba\/pocetak-projekta-za-ukljucivanje-osoba-s-invaliditetom-i-suradnju-organizacija-civilnog-drustva-disc-caritas-bih\/#primaryimage"},"thumbnailUrl":"https:\/\/ic-lotos.org.ba\/wp-content\/uploads\/2024\/03\/images_Prezentacija_projekat_DISC_Caritas_Tuzla_27_03_24_slika_1.jpg","datePublished":"2024-03-28T06:45:00+00:00","dateModified":"2024-08-21T05:52:05+00:00","breadcrumb":{"@id":"https:\/\/ic-lotos.org.ba\/pocetak-projekta-za-ukljucivanje-osoba-s-invaliditetom-i-suradnju-organizacija-civilnog-drustva-disc-caritas-bih\/#breadcrumb"},"inLanguage":"en-US","potentialAction":[{"@type":"ReadAction","target":["https:\/\/ic-lotos.org.ba\/pocetak-projekta-za-ukljucivanje-osoba-s-invaliditetom-i-suradnju-organizacija-civilnog-drustva-disc-caritas-bih\/"]}]},{"@type":"ImageObject","inLanguage":"en-US","@id":"https:\/\/ic-lotos.org.ba\/pocetak-projekta-za-ukljucivanje-osoba-s-invaliditetom-i-suradnju-organizacija-civilnog-drustva-disc-caritas-bih\/#primaryimage","url":"https:\/\/ic-lotos.org.ba\/wp-content\/uploads\/2024\/03\/images_Prezentacija_projekat_DISC_Caritas_Tuzla_27_03_24_slika_1.jpg","contentUrl":"https:\/\/ic-lotos.org.ba\/wp-content\/uploads\/2024\/03\/images_Prezentacija_projekat_DISC_Caritas_Tuzla_27_03_24_slika_1.jpg","caption":"Prezentacija projekat DISC Caritas Tuzla 27 03 24 slika 1"},{"@type":"BreadcrumbList","@id":"https:\/\/ic-lotos.org.ba\/pocetak-projekta-za-ukljucivanje-osoba-s-invaliditetom-i-suradnju-organizacija-civilnog-drustva-disc-caritas-bih\/#breadcrumb","itemListElement":[{"@type":"ListItem","position":1,"name":"Naslovna","item":"https:\/\/ic-lotos.org.ba\/"},{"@type":"ListItem","position":2,"name":"Po\u010detak projekta za uklju\u010divanje osoba s invaliditetom i suradnju organizacija civilnog dru\u0161tva &#8220;DISC&#8221; Caritas BiH"}]},{"@type":"WebSite","@id":"https:\/\/ic-lotos.org.ba\/#website","url":"https:\/\/ic-lotos.org.ba\/","name":"IC Lotos Tuzla","description":"Informativni centar \u201cLotos\u201d okuplja osobe sa ili bez invaliditeta koje su zainteresovane da svojim radom bilo na profesionalnoj ili volonterskoj osnovi doprinesu ostvarivanju misije organizacije.","publisher":{"@id":"https:\/\/ic-lotos.org.ba\/#organization"},"potentialAction":[{"@type":"SearchAction","target":{"@type":"EntryPoint","urlTemplate":"https:\/\/ic-lotos.org.ba\/?s={search_term_string}"},"query-input":{"@type":"PropertyValueSpecification","valueRequired":true,"valueName":"search_term_string"}}],"inLanguage":"en-US"},{"@type":"Organization","@id":"https:\/\/ic-lotos.org.ba\/#organization","name":"IC Lotos Tuzla","url":"https:\/\/ic-lotos.org.ba\/","logo":{"@type":"ImageObject","inLanguage":"en-US","@id":"https:\/\/ic-lotos.org.ba\/#\/schema\/logo\/image\/","url":"https:\/\/ic-lotos.org.ba\/wp-content\/uploads\/2019\/11\/logo.jpg","contentUrl":"https:\/\/ic-lotos.org.ba\/wp-content\/uploads\/2019\/11\/logo.jpg","width":575,"height":623,"caption":"IC Lotos Tuzla"},"image":{"@id":"https:\/\/ic-lotos.org.ba\/#\/schema\/logo\/image\/"},"sameAs":["https:\/\/www.facebook.com\/iclotos\/","https:\/\/www.youtube.com\/feed\/library"]},{"@type":"Person","@id":"https:\/\/ic-lotos.org.ba\/#\/schema\/person\/fb1da7c92bc3365aad6d1abac5bfe80a","name":"Jasminko Bijeli\u0107","image":{"@type":"ImageObject","inLanguage":"en-US","@id":"https:\/\/secure.gravatar.com\/avatar\/d694f8eb6cc3383210938655f7851f13239ed2f29afcf4e787e3c519ba016d67?s=96&d=mm&r=g","url":"https:\/\/secure.gravatar.com\/avatar\/d694f8eb6cc3383210938655f7851f13239ed2f29afcf4e787e3c519ba016d67?s=96&d=mm&r=g","contentUrl":"https:\/\/secure.gravatar.com\/avatar\/d694f8eb6cc3383210938655f7851f13239ed2f29afcf4e787e3c519ba016d67?s=96&d=mm&r=g","caption":"Jasminko Bijeli\u0107"}}]}},"_links":{"self":[{"href":"https:\/\/ic-lotos.org.ba\/en\/wp-json\/wp\/v2\/posts\/15038","targetHints":{"allow":["GET"]}}],"collection":[{"href":"https:\/\/ic-lotos.org.ba\/en\/wp-json\/wp\/v2\/posts"}],"about":[{"href":"https:\/\/ic-lotos.org.ba\/en\/wp-json\/wp\/v2\/types\/post"}],"author":[{"embeddable":true,"href":"https:\/\/ic-lotos.org.ba\/en\/wp-json\/wp\/v2\/users\/5"}],"replies":[{"embeddable":true,"href":"https:\/\/ic-lotos.org.ba\/en\/wp-json\/wp\/v2\/comments?post=15038"}],"version-history":[{"count":1,"href":"https:\/\/ic-lotos.org.ba\/en\/wp-json\/wp\/v2\/posts\/15038\/revisions"}],"predecessor-version":[{"id":15228,"href":"https:\/\/ic-lotos.org.ba\/en\/wp-json\/wp\/v2\/posts\/15038\/revisions\/15228"}],"wp:featuredmedia":[{"embeddable":true,"href":"https:\/\/ic-lotos.org.ba\/en\/wp-json\/wp\/v2\/media\/15036"}],"wp:attachment":[{"href":"https:\/\/ic-lotos.org.ba\/en\/wp-json\/wp\/v2\/media?parent=15038"}],"wp:term":[{"taxonomy":"category","embeddable":true,"href":"https:\/\/ic-lotos.org.ba\/en\/wp-json\/wp\/v2\/categories?post=15038"},{"taxonomy":"post_tag","embeddable":true,"href":"https:\/\/ic-lotos.org.ba\/en\/wp-json\/wp\/v2\/tags?post=15038"}],"curies":[{"name":"wp","href":"https:\/\/api.w.org\/{rel}","templated":true}]}}