{"id":13109,"date":"2022-06-02T08:02:58","date_gmt":"2022-06-02T08:02:58","guid":{"rendered":"https:\/\/v2.ic-lotos.org.ba\/9-sastanak-sa-zenama-i-djevojkama-invaliditetom-ovdje-sam-vidljiva-i-ponosna\/"},"modified":"2023-10-19T14:44:24","modified_gmt":"2023-10-19T14:44:24","slug":"9-sastanak-sa-zenama-i-djevojkama-invaliditetom-ovdje-sam-vidljiva-i-ponosna","status":"publish","type":"post","link":"https:\/\/ic-lotos.org.ba\/en\/9-sastanak-sa-zenama-i-djevojkama-invaliditetom-ovdje-sam-vidljiva-i-ponosna\/","title":{"rendered":"9. sastanak sa \u017eenama i djevojkama invaliditetom \u201eOvdje sam &#8211; vidljiva i ponosna\u201c"},"content":{"rendered":"<div dir=\"auto\"><span style=\"font-family: arial, helvetica, sans-serif; font-size: 12pt;\">U okviru mentorskog programa projekta osna\u017eivanja \u017eena s invaliditetom &bdquo;Ovdje sam &#8211; vidljiva i ponosna!&#8221;, 31. maja 2022. godine mentorica Adisa Ki&scaron;i\u0107 je odr\u017eala deveti sastanak sa \u017eenama i djevojkama invaliditetom u okviru Koalicije organizacija osoba s invaliditetom Tuzlanskog kantona na kojem je prisustvovalo 11 u\u010desnica.&nbsp;<\/span><span style=\"font-family: arial, helvetica, sans-serif; font-size: 12pt;\">Sastanak je realizovan u prostorijama vode\u0107e organizacije Koalicije, Informativnom centru za osobe sa invaliditetom &bdquo;Lotos&#8221; Tuzla a tema je bila: &ldquo;U\u010de&scaron;\u0107e \u017eena s invaliditetom u organizacijama osoba s invaliditetom&rdquo;.&nbsp;<\/span><span style=\"font-family: arial, helvetica, sans-serif; font-size: 12pt;\">Cilj sastanka je bio da se u\u010desnice upoznaju sa prednostima uklju\u010divanja u rad organizacija osoba s invaliditetom i podijele pozitivna iskustva i rezultati zajedni\u010dkog djelovanja \u017eena i djevojaka s invaliditetom.<\/span><\/div>\n<div dir=\"auto\"><span style=\"font-family: arial, helvetica, sans-serif; font-size: 12pt;\">U okviru sastanka u\u010desnice su imale priliku da pogledaju i dokumentarni film: Predstava &#8211; forum teatar &bdquo;Li\u010dne pri\u010de&ldquo; koji je nastao kao rezultat projekta &bdquo;Invaliditet i seksualno i rodno zasnovano nasilje &ndash; gra\u0111enje kapaciteta protiv seksualnog i rodno zasnovanog nasilja nad osobama s invaliditetom&ldquo;, a koji prikazuje stvarne scene nasilja nad osobama s invaliditetom koje su glumili sami aktivisti i aktivistice s invaliditetom.<\/span><\/div>\n<div dir=\"auto\"><span style=\"font-family: arial, helvetica, sans-serif; font-size: 12pt;\">Razgovaralo se o zna\u010daju timskog rada, aktivizma i motivacije drugih \u017eena s invaliditetom s ciljem pobolj&scaron;anja polo\u017eaja i ravnopravnog ostvarivanja prava \u017eena s invaliditetom u zajednici.<\/span><\/div>\n<div dir=\"auto\"><span style=\"font-family: arial, helvetica, sans-serif; font-size: 12pt;\">The project &quot;I am here - visible and proud!&quot; is funded through the MyRight-BiH program by the Swedish International Development Cooperation Agency Sida, represented by the @Embassy of Sweden in Sarajevo.<\/span><\/div>\n<div><img fetchpriority=\"high\" decoding=\"async\" class=\"size-full wp-image-13106\" src=\"https:\/\/ic-lotos.org.ba\/wp-content\/uploads\/2022\/06\/images_9_sastanak_sa_zenama_i_djevojkama_sa_invaliditetom_Ovdje_sam_vidljiva_i_ponosna_slika_2.jpg\" alt=\"9 sastanak sa zenama i djevojkama sa invaliditetom Ovdje sam vidljiva i ponosna slika 2\" width=\"700\" height=\"503\" style=\"border: 1px solid #ff0000;\" srcset=\"https:\/\/ic-lotos.org.ba\/wp-content\/uploads\/2022\/06\/images_9_sastanak_sa_zenama_i_djevojkama_sa_invaliditetom_Ovdje_sam_vidljiva_i_ponosna_slika_2.jpg 1600w, https:\/\/ic-lotos.org.ba\/wp-content\/uploads\/2022\/06\/images_9_sastanak_sa_zenama_i_djevojkama_sa_invaliditetom_Ovdje_sam_vidljiva_i_ponosna_slika_2-600x431.jpg 600w, https:\/\/ic-lotos.org.ba\/wp-content\/uploads\/2022\/06\/images_9_sastanak_sa_zenama_i_djevojkama_sa_invaliditetom_Ovdje_sam_vidljiva_i_ponosna_slika_2-300x215.jpg 300w, https:\/\/ic-lotos.org.ba\/wp-content\/uploads\/2022\/06\/images_9_sastanak_sa_zenama_i_djevojkama_sa_invaliditetom_Ovdje_sam_vidljiva_i_ponosna_slika_2-1024x735.jpg 1024w, https:\/\/ic-lotos.org.ba\/wp-content\/uploads\/2022\/06\/images_9_sastanak_sa_zenama_i_djevojkama_sa_invaliditetom_Ovdje_sam_vidljiva_i_ponosna_slika_2-768x552.jpg 768w, https:\/\/ic-lotos.org.ba\/wp-content\/uploads\/2022\/06\/images_9_sastanak_sa_zenama_i_djevojkama_sa_invaliditetom_Ovdje_sam_vidljiva_i_ponosna_slika_2-1536x1103.jpg 1536w, https:\/\/ic-lotos.org.ba\/wp-content\/uploads\/2022\/06\/images_9_sastanak_sa_zenama_i_djevojkama_sa_invaliditetom_Ovdje_sam_vidljiva_i_ponosna_slika_2-440x316.jpg 440w\" sizes=\"(max-width: 700px) 100vw, 700px\" \/><img decoding=\"async\" class=\"size-full wp-image-13107\" src=\"https:\/\/ic-lotos.org.ba\/wp-content\/uploads\/2022\/06\/images_9_sastanak_sa_zenama_i_djevojkama_sa_invaliditetom_Ovdje_sam_vidljiva_i_ponosna_slika_3.jpg\" alt=\"9 sastanak sa zenama i djevojkama sa invaliditetom Ovdje sam vidljiva i ponosna slika 3\" width=\"700\" height=\"467\" style=\"border: 1px solid #ff0000;\" srcset=\"https:\/\/ic-lotos.org.ba\/wp-content\/uploads\/2022\/06\/images_9_sastanak_sa_zenama_i_djevojkama_sa_invaliditetom_Ovdje_sam_vidljiva_i_ponosna_slika_3.jpg 2048w, https:\/\/ic-lotos.org.ba\/wp-content\/uploads\/2022\/06\/images_9_sastanak_sa_zenama_i_djevojkama_sa_invaliditetom_Ovdje_sam_vidljiva_i_ponosna_slika_3-600x400.jpg 600w, https:\/\/ic-lotos.org.ba\/wp-content\/uploads\/2022\/06\/images_9_sastanak_sa_zenama_i_djevojkama_sa_invaliditetom_Ovdje_sam_vidljiva_i_ponosna_slika_3-300x200.jpg 300w, https:\/\/ic-lotos.org.ba\/wp-content\/uploads\/2022\/06\/images_9_sastanak_sa_zenama_i_djevojkama_sa_invaliditetom_Ovdje_sam_vidljiva_i_ponosna_slika_3-1024x683.jpg 1024w, https:\/\/ic-lotos.org.ba\/wp-content\/uploads\/2022\/06\/images_9_sastanak_sa_zenama_i_djevojkama_sa_invaliditetom_Ovdje_sam_vidljiva_i_ponosna_slika_3-768x512.jpg 768w, https:\/\/ic-lotos.org.ba\/wp-content\/uploads\/2022\/06\/images_9_sastanak_sa_zenama_i_djevojkama_sa_invaliditetom_Ovdje_sam_vidljiva_i_ponosna_slika_3-1536x1024.jpg 1536w, https:\/\/ic-lotos.org.ba\/wp-content\/uploads\/2022\/06\/images_9_sastanak_sa_zenama_i_djevojkama_sa_invaliditetom_Ovdje_sam_vidljiva_i_ponosna_slika_3-700x466.jpg 700w, https:\/\/ic-lotos.org.ba\/wp-content\/uploads\/2022\/06\/images_9_sastanak_sa_zenama_i_djevojkama_sa_invaliditetom_Ovdje_sam_vidljiva_i_ponosna_slika_3-440x293.jpg 440w\" sizes=\"(max-width: 700px) 100vw, 700px\" \/><img decoding=\"async\" class=\"size-full wp-image-13108\" src=\"https:\/\/ic-lotos.org.ba\/wp-content\/uploads\/2022\/06\/images_9_sastanak_sa_zenama_i_djevojkama_sa_invaliditetom_Ovdje_sam_vidljiva_i_ponosna_slika_4.jpg\" alt=\"9 sastanak sa zenama i djevojkama sa invaliditetom Ovdje sam vidljiva i ponosna slika 4\" width=\"700\" height=\"466\" style=\"border: 1px solid #ff0000;\" srcset=\"https:\/\/ic-lotos.org.ba\/wp-content\/uploads\/2022\/06\/images_9_sastanak_sa_zenama_i_djevojkama_sa_invaliditetom_Ovdje_sam_vidljiva_i_ponosna_slika_4.jpg 2048w, https:\/\/ic-lotos.org.ba\/wp-content\/uploads\/2022\/06\/images_9_sastanak_sa_zenama_i_djevojkama_sa_invaliditetom_Ovdje_sam_vidljiva_i_ponosna_slika_4-600x400.jpg 600w, https:\/\/ic-lotos.org.ba\/wp-content\/uploads\/2022\/06\/images_9_sastanak_sa_zenama_i_djevojkama_sa_invaliditetom_Ovdje_sam_vidljiva_i_ponosna_slika_4-300x200.jpg 300w, https:\/\/ic-lotos.org.ba\/wp-content\/uploads\/2022\/06\/images_9_sastanak_sa_zenama_i_djevojkama_sa_invaliditetom_Ovdje_sam_vidljiva_i_ponosna_slika_4-1024x683.jpg 1024w, https:\/\/ic-lotos.org.ba\/wp-content\/uploads\/2022\/06\/images_9_sastanak_sa_zenama_i_djevojkama_sa_invaliditetom_Ovdje_sam_vidljiva_i_ponosna_slika_4-768x512.jpg 768w, https:\/\/ic-lotos.org.ba\/wp-content\/uploads\/2022\/06\/images_9_sastanak_sa_zenama_i_djevojkama_sa_invaliditetom_Ovdje_sam_vidljiva_i_ponosna_slika_4-1536x1024.jpg 1536w, https:\/\/ic-lotos.org.ba\/wp-content\/uploads\/2022\/06\/images_9_sastanak_sa_zenama_i_djevojkama_sa_invaliditetom_Ovdje_sam_vidljiva_i_ponosna_slika_4-700x466.jpg 700w, https:\/\/ic-lotos.org.ba\/wp-content\/uploads\/2022\/06\/images_9_sastanak_sa_zenama_i_djevojkama_sa_invaliditetom_Ovdje_sam_vidljiva_i_ponosna_slika_4-440x293.jpg 440w\" sizes=\"(max-width: 700px) 100vw, 700px\" \/><\/div>\n<div class=\"gsp_post_data\" \r\n\t            data-post_type=\"post\" \r\n\t            data-cat=\"vijesti\" \r\n\t            data-modified=\"120\"\r\n\t            data-created=\"1654156978\"\r\n\t            data-title=\"9. sastanak sa \u017eenama i djevojkama invaliditetom \u201eOvdje sam &#8211; vidljiva i ponosna\u201c\" \r\n\t            data-home=\"https:\/\/ic-lotos.org.ba\/en\"><\/div>","protected":false},"excerpt":{"rendered":"<p>U okviru mentorskog programa projekta osna\u017eivanja \u017eena s invaliditetom &bdquo;Ovdje sam &#8211; vidljiva i ponosna!&#8221;, 31. maja 2022. godine mentorica Adisa Ki&scaron;i\u0107 je odr\u017eala deveti sastanak sa \u017eenama i djevojkama invaliditetom u okviru Koalicije organizacija osoba s invaliditetom Tuzlanskog kantona [&hellip;]<\/p>\n","protected":false},"author":5,"featured_media":13105,"comment_status":"open","ping_status":"closed","sticky":false,"template":"","format":"standard","meta":{"footnotes":""},"categories":[65],"tags":[],"class_list":["post-13109","post","type-post","status-publish","format-standard","has-post-thumbnail","hentry","category-vijesti"],"yoast_head":"<!-- This site is optimized with the Yoast SEO plugin v27.5 - https:\/\/yoast.com\/product\/yoast-seo-wordpress\/ -->\n<title>9. sastanak sa \u017eenama i djevojkama invaliditetom \u201eOvdje sam - vidljiva i ponosna\u201c - IC Lotos Tuzla<\/title>\n<meta name=\"robots\" content=\"index, follow, max-snippet:-1, max-image-preview:large, max-video-preview:-1\" \/>\n<link rel=\"canonical\" href=\"https:\/\/ic-lotos.org.ba\/en\/9-sastanak-sa-zenama-i-djevojkama-invaliditetom-ovdje-sam-vidljiva-i-ponosna\/\" \/>\n<meta property=\"og:locale\" content=\"en_US\" \/>\n<meta property=\"og:type\" content=\"article\" \/>\n<meta property=\"og:title\" content=\"9. sastanak sa \u017eenama i djevojkama invaliditetom \u201eOvdje sam - vidljiva i ponosna\u201c - IC Lotos Tuzla\" \/>\n<meta property=\"og:description\" content=\"U okviru mentorskog programa projekta osna\u017eivanja \u017eena s invaliditetom &bdquo;Ovdje sam &#8211; vidljiva i ponosna!&#8221;, 31. maja 2022. godine mentorica Adisa Ki&scaron;i\u0107 je odr\u017eala deveti sastanak sa \u017eenama i djevojkama invaliditetom u okviru Koalicije organizacija osoba s invaliditetom Tuzlanskog kantona [&hellip;]\" \/>\n<meta property=\"og:url\" content=\"https:\/\/ic-lotos.org.ba\/en\/9-sastanak-sa-zenama-i-djevojkama-invaliditetom-ovdje-sam-vidljiva-i-ponosna\/\" \/>\n<meta property=\"og:site_name\" content=\"IC Lotos Tuzla\" \/>\n<meta property=\"article:publisher\" content=\"https:\/\/www.facebook.com\/iclotos\/\" \/>\n<meta property=\"article:published_time\" content=\"2022-06-02T08:02:58+00:00\" \/>\n<meta property=\"article:modified_time\" content=\"2023-10-19T14:44:24+00:00\" \/>\n<meta property=\"og:image\" content=\"https:\/\/ic-lotos.org.ba\/wp-content\/uploads\/2022\/06\/images_9_sastanak_sa_zenama_i_djevojkama_sa_invaliditetom_Ovdje_sam_vidljiva_i_ponosna_slika_1.jpg\" \/>\n\t<meta property=\"og:image:width\" content=\"2048\" \/>\n\t<meta property=\"og:image:height\" content=\"1365\" \/>\n\t<meta property=\"og:image:type\" content=\"image\/jpeg\" \/>\n<meta name=\"author\" content=\"Jasminko Bijeli\u0107\" \/>\n<meta name=\"twitter:card\" content=\"summary_large_image\" \/>\n<meta name=\"twitter:label1\" content=\"Written by\" \/>\n\t<meta name=\"twitter:data1\" content=\"Jasminko Bijeli\u0107\" \/>\n\t<meta name=\"twitter:label2\" content=\"Est. reading time\" \/>\n\t<meta name=\"twitter:data2\" content=\"1 minute\" \/>\n<script type=\"application\/ld+json\" class=\"yoast-schema-graph\">{\"@context\":\"https:\\\/\\\/schema.org\",\"@graph\":[{\"@type\":\"Article\",\"@id\":\"https:\\\/\\\/ic-lotos.org.ba\\\/9-sastanak-sa-zenama-i-djevojkama-invaliditetom-ovdje-sam-vidljiva-i-ponosna\\\/#article\",\"isPartOf\":{\"@id\":\"https:\\\/\\\/ic-lotos.org.ba\\\/9-sastanak-sa-zenama-i-djevojkama-invaliditetom-ovdje-sam-vidljiva-i-ponosna\\\/\"},\"author\":{\"name\":\"Jasminko Bijeli\u0107\",\"@id\":\"https:\\\/\\\/ic-lotos.org.ba\\\/#\\\/schema\\\/person\\\/fb1da7c92bc3365aad6d1abac5bfe80a\"},\"headline\":\"9. sastanak sa \u017eenama i djevojkama invaliditetom \u201eOvdje sam &#8211; vidljiva i ponosna\u201c\",\"datePublished\":\"2022-06-02T08:02:58+00:00\",\"dateModified\":\"2023-10-19T14:44:24+00:00\",\"mainEntityOfPage\":{\"@id\":\"https:\\\/\\\/ic-lotos.org.ba\\\/9-sastanak-sa-zenama-i-djevojkama-invaliditetom-ovdje-sam-vidljiva-i-ponosna\\\/\"},\"wordCount\":265,\"commentCount\":0,\"publisher\":{\"@id\":\"https:\\\/\\\/ic-lotos.org.ba\\\/#organization\"},\"image\":{\"@id\":\"https:\\\/\\\/ic-lotos.org.ba\\\/9-sastanak-sa-zenama-i-djevojkama-invaliditetom-ovdje-sam-vidljiva-i-ponosna\\\/#primaryimage\"},\"thumbnailUrl\":\"https:\\\/\\\/ic-lotos.org.ba\\\/wp-content\\\/uploads\\\/2022\\\/06\\\/images_9_sastanak_sa_zenama_i_djevojkama_sa_invaliditetom_Ovdje_sam_vidljiva_i_ponosna_slika_1.jpg\",\"articleSection\":[\"Vijesti\"],\"inLanguage\":\"en-US\"},{\"@type\":\"WebPage\",\"@id\":\"https:\\\/\\\/ic-lotos.org.ba\\\/9-sastanak-sa-zenama-i-djevojkama-invaliditetom-ovdje-sam-vidljiva-i-ponosna\\\/\",\"url\":\"https:\\\/\\\/ic-lotos.org.ba\\\/9-sastanak-sa-zenama-i-djevojkama-invaliditetom-ovdje-sam-vidljiva-i-ponosna\\\/\",\"name\":\"9. sastanak sa \u017eenama i djevojkama invaliditetom \u201eOvdje sam - vidljiva i ponosna\u201c - IC Lotos Tuzla\",\"isPartOf\":{\"@id\":\"https:\\\/\\\/ic-lotos.org.ba\\\/#website\"},\"primaryImageOfPage\":{\"@id\":\"https:\\\/\\\/ic-lotos.org.ba\\\/9-sastanak-sa-zenama-i-djevojkama-invaliditetom-ovdje-sam-vidljiva-i-ponosna\\\/#primaryimage\"},\"image\":{\"@id\":\"https:\\\/\\\/ic-lotos.org.ba\\\/9-sastanak-sa-zenama-i-djevojkama-invaliditetom-ovdje-sam-vidljiva-i-ponosna\\\/#primaryimage\"},\"thumbnailUrl\":\"https:\\\/\\\/ic-lotos.org.ba\\\/wp-content\\\/uploads\\\/2022\\\/06\\\/images_9_sastanak_sa_zenama_i_djevojkama_sa_invaliditetom_Ovdje_sam_vidljiva_i_ponosna_slika_1.jpg\",\"datePublished\":\"2022-06-02T08:02:58+00:00\",\"dateModified\":\"2023-10-19T14:44:24+00:00\",\"breadcrumb\":{\"@id\":\"https:\\\/\\\/ic-lotos.org.ba\\\/9-sastanak-sa-zenama-i-djevojkama-invaliditetom-ovdje-sam-vidljiva-i-ponosna\\\/#breadcrumb\"},\"inLanguage\":\"en-US\",\"potentialAction\":[{\"@type\":\"ReadAction\",\"target\":[\"https:\\\/\\\/ic-lotos.org.ba\\\/9-sastanak-sa-zenama-i-djevojkama-invaliditetom-ovdje-sam-vidljiva-i-ponosna\\\/\"]}]},{\"@type\":\"ImageObject\",\"inLanguage\":\"en-US\",\"@id\":\"https:\\\/\\\/ic-lotos.org.ba\\\/9-sastanak-sa-zenama-i-djevojkama-invaliditetom-ovdje-sam-vidljiva-i-ponosna\\\/#primaryimage\",\"url\":\"https:\\\/\\\/ic-lotos.org.ba\\\/wp-content\\\/uploads\\\/2022\\\/06\\\/images_9_sastanak_sa_zenama_i_djevojkama_sa_invaliditetom_Ovdje_sam_vidljiva_i_ponosna_slika_1.jpg\",\"contentUrl\":\"https:\\\/\\\/ic-lotos.org.ba\\\/wp-content\\\/uploads\\\/2022\\\/06\\\/images_9_sastanak_sa_zenama_i_djevojkama_sa_invaliditetom_Ovdje_sam_vidljiva_i_ponosna_slika_1.jpg\",\"width\":2048,\"height\":1365,\"caption\":\"9 sastanak sa zenama i djevojkama sa invaliditetom Ovdje sam vidljiva i ponosna slika 1\"},{\"@type\":\"BreadcrumbList\",\"@id\":\"https:\\\/\\\/ic-lotos.org.ba\\\/9-sastanak-sa-zenama-i-djevojkama-invaliditetom-ovdje-sam-vidljiva-i-ponosna\\\/#breadcrumb\",\"itemListElement\":[{\"@type\":\"ListItem\",\"position\":1,\"name\":\"Naslovna\",\"item\":\"https:\\\/\\\/ic-lotos.org.ba\\\/\"},{\"@type\":\"ListItem\",\"position\":2,\"name\":\"9. sastanak sa \u017eenama i djevojkama invaliditetom \u201eOvdje sam &#8211; vidljiva i ponosna\u201c\"}]},{\"@type\":\"WebSite\",\"@id\":\"https:\\\/\\\/ic-lotos.org.ba\\\/#website\",\"url\":\"https:\\\/\\\/ic-lotos.org.ba\\\/\",\"name\":\"IC Lotos Tuzla\",\"description\":\"Informativni centar \u201cLotos\u201d okuplja osobe sa ili bez invaliditeta koje su zainteresovane da svojim radom bilo na profesionalnoj ili volonterskoj osnovi doprinesu ostvarivanju misije organizacije.\",\"publisher\":{\"@id\":\"https:\\\/\\\/ic-lotos.org.ba\\\/#organization\"},\"potentialAction\":[{\"@type\":\"SearchAction\",\"target\":{\"@type\":\"EntryPoint\",\"urlTemplate\":\"https:\\\/\\\/ic-lotos.org.ba\\\/?s={search_term_string}\"},\"query-input\":{\"@type\":\"PropertyValueSpecification\",\"valueRequired\":true,\"valueName\":\"search_term_string\"}}],\"inLanguage\":\"en-US\"},{\"@type\":\"Organization\",\"@id\":\"https:\\\/\\\/ic-lotos.org.ba\\\/#organization\",\"name\":\"IC Lotos Tuzla\",\"url\":\"https:\\\/\\\/ic-lotos.org.ba\\\/\",\"logo\":{\"@type\":\"ImageObject\",\"inLanguage\":\"en-US\",\"@id\":\"https:\\\/\\\/ic-lotos.org.ba\\\/#\\\/schema\\\/logo\\\/image\\\/\",\"url\":\"https:\\\/\\\/ic-lotos.org.ba\\\/wp-content\\\/uploads\\\/2019\\\/11\\\/logo.jpg\",\"contentUrl\":\"https:\\\/\\\/ic-lotos.org.ba\\\/wp-content\\\/uploads\\\/2019\\\/11\\\/logo.jpg\",\"width\":575,\"height\":623,\"caption\":\"IC Lotos Tuzla\"},\"image\":{\"@id\":\"https:\\\/\\\/ic-lotos.org.ba\\\/#\\\/schema\\\/logo\\\/image\\\/\"},\"sameAs\":[\"https:\\\/\\\/www.facebook.com\\\/iclotos\\\/\",\"https:\\\/\\\/www.youtube.com\\\/feed\\\/library\"]},{\"@type\":\"Person\",\"@id\":\"https:\\\/\\\/ic-lotos.org.ba\\\/#\\\/schema\\\/person\\\/fb1da7c92bc3365aad6d1abac5bfe80a\",\"name\":\"Jasminko Bijeli\u0107\",\"image\":{\"@type\":\"ImageObject\",\"inLanguage\":\"en-US\",\"@id\":\"https:\\\/\\\/secure.gravatar.com\\\/avatar\\\/d694f8eb6cc3383210938655f7851f13239ed2f29afcf4e787e3c519ba016d67?s=96&d=mm&r=g\",\"url\":\"https:\\\/\\\/secure.gravatar.com\\\/avatar\\\/d694f8eb6cc3383210938655f7851f13239ed2f29afcf4e787e3c519ba016d67?s=96&d=mm&r=g\",\"contentUrl\":\"https:\\\/\\\/secure.gravatar.com\\\/avatar\\\/d694f8eb6cc3383210938655f7851f13239ed2f29afcf4e787e3c519ba016d67?s=96&d=mm&r=g\",\"caption\":\"Jasminko Bijeli\u0107\"}}]}<\/script>\n<!-- \/ Yoast SEO plugin. -->","yoast_head_json":{"title":"9. sastanak sa \u017eenama i djevojkama invaliditetom \u201eOvdje sam - vidljiva i ponosna\u201c - IC Lotos Tuzla","robots":{"index":"index","follow":"follow","max-snippet":"max-snippet:-1","max-image-preview":"max-image-preview:large","max-video-preview":"max-video-preview:-1"},"canonical":"https:\/\/ic-lotos.org.ba\/en\/9-sastanak-sa-zenama-i-djevojkama-invaliditetom-ovdje-sam-vidljiva-i-ponosna\/","og_locale":"en_US","og_type":"article","og_title":"9. sastanak sa \u017eenama i djevojkama invaliditetom \u201eOvdje sam - vidljiva i ponosna\u201c - IC Lotos Tuzla","og_description":"U okviru mentorskog programa projekta osna\u017eivanja \u017eena s invaliditetom &bdquo;Ovdje sam &#8211; vidljiva i ponosna!&#8221;, 31. maja 2022. godine mentorica Adisa Ki&scaron;i\u0107 je odr\u017eala deveti sastanak sa \u017eenama i djevojkama invaliditetom u okviru Koalicije organizacija osoba s invaliditetom Tuzlanskog kantona [&hellip;]","og_url":"https:\/\/ic-lotos.org.ba\/en\/9-sastanak-sa-zenama-i-djevojkama-invaliditetom-ovdje-sam-vidljiva-i-ponosna\/","og_site_name":"IC Lotos Tuzla","article_publisher":"https:\/\/www.facebook.com\/iclotos\/","article_published_time":"2022-06-02T08:02:58+00:00","article_modified_time":"2023-10-19T14:44:24+00:00","og_image":[{"width":2048,"height":1365,"url":"https:\/\/ic-lotos.org.ba\/wp-content\/uploads\/2022\/06\/images_9_sastanak_sa_zenama_i_djevojkama_sa_invaliditetom_Ovdje_sam_vidljiva_i_ponosna_slika_1.jpg","type":"image\/jpeg"}],"author":"Jasminko Bijeli\u0107","twitter_card":"summary_large_image","twitter_misc":{"Written by":"Jasminko Bijeli\u0107","Est. reading time":"1 minute"},"schema":{"@context":"https:\/\/schema.org","@graph":[{"@type":"Article","@id":"https:\/\/ic-lotos.org.ba\/9-sastanak-sa-zenama-i-djevojkama-invaliditetom-ovdje-sam-vidljiva-i-ponosna\/#article","isPartOf":{"@id":"https:\/\/ic-lotos.org.ba\/9-sastanak-sa-zenama-i-djevojkama-invaliditetom-ovdje-sam-vidljiva-i-ponosna\/"},"author":{"name":"Jasminko Bijeli\u0107","@id":"https:\/\/ic-lotos.org.ba\/#\/schema\/person\/fb1da7c92bc3365aad6d1abac5bfe80a"},"headline":"9. sastanak sa \u017eenama i djevojkama invaliditetom \u201eOvdje sam &#8211; vidljiva i ponosna\u201c","datePublished":"2022-06-02T08:02:58+00:00","dateModified":"2023-10-19T14:44:24+00:00","mainEntityOfPage":{"@id":"https:\/\/ic-lotos.org.ba\/9-sastanak-sa-zenama-i-djevojkama-invaliditetom-ovdje-sam-vidljiva-i-ponosna\/"},"wordCount":265,"commentCount":0,"publisher":{"@id":"https:\/\/ic-lotos.org.ba\/#organization"},"image":{"@id":"https:\/\/ic-lotos.org.ba\/9-sastanak-sa-zenama-i-djevojkama-invaliditetom-ovdje-sam-vidljiva-i-ponosna\/#primaryimage"},"thumbnailUrl":"https:\/\/ic-lotos.org.ba\/wp-content\/uploads\/2022\/06\/images_9_sastanak_sa_zenama_i_djevojkama_sa_invaliditetom_Ovdje_sam_vidljiva_i_ponosna_slika_1.jpg","articleSection":["Vijesti"],"inLanguage":"en-US"},{"@type":"WebPage","@id":"https:\/\/ic-lotos.org.ba\/9-sastanak-sa-zenama-i-djevojkama-invaliditetom-ovdje-sam-vidljiva-i-ponosna\/","url":"https:\/\/ic-lotos.org.ba\/9-sastanak-sa-zenama-i-djevojkama-invaliditetom-ovdje-sam-vidljiva-i-ponosna\/","name":"9. sastanak sa \u017eenama i djevojkama invaliditetom \u201eOvdje sam - vidljiva i ponosna\u201c - IC Lotos Tuzla","isPartOf":{"@id":"https:\/\/ic-lotos.org.ba\/#website"},"primaryImageOfPage":{"@id":"https:\/\/ic-lotos.org.ba\/9-sastanak-sa-zenama-i-djevojkama-invaliditetom-ovdje-sam-vidljiva-i-ponosna\/#primaryimage"},"image":{"@id":"https:\/\/ic-lotos.org.ba\/9-sastanak-sa-zenama-i-djevojkama-invaliditetom-ovdje-sam-vidljiva-i-ponosna\/#primaryimage"},"thumbnailUrl":"https:\/\/ic-lotos.org.ba\/wp-content\/uploads\/2022\/06\/images_9_sastanak_sa_zenama_i_djevojkama_sa_invaliditetom_Ovdje_sam_vidljiva_i_ponosna_slika_1.jpg","datePublished":"2022-06-02T08:02:58+00:00","dateModified":"2023-10-19T14:44:24+00:00","breadcrumb":{"@id":"https:\/\/ic-lotos.org.ba\/9-sastanak-sa-zenama-i-djevojkama-invaliditetom-ovdje-sam-vidljiva-i-ponosna\/#breadcrumb"},"inLanguage":"en-US","potentialAction":[{"@type":"ReadAction","target":["https:\/\/ic-lotos.org.ba\/9-sastanak-sa-zenama-i-djevojkama-invaliditetom-ovdje-sam-vidljiva-i-ponosna\/"]}]},{"@type":"ImageObject","inLanguage":"en-US","@id":"https:\/\/ic-lotos.org.ba\/9-sastanak-sa-zenama-i-djevojkama-invaliditetom-ovdje-sam-vidljiva-i-ponosna\/#primaryimage","url":"https:\/\/ic-lotos.org.ba\/wp-content\/uploads\/2022\/06\/images_9_sastanak_sa_zenama_i_djevojkama_sa_invaliditetom_Ovdje_sam_vidljiva_i_ponosna_slika_1.jpg","contentUrl":"https:\/\/ic-lotos.org.ba\/wp-content\/uploads\/2022\/06\/images_9_sastanak_sa_zenama_i_djevojkama_sa_invaliditetom_Ovdje_sam_vidljiva_i_ponosna_slika_1.jpg","width":2048,"height":1365,"caption":"9 sastanak sa zenama i djevojkama sa invaliditetom Ovdje sam vidljiva i ponosna slika 1"},{"@type":"BreadcrumbList","@id":"https:\/\/ic-lotos.org.ba\/9-sastanak-sa-zenama-i-djevojkama-invaliditetom-ovdje-sam-vidljiva-i-ponosna\/#breadcrumb","itemListElement":[{"@type":"ListItem","position":1,"name":"Naslovna","item":"https:\/\/ic-lotos.org.ba\/"},{"@type":"ListItem","position":2,"name":"9. sastanak sa \u017eenama i djevojkama invaliditetom \u201eOvdje sam &#8211; vidljiva i ponosna\u201c"}]},{"@type":"WebSite","@id":"https:\/\/ic-lotos.org.ba\/#website","url":"https:\/\/ic-lotos.org.ba\/","name":"IC Lotos Tuzla","description":"Informativni centar \u201cLotos\u201d okuplja osobe sa ili bez invaliditeta koje su zainteresovane da svojim radom bilo na profesionalnoj ili volonterskoj osnovi doprinesu ostvarivanju misije organizacije.","publisher":{"@id":"https:\/\/ic-lotos.org.ba\/#organization"},"potentialAction":[{"@type":"SearchAction","target":{"@type":"EntryPoint","urlTemplate":"https:\/\/ic-lotos.org.ba\/?s={search_term_string}"},"query-input":{"@type":"PropertyValueSpecification","valueRequired":true,"valueName":"search_term_string"}}],"inLanguage":"en-US"},{"@type":"Organization","@id":"https:\/\/ic-lotos.org.ba\/#organization","name":"IC Lotos Tuzla","url":"https:\/\/ic-lotos.org.ba\/","logo":{"@type":"ImageObject","inLanguage":"en-US","@id":"https:\/\/ic-lotos.org.ba\/#\/schema\/logo\/image\/","url":"https:\/\/ic-lotos.org.ba\/wp-content\/uploads\/2019\/11\/logo.jpg","contentUrl":"https:\/\/ic-lotos.org.ba\/wp-content\/uploads\/2019\/11\/logo.jpg","width":575,"height":623,"caption":"IC Lotos Tuzla"},"image":{"@id":"https:\/\/ic-lotos.org.ba\/#\/schema\/logo\/image\/"},"sameAs":["https:\/\/www.facebook.com\/iclotos\/","https:\/\/www.youtube.com\/feed\/library"]},{"@type":"Person","@id":"https:\/\/ic-lotos.org.ba\/#\/schema\/person\/fb1da7c92bc3365aad6d1abac5bfe80a","name":"Jasminko Bijeli\u0107","image":{"@type":"ImageObject","inLanguage":"en-US","@id":"https:\/\/secure.gravatar.com\/avatar\/d694f8eb6cc3383210938655f7851f13239ed2f29afcf4e787e3c519ba016d67?s=96&d=mm&r=g","url":"https:\/\/secure.gravatar.com\/avatar\/d694f8eb6cc3383210938655f7851f13239ed2f29afcf4e787e3c519ba016d67?s=96&d=mm&r=g","contentUrl":"https:\/\/secure.gravatar.com\/avatar\/d694f8eb6cc3383210938655f7851f13239ed2f29afcf4e787e3c519ba016d67?s=96&d=mm&r=g","caption":"Jasminko Bijeli\u0107"}}]}},"_links":{"self":[{"href":"https:\/\/ic-lotos.org.ba\/en\/wp-json\/wp\/v2\/posts\/13109","targetHints":{"allow":["GET"]}}],"collection":[{"href":"https:\/\/ic-lotos.org.ba\/en\/wp-json\/wp\/v2\/posts"}],"about":[{"href":"https:\/\/ic-lotos.org.ba\/en\/wp-json\/wp\/v2\/types\/post"}],"author":[{"embeddable":true,"href":"https:\/\/ic-lotos.org.ba\/en\/wp-json\/wp\/v2\/users\/5"}],"replies":[{"embeddable":true,"href":"https:\/\/ic-lotos.org.ba\/en\/wp-json\/wp\/v2\/comments?post=13109"}],"version-history":[{"count":1,"href":"https:\/\/ic-lotos.org.ba\/en\/wp-json\/wp\/v2\/posts\/13109\/revisions"}],"predecessor-version":[{"id":13880,"href":"https:\/\/ic-lotos.org.ba\/en\/wp-json\/wp\/v2\/posts\/13109\/revisions\/13880"}],"wp:featuredmedia":[{"embeddable":true,"href":"https:\/\/ic-lotos.org.ba\/en\/wp-json\/wp\/v2\/media\/13105"}],"wp:attachment":[{"href":"https:\/\/ic-lotos.org.ba\/en\/wp-json\/wp\/v2\/media?parent=13109"}],"wp:term":[{"taxonomy":"category","embeddable":true,"href":"https:\/\/ic-lotos.org.ba\/en\/wp-json\/wp\/v2\/categories?post=13109"},{"taxonomy":"post_tag","embeddable":true,"href":"https:\/\/ic-lotos.org.ba\/en\/wp-json\/wp\/v2\/tags?post=13109"}],"curies":[{"name":"wp","href":"https:\/\/api.w.org\/{rel}","templated":true}]}}