{"id":12956,"date":"2021-12-27T06:57:34","date_gmt":"2021-12-27T06:57:34","guid":{"rendered":"https:\/\/v2.ic-lotos.org.ba\/okrugli-sto-primjene-odredaba-clana-24-un-konvencije-o-pravima-osoba-s-invaliditetom-i-preporuka-komiteta-un-u-svjetlu-pripreme-strategije-inkluzivnog-obrazovanja-tk\/"},"modified":"2023-10-19T14:44:25","modified_gmt":"2023-10-19T14:44:25","slug":"okrugli-sto-primjene-odredaba-clana-24-un-konvencije-o-pravima-osoba-s-invaliditetom-i-preporuka-komiteta-un-u-svjetlu-pripreme-strategije-inkluzivnog-obrazovanja-tk","status":"publish","type":"post","link":"https:\/\/ic-lotos.org.ba\/en\/okrugli-sto-primjene-odredaba-clana-24-un-konvencije-o-pravima-osoba-s-invaliditetom-i-preporuka-komiteta-un-u-svjetlu-pripreme-strategije-inkluzivnog-obrazovanja-tk\/","title":{"rendered":"Round table: &quot;Implementation of the provisions of Article 24 of the UN Convention on the Rights of Persons with Disabilities and the recommendations of the UN Committee in light of the preparation of the Inclusive Education Strategy of the Canton of Tuzla&quot;"},"content":{"rendered":"<div dir=\"auto\"><span style=\"font-family: arial, helvetica, sans-serif; font-size: 12pt;\">A roundtable discussion was held at the &quot;Dramar&quot; Shopping Center in Tuzla on December 22, 2021: &quot;Implementation of the provisions of Article 24 of the UN Convention on the Rights of Persons with Disabilities and the recommendations of the UN Committee in light of the preparation of the Inclusive Education Strategy of Tuzla Canton&quot;.<\/span><\/div>\n<div dir=\"auto\"><span style=\"font-family: arial, helvetica, sans-serif; font-size: 12pt;\">The round table was attended by 14 participants, the moderator was the president of the Coalition of Organizations of Persons with Disabilities of the Canton of Sarajevo, Suvad Zahirovi\u0107, and the speakers were Assoc. Prof. Dr. Zumreta Galija\u0161evi\u0107, the director of the Institute for Education of Persons with Disabilities in Mental and Physical Development in Tuzla, Ms. Selma Hod\u017ei\u0107, and the president of the Coordination Board of Organizations of Persons with Disabilities of the Canton of Sarajevo, Fikret Zuko.<\/span><\/div>\n<div><\/div>\n<div dir=\"auto\"><span style=\"font-family: arial, helvetica, sans-serif; font-size: 12pt;\">Those present discussed the need and methods of working against discrimination against children and young people with disabilities in education, and achieving their participation on an equal basis with others, in the spirit of the UN Convention on the Rights of Persons with Disabilities. It was determined that a major problem, in addition to non-compliance with legal regulations, is the lack of unity in the views of organizations of people with disabilities and the mismatch of expectations of parents, teachers and the community. It was concluded that ways must be sought to advocate for an inclusive environment and provide support, so that children and young people with disabilities would not be included in the educational process only to the extent that they can adapt to the system, but that the essence is to adapt the education system to students with disabilities. It was said that a key step in advocacy is in the equal understanding and unified approach to the right to education of all actors in the movement of people with disabilities, as well as recognizing the needs of children and young people with disabilities for inclusion in the educational process. It was also confirmed that more emphasis must be placed on the fact that inclusive education does not only mean enabling architectural accessibility, but also ensuring all forms of support, such as teaching assistants, personal assistants, assistive technologies, etc.<\/span><\/div>\n<div><span style=\"font-family: arial, helvetica, sans-serif; font-size: 12pt;\">The round table was released as part of the joint activities of the coalitions operating in support of MyRight BiH 2020-2021.<\/span><\/div>\n<div><img fetchpriority=\"high\" decoding=\"async\" width=\"700\" height=\"525\" class=\"size-full wp-image-12954\" src=\"https:\/\/ic-lotos.org.ba\/wp-content\/uploads\/2021\/12\/images_Okrugli_sto_obrazovanje_22_12_21_slika_2.jpg\" alt=\"Okrugli sto obrazovanje 22 12 21 slika 2\" srcset=\"https:\/\/ic-lotos.org.ba\/wp-content\/uploads\/2021\/12\/images_Okrugli_sto_obrazovanje_22_12_21_slika_2.jpg 700w, https:\/\/ic-lotos.org.ba\/wp-content\/uploads\/2021\/12\/images_Okrugli_sto_obrazovanje_22_12_21_slika_2-600x450.jpg 600w, https:\/\/ic-lotos.org.ba\/wp-content\/uploads\/2021\/12\/images_Okrugli_sto_obrazovanje_22_12_21_slika_2-300x225.jpg 300w, https:\/\/ic-lotos.org.ba\/wp-content\/uploads\/2021\/12\/images_Okrugli_sto_obrazovanje_22_12_21_slika_2-440x330.jpg 440w\" sizes=\"(max-width: 700px) 100vw, 700px\" \/><img decoding=\"async\" width=\"700\" height=\"525\" class=\"size-full wp-image-12955\" src=\"https:\/\/ic-lotos.org.ba\/wp-content\/uploads\/2021\/12\/images_Okrugli_sto_obrazovanje_22_12_21_slika_3.jpg\" alt=\"Okrugli sto obrazovanje 22 12 21 slika 3\" srcset=\"https:\/\/ic-lotos.org.ba\/wp-content\/uploads\/2021\/12\/images_Okrugli_sto_obrazovanje_22_12_21_slika_3.jpg 700w, https:\/\/ic-lotos.org.ba\/wp-content\/uploads\/2021\/12\/images_Okrugli_sto_obrazovanje_22_12_21_slika_3-600x450.jpg 600w, https:\/\/ic-lotos.org.ba\/wp-content\/uploads\/2021\/12\/images_Okrugli_sto_obrazovanje_22_12_21_slika_3-300x225.jpg 300w, https:\/\/ic-lotos.org.ba\/wp-content\/uploads\/2021\/12\/images_Okrugli_sto_obrazovanje_22_12_21_slika_3-440x330.jpg 440w\" sizes=\"(max-width: 700px) 100vw, 700px\" \/><\/div>\n<div class=\"gsp_post_data\" \r\n\t            data-post_type=\"post\" \r\n\t            data-cat=\"vijesti\" \r\n\t            data-modified=\"120\"\r\n\t            data-created=\"1640588254\"\r\n\t            data-title=\"Okrugli sto: \u201ePrimjene odredaba \u010clana 24 UN Konvencije o pravima osoba s invaliditetom i preporuka Komiteta UN u svjetlu pripreme Strategije inkluzivnog obrazovanja TK\u201c\" \r\n\t            data-home=\"https:\/\/ic-lotos.org.ba\/en\"><\/div>","protected":false},"excerpt":{"rendered":"<p>U Tr\u017enom centru &bdquo;Dramar&ldquo; Tuzla 22. decembra 2021. godine odr\u017ean je okrugli sto: &bdquo;Primjene odredaba \u010clana 24 UN Konvencije o pravima osoba s invaliditetom i preporuka Komiteta UN u svjetlu pripreme Strategije inkluzivnog obrazovanja TK&ldquo;. Okruglom stolu je prisustvovalo 14 [&hellip;]<\/p>\n","protected":false},"author":5,"featured_media":12953,"comment_status":"open","ping_status":"closed","sticky":false,"template":"","format":"standard","meta":{"footnotes":""},"categories":[65],"tags":[],"class_list":["post-12956","post","type-post","status-publish","format-standard","has-post-thumbnail","hentry","category-vijesti"],"yoast_head":"<!-- This site is optimized with the Yoast SEO plugin v27.5 - https:\/\/yoast.com\/product\/yoast-seo-wordpress\/ -->\n<title>Okrugli sto: \u201ePrimjene odredaba \u010clana 24 UN Konvencije o pravima osoba s invaliditetom i preporuka Komiteta UN u svjetlu pripreme Strategije inkluzivnog obrazovanja TK\u201c - IC Lotos Tuzla<\/title>\n<meta name=\"robots\" content=\"index, follow, max-snippet:-1, max-image-preview:large, max-video-preview:-1\" \/>\n<link rel=\"canonical\" href=\"https:\/\/ic-lotos.org.ba\/en\/okrugli-sto-primjene-odredaba-clana-24-un-konvencije-o-pravima-osoba-s-invaliditetom-i-preporuka-komiteta-un-u-svjetlu-pripreme-strategije-inkluzivnog-obrazovanja-tk\/\" \/>\n<meta property=\"og:locale\" content=\"en_US\" \/>\n<meta property=\"og:type\" content=\"article\" \/>\n<meta property=\"og:title\" content=\"Okrugli sto: \u201ePrimjene odredaba \u010clana 24 UN Konvencije o pravima osoba s invaliditetom i preporuka Komiteta UN u svjetlu pripreme Strategije inkluzivnog obrazovanja TK\u201c - IC Lotos Tuzla\" \/>\n<meta property=\"og:description\" content=\"U Tr\u017enom centru &bdquo;Dramar&ldquo; Tuzla 22. decembra 2021. godine odr\u017ean je okrugli sto: &bdquo;Primjene odredaba \u010clana 24 UN Konvencije o pravima osoba s invaliditetom i preporuka Komiteta UN u svjetlu pripreme Strategije inkluzivnog obrazovanja TK&ldquo;. Okruglom stolu je prisustvovalo 14 [&hellip;]\" \/>\n<meta property=\"og:url\" content=\"https:\/\/ic-lotos.org.ba\/en\/okrugli-sto-primjene-odredaba-clana-24-un-konvencije-o-pravima-osoba-s-invaliditetom-i-preporuka-komiteta-un-u-svjetlu-pripreme-strategije-inkluzivnog-obrazovanja-tk\/\" \/>\n<meta property=\"og:site_name\" content=\"IC Lotos Tuzla\" \/>\n<meta property=\"article:publisher\" content=\"https:\/\/www.facebook.com\/iclotos\/\" \/>\n<meta property=\"article:published_time\" content=\"2021-12-27T06:57:34+00:00\" \/>\n<meta property=\"article:modified_time\" content=\"2023-10-19T14:44:25+00:00\" \/>\n<meta property=\"og:image\" content=\"https:\/\/ic-lotos.org.ba\/wp-content\/uploads\/2021\/12\/images_Okrugli_sto_obrazovanje_22_12_21_slika_1.jpg\" \/>\n\t<meta property=\"og:image:width\" content=\"700\" \/>\n\t<meta property=\"og:image:height\" content=\"525\" \/>\n\t<meta property=\"og:image:type\" content=\"image\/jpeg\" \/>\n<meta name=\"author\" content=\"Jasminko Bijeli\u0107\" \/>\n<meta name=\"twitter:card\" content=\"summary_large_image\" \/>\n<meta name=\"twitter:label1\" content=\"Written by\" \/>\n\t<meta name=\"twitter:data1\" content=\"Jasminko Bijeli\u0107\" \/>\n\t<meta name=\"twitter:label2\" content=\"Est. reading time\" \/>\n\t<meta name=\"twitter:data2\" content=\"2 minutes\" \/>\n<script type=\"application\/ld+json\" class=\"yoast-schema-graph\">{\"@context\":\"https:\\\/\\\/schema.org\",\"@graph\":[{\"@type\":\"Article\",\"@id\":\"https:\\\/\\\/ic-lotos.org.ba\\\/okrugli-sto-primjene-odredaba-clana-24-un-konvencije-o-pravima-osoba-s-invaliditetom-i-preporuka-komiteta-un-u-svjetlu-pripreme-strategije-inkluzivnog-obrazovanja-tk\\\/#article\",\"isPartOf\":{\"@id\":\"https:\\\/\\\/ic-lotos.org.ba\\\/okrugli-sto-primjene-odredaba-clana-24-un-konvencije-o-pravima-osoba-s-invaliditetom-i-preporuka-komiteta-un-u-svjetlu-pripreme-strategije-inkluzivnog-obrazovanja-tk\\\/\"},\"author\":{\"name\":\"Jasminko Bijeli\u0107\",\"@id\":\"https:\\\/\\\/ic-lotos.org.ba\\\/#\\\/schema\\\/person\\\/fb1da7c92bc3365aad6d1abac5bfe80a\"},\"headline\":\"Okrugli sto: \u201ePrimjene odredaba \u010clana 24 UN Konvencije o pravima osoba s invaliditetom i preporuka Komiteta UN u svjetlu pripreme Strategije inkluzivnog obrazovanja TK\u201c\",\"datePublished\":\"2021-12-27T06:57:34+00:00\",\"dateModified\":\"2023-10-19T14:44:25+00:00\",\"mainEntityOfPage\":{\"@id\":\"https:\\\/\\\/ic-lotos.org.ba\\\/okrugli-sto-primjene-odredaba-clana-24-un-konvencije-o-pravima-osoba-s-invaliditetom-i-preporuka-komiteta-un-u-svjetlu-pripreme-strategije-inkluzivnog-obrazovanja-tk\\\/\"},\"wordCount\":353,\"commentCount\":0,\"publisher\":{\"@id\":\"https:\\\/\\\/ic-lotos.org.ba\\\/#organization\"},\"image\":{\"@id\":\"https:\\\/\\\/ic-lotos.org.ba\\\/okrugli-sto-primjene-odredaba-clana-24-un-konvencije-o-pravima-osoba-s-invaliditetom-i-preporuka-komiteta-un-u-svjetlu-pripreme-strategije-inkluzivnog-obrazovanja-tk\\\/#primaryimage\"},\"thumbnailUrl\":\"https:\\\/\\\/ic-lotos.org.ba\\\/wp-content\\\/uploads\\\/2021\\\/12\\\/images_Okrugli_sto_obrazovanje_22_12_21_slika_1.jpg\",\"articleSection\":[\"Vijesti\"],\"inLanguage\":\"en-US\"},{\"@type\":\"WebPage\",\"@id\":\"https:\\\/\\\/ic-lotos.org.ba\\\/okrugli-sto-primjene-odredaba-clana-24-un-konvencije-o-pravima-osoba-s-invaliditetom-i-preporuka-komiteta-un-u-svjetlu-pripreme-strategije-inkluzivnog-obrazovanja-tk\\\/\",\"url\":\"https:\\\/\\\/ic-lotos.org.ba\\\/okrugli-sto-primjene-odredaba-clana-24-un-konvencije-o-pravima-osoba-s-invaliditetom-i-preporuka-komiteta-un-u-svjetlu-pripreme-strategije-inkluzivnog-obrazovanja-tk\\\/\",\"name\":\"Okrugli sto: \u201ePrimjene odredaba \u010clana 24 UN Konvencije o pravima osoba s invaliditetom i preporuka Komiteta UN u svjetlu pripreme Strategije inkluzivnog obrazovanja TK\u201c - IC Lotos Tuzla\",\"isPartOf\":{\"@id\":\"https:\\\/\\\/ic-lotos.org.ba\\\/#website\"},\"primaryImageOfPage\":{\"@id\":\"https:\\\/\\\/ic-lotos.org.ba\\\/okrugli-sto-primjene-odredaba-clana-24-un-konvencije-o-pravima-osoba-s-invaliditetom-i-preporuka-komiteta-un-u-svjetlu-pripreme-strategije-inkluzivnog-obrazovanja-tk\\\/#primaryimage\"},\"image\":{\"@id\":\"https:\\\/\\\/ic-lotos.org.ba\\\/okrugli-sto-primjene-odredaba-clana-24-un-konvencije-o-pravima-osoba-s-invaliditetom-i-preporuka-komiteta-un-u-svjetlu-pripreme-strategije-inkluzivnog-obrazovanja-tk\\\/#primaryimage\"},\"thumbnailUrl\":\"https:\\\/\\\/ic-lotos.org.ba\\\/wp-content\\\/uploads\\\/2021\\\/12\\\/images_Okrugli_sto_obrazovanje_22_12_21_slika_1.jpg\",\"datePublished\":\"2021-12-27T06:57:34+00:00\",\"dateModified\":\"2023-10-19T14:44:25+00:00\",\"breadcrumb\":{\"@id\":\"https:\\\/\\\/ic-lotos.org.ba\\\/okrugli-sto-primjene-odredaba-clana-24-un-konvencije-o-pravima-osoba-s-invaliditetom-i-preporuka-komiteta-un-u-svjetlu-pripreme-strategije-inkluzivnog-obrazovanja-tk\\\/#breadcrumb\"},\"inLanguage\":\"en-US\",\"potentialAction\":[{\"@type\":\"ReadAction\",\"target\":[\"https:\\\/\\\/ic-lotos.org.ba\\\/okrugli-sto-primjene-odredaba-clana-24-un-konvencije-o-pravima-osoba-s-invaliditetom-i-preporuka-komiteta-un-u-svjetlu-pripreme-strategije-inkluzivnog-obrazovanja-tk\\\/\"]}]},{\"@type\":\"ImageObject\",\"inLanguage\":\"en-US\",\"@id\":\"https:\\\/\\\/ic-lotos.org.ba\\\/okrugli-sto-primjene-odredaba-clana-24-un-konvencije-o-pravima-osoba-s-invaliditetom-i-preporuka-komiteta-un-u-svjetlu-pripreme-strategije-inkluzivnog-obrazovanja-tk\\\/#primaryimage\",\"url\":\"https:\\\/\\\/ic-lotos.org.ba\\\/wp-content\\\/uploads\\\/2021\\\/12\\\/images_Okrugli_sto_obrazovanje_22_12_21_slika_1.jpg\",\"contentUrl\":\"https:\\\/\\\/ic-lotos.org.ba\\\/wp-content\\\/uploads\\\/2021\\\/12\\\/images_Okrugli_sto_obrazovanje_22_12_21_slika_1.jpg\",\"width\":700,\"height\":525,\"caption\":\"Okrugli sto obrazovanje 22 12 21 slika 1\"},{\"@type\":\"BreadcrumbList\",\"@id\":\"https:\\\/\\\/ic-lotos.org.ba\\\/okrugli-sto-primjene-odredaba-clana-24-un-konvencije-o-pravima-osoba-s-invaliditetom-i-preporuka-komiteta-un-u-svjetlu-pripreme-strategije-inkluzivnog-obrazovanja-tk\\\/#breadcrumb\",\"itemListElement\":[{\"@type\":\"ListItem\",\"position\":1,\"name\":\"Naslovna\",\"item\":\"https:\\\/\\\/ic-lotos.org.ba\\\/\"},{\"@type\":\"ListItem\",\"position\":2,\"name\":\"Okrugli sto: \u201ePrimjene odredaba \u010clana 24 UN Konvencije o pravima osoba s invaliditetom i preporuka Komiteta UN u svjetlu pripreme Strategije inkluzivnog obrazovanja TK\u201c\"}]},{\"@type\":\"WebSite\",\"@id\":\"https:\\\/\\\/ic-lotos.org.ba\\\/#website\",\"url\":\"https:\\\/\\\/ic-lotos.org.ba\\\/\",\"name\":\"IC Lotos Tuzla\",\"description\":\"Informativni centar \u201cLotos\u201d okuplja osobe sa ili bez invaliditeta koje su zainteresovane da svojim radom bilo na profesionalnoj ili volonterskoj osnovi doprinesu ostvarivanju misije organizacije.\",\"publisher\":{\"@id\":\"https:\\\/\\\/ic-lotos.org.ba\\\/#organization\"},\"potentialAction\":[{\"@type\":\"SearchAction\",\"target\":{\"@type\":\"EntryPoint\",\"urlTemplate\":\"https:\\\/\\\/ic-lotos.org.ba\\\/?s={search_term_string}\"},\"query-input\":{\"@type\":\"PropertyValueSpecification\",\"valueRequired\":true,\"valueName\":\"search_term_string\"}}],\"inLanguage\":\"en-US\"},{\"@type\":\"Organization\",\"@id\":\"https:\\\/\\\/ic-lotos.org.ba\\\/#organization\",\"name\":\"IC Lotos Tuzla\",\"url\":\"https:\\\/\\\/ic-lotos.org.ba\\\/\",\"logo\":{\"@type\":\"ImageObject\",\"inLanguage\":\"en-US\",\"@id\":\"https:\\\/\\\/ic-lotos.org.ba\\\/#\\\/schema\\\/logo\\\/image\\\/\",\"url\":\"https:\\\/\\\/ic-lotos.org.ba\\\/wp-content\\\/uploads\\\/2019\\\/11\\\/logo.jpg\",\"contentUrl\":\"https:\\\/\\\/ic-lotos.org.ba\\\/wp-content\\\/uploads\\\/2019\\\/11\\\/logo.jpg\",\"width\":575,\"height\":623,\"caption\":\"IC Lotos Tuzla\"},\"image\":{\"@id\":\"https:\\\/\\\/ic-lotos.org.ba\\\/#\\\/schema\\\/logo\\\/image\\\/\"},\"sameAs\":[\"https:\\\/\\\/www.facebook.com\\\/iclotos\\\/\",\"https:\\\/\\\/www.youtube.com\\\/feed\\\/library\"]},{\"@type\":\"Person\",\"@id\":\"https:\\\/\\\/ic-lotos.org.ba\\\/#\\\/schema\\\/person\\\/fb1da7c92bc3365aad6d1abac5bfe80a\",\"name\":\"Jasminko Bijeli\u0107\",\"image\":{\"@type\":\"ImageObject\",\"inLanguage\":\"en-US\",\"@id\":\"https:\\\/\\\/secure.gravatar.com\\\/avatar\\\/d694f8eb6cc3383210938655f7851f13239ed2f29afcf4e787e3c519ba016d67?s=96&d=mm&r=g\",\"url\":\"https:\\\/\\\/secure.gravatar.com\\\/avatar\\\/d694f8eb6cc3383210938655f7851f13239ed2f29afcf4e787e3c519ba016d67?s=96&d=mm&r=g\",\"contentUrl\":\"https:\\\/\\\/secure.gravatar.com\\\/avatar\\\/d694f8eb6cc3383210938655f7851f13239ed2f29afcf4e787e3c519ba016d67?s=96&d=mm&r=g\",\"caption\":\"Jasminko Bijeli\u0107\"}}]}<\/script>\n<!-- \/ Yoast SEO plugin. -->","yoast_head_json":{"title":"Okrugli sto: \u201ePrimjene odredaba \u010clana 24 UN Konvencije o pravima osoba s invaliditetom i preporuka Komiteta UN u svjetlu pripreme Strategije inkluzivnog obrazovanja TK\u201c - IC Lotos Tuzla","robots":{"index":"index","follow":"follow","max-snippet":"max-snippet:-1","max-image-preview":"max-image-preview:large","max-video-preview":"max-video-preview:-1"},"canonical":"https:\/\/ic-lotos.org.ba\/en\/okrugli-sto-primjene-odredaba-clana-24-un-konvencije-o-pravima-osoba-s-invaliditetom-i-preporuka-komiteta-un-u-svjetlu-pripreme-strategije-inkluzivnog-obrazovanja-tk\/","og_locale":"en_US","og_type":"article","og_title":"Okrugli sto: \u201ePrimjene odredaba \u010clana 24 UN Konvencije o pravima osoba s invaliditetom i preporuka Komiteta UN u svjetlu pripreme Strategije inkluzivnog obrazovanja TK\u201c - IC Lotos Tuzla","og_description":"U Tr\u017enom centru &bdquo;Dramar&ldquo; Tuzla 22. decembra 2021. godine odr\u017ean je okrugli sto: &bdquo;Primjene odredaba \u010clana 24 UN Konvencije o pravima osoba s invaliditetom i preporuka Komiteta UN u svjetlu pripreme Strategije inkluzivnog obrazovanja TK&ldquo;. Okruglom stolu je prisustvovalo 14 [&hellip;]","og_url":"https:\/\/ic-lotos.org.ba\/en\/okrugli-sto-primjene-odredaba-clana-24-un-konvencije-o-pravima-osoba-s-invaliditetom-i-preporuka-komiteta-un-u-svjetlu-pripreme-strategije-inkluzivnog-obrazovanja-tk\/","og_site_name":"IC Lotos Tuzla","article_publisher":"https:\/\/www.facebook.com\/iclotos\/","article_published_time":"2021-12-27T06:57:34+00:00","article_modified_time":"2023-10-19T14:44:25+00:00","og_image":[{"width":700,"height":525,"url":"https:\/\/ic-lotos.org.ba\/wp-content\/uploads\/2021\/12\/images_Okrugli_sto_obrazovanje_22_12_21_slika_1.jpg","type":"image\/jpeg"}],"author":"Jasminko Bijeli\u0107","twitter_card":"summary_large_image","twitter_misc":{"Written by":"Jasminko Bijeli\u0107","Est. reading time":"2 minutes"},"schema":{"@context":"https:\/\/schema.org","@graph":[{"@type":"Article","@id":"https:\/\/ic-lotos.org.ba\/okrugli-sto-primjene-odredaba-clana-24-un-konvencije-o-pravima-osoba-s-invaliditetom-i-preporuka-komiteta-un-u-svjetlu-pripreme-strategije-inkluzivnog-obrazovanja-tk\/#article","isPartOf":{"@id":"https:\/\/ic-lotos.org.ba\/okrugli-sto-primjene-odredaba-clana-24-un-konvencije-o-pravima-osoba-s-invaliditetom-i-preporuka-komiteta-un-u-svjetlu-pripreme-strategije-inkluzivnog-obrazovanja-tk\/"},"author":{"name":"Jasminko Bijeli\u0107","@id":"https:\/\/ic-lotos.org.ba\/#\/schema\/person\/fb1da7c92bc3365aad6d1abac5bfe80a"},"headline":"Okrugli sto: \u201ePrimjene odredaba \u010clana 24 UN Konvencije o pravima osoba s invaliditetom i preporuka Komiteta UN u svjetlu pripreme Strategije inkluzivnog obrazovanja TK\u201c","datePublished":"2021-12-27T06:57:34+00:00","dateModified":"2023-10-19T14:44:25+00:00","mainEntityOfPage":{"@id":"https:\/\/ic-lotos.org.ba\/okrugli-sto-primjene-odredaba-clana-24-un-konvencije-o-pravima-osoba-s-invaliditetom-i-preporuka-komiteta-un-u-svjetlu-pripreme-strategije-inkluzivnog-obrazovanja-tk\/"},"wordCount":353,"commentCount":0,"publisher":{"@id":"https:\/\/ic-lotos.org.ba\/#organization"},"image":{"@id":"https:\/\/ic-lotos.org.ba\/okrugli-sto-primjene-odredaba-clana-24-un-konvencije-o-pravima-osoba-s-invaliditetom-i-preporuka-komiteta-un-u-svjetlu-pripreme-strategije-inkluzivnog-obrazovanja-tk\/#primaryimage"},"thumbnailUrl":"https:\/\/ic-lotos.org.ba\/wp-content\/uploads\/2021\/12\/images_Okrugli_sto_obrazovanje_22_12_21_slika_1.jpg","articleSection":["Vijesti"],"inLanguage":"en-US"},{"@type":"WebPage","@id":"https:\/\/ic-lotos.org.ba\/okrugli-sto-primjene-odredaba-clana-24-un-konvencije-o-pravima-osoba-s-invaliditetom-i-preporuka-komiteta-un-u-svjetlu-pripreme-strategije-inkluzivnog-obrazovanja-tk\/","url":"https:\/\/ic-lotos.org.ba\/okrugli-sto-primjene-odredaba-clana-24-un-konvencije-o-pravima-osoba-s-invaliditetom-i-preporuka-komiteta-un-u-svjetlu-pripreme-strategije-inkluzivnog-obrazovanja-tk\/","name":"Okrugli sto: \u201ePrimjene odredaba \u010clana 24 UN Konvencije o pravima osoba s invaliditetom i preporuka Komiteta UN u svjetlu pripreme Strategije inkluzivnog obrazovanja TK\u201c - IC Lotos Tuzla","isPartOf":{"@id":"https:\/\/ic-lotos.org.ba\/#website"},"primaryImageOfPage":{"@id":"https:\/\/ic-lotos.org.ba\/okrugli-sto-primjene-odredaba-clana-24-un-konvencije-o-pravima-osoba-s-invaliditetom-i-preporuka-komiteta-un-u-svjetlu-pripreme-strategije-inkluzivnog-obrazovanja-tk\/#primaryimage"},"image":{"@id":"https:\/\/ic-lotos.org.ba\/okrugli-sto-primjene-odredaba-clana-24-un-konvencije-o-pravima-osoba-s-invaliditetom-i-preporuka-komiteta-un-u-svjetlu-pripreme-strategije-inkluzivnog-obrazovanja-tk\/#primaryimage"},"thumbnailUrl":"https:\/\/ic-lotos.org.ba\/wp-content\/uploads\/2021\/12\/images_Okrugli_sto_obrazovanje_22_12_21_slika_1.jpg","datePublished":"2021-12-27T06:57:34+00:00","dateModified":"2023-10-19T14:44:25+00:00","breadcrumb":{"@id":"https:\/\/ic-lotos.org.ba\/okrugli-sto-primjene-odredaba-clana-24-un-konvencije-o-pravima-osoba-s-invaliditetom-i-preporuka-komiteta-un-u-svjetlu-pripreme-strategije-inkluzivnog-obrazovanja-tk\/#breadcrumb"},"inLanguage":"en-US","potentialAction":[{"@type":"ReadAction","target":["https:\/\/ic-lotos.org.ba\/okrugli-sto-primjene-odredaba-clana-24-un-konvencije-o-pravima-osoba-s-invaliditetom-i-preporuka-komiteta-un-u-svjetlu-pripreme-strategije-inkluzivnog-obrazovanja-tk\/"]}]},{"@type":"ImageObject","inLanguage":"en-US","@id":"https:\/\/ic-lotos.org.ba\/okrugli-sto-primjene-odredaba-clana-24-un-konvencije-o-pravima-osoba-s-invaliditetom-i-preporuka-komiteta-un-u-svjetlu-pripreme-strategije-inkluzivnog-obrazovanja-tk\/#primaryimage","url":"https:\/\/ic-lotos.org.ba\/wp-content\/uploads\/2021\/12\/images_Okrugli_sto_obrazovanje_22_12_21_slika_1.jpg","contentUrl":"https:\/\/ic-lotos.org.ba\/wp-content\/uploads\/2021\/12\/images_Okrugli_sto_obrazovanje_22_12_21_slika_1.jpg","width":700,"height":525,"caption":"Okrugli sto obrazovanje 22 12 21 slika 1"},{"@type":"BreadcrumbList","@id":"https:\/\/ic-lotos.org.ba\/okrugli-sto-primjene-odredaba-clana-24-un-konvencije-o-pravima-osoba-s-invaliditetom-i-preporuka-komiteta-un-u-svjetlu-pripreme-strategije-inkluzivnog-obrazovanja-tk\/#breadcrumb","itemListElement":[{"@type":"ListItem","position":1,"name":"Naslovna","item":"https:\/\/ic-lotos.org.ba\/"},{"@type":"ListItem","position":2,"name":"Okrugli sto: \u201ePrimjene odredaba \u010clana 24 UN Konvencije o pravima osoba s invaliditetom i preporuka Komiteta UN u svjetlu pripreme Strategije inkluzivnog obrazovanja TK\u201c"}]},{"@type":"WebSite","@id":"https:\/\/ic-lotos.org.ba\/#website","url":"https:\/\/ic-lotos.org.ba\/","name":"IC Lotos Tuzla","description":"Informativni centar \u201cLotos\u201d okuplja osobe sa ili bez invaliditeta koje su zainteresovane da svojim radom bilo na profesionalnoj ili volonterskoj osnovi doprinesu ostvarivanju misije organizacije.","publisher":{"@id":"https:\/\/ic-lotos.org.ba\/#organization"},"potentialAction":[{"@type":"SearchAction","target":{"@type":"EntryPoint","urlTemplate":"https:\/\/ic-lotos.org.ba\/?s={search_term_string}"},"query-input":{"@type":"PropertyValueSpecification","valueRequired":true,"valueName":"search_term_string"}}],"inLanguage":"en-US"},{"@type":"Organization","@id":"https:\/\/ic-lotos.org.ba\/#organization","name":"IC Lotos Tuzla","url":"https:\/\/ic-lotos.org.ba\/","logo":{"@type":"ImageObject","inLanguage":"en-US","@id":"https:\/\/ic-lotos.org.ba\/#\/schema\/logo\/image\/","url":"https:\/\/ic-lotos.org.ba\/wp-content\/uploads\/2019\/11\/logo.jpg","contentUrl":"https:\/\/ic-lotos.org.ba\/wp-content\/uploads\/2019\/11\/logo.jpg","width":575,"height":623,"caption":"IC Lotos Tuzla"},"image":{"@id":"https:\/\/ic-lotos.org.ba\/#\/schema\/logo\/image\/"},"sameAs":["https:\/\/www.facebook.com\/iclotos\/","https:\/\/www.youtube.com\/feed\/library"]},{"@type":"Person","@id":"https:\/\/ic-lotos.org.ba\/#\/schema\/person\/fb1da7c92bc3365aad6d1abac5bfe80a","name":"Jasminko Bijeli\u0107","image":{"@type":"ImageObject","inLanguage":"en-US","@id":"https:\/\/secure.gravatar.com\/avatar\/d694f8eb6cc3383210938655f7851f13239ed2f29afcf4e787e3c519ba016d67?s=96&d=mm&r=g","url":"https:\/\/secure.gravatar.com\/avatar\/d694f8eb6cc3383210938655f7851f13239ed2f29afcf4e787e3c519ba016d67?s=96&d=mm&r=g","contentUrl":"https:\/\/secure.gravatar.com\/avatar\/d694f8eb6cc3383210938655f7851f13239ed2f29afcf4e787e3c519ba016d67?s=96&d=mm&r=g","caption":"Jasminko Bijeli\u0107"}}]}},"_links":{"self":[{"href":"https:\/\/ic-lotos.org.ba\/en\/wp-json\/wp\/v2\/posts\/12956","targetHints":{"allow":["GET"]}}],"collection":[{"href":"https:\/\/ic-lotos.org.ba\/en\/wp-json\/wp\/v2\/posts"}],"about":[{"href":"https:\/\/ic-lotos.org.ba\/en\/wp-json\/wp\/v2\/types\/post"}],"author":[{"embeddable":true,"href":"https:\/\/ic-lotos.org.ba\/en\/wp-json\/wp\/v2\/users\/5"}],"replies":[{"embeddable":true,"href":"https:\/\/ic-lotos.org.ba\/en\/wp-json\/wp\/v2\/comments?post=12956"}],"version-history":[{"count":1,"href":"https:\/\/ic-lotos.org.ba\/en\/wp-json\/wp\/v2\/posts\/12956\/revisions"}],"predecessor-version":[{"id":13918,"href":"https:\/\/ic-lotos.org.ba\/en\/wp-json\/wp\/v2\/posts\/12956\/revisions\/13918"}],"wp:featuredmedia":[{"embeddable":true,"href":"https:\/\/ic-lotos.org.ba\/en\/wp-json\/wp\/v2\/media\/12953"}],"wp:attachment":[{"href":"https:\/\/ic-lotos.org.ba\/en\/wp-json\/wp\/v2\/media?parent=12956"}],"wp:term":[{"taxonomy":"category","embeddable":true,"href":"https:\/\/ic-lotos.org.ba\/en\/wp-json\/wp\/v2\/categories?post=12956"},{"taxonomy":"post_tag","embeddable":true,"href":"https:\/\/ic-lotos.org.ba\/en\/wp-json\/wp\/v2\/tags?post=12956"}],"curies":[{"name":"wp","href":"https:\/\/api.w.org\/{rel}","templated":true}]}}