{"id":12845,"date":"2021-08-20T07:42:22","date_gmt":"2021-08-20T07:42:22","guid":{"rendered":"https:\/\/v2.ic-lotos.org.ba\/festivala-mladih-2021-u-tk\/"},"modified":"2023-10-19T14:44:27","modified_gmt":"2023-10-19T14:44:27","slug":"festivala-mladih-2021-u-tk","status":"publish","type":"post","link":"https:\/\/ic-lotos.org.ba\/en\/festivala-mladih-2021-u-tk\/","title":{"rendered":"Youth Festival 2021 in TK"},"content":{"rendered":"<\/p>\n<p><span style=\"font-family: arial, helvetica, sans-serif; font-size: 12pt;\">It is our honor and pleasure to invite you to the official opening of the Youth Festival 2021 in TK, which will be held on August 22, 2021, at Slobode Square in the center of Tuzla. We are officially opening the Youth Festival with the &quot;TUZLA DANCE&quot; event.<\/span><\/p>\n<p><span style=\"font-family: arial, helvetica, sans-serif; font-size: 12pt;\">Tuzla Canton is becoming a center of talented, hardworking, innovative and successful young people. The festival will bring together thousands of young people in Tuzla Canton ready to show themselves in the fields of art, activism, sports, ecology, advanced technologies, science and innovation.<\/span><\/p>\n<p><span style=\"font-family: arial, helvetica, sans-serif; font-size: 12pt;\">Radio Kameleon, with the support of the Government of the Federation of Bosnia and Herzegovina, the Government of Tuzla Canton, the Ministry of Sports, Culture and Youth of Tuzla Canton, youth organizations and eight municipalities and cities from the Tuzla Canton, is implementing the Youth Festival project.<\/span><\/p>\n<p><span style=\"font-family: arial, helvetica, sans-serif; font-size: 12pt;\">Program of the Tuzla Dances event:<\/span><\/p>\n<p><span style=\"font-family: arial, helvetica, sans-serif; font-size: 12pt;\">6:00 PM \u2013 8:00 PM \u2013 Kids Party \/\/Dance School, Kids DJ, Face painting, \u0160arenko, dance for children and parents<\/span><\/p>\n<p><span style=\"font-family: arial, helvetica, sans-serif; font-size: 12pt;\">8:00 PM \u2013 11:00 PM \u2013 Party for all generations \/\/ Dance school for adults, amateur dancer competition + BIG PRIZE COMPETITION<\/span><\/p>\n<p><span style=\"font-family: arial, helvetica, sans-serif; font-size: 12pt;\">A free dance workshop in Bachata, Kizomba and Salsa will be organized for all fellow citizens, while the workshop will be led by dance expert Semir \u0160eri\u0107 from Zenica.<\/span><\/p>\n<p><span style=\"font-family: arial, helvetica, sans-serif; font-size: 12pt;\">We invite you to magnify the opening of the Youth Festival with your participation, and your arrival<\/span><\/p>\n<p><span style=\"font-family: arial, helvetica, sans-serif; font-size: 12pt;\">we expect at 20:00. Please confirm your attendance no later than August 21, 2021. years to email<a href=\"mailto:info@festivalmladih.ba\"> <\/a><a href=\"mailto:info@festivalmladih.ba\">info@festivalmladih.ba<\/a> or phone number +387 62 074 197.<\/span><\/p>\n<p><span style=\"font-family: arial, helvetica, sans-serif; font-size: 12pt;\">For additional questions and information, please contact us via e-mail or phone.<\/span><\/p>\n<p><span style=\"font-family: arial, helvetica, sans-serif; font-size: 12pt;\">Find more information about the Youth Festival at <a href=\"http:\/\/www.festivalmladih.ba\/\">www.festivalmladih.ba<\/a>.<\/span><\/p>\n<p><span style=\"font-family: arial, helvetica, sans-serif; font-size: 12pt;\">We thank you in advance for your time and look forward to your presence.<\/span><\/p>\n<p><span style=\"font-family: arial, helvetica, sans-serif; font-size: 12pt;\">Respectfully,<\/span><\/p>\n<p><span style=\"font-family: arial, helvetica, sans-serif; font-size: 12pt;\">Amra Avdakovic <\/span><\/p>\n<p><span style=\"font-family: arial, helvetica, sans-serif; font-size: 12pt;\">Coordinator of the Youth Festival 2021<\/span><\/p>\n<div class=\"gsp_post_data\" \r\n\t            data-post_type=\"post\" \r\n\t            data-cat=\"vijesti\" \r\n\t            data-modified=\"120\"\r\n\t            data-created=\"1629445342\"\r\n\t            data-title=\"Festival mladih 2021 u TK\" \r\n\t            data-home=\"https:\/\/ic-lotos.org.ba\/en\"><\/div>","protected":false},"excerpt":{"rendered":"<p>\u010cast nam je i zadovoljstvo pozvati Vas na sve\u010dano otvorenje Festivala mladih 2021 u TK, koje \u0107e se odr\u017eati 22.08.2021, na Trgu Slobode u centru Tuzle. Festival mladih sve\u010dano otvaramo manifestacijom &bdquo;TUZLA PLE&Scaron;E&#8221;. Tuzlanski kanton postaje centar talentovanih, vrijednih, inovativnih [&hellip;]<\/p>\n","protected":false},"author":5,"featured_media":12844,"comment_status":"open","ping_status":"closed","sticky":false,"template":"","format":"standard","meta":{"footnotes":""},"categories":[65],"tags":[],"class_list":["post-12845","post","type-post","status-publish","format-standard","has-post-thumbnail","hentry","category-vijesti"],"yoast_head":"<!-- This site is optimized with the Yoast SEO plugin v27.5 - https:\/\/yoast.com\/product\/yoast-seo-wordpress\/ -->\n<title>Festival mladih 2021 u TK - IC Lotos Tuzla<\/title>\n<meta name=\"robots\" content=\"index, follow, max-snippet:-1, max-image-preview:large, max-video-preview:-1\" \/>\n<link rel=\"canonical\" href=\"https:\/\/ic-lotos.org.ba\/en\/festivala-mladih-2021-u-tk\/\" \/>\n<meta property=\"og:locale\" content=\"en_US\" \/>\n<meta property=\"og:type\" content=\"article\" \/>\n<meta property=\"og:title\" content=\"Festival mladih 2021 u TK - IC Lotos Tuzla\" \/>\n<meta property=\"og:description\" content=\"\u010cast nam je i zadovoljstvo pozvati Vas na sve\u010dano otvorenje Festivala mladih 2021 u TK, koje \u0107e se odr\u017eati 22.08.2021, na Trgu Slobode u centru Tuzle. Festival mladih sve\u010dano otvaramo manifestacijom &bdquo;TUZLA PLE&Scaron;E&#8221;. Tuzlanski kanton postaje centar talentovanih, vrijednih, inovativnih [&hellip;]\" \/>\n<meta property=\"og:url\" content=\"https:\/\/ic-lotos.org.ba\/en\/festivala-mladih-2021-u-tk\/\" \/>\n<meta property=\"og:site_name\" content=\"IC Lotos Tuzla\" \/>\n<meta property=\"article:publisher\" content=\"https:\/\/www.facebook.com\/iclotos\/\" \/>\n<meta property=\"article:published_time\" content=\"2021-08-20T07:42:22+00:00\" \/>\n<meta property=\"article:modified_time\" content=\"2023-10-19T14:44:27+00:00\" \/>\n<meta property=\"og:image\" content=\"https:\/\/ic-lotos.org.ba\/wp-content\/uploads\/2021\/08\/images_Untitled.png\" \/>\n\t<meta property=\"og:image:width\" content=\"509\" \/>\n\t<meta property=\"og:image:height\" content=\"193\" \/>\n\t<meta property=\"og:image:type\" content=\"image\/png\" \/>\n<meta name=\"author\" content=\"Jasminko Bijeli\u0107\" \/>\n<meta name=\"twitter:card\" content=\"summary_large_image\" \/>\n<meta name=\"twitter:label1\" content=\"Written by\" \/>\n\t<meta name=\"twitter:data1\" content=\"Jasminko Bijeli\u0107\" \/>\n\t<meta name=\"twitter:label2\" content=\"Est. reading time\" \/>\n\t<meta name=\"twitter:data2\" content=\"1 minute\" \/>\n<script type=\"application\/ld+json\" class=\"yoast-schema-graph\">{\"@context\":\"https:\\\/\\\/schema.org\",\"@graph\":[{\"@type\":\"Article\",\"@id\":\"https:\\\/\\\/ic-lotos.org.ba\\\/festivala-mladih-2021-u-tk\\\/#article\",\"isPartOf\":{\"@id\":\"https:\\\/\\\/ic-lotos.org.ba\\\/festivala-mladih-2021-u-tk\\\/\"},\"author\":{\"name\":\"Jasminko Bijeli\u0107\",\"@id\":\"https:\\\/\\\/ic-lotos.org.ba\\\/#\\\/schema\\\/person\\\/fb1da7c92bc3365aad6d1abac5bfe80a\"},\"headline\":\"Festival mladih 2021 u TK\",\"datePublished\":\"2021-08-20T07:42:22+00:00\",\"dateModified\":\"2023-10-19T14:44:27+00:00\",\"mainEntityOfPage\":{\"@id\":\"https:\\\/\\\/ic-lotos.org.ba\\\/festivala-mladih-2021-u-tk\\\/\"},\"wordCount\":273,\"commentCount\":0,\"publisher\":{\"@id\":\"https:\\\/\\\/ic-lotos.org.ba\\\/#organization\"},\"image\":{\"@id\":\"https:\\\/\\\/ic-lotos.org.ba\\\/festivala-mladih-2021-u-tk\\\/#primaryimage\"},\"thumbnailUrl\":\"https:\\\/\\\/ic-lotos.org.ba\\\/wp-content\\\/uploads\\\/2021\\\/08\\\/images_Untitled.png\",\"articleSection\":[\"Vijesti\"],\"inLanguage\":\"en-US\"},{\"@type\":\"WebPage\",\"@id\":\"https:\\\/\\\/ic-lotos.org.ba\\\/festivala-mladih-2021-u-tk\\\/\",\"url\":\"https:\\\/\\\/ic-lotos.org.ba\\\/festivala-mladih-2021-u-tk\\\/\",\"name\":\"Festival mladih 2021 u TK - IC Lotos Tuzla\",\"isPartOf\":{\"@id\":\"https:\\\/\\\/ic-lotos.org.ba\\\/#website\"},\"primaryImageOfPage\":{\"@id\":\"https:\\\/\\\/ic-lotos.org.ba\\\/festivala-mladih-2021-u-tk\\\/#primaryimage\"},\"image\":{\"@id\":\"https:\\\/\\\/ic-lotos.org.ba\\\/festivala-mladih-2021-u-tk\\\/#primaryimage\"},\"thumbnailUrl\":\"https:\\\/\\\/ic-lotos.org.ba\\\/wp-content\\\/uploads\\\/2021\\\/08\\\/images_Untitled.png\",\"datePublished\":\"2021-08-20T07:42:22+00:00\",\"dateModified\":\"2023-10-19T14:44:27+00:00\",\"breadcrumb\":{\"@id\":\"https:\\\/\\\/ic-lotos.org.ba\\\/festivala-mladih-2021-u-tk\\\/#breadcrumb\"},\"inLanguage\":\"en-US\",\"potentialAction\":[{\"@type\":\"ReadAction\",\"target\":[\"https:\\\/\\\/ic-lotos.org.ba\\\/festivala-mladih-2021-u-tk\\\/\"]}]},{\"@type\":\"ImageObject\",\"inLanguage\":\"en-US\",\"@id\":\"https:\\\/\\\/ic-lotos.org.ba\\\/festivala-mladih-2021-u-tk\\\/#primaryimage\",\"url\":\"https:\\\/\\\/ic-lotos.org.ba\\\/wp-content\\\/uploads\\\/2021\\\/08\\\/images_Untitled.png\",\"contentUrl\":\"https:\\\/\\\/ic-lotos.org.ba\\\/wp-content\\\/uploads\\\/2021\\\/08\\\/images_Untitled.png\",\"width\":509,\"height\":193,\"caption\":\"Untitled\"},{\"@type\":\"BreadcrumbList\",\"@id\":\"https:\\\/\\\/ic-lotos.org.ba\\\/festivala-mladih-2021-u-tk\\\/#breadcrumb\",\"itemListElement\":[{\"@type\":\"ListItem\",\"position\":1,\"name\":\"Naslovna\",\"item\":\"https:\\\/\\\/ic-lotos.org.ba\\\/\"},{\"@type\":\"ListItem\",\"position\":2,\"name\":\"Festival mladih 2021 u TK\"}]},{\"@type\":\"WebSite\",\"@id\":\"https:\\\/\\\/ic-lotos.org.ba\\\/#website\",\"url\":\"https:\\\/\\\/ic-lotos.org.ba\\\/\",\"name\":\"IC Lotos Tuzla\",\"description\":\"Informativni centar \u201cLotos\u201d okuplja osobe sa ili bez invaliditeta koje su zainteresovane da svojim radom bilo na profesionalnoj ili volonterskoj osnovi doprinesu ostvarivanju misije organizacije.\",\"publisher\":{\"@id\":\"https:\\\/\\\/ic-lotos.org.ba\\\/#organization\"},\"potentialAction\":[{\"@type\":\"SearchAction\",\"target\":{\"@type\":\"EntryPoint\",\"urlTemplate\":\"https:\\\/\\\/ic-lotos.org.ba\\\/?s={search_term_string}\"},\"query-input\":{\"@type\":\"PropertyValueSpecification\",\"valueRequired\":true,\"valueName\":\"search_term_string\"}}],\"inLanguage\":\"en-US\"},{\"@type\":\"Organization\",\"@id\":\"https:\\\/\\\/ic-lotos.org.ba\\\/#organization\",\"name\":\"IC Lotos Tuzla\",\"url\":\"https:\\\/\\\/ic-lotos.org.ba\\\/\",\"logo\":{\"@type\":\"ImageObject\",\"inLanguage\":\"en-US\",\"@id\":\"https:\\\/\\\/ic-lotos.org.ba\\\/#\\\/schema\\\/logo\\\/image\\\/\",\"url\":\"https:\\\/\\\/ic-lotos.org.ba\\\/wp-content\\\/uploads\\\/2019\\\/11\\\/logo.jpg\",\"contentUrl\":\"https:\\\/\\\/ic-lotos.org.ba\\\/wp-content\\\/uploads\\\/2019\\\/11\\\/logo.jpg\",\"width\":575,\"height\":623,\"caption\":\"IC Lotos Tuzla\"},\"image\":{\"@id\":\"https:\\\/\\\/ic-lotos.org.ba\\\/#\\\/schema\\\/logo\\\/image\\\/\"},\"sameAs\":[\"https:\\\/\\\/www.facebook.com\\\/iclotos\\\/\",\"https:\\\/\\\/www.youtube.com\\\/feed\\\/library\"]},{\"@type\":\"Person\",\"@id\":\"https:\\\/\\\/ic-lotos.org.ba\\\/#\\\/schema\\\/person\\\/fb1da7c92bc3365aad6d1abac5bfe80a\",\"name\":\"Jasminko Bijeli\u0107\",\"image\":{\"@type\":\"ImageObject\",\"inLanguage\":\"en-US\",\"@id\":\"https:\\\/\\\/secure.gravatar.com\\\/avatar\\\/d694f8eb6cc3383210938655f7851f13239ed2f29afcf4e787e3c519ba016d67?s=96&d=mm&r=g\",\"url\":\"https:\\\/\\\/secure.gravatar.com\\\/avatar\\\/d694f8eb6cc3383210938655f7851f13239ed2f29afcf4e787e3c519ba016d67?s=96&d=mm&r=g\",\"contentUrl\":\"https:\\\/\\\/secure.gravatar.com\\\/avatar\\\/d694f8eb6cc3383210938655f7851f13239ed2f29afcf4e787e3c519ba016d67?s=96&d=mm&r=g\",\"caption\":\"Jasminko Bijeli\u0107\"}}]}<\/script>\n<!-- \/ Yoast SEO plugin. -->","yoast_head_json":{"title":"Festival mladih 2021 u TK - IC Lotos Tuzla","robots":{"index":"index","follow":"follow","max-snippet":"max-snippet:-1","max-image-preview":"max-image-preview:large","max-video-preview":"max-video-preview:-1"},"canonical":"https:\/\/ic-lotos.org.ba\/en\/festivala-mladih-2021-u-tk\/","og_locale":"en_US","og_type":"article","og_title":"Festival mladih 2021 u TK - IC Lotos Tuzla","og_description":"\u010cast nam je i zadovoljstvo pozvati Vas na sve\u010dano otvorenje Festivala mladih 2021 u TK, koje \u0107e se odr\u017eati 22.08.2021, na Trgu Slobode u centru Tuzle. Festival mladih sve\u010dano otvaramo manifestacijom &bdquo;TUZLA PLE&Scaron;E&#8221;. Tuzlanski kanton postaje centar talentovanih, vrijednih, inovativnih [&hellip;]","og_url":"https:\/\/ic-lotos.org.ba\/en\/festivala-mladih-2021-u-tk\/","og_site_name":"IC Lotos Tuzla","article_publisher":"https:\/\/www.facebook.com\/iclotos\/","article_published_time":"2021-08-20T07:42:22+00:00","article_modified_time":"2023-10-19T14:44:27+00:00","og_image":[{"width":509,"height":193,"url":"https:\/\/ic-lotos.org.ba\/wp-content\/uploads\/2021\/08\/images_Untitled.png","type":"image\/png"}],"author":"Jasminko Bijeli\u0107","twitter_card":"summary_large_image","twitter_misc":{"Written by":"Jasminko Bijeli\u0107","Est. reading time":"1 minute"},"schema":{"@context":"https:\/\/schema.org","@graph":[{"@type":"Article","@id":"https:\/\/ic-lotos.org.ba\/festivala-mladih-2021-u-tk\/#article","isPartOf":{"@id":"https:\/\/ic-lotos.org.ba\/festivala-mladih-2021-u-tk\/"},"author":{"name":"Jasminko Bijeli\u0107","@id":"https:\/\/ic-lotos.org.ba\/#\/schema\/person\/fb1da7c92bc3365aad6d1abac5bfe80a"},"headline":"Festival mladih 2021 u TK","datePublished":"2021-08-20T07:42:22+00:00","dateModified":"2023-10-19T14:44:27+00:00","mainEntityOfPage":{"@id":"https:\/\/ic-lotos.org.ba\/festivala-mladih-2021-u-tk\/"},"wordCount":273,"commentCount":0,"publisher":{"@id":"https:\/\/ic-lotos.org.ba\/#organization"},"image":{"@id":"https:\/\/ic-lotos.org.ba\/festivala-mladih-2021-u-tk\/#primaryimage"},"thumbnailUrl":"https:\/\/ic-lotos.org.ba\/wp-content\/uploads\/2021\/08\/images_Untitled.png","articleSection":["Vijesti"],"inLanguage":"en-US"},{"@type":"WebPage","@id":"https:\/\/ic-lotos.org.ba\/festivala-mladih-2021-u-tk\/","url":"https:\/\/ic-lotos.org.ba\/festivala-mladih-2021-u-tk\/","name":"Festival mladih 2021 u TK - IC Lotos Tuzla","isPartOf":{"@id":"https:\/\/ic-lotos.org.ba\/#website"},"primaryImageOfPage":{"@id":"https:\/\/ic-lotos.org.ba\/festivala-mladih-2021-u-tk\/#primaryimage"},"image":{"@id":"https:\/\/ic-lotos.org.ba\/festivala-mladih-2021-u-tk\/#primaryimage"},"thumbnailUrl":"https:\/\/ic-lotos.org.ba\/wp-content\/uploads\/2021\/08\/images_Untitled.png","datePublished":"2021-08-20T07:42:22+00:00","dateModified":"2023-10-19T14:44:27+00:00","breadcrumb":{"@id":"https:\/\/ic-lotos.org.ba\/festivala-mladih-2021-u-tk\/#breadcrumb"},"inLanguage":"en-US","potentialAction":[{"@type":"ReadAction","target":["https:\/\/ic-lotos.org.ba\/festivala-mladih-2021-u-tk\/"]}]},{"@type":"ImageObject","inLanguage":"en-US","@id":"https:\/\/ic-lotos.org.ba\/festivala-mladih-2021-u-tk\/#primaryimage","url":"https:\/\/ic-lotos.org.ba\/wp-content\/uploads\/2021\/08\/images_Untitled.png","contentUrl":"https:\/\/ic-lotos.org.ba\/wp-content\/uploads\/2021\/08\/images_Untitled.png","width":509,"height":193,"caption":"Untitled"},{"@type":"BreadcrumbList","@id":"https:\/\/ic-lotos.org.ba\/festivala-mladih-2021-u-tk\/#breadcrumb","itemListElement":[{"@type":"ListItem","position":1,"name":"Naslovna","item":"https:\/\/ic-lotos.org.ba\/"},{"@type":"ListItem","position":2,"name":"Festival mladih 2021 u TK"}]},{"@type":"WebSite","@id":"https:\/\/ic-lotos.org.ba\/#website","url":"https:\/\/ic-lotos.org.ba\/","name":"IC Lotos Tuzla","description":"Informativni centar \u201cLotos\u201d okuplja osobe sa ili bez invaliditeta koje su zainteresovane da svojim radom bilo na profesionalnoj ili volonterskoj osnovi doprinesu ostvarivanju misije organizacije.","publisher":{"@id":"https:\/\/ic-lotos.org.ba\/#organization"},"potentialAction":[{"@type":"SearchAction","target":{"@type":"EntryPoint","urlTemplate":"https:\/\/ic-lotos.org.ba\/?s={search_term_string}"},"query-input":{"@type":"PropertyValueSpecification","valueRequired":true,"valueName":"search_term_string"}}],"inLanguage":"en-US"},{"@type":"Organization","@id":"https:\/\/ic-lotos.org.ba\/#organization","name":"IC Lotos Tuzla","url":"https:\/\/ic-lotos.org.ba\/","logo":{"@type":"ImageObject","inLanguage":"en-US","@id":"https:\/\/ic-lotos.org.ba\/#\/schema\/logo\/image\/","url":"https:\/\/ic-lotos.org.ba\/wp-content\/uploads\/2019\/11\/logo.jpg","contentUrl":"https:\/\/ic-lotos.org.ba\/wp-content\/uploads\/2019\/11\/logo.jpg","width":575,"height":623,"caption":"IC Lotos Tuzla"},"image":{"@id":"https:\/\/ic-lotos.org.ba\/#\/schema\/logo\/image\/"},"sameAs":["https:\/\/www.facebook.com\/iclotos\/","https:\/\/www.youtube.com\/feed\/library"]},{"@type":"Person","@id":"https:\/\/ic-lotos.org.ba\/#\/schema\/person\/fb1da7c92bc3365aad6d1abac5bfe80a","name":"Jasminko Bijeli\u0107","image":{"@type":"ImageObject","inLanguage":"en-US","@id":"https:\/\/secure.gravatar.com\/avatar\/d694f8eb6cc3383210938655f7851f13239ed2f29afcf4e787e3c519ba016d67?s=96&d=mm&r=g","url":"https:\/\/secure.gravatar.com\/avatar\/d694f8eb6cc3383210938655f7851f13239ed2f29afcf4e787e3c519ba016d67?s=96&d=mm&r=g","contentUrl":"https:\/\/secure.gravatar.com\/avatar\/d694f8eb6cc3383210938655f7851f13239ed2f29afcf4e787e3c519ba016d67?s=96&d=mm&r=g","caption":"Jasminko Bijeli\u0107"}}]}},"_links":{"self":[{"href":"https:\/\/ic-lotos.org.ba\/en\/wp-json\/wp\/v2\/posts\/12845","targetHints":{"allow":["GET"]}}],"collection":[{"href":"https:\/\/ic-lotos.org.ba\/en\/wp-json\/wp\/v2\/posts"}],"about":[{"href":"https:\/\/ic-lotos.org.ba\/en\/wp-json\/wp\/v2\/types\/post"}],"author":[{"embeddable":true,"href":"https:\/\/ic-lotos.org.ba\/en\/wp-json\/wp\/v2\/users\/5"}],"replies":[{"embeddable":true,"href":"https:\/\/ic-lotos.org.ba\/en\/wp-json\/wp\/v2\/comments?post=12845"}],"version-history":[{"count":1,"href":"https:\/\/ic-lotos.org.ba\/en\/wp-json\/wp\/v2\/posts\/12845\/revisions"}],"predecessor-version":[{"id":13948,"href":"https:\/\/ic-lotos.org.ba\/en\/wp-json\/wp\/v2\/posts\/12845\/revisions\/13948"}],"wp:featuredmedia":[{"embeddable":true,"href":"https:\/\/ic-lotos.org.ba\/en\/wp-json\/wp\/v2\/media\/12844"}],"wp:attachment":[{"href":"https:\/\/ic-lotos.org.ba\/en\/wp-json\/wp\/v2\/media?parent=12845"}],"wp:term":[{"taxonomy":"category","embeddable":true,"href":"https:\/\/ic-lotos.org.ba\/en\/wp-json\/wp\/v2\/categories?post=12845"},{"taxonomy":"post_tag","embeddable":true,"href":"https:\/\/ic-lotos.org.ba\/en\/wp-json\/wp\/v2\/tags?post=12845"}],"curies":[{"name":"wp","href":"https:\/\/api.w.org\/{rel}","templated":true}]}}