{"id":12800,"date":"2021-06-01T14:17:58","date_gmt":"2021-06-01T14:17:58","guid":{"rendered":"https:\/\/v2.ic-lotos.org.ba\/press-konferencija-personalna-asistencija-preduslov-samostalnog-zivota-osoba-sa-invaliditetom-01-06-2021\/"},"modified":"2023-10-19T14:44:27","modified_gmt":"2023-10-19T14:44:27","slug":"press-konferencija-personalna-asistencija-preduslov-samostalnog-zivota-osoba-sa-invaliditetom-01-06-2021","status":"publish","type":"post","link":"https:\/\/ic-lotos.org.ba\/en\/press-konferencija-personalna-asistencija-preduslov-samostalnog-zivota-osoba-sa-invaliditetom-01-06-2021\/","title":{"rendered":"Press conference: Personal assistance - a prerequisite for independent living for people with disabilities, 01.06.2021."},"content":{"rendered":"<div dir=\"auto\"><span style=\"font-family: arial, helvetica, sans-serif; font-size: 12pt;\">A press conference was held on June 1, 2021, at the premises of the Information Center for Persons with Disabilities &quot;Lotos&quot; Tuzla, with the aim of presenting the achievements and experiences from the pilot project: &quot;Personal assistance - a prerequisite for independent living of persons with disabilities, which IC &quot;Lotos&quot; Tuzla is implementing with the financial support of the Embassy of Switzerland in BiH.<\/span><\/div>\n<div dir=\"auto\"><span style=\"font-family: arial, helvetica, sans-serif; font-size: 12pt;\">Moderator of the press conference was Adisa Ki\u0161i\u0107. <\/span><\/div>\n<div dir=\"auto\"><span style=\"font-family: arial, helvetica, sans-serif; font-size: 12pt;\">Director of IC &quot;Lotos&quot; Suvad Zahirovi\u0107 spoke to those present about the need to establish a personal assistance service for people with disabilities and the importance of empowering young people with disabilities for independent living. <\/span><\/div>\n<div dir=\"auto\"><span style=\"font-family: arial, helvetica, sans-serif; font-size: 12pt;\">Consultant of the IC &quot;Lotos&quot;, Dr.sci. Zumreta Galija\u0161evi\u0107, presented the Study on the justification and social benefits of establishing personal assistance as a support service for persons with disabilities in Bosnia and Herzegovina.<\/span><\/div>\n<div dir=\"auto\"><span style=\"font-family: arial, helvetica, sans-serif; font-size: 12pt;\">The experiences and results of the project were shared, within which 15 people with disabilities were provided with 50 hours of personal assistance, and it was also an opportunity for a work engagement lasting 50 working hours for their 15 personal assistants. It was once again pointed out that the competent government institutions should be encouraged to consider the benefits of introducing personal assistance for people with disabilities for all members of society. With the introduction of personal assistance services, employment increases, and people with disabilities can be equal members of the community and live with dignity.<\/span><\/div>\n<div><img fetchpriority=\"high\" decoding=\"async\" width=\"701\" height=\"525\" class=\"size-full wp-image-12796\" src=\"https:\/\/ic-lotos.org.ba\/wp-content\/uploads\/2021\/06\/images_Press_PA_preduslov_samostalnog_zivota_OSI_slika_2.jpg\" alt=\"Press PA preduslov samostalnog zivota OSI slika 2\" srcset=\"https:\/\/ic-lotos.org.ba\/wp-content\/uploads\/2021\/06\/images_Press_PA_preduslov_samostalnog_zivota_OSI_slika_2.jpg 701w, https:\/\/ic-lotos.org.ba\/wp-content\/uploads\/2021\/06\/images_Press_PA_preduslov_samostalnog_zivota_OSI_slika_2-600x449.jpg 600w, https:\/\/ic-lotos.org.ba\/wp-content\/uploads\/2021\/06\/images_Press_PA_preduslov_samostalnog_zivota_OSI_slika_2-300x225.jpg 300w, https:\/\/ic-lotos.org.ba\/wp-content\/uploads\/2021\/06\/images_Press_PA_preduslov_samostalnog_zivota_OSI_slika_2-440x330.jpg 440w\" sizes=\"(max-width: 701px) 100vw, 701px\" \/><img decoding=\"async\" width=\"700\" height=\"525\" class=\"size-full wp-image-12797\" src=\"https:\/\/ic-lotos.org.ba\/wp-content\/uploads\/2021\/06\/images_Press_PA_preduslov_samostalnog_zivota_OSI_slika_3.jpg\" alt=\"Press PA preduslov samostalnog zivota OSI slika 3\" srcset=\"https:\/\/ic-lotos.org.ba\/wp-content\/uploads\/2021\/06\/images_Press_PA_preduslov_samostalnog_zivota_OSI_slika_3.jpg 700w, https:\/\/ic-lotos.org.ba\/wp-content\/uploads\/2021\/06\/images_Press_PA_preduslov_samostalnog_zivota_OSI_slika_3-600x450.jpg 600w, https:\/\/ic-lotos.org.ba\/wp-content\/uploads\/2021\/06\/images_Press_PA_preduslov_samostalnog_zivota_OSI_slika_3-300x225.jpg 300w, https:\/\/ic-lotos.org.ba\/wp-content\/uploads\/2021\/06\/images_Press_PA_preduslov_samostalnog_zivota_OSI_slika_3-440x330.jpg 440w\" sizes=\"(max-width: 700px) 100vw, 700px\" \/><img decoding=\"async\" width=\"699\" height=\"525\" class=\"size-full wp-image-12798\" src=\"https:\/\/ic-lotos.org.ba\/wp-content\/uploads\/2021\/06\/images_Press_PA_preduslov_samostalnog_zivota_OSI_slika_4.jpg\" alt=\"Press PA preduslov samostalnog zivota OSI slika 4\" srcset=\"https:\/\/ic-lotos.org.ba\/wp-content\/uploads\/2021\/06\/images_Press_PA_preduslov_samostalnog_zivota_OSI_slika_4.jpg 699w, https:\/\/ic-lotos.org.ba\/wp-content\/uploads\/2021\/06\/images_Press_PA_preduslov_samostalnog_zivota_OSI_slika_4-600x451.jpg 600w, https:\/\/ic-lotos.org.ba\/wp-content\/uploads\/2021\/06\/images_Press_PA_preduslov_samostalnog_zivota_OSI_slika_4-300x225.jpg 300w, https:\/\/ic-lotos.org.ba\/wp-content\/uploads\/2021\/06\/images_Press_PA_preduslov_samostalnog_zivota_OSI_slika_4-440x330.jpg 440w\" sizes=\"(max-width: 699px) 100vw, 699px\" \/><img loading=\"lazy\" decoding=\"async\" width=\"700\" height=\"525\" class=\"size-full wp-image-12799\" src=\"https:\/\/ic-lotos.org.ba\/wp-content\/uploads\/2021\/06\/images_Press_PA_preduslov_samostalnog_zivota_OSI_slika_5.jpg\" alt=\"Press PA preduslov samostalnog zivota OSI slika 5\" srcset=\"https:\/\/ic-lotos.org.ba\/wp-content\/uploads\/2021\/06\/images_Press_PA_preduslov_samostalnog_zivota_OSI_slika_5.jpg 700w, https:\/\/ic-lotos.org.ba\/wp-content\/uploads\/2021\/06\/images_Press_PA_preduslov_samostalnog_zivota_OSI_slika_5-600x450.jpg 600w, https:\/\/ic-lotos.org.ba\/wp-content\/uploads\/2021\/06\/images_Press_PA_preduslov_samostalnog_zivota_OSI_slika_5-300x225.jpg 300w, https:\/\/ic-lotos.org.ba\/wp-content\/uploads\/2021\/06\/images_Press_PA_preduslov_samostalnog_zivota_OSI_slika_5-440x330.jpg 440w\" sizes=\"(max-width: 700px) 100vw, 700px\" \/><\/div>\n<div class=\"gsp_post_data\" \r\n\t            data-post_type=\"post\" \r\n\t            data-cat=\"vijesti\" \r\n\t            data-modified=\"120\"\r\n\t            data-created=\"1622557078\"\r\n\t            data-title=\"Press-konferencija: Personalna asistencija-preduslov samostalnog \u017eivota osoba sa invaliditetom 01.06.2021. godine\" \r\n\t            data-home=\"https:\/\/ic-lotos.org.ba\/en\"><\/div>","protected":false},"excerpt":{"rendered":"<p>U prostorijama Informativnog centra za osobe s invaliditetom &bdquo;Lotos&ldquo; Tuzla 01. juna 2021. godine je odr\u017eana Press-konferencija s ciljem da se predstave postignu\u0107a i iskustva iz pilot-projekta:&ldquo;Personalna asistencija &#8211; preduslov za samostalan \u017eivot osoba s invaliditetom kojeg I.C. &bdquo; Lotos&ldquo; [&hellip;]<\/p>\n","protected":false},"author":5,"featured_media":12795,"comment_status":"open","ping_status":"closed","sticky":false,"template":"","format":"standard","meta":{"footnotes":""},"categories":[65],"tags":[],"class_list":["post-12800","post","type-post","status-publish","format-standard","has-post-thumbnail","hentry","category-vijesti"],"yoast_head":"<!-- This site is optimized with the Yoast SEO plugin v27.5 - https:\/\/yoast.com\/product\/yoast-seo-wordpress\/ -->\n<title>Press-konferencija: Personalna asistencija-preduslov samostalnog \u017eivota osoba sa invaliditetom 01.06.2021. godine - IC Lotos Tuzla<\/title>\n<meta name=\"robots\" content=\"index, follow, max-snippet:-1, max-image-preview:large, max-video-preview:-1\" \/>\n<link rel=\"canonical\" href=\"https:\/\/ic-lotos.org.ba\/en\/press-konferencija-personalna-asistencija-preduslov-samostalnog-zivota-osoba-sa-invaliditetom-01-06-2021\/\" \/>\n<meta property=\"og:locale\" content=\"en_US\" \/>\n<meta property=\"og:type\" content=\"article\" \/>\n<meta property=\"og:title\" content=\"Press-konferencija: Personalna asistencija-preduslov samostalnog \u017eivota osoba sa invaliditetom 01.06.2021. godine - IC Lotos Tuzla\" \/>\n<meta property=\"og:description\" content=\"U prostorijama Informativnog centra za osobe s invaliditetom &bdquo;Lotos&ldquo; Tuzla 01. juna 2021. godine je odr\u017eana Press-konferencija s ciljem da se predstave postignu\u0107a i iskustva iz pilot-projekta:&ldquo;Personalna asistencija &#8211; preduslov za samostalan \u017eivot osoba s invaliditetom kojeg I.C. &bdquo; Lotos&ldquo; [&hellip;]\" \/>\n<meta property=\"og:url\" content=\"https:\/\/ic-lotos.org.ba\/en\/press-konferencija-personalna-asistencija-preduslov-samostalnog-zivota-osoba-sa-invaliditetom-01-06-2021\/\" \/>\n<meta property=\"og:site_name\" content=\"IC Lotos Tuzla\" \/>\n<meta property=\"article:publisher\" content=\"https:\/\/www.facebook.com\/iclotos\/\" \/>\n<meta property=\"article:published_time\" content=\"2021-06-01T14:17:58+00:00\" \/>\n<meta property=\"article:modified_time\" content=\"2023-10-19T14:44:27+00:00\" \/>\n<meta property=\"og:image\" content=\"https:\/\/ic-lotos.org.ba\/wp-content\/uploads\/2021\/06\/images_Press_PA_preduslov_samostalnog_zivota_OSI_slika_1.jpg\" \/>\n\t<meta property=\"og:image:width\" content=\"700\" \/>\n\t<meta property=\"og:image:height\" content=\"525\" \/>\n\t<meta property=\"og:image:type\" content=\"image\/jpeg\" \/>\n<meta name=\"author\" content=\"Jasminko Bijeli\u0107\" \/>\n<meta name=\"twitter:card\" content=\"summary_large_image\" \/>\n<meta name=\"twitter:label1\" content=\"Written by\" \/>\n\t<meta name=\"twitter:data1\" content=\"Jasminko Bijeli\u0107\" \/>\n\t<meta name=\"twitter:label2\" content=\"Est. reading time\" \/>\n\t<meta name=\"twitter:data2\" content=\"1 minute\" \/>\n<script type=\"application\/ld+json\" class=\"yoast-schema-graph\">{\"@context\":\"https:\\\/\\\/schema.org\",\"@graph\":[{\"@type\":\"Article\",\"@id\":\"https:\\\/\\\/ic-lotos.org.ba\\\/press-konferencija-personalna-asistencija-preduslov-samostalnog-zivota-osoba-sa-invaliditetom-01-06-2021\\\/#article\",\"isPartOf\":{\"@id\":\"https:\\\/\\\/ic-lotos.org.ba\\\/press-konferencija-personalna-asistencija-preduslov-samostalnog-zivota-osoba-sa-invaliditetom-01-06-2021\\\/\"},\"author\":{\"name\":\"Jasminko Bijeli\u0107\",\"@id\":\"https:\\\/\\\/ic-lotos.org.ba\\\/#\\\/schema\\\/person\\\/fb1da7c92bc3365aad6d1abac5bfe80a\"},\"headline\":\"Press-konferencija: Personalna asistencija-preduslov samostalnog \u017eivota osoba sa invaliditetom 01.06.2021. godine\",\"datePublished\":\"2021-06-01T14:17:58+00:00\",\"dateModified\":\"2023-10-19T14:44:27+00:00\",\"mainEntityOfPage\":{\"@id\":\"https:\\\/\\\/ic-lotos.org.ba\\\/press-konferencija-personalna-asistencija-preduslov-samostalnog-zivota-osoba-sa-invaliditetom-01-06-2021\\\/\"},\"wordCount\":238,\"commentCount\":0,\"publisher\":{\"@id\":\"https:\\\/\\\/ic-lotos.org.ba\\\/#organization\"},\"image\":{\"@id\":\"https:\\\/\\\/ic-lotos.org.ba\\\/press-konferencija-personalna-asistencija-preduslov-samostalnog-zivota-osoba-sa-invaliditetom-01-06-2021\\\/#primaryimage\"},\"thumbnailUrl\":\"https:\\\/\\\/ic-lotos.org.ba\\\/wp-content\\\/uploads\\\/2021\\\/06\\\/images_Press_PA_preduslov_samostalnog_zivota_OSI_slika_1.jpg\",\"articleSection\":[\"Vijesti\"],\"inLanguage\":\"en-US\"},{\"@type\":\"WebPage\",\"@id\":\"https:\\\/\\\/ic-lotos.org.ba\\\/press-konferencija-personalna-asistencija-preduslov-samostalnog-zivota-osoba-sa-invaliditetom-01-06-2021\\\/\",\"url\":\"https:\\\/\\\/ic-lotos.org.ba\\\/press-konferencija-personalna-asistencija-preduslov-samostalnog-zivota-osoba-sa-invaliditetom-01-06-2021\\\/\",\"name\":\"Press-konferencija: Personalna asistencija-preduslov samostalnog \u017eivota osoba sa invaliditetom 01.06.2021. godine - IC Lotos Tuzla\",\"isPartOf\":{\"@id\":\"https:\\\/\\\/ic-lotos.org.ba\\\/#website\"},\"primaryImageOfPage\":{\"@id\":\"https:\\\/\\\/ic-lotos.org.ba\\\/press-konferencija-personalna-asistencija-preduslov-samostalnog-zivota-osoba-sa-invaliditetom-01-06-2021\\\/#primaryimage\"},\"image\":{\"@id\":\"https:\\\/\\\/ic-lotos.org.ba\\\/press-konferencija-personalna-asistencija-preduslov-samostalnog-zivota-osoba-sa-invaliditetom-01-06-2021\\\/#primaryimage\"},\"thumbnailUrl\":\"https:\\\/\\\/ic-lotos.org.ba\\\/wp-content\\\/uploads\\\/2021\\\/06\\\/images_Press_PA_preduslov_samostalnog_zivota_OSI_slika_1.jpg\",\"datePublished\":\"2021-06-01T14:17:58+00:00\",\"dateModified\":\"2023-10-19T14:44:27+00:00\",\"breadcrumb\":{\"@id\":\"https:\\\/\\\/ic-lotos.org.ba\\\/press-konferencija-personalna-asistencija-preduslov-samostalnog-zivota-osoba-sa-invaliditetom-01-06-2021\\\/#breadcrumb\"},\"inLanguage\":\"en-US\",\"potentialAction\":[{\"@type\":\"ReadAction\",\"target\":[\"https:\\\/\\\/ic-lotos.org.ba\\\/press-konferencija-personalna-asistencija-preduslov-samostalnog-zivota-osoba-sa-invaliditetom-01-06-2021\\\/\"]}]},{\"@type\":\"ImageObject\",\"inLanguage\":\"en-US\",\"@id\":\"https:\\\/\\\/ic-lotos.org.ba\\\/press-konferencija-personalna-asistencija-preduslov-samostalnog-zivota-osoba-sa-invaliditetom-01-06-2021\\\/#primaryimage\",\"url\":\"https:\\\/\\\/ic-lotos.org.ba\\\/wp-content\\\/uploads\\\/2021\\\/06\\\/images_Press_PA_preduslov_samostalnog_zivota_OSI_slika_1.jpg\",\"contentUrl\":\"https:\\\/\\\/ic-lotos.org.ba\\\/wp-content\\\/uploads\\\/2021\\\/06\\\/images_Press_PA_preduslov_samostalnog_zivota_OSI_slika_1.jpg\",\"width\":700,\"height\":525,\"caption\":\"Press PA preduslov samostalnog zivota OSI slika 1\"},{\"@type\":\"BreadcrumbList\",\"@id\":\"https:\\\/\\\/ic-lotos.org.ba\\\/press-konferencija-personalna-asistencija-preduslov-samostalnog-zivota-osoba-sa-invaliditetom-01-06-2021\\\/#breadcrumb\",\"itemListElement\":[{\"@type\":\"ListItem\",\"position\":1,\"name\":\"Naslovna\",\"item\":\"https:\\\/\\\/ic-lotos.org.ba\\\/\"},{\"@type\":\"ListItem\",\"position\":2,\"name\":\"Press-konferencija: Personalna asistencija-preduslov samostalnog \u017eivota osoba sa invaliditetom 01.06.2021. godine\"}]},{\"@type\":\"WebSite\",\"@id\":\"https:\\\/\\\/ic-lotos.org.ba\\\/#website\",\"url\":\"https:\\\/\\\/ic-lotos.org.ba\\\/\",\"name\":\"IC Lotos Tuzla\",\"description\":\"Informativni centar \u201cLotos\u201d okuplja osobe sa ili bez invaliditeta koje su zainteresovane da svojim radom bilo na profesionalnoj ili volonterskoj osnovi doprinesu ostvarivanju misije organizacije.\",\"publisher\":{\"@id\":\"https:\\\/\\\/ic-lotos.org.ba\\\/#organization\"},\"potentialAction\":[{\"@type\":\"SearchAction\",\"target\":{\"@type\":\"EntryPoint\",\"urlTemplate\":\"https:\\\/\\\/ic-lotos.org.ba\\\/?s={search_term_string}\"},\"query-input\":{\"@type\":\"PropertyValueSpecification\",\"valueRequired\":true,\"valueName\":\"search_term_string\"}}],\"inLanguage\":\"en-US\"},{\"@type\":\"Organization\",\"@id\":\"https:\\\/\\\/ic-lotos.org.ba\\\/#organization\",\"name\":\"IC Lotos Tuzla\",\"url\":\"https:\\\/\\\/ic-lotos.org.ba\\\/\",\"logo\":{\"@type\":\"ImageObject\",\"inLanguage\":\"en-US\",\"@id\":\"https:\\\/\\\/ic-lotos.org.ba\\\/#\\\/schema\\\/logo\\\/image\\\/\",\"url\":\"https:\\\/\\\/ic-lotos.org.ba\\\/wp-content\\\/uploads\\\/2019\\\/11\\\/logo.jpg\",\"contentUrl\":\"https:\\\/\\\/ic-lotos.org.ba\\\/wp-content\\\/uploads\\\/2019\\\/11\\\/logo.jpg\",\"width\":575,\"height\":623,\"caption\":\"IC Lotos Tuzla\"},\"image\":{\"@id\":\"https:\\\/\\\/ic-lotos.org.ba\\\/#\\\/schema\\\/logo\\\/image\\\/\"},\"sameAs\":[\"https:\\\/\\\/www.facebook.com\\\/iclotos\\\/\",\"https:\\\/\\\/www.youtube.com\\\/feed\\\/library\"]},{\"@type\":\"Person\",\"@id\":\"https:\\\/\\\/ic-lotos.org.ba\\\/#\\\/schema\\\/person\\\/fb1da7c92bc3365aad6d1abac5bfe80a\",\"name\":\"Jasminko Bijeli\u0107\",\"image\":{\"@type\":\"ImageObject\",\"inLanguage\":\"en-US\",\"@id\":\"https:\\\/\\\/secure.gravatar.com\\\/avatar\\\/d694f8eb6cc3383210938655f7851f13239ed2f29afcf4e787e3c519ba016d67?s=96&d=mm&r=g\",\"url\":\"https:\\\/\\\/secure.gravatar.com\\\/avatar\\\/d694f8eb6cc3383210938655f7851f13239ed2f29afcf4e787e3c519ba016d67?s=96&d=mm&r=g\",\"contentUrl\":\"https:\\\/\\\/secure.gravatar.com\\\/avatar\\\/d694f8eb6cc3383210938655f7851f13239ed2f29afcf4e787e3c519ba016d67?s=96&d=mm&r=g\",\"caption\":\"Jasminko Bijeli\u0107\"}}]}<\/script>\n<!-- \/ Yoast SEO plugin. -->","yoast_head_json":{"title":"Press-konferencija: Personalna asistencija-preduslov samostalnog \u017eivota osoba sa invaliditetom 01.06.2021. godine - IC Lotos Tuzla","robots":{"index":"index","follow":"follow","max-snippet":"max-snippet:-1","max-image-preview":"max-image-preview:large","max-video-preview":"max-video-preview:-1"},"canonical":"https:\/\/ic-lotos.org.ba\/en\/press-konferencija-personalna-asistencija-preduslov-samostalnog-zivota-osoba-sa-invaliditetom-01-06-2021\/","og_locale":"en_US","og_type":"article","og_title":"Press-konferencija: Personalna asistencija-preduslov samostalnog \u017eivota osoba sa invaliditetom 01.06.2021. godine - IC Lotos Tuzla","og_description":"U prostorijama Informativnog centra za osobe s invaliditetom &bdquo;Lotos&ldquo; Tuzla 01. juna 2021. godine je odr\u017eana Press-konferencija s ciljem da se predstave postignu\u0107a i iskustva iz pilot-projekta:&ldquo;Personalna asistencija &#8211; preduslov za samostalan \u017eivot osoba s invaliditetom kojeg I.C. &bdquo; Lotos&ldquo; [&hellip;]","og_url":"https:\/\/ic-lotos.org.ba\/en\/press-konferencija-personalna-asistencija-preduslov-samostalnog-zivota-osoba-sa-invaliditetom-01-06-2021\/","og_site_name":"IC Lotos Tuzla","article_publisher":"https:\/\/www.facebook.com\/iclotos\/","article_published_time":"2021-06-01T14:17:58+00:00","article_modified_time":"2023-10-19T14:44:27+00:00","og_image":[{"width":700,"height":525,"url":"https:\/\/ic-lotos.org.ba\/wp-content\/uploads\/2021\/06\/images_Press_PA_preduslov_samostalnog_zivota_OSI_slika_1.jpg","type":"image\/jpeg"}],"author":"Jasminko Bijeli\u0107","twitter_card":"summary_large_image","twitter_misc":{"Written by":"Jasminko Bijeli\u0107","Est. reading time":"1 minute"},"schema":{"@context":"https:\/\/schema.org","@graph":[{"@type":"Article","@id":"https:\/\/ic-lotos.org.ba\/press-konferencija-personalna-asistencija-preduslov-samostalnog-zivota-osoba-sa-invaliditetom-01-06-2021\/#article","isPartOf":{"@id":"https:\/\/ic-lotos.org.ba\/press-konferencija-personalna-asistencija-preduslov-samostalnog-zivota-osoba-sa-invaliditetom-01-06-2021\/"},"author":{"name":"Jasminko Bijeli\u0107","@id":"https:\/\/ic-lotos.org.ba\/#\/schema\/person\/fb1da7c92bc3365aad6d1abac5bfe80a"},"headline":"Press-konferencija: Personalna asistencija-preduslov samostalnog \u017eivota osoba sa invaliditetom 01.06.2021. godine","datePublished":"2021-06-01T14:17:58+00:00","dateModified":"2023-10-19T14:44:27+00:00","mainEntityOfPage":{"@id":"https:\/\/ic-lotos.org.ba\/press-konferencija-personalna-asistencija-preduslov-samostalnog-zivota-osoba-sa-invaliditetom-01-06-2021\/"},"wordCount":238,"commentCount":0,"publisher":{"@id":"https:\/\/ic-lotos.org.ba\/#organization"},"image":{"@id":"https:\/\/ic-lotos.org.ba\/press-konferencija-personalna-asistencija-preduslov-samostalnog-zivota-osoba-sa-invaliditetom-01-06-2021\/#primaryimage"},"thumbnailUrl":"https:\/\/ic-lotos.org.ba\/wp-content\/uploads\/2021\/06\/images_Press_PA_preduslov_samostalnog_zivota_OSI_slika_1.jpg","articleSection":["Vijesti"],"inLanguage":"en-US"},{"@type":"WebPage","@id":"https:\/\/ic-lotos.org.ba\/press-konferencija-personalna-asistencija-preduslov-samostalnog-zivota-osoba-sa-invaliditetom-01-06-2021\/","url":"https:\/\/ic-lotos.org.ba\/press-konferencija-personalna-asistencija-preduslov-samostalnog-zivota-osoba-sa-invaliditetom-01-06-2021\/","name":"Press-konferencija: Personalna asistencija-preduslov samostalnog \u017eivota osoba sa invaliditetom 01.06.2021. godine - IC Lotos Tuzla","isPartOf":{"@id":"https:\/\/ic-lotos.org.ba\/#website"},"primaryImageOfPage":{"@id":"https:\/\/ic-lotos.org.ba\/press-konferencija-personalna-asistencija-preduslov-samostalnog-zivota-osoba-sa-invaliditetom-01-06-2021\/#primaryimage"},"image":{"@id":"https:\/\/ic-lotos.org.ba\/press-konferencija-personalna-asistencija-preduslov-samostalnog-zivota-osoba-sa-invaliditetom-01-06-2021\/#primaryimage"},"thumbnailUrl":"https:\/\/ic-lotos.org.ba\/wp-content\/uploads\/2021\/06\/images_Press_PA_preduslov_samostalnog_zivota_OSI_slika_1.jpg","datePublished":"2021-06-01T14:17:58+00:00","dateModified":"2023-10-19T14:44:27+00:00","breadcrumb":{"@id":"https:\/\/ic-lotos.org.ba\/press-konferencija-personalna-asistencija-preduslov-samostalnog-zivota-osoba-sa-invaliditetom-01-06-2021\/#breadcrumb"},"inLanguage":"en-US","potentialAction":[{"@type":"ReadAction","target":["https:\/\/ic-lotos.org.ba\/press-konferencija-personalna-asistencija-preduslov-samostalnog-zivota-osoba-sa-invaliditetom-01-06-2021\/"]}]},{"@type":"ImageObject","inLanguage":"en-US","@id":"https:\/\/ic-lotos.org.ba\/press-konferencija-personalna-asistencija-preduslov-samostalnog-zivota-osoba-sa-invaliditetom-01-06-2021\/#primaryimage","url":"https:\/\/ic-lotos.org.ba\/wp-content\/uploads\/2021\/06\/images_Press_PA_preduslov_samostalnog_zivota_OSI_slika_1.jpg","contentUrl":"https:\/\/ic-lotos.org.ba\/wp-content\/uploads\/2021\/06\/images_Press_PA_preduslov_samostalnog_zivota_OSI_slika_1.jpg","width":700,"height":525,"caption":"Press PA preduslov samostalnog zivota OSI slika 1"},{"@type":"BreadcrumbList","@id":"https:\/\/ic-lotos.org.ba\/press-konferencija-personalna-asistencija-preduslov-samostalnog-zivota-osoba-sa-invaliditetom-01-06-2021\/#breadcrumb","itemListElement":[{"@type":"ListItem","position":1,"name":"Naslovna","item":"https:\/\/ic-lotos.org.ba\/"},{"@type":"ListItem","position":2,"name":"Press-konferencija: Personalna asistencija-preduslov samostalnog \u017eivota osoba sa invaliditetom 01.06.2021. godine"}]},{"@type":"WebSite","@id":"https:\/\/ic-lotos.org.ba\/#website","url":"https:\/\/ic-lotos.org.ba\/","name":"IC Lotos Tuzla","description":"Informativni centar \u201cLotos\u201d okuplja osobe sa ili bez invaliditeta koje su zainteresovane da svojim radom bilo na profesionalnoj ili volonterskoj osnovi doprinesu ostvarivanju misije organizacije.","publisher":{"@id":"https:\/\/ic-lotos.org.ba\/#organization"},"potentialAction":[{"@type":"SearchAction","target":{"@type":"EntryPoint","urlTemplate":"https:\/\/ic-lotos.org.ba\/?s={search_term_string}"},"query-input":{"@type":"PropertyValueSpecification","valueRequired":true,"valueName":"search_term_string"}}],"inLanguage":"en-US"},{"@type":"Organization","@id":"https:\/\/ic-lotos.org.ba\/#organization","name":"IC Lotos Tuzla","url":"https:\/\/ic-lotos.org.ba\/","logo":{"@type":"ImageObject","inLanguage":"en-US","@id":"https:\/\/ic-lotos.org.ba\/#\/schema\/logo\/image\/","url":"https:\/\/ic-lotos.org.ba\/wp-content\/uploads\/2019\/11\/logo.jpg","contentUrl":"https:\/\/ic-lotos.org.ba\/wp-content\/uploads\/2019\/11\/logo.jpg","width":575,"height":623,"caption":"IC Lotos Tuzla"},"image":{"@id":"https:\/\/ic-lotos.org.ba\/#\/schema\/logo\/image\/"},"sameAs":["https:\/\/www.facebook.com\/iclotos\/","https:\/\/www.youtube.com\/feed\/library"]},{"@type":"Person","@id":"https:\/\/ic-lotos.org.ba\/#\/schema\/person\/fb1da7c92bc3365aad6d1abac5bfe80a","name":"Jasminko Bijeli\u0107","image":{"@type":"ImageObject","inLanguage":"en-US","@id":"https:\/\/secure.gravatar.com\/avatar\/d694f8eb6cc3383210938655f7851f13239ed2f29afcf4e787e3c519ba016d67?s=96&d=mm&r=g","url":"https:\/\/secure.gravatar.com\/avatar\/d694f8eb6cc3383210938655f7851f13239ed2f29afcf4e787e3c519ba016d67?s=96&d=mm&r=g","contentUrl":"https:\/\/secure.gravatar.com\/avatar\/d694f8eb6cc3383210938655f7851f13239ed2f29afcf4e787e3c519ba016d67?s=96&d=mm&r=g","caption":"Jasminko Bijeli\u0107"}}]}},"_links":{"self":[{"href":"https:\/\/ic-lotos.org.ba\/en\/wp-json\/wp\/v2\/posts\/12800","targetHints":{"allow":["GET"]}}],"collection":[{"href":"https:\/\/ic-lotos.org.ba\/en\/wp-json\/wp\/v2\/posts"}],"about":[{"href":"https:\/\/ic-lotos.org.ba\/en\/wp-json\/wp\/v2\/types\/post"}],"author":[{"embeddable":true,"href":"https:\/\/ic-lotos.org.ba\/en\/wp-json\/wp\/v2\/users\/5"}],"replies":[{"embeddable":true,"href":"https:\/\/ic-lotos.org.ba\/en\/wp-json\/wp\/v2\/comments?post=12800"}],"version-history":[{"count":1,"href":"https:\/\/ic-lotos.org.ba\/en\/wp-json\/wp\/v2\/posts\/12800\/revisions"}],"predecessor-version":[{"id":13959,"href":"https:\/\/ic-lotos.org.ba\/en\/wp-json\/wp\/v2\/posts\/12800\/revisions\/13959"}],"wp:featuredmedia":[{"embeddable":true,"href":"https:\/\/ic-lotos.org.ba\/en\/wp-json\/wp\/v2\/media\/12795"}],"wp:attachment":[{"href":"https:\/\/ic-lotos.org.ba\/en\/wp-json\/wp\/v2\/media?parent=12800"}],"wp:term":[{"taxonomy":"category","embeddable":true,"href":"https:\/\/ic-lotos.org.ba\/en\/wp-json\/wp\/v2\/categories?post=12800"},{"taxonomy":"post_tag","embeddable":true,"href":"https:\/\/ic-lotos.org.ba\/en\/wp-json\/wp\/v2\/tags?post=12800"}],"curies":[{"name":"wp","href":"https:\/\/api.w.org\/{rel}","templated":true}]}}