{"id":12216,"date":"2019-01-24T10:22:21","date_gmt":"2019-01-24T10:22:21","guid":{"rendered":"https:\/\/v2.ic-lotos.org.ba\/prvo-obiljezavanje-medunarodnog-dana-obrazovanja-24-januara\/"},"modified":"2023-10-19T14:44:33","modified_gmt":"2023-10-19T14:44:33","slug":"prvo-obiljezavanje-medunarodnog-dana-obrazovanja-24-januara","status":"publish","type":"post","link":"https:\/\/ic-lotos.org.ba\/en\/prvo-obiljezavanje-medunarodnog-dana-obrazovanja-24-januara\/","title":{"rendered":"Prvo obilje\u017eavanje Me\u0111unarodnog dana obrazovanja &#8211; 24. januara"},"content":{"rendered":"<h3><span style=\"font-size: 14pt;\">Ove godine 24. januara, po prvi put u istoriji, obilje\u017eava se Me\u0111unarodni dan obrazovanja.<\/span><\/h3>\n<\/p>\n<div><span style=\"font-size: 12pt;\">Potreba da se u svijetu obilje\u017ei dan posve\u0107en obrazovanju ohrabruje i budi nadu da je dru&scaron;tvo doseglo nivo razvoja kad prepoznaje da je jedina garancija mira i prosperiteta u svijetu, obrazovanje.<\/span><\/div>\n<div><span style=\"font-size: 12pt;\">Ovo je prilika da se podi\u017ee svijest javnosti o tome da obrazovanje mora biti dostupno svima u svim dijelovima svijeta bez ikakve razlike u karakteristikama nosilaca prava na obrazovanje.<\/span><\/div>\n<div><span style=\"font-size: 12pt;\">Ovo je prilika da se podsjetimo da je cilj obrazovanje razvijanje najve\u0107ih potencijala pojedina\u010dnih u\u010denika kako bi bili sposobni dostojanstveno \u017eivjeti.<\/span><\/div>\n<div><span style=\"font-size: 12pt;\">Ovo je prilika da istaknemo da obrazovanje igra klju\u010dnu ulogu za napredak i dobrobit svake osobe i cjelokupnog dru&scaron;tva i da je to razlog &scaron;to je obrazovanje na&scaron;lo svoje ve\u0107e mjesto u ciljevima odr\u017eivog razvoja.<\/span><\/div>\n<div><span style=\"font-size: 12pt;\">Ovo je prilika da potvrdimo da je obrazovanje jedini efikasan na\u010din i instrument za gradnju inkluzivnog dru&scaron;tva i da zato i samo treba biti inkluzivno &ndash; &scaron;to zna\u010di da uklju\u010duje i omogu\u0107uje aktivno u\u010de&scaron;\u0107e i razvoj svih u\u010denika-nosilaca prava na obrazovanje.<\/span><\/div>\n<div><span style=\"font-size: 12pt;\">Stoga kvaliteteno obrazovanje koje transformi&scaron;e osobe u pokreta\u010de promjena koji uti\u010du na pobolja&scaron;nje vlastitog polo\u017eaja u dru&scaron;tvu, a u kona\u010dnici uti\u010du i na dobrobit cjelokupnog dru&scaron;tva, jeste cilj odr\u017eivog razvoja kojem sva dru&scaron;tva te\u017ee.<\/span><\/div>\n<div><span style=\"font-size: 12pt;\">S ponosom isti\u010demo da su koalicije organizacija osoba s invaliditetom koje sara\u0111uju u Programu MyRight u Bosni i Hercegovini tako\u0111e prepoznale va\u017enost obrazovanja za djecu\/osobe s invaliditetom. Tokom strate&scaron;kog planiranja u ljeto 2018. dogovoreno je da \u0107e inkluzivno obrazovanje u skladu sa \u010dlanom 24. UN Konvencije o pravima osoba s invaliditetom i aktivnije uklju\u010denje mladih osoba s invaliditetom u zagovara\u010dke aktivnosti za prava osoba s invaliditetom biti u fokusu rada koalicija i partnerskih organizacija do 2021. godine kroz implementaciju zajedni\u010dkih aktivnosti.<\/span><\/div>\n<div>&nbsp;<\/div>\n<div><span style=\"font-size: 12pt;\"><a href=\"http:\/\/www.myright.ba\/prvo-obiljezavanje-medjunarodnog--dana-obrazovanja-24--januara\" target=\"_blank\" rel=\"noopener noreferrer\" data-saferedirecturl=\"https:\/\/www.google.com\/url?q=http:\/\/www.myright.ba\/prvo-obiljezavanje-medjunarodnog--dana-obrazovanja-24--januara&amp;source=gmail&amp;ust=1548411374302000&amp;usg=AFQjCNHDFXvgqhaSoFhVot-G3NwCr8PZgQ\">http:\/\/www.myright.ba\/prvo-obi<wbr \/>ljezavanje-medjunarodnog&#8211;dana<wbr \/>-obrazovanja-24&#8211;januara<\/a><\/span><\/div>\n<div class=\"gsp_post_data\" \r\n\t            data-post_type=\"post\" \r\n\t            data-cat=\"vijesti\" \r\n\t            data-modified=\"120\"\r\n\t            data-created=\"1548325341\"\r\n\t            data-title=\"Prvo obilje\u017eavanje Me\u0111unarodnog dana obrazovanja &#8211; 24. januara\" \r\n\t            data-home=\"https:\/\/ic-lotos.org.ba\/en\"><\/div>","protected":false},"excerpt":{"rendered":"<p>Ove godine 24. januara, po prvi put u istoriji, obilje\u017eava se Me\u0111unarodni dan obrazovanja. Potreba da se u svijetu obilje\u017ei dan posve\u0107en obrazovanju ohrabruje i budi nadu da je dru&scaron;tvo doseglo nivo razvoja kad prepoznaje da je jedina garancija mira [&hellip;]<\/p>\n","protected":false},"author":5,"featured_media":12215,"comment_status":"open","ping_status":"closed","sticky":false,"template":"","format":"standard","meta":{"footnotes":""},"categories":[65],"tags":[],"class_list":["post-12216","post","type-post","status-publish","format-standard","has-post-thumbnail","hentry","category-vijesti"],"yoast_head":"<!-- This site is optimized with the Yoast SEO plugin v27.5 - https:\/\/yoast.com\/product\/yoast-seo-wordpress\/ -->\n<title>Prvo obilje\u017eavanje Me\u0111unarodnog dana obrazovanja - 24. januara - IC Lotos Tuzla<\/title>\n<meta name=\"robots\" content=\"index, follow, max-snippet:-1, max-image-preview:large, max-video-preview:-1\" \/>\n<link rel=\"canonical\" href=\"https:\/\/ic-lotos.org.ba\/en\/prvo-obiljezavanje-medunarodnog-dana-obrazovanja-24-januara\/\" \/>\n<meta property=\"og:locale\" content=\"en_US\" \/>\n<meta property=\"og:type\" content=\"article\" \/>\n<meta property=\"og:title\" content=\"Prvo obilje\u017eavanje Me\u0111unarodnog dana obrazovanja - 24. januara - IC Lotos Tuzla\" \/>\n<meta property=\"og:description\" content=\"Ove godine 24. januara, po prvi put u istoriji, obilje\u017eava se Me\u0111unarodni dan obrazovanja. Potreba da se u svijetu obilje\u017ei dan posve\u0107en obrazovanju ohrabruje i budi nadu da je dru&scaron;tvo doseglo nivo razvoja kad prepoznaje da je jedina garancija mira [&hellip;]\" \/>\n<meta property=\"og:url\" content=\"https:\/\/ic-lotos.org.ba\/en\/prvo-obiljezavanje-medunarodnog-dana-obrazovanja-24-januara\/\" \/>\n<meta property=\"og:site_name\" content=\"IC Lotos Tuzla\" \/>\n<meta property=\"article:publisher\" content=\"https:\/\/www.facebook.com\/iclotos\/\" \/>\n<meta property=\"article:published_time\" content=\"2019-01-24T10:22:21+00:00\" \/>\n<meta property=\"article:modified_time\" content=\"2023-10-19T14:44:33+00:00\" \/>\n<meta property=\"og:image\" content=\"https:\/\/ic-lotos.org.ba\/wp-content\/uploads\/2019\/01\/images_Me26232733Bunarodni20dan20obrazovanja_24_januar20blog.png\" \/>\n\t<meta property=\"og:image:width\" content=\"327\" \/>\n\t<meta property=\"og:image:height\" content=\"217\" \/>\n\t<meta property=\"og:image:type\" content=\"image\/png\" \/>\n<meta name=\"author\" content=\"Jasminko Bijeli\u0107\" \/>\n<meta name=\"twitter:card\" content=\"summary_large_image\" \/>\n<meta name=\"twitter:label1\" content=\"Written by\" \/>\n\t<meta name=\"twitter:data1\" content=\"Jasminko Bijeli\u0107\" \/>\n\t<meta name=\"twitter:label2\" content=\"Est. reading time\" \/>\n\t<meta name=\"twitter:data2\" content=\"2 minutes\" \/>\n<script type=\"application\/ld+json\" class=\"yoast-schema-graph\">{\"@context\":\"https:\\\/\\\/schema.org\",\"@graph\":[{\"@type\":\"Article\",\"@id\":\"https:\\\/\\\/ic-lotos.org.ba\\\/prvo-obiljezavanje-medunarodnog-dana-obrazovanja-24-januara\\\/#article\",\"isPartOf\":{\"@id\":\"https:\\\/\\\/ic-lotos.org.ba\\\/prvo-obiljezavanje-medunarodnog-dana-obrazovanja-24-januara\\\/\"},\"author\":{\"name\":\"Jasminko Bijeli\u0107\",\"@id\":\"https:\\\/\\\/ic-lotos.org.ba\\\/#\\\/schema\\\/person\\\/fb1da7c92bc3365aad6d1abac5bfe80a\"},\"headline\":\"Prvo obilje\u017eavanje Me\u0111unarodnog dana obrazovanja &#8211; 24. januara\",\"datePublished\":\"2019-01-24T10:22:21+00:00\",\"dateModified\":\"2023-10-19T14:44:33+00:00\",\"mainEntityOfPage\":{\"@id\":\"https:\\\/\\\/ic-lotos.org.ba\\\/prvo-obiljezavanje-medunarodnog-dana-obrazovanja-24-januara\\\/\"},\"wordCount\":354,\"commentCount\":0,\"publisher\":{\"@id\":\"https:\\\/\\\/ic-lotos.org.ba\\\/#organization\"},\"image\":{\"@id\":\"https:\\\/\\\/ic-lotos.org.ba\\\/prvo-obiljezavanje-medunarodnog-dana-obrazovanja-24-januara\\\/#primaryimage\"},\"thumbnailUrl\":\"https:\\\/\\\/ic-lotos.org.ba\\\/wp-content\\\/uploads\\\/2019\\\/01\\\/images_Me26232733Bunarodni20dan20obrazovanja_24_januar20blog.png\",\"articleSection\":[\"Vijesti\"],\"inLanguage\":\"en-US\"},{\"@type\":\"WebPage\",\"@id\":\"https:\\\/\\\/ic-lotos.org.ba\\\/prvo-obiljezavanje-medunarodnog-dana-obrazovanja-24-januara\\\/\",\"url\":\"https:\\\/\\\/ic-lotos.org.ba\\\/prvo-obiljezavanje-medunarodnog-dana-obrazovanja-24-januara\\\/\",\"name\":\"Prvo obilje\u017eavanje Me\u0111unarodnog dana obrazovanja - 24. januara - IC Lotos Tuzla\",\"isPartOf\":{\"@id\":\"https:\\\/\\\/ic-lotos.org.ba\\\/#website\"},\"primaryImageOfPage\":{\"@id\":\"https:\\\/\\\/ic-lotos.org.ba\\\/prvo-obiljezavanje-medunarodnog-dana-obrazovanja-24-januara\\\/#primaryimage\"},\"image\":{\"@id\":\"https:\\\/\\\/ic-lotos.org.ba\\\/prvo-obiljezavanje-medunarodnog-dana-obrazovanja-24-januara\\\/#primaryimage\"},\"thumbnailUrl\":\"https:\\\/\\\/ic-lotos.org.ba\\\/wp-content\\\/uploads\\\/2019\\\/01\\\/images_Me26232733Bunarodni20dan20obrazovanja_24_januar20blog.png\",\"datePublished\":\"2019-01-24T10:22:21+00:00\",\"dateModified\":\"2023-10-19T14:44:33+00:00\",\"breadcrumb\":{\"@id\":\"https:\\\/\\\/ic-lotos.org.ba\\\/prvo-obiljezavanje-medunarodnog-dana-obrazovanja-24-januara\\\/#breadcrumb\"},\"inLanguage\":\"en-US\",\"potentialAction\":[{\"@type\":\"ReadAction\",\"target\":[\"https:\\\/\\\/ic-lotos.org.ba\\\/prvo-obiljezavanje-medunarodnog-dana-obrazovanja-24-januara\\\/\"]}]},{\"@type\":\"ImageObject\",\"inLanguage\":\"en-US\",\"@id\":\"https:\\\/\\\/ic-lotos.org.ba\\\/prvo-obiljezavanje-medunarodnog-dana-obrazovanja-24-januara\\\/#primaryimage\",\"url\":\"https:\\\/\\\/ic-lotos.org.ba\\\/wp-content\\\/uploads\\\/2019\\\/01\\\/images_Me26232733Bunarodni20dan20obrazovanja_24_januar20blog.png\",\"contentUrl\":\"https:\\\/\\\/ic-lotos.org.ba\\\/wp-content\\\/uploads\\\/2019\\\/01\\\/images_Me26232733Bunarodni20dan20obrazovanja_24_januar20blog.png\",\"width\":327,\"height\":217,\"caption\":\"Me\u0111unarodni dan obrazovanja 24 januar\"},{\"@type\":\"BreadcrumbList\",\"@id\":\"https:\\\/\\\/ic-lotos.org.ba\\\/prvo-obiljezavanje-medunarodnog-dana-obrazovanja-24-januara\\\/#breadcrumb\",\"itemListElement\":[{\"@type\":\"ListItem\",\"position\":1,\"name\":\"Naslovna\",\"item\":\"https:\\\/\\\/ic-lotos.org.ba\\\/\"},{\"@type\":\"ListItem\",\"position\":2,\"name\":\"Prvo obilje\u017eavanje Me\u0111unarodnog dana obrazovanja &#8211; 24. januara\"}]},{\"@type\":\"WebSite\",\"@id\":\"https:\\\/\\\/ic-lotos.org.ba\\\/#website\",\"url\":\"https:\\\/\\\/ic-lotos.org.ba\\\/\",\"name\":\"IC Lotos Tuzla\",\"description\":\"Informativni centar \u201cLotos\u201d okuplja osobe sa ili bez invaliditeta koje su zainteresovane da svojim radom bilo na profesionalnoj ili volonterskoj osnovi doprinesu ostvarivanju misije organizacije.\",\"publisher\":{\"@id\":\"https:\\\/\\\/ic-lotos.org.ba\\\/#organization\"},\"potentialAction\":[{\"@type\":\"SearchAction\",\"target\":{\"@type\":\"EntryPoint\",\"urlTemplate\":\"https:\\\/\\\/ic-lotos.org.ba\\\/?s={search_term_string}\"},\"query-input\":{\"@type\":\"PropertyValueSpecification\",\"valueRequired\":true,\"valueName\":\"search_term_string\"}}],\"inLanguage\":\"en-US\"},{\"@type\":\"Organization\",\"@id\":\"https:\\\/\\\/ic-lotos.org.ba\\\/#organization\",\"name\":\"IC Lotos Tuzla\",\"url\":\"https:\\\/\\\/ic-lotos.org.ba\\\/\",\"logo\":{\"@type\":\"ImageObject\",\"inLanguage\":\"en-US\",\"@id\":\"https:\\\/\\\/ic-lotos.org.ba\\\/#\\\/schema\\\/logo\\\/image\\\/\",\"url\":\"https:\\\/\\\/ic-lotos.org.ba\\\/wp-content\\\/uploads\\\/2019\\\/11\\\/logo.jpg\",\"contentUrl\":\"https:\\\/\\\/ic-lotos.org.ba\\\/wp-content\\\/uploads\\\/2019\\\/11\\\/logo.jpg\",\"width\":575,\"height\":623,\"caption\":\"IC Lotos Tuzla\"},\"image\":{\"@id\":\"https:\\\/\\\/ic-lotos.org.ba\\\/#\\\/schema\\\/logo\\\/image\\\/\"},\"sameAs\":[\"https:\\\/\\\/www.facebook.com\\\/iclotos\\\/\",\"https:\\\/\\\/www.youtube.com\\\/feed\\\/library\"]},{\"@type\":\"Person\",\"@id\":\"https:\\\/\\\/ic-lotos.org.ba\\\/#\\\/schema\\\/person\\\/fb1da7c92bc3365aad6d1abac5bfe80a\",\"name\":\"Jasminko Bijeli\u0107\",\"image\":{\"@type\":\"ImageObject\",\"inLanguage\":\"en-US\",\"@id\":\"https:\\\/\\\/secure.gravatar.com\\\/avatar\\\/d694f8eb6cc3383210938655f7851f13239ed2f29afcf4e787e3c519ba016d67?s=96&d=mm&r=g\",\"url\":\"https:\\\/\\\/secure.gravatar.com\\\/avatar\\\/d694f8eb6cc3383210938655f7851f13239ed2f29afcf4e787e3c519ba016d67?s=96&d=mm&r=g\",\"contentUrl\":\"https:\\\/\\\/secure.gravatar.com\\\/avatar\\\/d694f8eb6cc3383210938655f7851f13239ed2f29afcf4e787e3c519ba016d67?s=96&d=mm&r=g\",\"caption\":\"Jasminko Bijeli\u0107\"}}]}<\/script>\n<!-- \/ Yoast SEO plugin. -->","yoast_head_json":{"title":"Prvo obilje\u017eavanje Me\u0111unarodnog dana obrazovanja - 24. januara - IC Lotos Tuzla","robots":{"index":"index","follow":"follow","max-snippet":"max-snippet:-1","max-image-preview":"max-image-preview:large","max-video-preview":"max-video-preview:-1"},"canonical":"https:\/\/ic-lotos.org.ba\/en\/prvo-obiljezavanje-medunarodnog-dana-obrazovanja-24-januara\/","og_locale":"en_US","og_type":"article","og_title":"Prvo obilje\u017eavanje Me\u0111unarodnog dana obrazovanja - 24. januara - IC Lotos Tuzla","og_description":"Ove godine 24. januara, po prvi put u istoriji, obilje\u017eava se Me\u0111unarodni dan obrazovanja. Potreba da se u svijetu obilje\u017ei dan posve\u0107en obrazovanju ohrabruje i budi nadu da je dru&scaron;tvo doseglo nivo razvoja kad prepoznaje da je jedina garancija mira [&hellip;]","og_url":"https:\/\/ic-lotos.org.ba\/en\/prvo-obiljezavanje-medunarodnog-dana-obrazovanja-24-januara\/","og_site_name":"IC Lotos Tuzla","article_publisher":"https:\/\/www.facebook.com\/iclotos\/","article_published_time":"2019-01-24T10:22:21+00:00","article_modified_time":"2023-10-19T14:44:33+00:00","og_image":[{"width":327,"height":217,"url":"https:\/\/ic-lotos.org.ba\/wp-content\/uploads\/2019\/01\/images_Me26232733Bunarodni20dan20obrazovanja_24_januar20blog.png","type":"image\/png"}],"author":"Jasminko Bijeli\u0107","twitter_card":"summary_large_image","twitter_misc":{"Written by":"Jasminko Bijeli\u0107","Est. reading time":"2 minutes"},"schema":{"@context":"https:\/\/schema.org","@graph":[{"@type":"Article","@id":"https:\/\/ic-lotos.org.ba\/prvo-obiljezavanje-medunarodnog-dana-obrazovanja-24-januara\/#article","isPartOf":{"@id":"https:\/\/ic-lotos.org.ba\/prvo-obiljezavanje-medunarodnog-dana-obrazovanja-24-januara\/"},"author":{"name":"Jasminko Bijeli\u0107","@id":"https:\/\/ic-lotos.org.ba\/#\/schema\/person\/fb1da7c92bc3365aad6d1abac5bfe80a"},"headline":"Prvo obilje\u017eavanje Me\u0111unarodnog dana obrazovanja &#8211; 24. januara","datePublished":"2019-01-24T10:22:21+00:00","dateModified":"2023-10-19T14:44:33+00:00","mainEntityOfPage":{"@id":"https:\/\/ic-lotos.org.ba\/prvo-obiljezavanje-medunarodnog-dana-obrazovanja-24-januara\/"},"wordCount":354,"commentCount":0,"publisher":{"@id":"https:\/\/ic-lotos.org.ba\/#organization"},"image":{"@id":"https:\/\/ic-lotos.org.ba\/prvo-obiljezavanje-medunarodnog-dana-obrazovanja-24-januara\/#primaryimage"},"thumbnailUrl":"https:\/\/ic-lotos.org.ba\/wp-content\/uploads\/2019\/01\/images_Me26232733Bunarodni20dan20obrazovanja_24_januar20blog.png","articleSection":["Vijesti"],"inLanguage":"en-US"},{"@type":"WebPage","@id":"https:\/\/ic-lotos.org.ba\/prvo-obiljezavanje-medunarodnog-dana-obrazovanja-24-januara\/","url":"https:\/\/ic-lotos.org.ba\/prvo-obiljezavanje-medunarodnog-dana-obrazovanja-24-januara\/","name":"Prvo obilje\u017eavanje Me\u0111unarodnog dana obrazovanja - 24. januara - IC Lotos Tuzla","isPartOf":{"@id":"https:\/\/ic-lotos.org.ba\/#website"},"primaryImageOfPage":{"@id":"https:\/\/ic-lotos.org.ba\/prvo-obiljezavanje-medunarodnog-dana-obrazovanja-24-januara\/#primaryimage"},"image":{"@id":"https:\/\/ic-lotos.org.ba\/prvo-obiljezavanje-medunarodnog-dana-obrazovanja-24-januara\/#primaryimage"},"thumbnailUrl":"https:\/\/ic-lotos.org.ba\/wp-content\/uploads\/2019\/01\/images_Me26232733Bunarodni20dan20obrazovanja_24_januar20blog.png","datePublished":"2019-01-24T10:22:21+00:00","dateModified":"2023-10-19T14:44:33+00:00","breadcrumb":{"@id":"https:\/\/ic-lotos.org.ba\/prvo-obiljezavanje-medunarodnog-dana-obrazovanja-24-januara\/#breadcrumb"},"inLanguage":"en-US","potentialAction":[{"@type":"ReadAction","target":["https:\/\/ic-lotos.org.ba\/prvo-obiljezavanje-medunarodnog-dana-obrazovanja-24-januara\/"]}]},{"@type":"ImageObject","inLanguage":"en-US","@id":"https:\/\/ic-lotos.org.ba\/prvo-obiljezavanje-medunarodnog-dana-obrazovanja-24-januara\/#primaryimage","url":"https:\/\/ic-lotos.org.ba\/wp-content\/uploads\/2019\/01\/images_Me26232733Bunarodni20dan20obrazovanja_24_januar20blog.png","contentUrl":"https:\/\/ic-lotos.org.ba\/wp-content\/uploads\/2019\/01\/images_Me26232733Bunarodni20dan20obrazovanja_24_januar20blog.png","width":327,"height":217,"caption":"Me\u0111unarodni dan obrazovanja 24 januar"},{"@type":"BreadcrumbList","@id":"https:\/\/ic-lotos.org.ba\/prvo-obiljezavanje-medunarodnog-dana-obrazovanja-24-januara\/#breadcrumb","itemListElement":[{"@type":"ListItem","position":1,"name":"Naslovna","item":"https:\/\/ic-lotos.org.ba\/"},{"@type":"ListItem","position":2,"name":"Prvo obilje\u017eavanje Me\u0111unarodnog dana obrazovanja &#8211; 24. januara"}]},{"@type":"WebSite","@id":"https:\/\/ic-lotos.org.ba\/#website","url":"https:\/\/ic-lotos.org.ba\/","name":"IC Lotos Tuzla","description":"Informativni centar \u201cLotos\u201d okuplja osobe sa ili bez invaliditeta koje su zainteresovane da svojim radom bilo na profesionalnoj ili volonterskoj osnovi doprinesu ostvarivanju misije organizacije.","publisher":{"@id":"https:\/\/ic-lotos.org.ba\/#organization"},"potentialAction":[{"@type":"SearchAction","target":{"@type":"EntryPoint","urlTemplate":"https:\/\/ic-lotos.org.ba\/?s={search_term_string}"},"query-input":{"@type":"PropertyValueSpecification","valueRequired":true,"valueName":"search_term_string"}}],"inLanguage":"en-US"},{"@type":"Organization","@id":"https:\/\/ic-lotos.org.ba\/#organization","name":"IC Lotos Tuzla","url":"https:\/\/ic-lotos.org.ba\/","logo":{"@type":"ImageObject","inLanguage":"en-US","@id":"https:\/\/ic-lotos.org.ba\/#\/schema\/logo\/image\/","url":"https:\/\/ic-lotos.org.ba\/wp-content\/uploads\/2019\/11\/logo.jpg","contentUrl":"https:\/\/ic-lotos.org.ba\/wp-content\/uploads\/2019\/11\/logo.jpg","width":575,"height":623,"caption":"IC Lotos Tuzla"},"image":{"@id":"https:\/\/ic-lotos.org.ba\/#\/schema\/logo\/image\/"},"sameAs":["https:\/\/www.facebook.com\/iclotos\/","https:\/\/www.youtube.com\/feed\/library"]},{"@type":"Person","@id":"https:\/\/ic-lotos.org.ba\/#\/schema\/person\/fb1da7c92bc3365aad6d1abac5bfe80a","name":"Jasminko Bijeli\u0107","image":{"@type":"ImageObject","inLanguage":"en-US","@id":"https:\/\/secure.gravatar.com\/avatar\/d694f8eb6cc3383210938655f7851f13239ed2f29afcf4e787e3c519ba016d67?s=96&d=mm&r=g","url":"https:\/\/secure.gravatar.com\/avatar\/d694f8eb6cc3383210938655f7851f13239ed2f29afcf4e787e3c519ba016d67?s=96&d=mm&r=g","contentUrl":"https:\/\/secure.gravatar.com\/avatar\/d694f8eb6cc3383210938655f7851f13239ed2f29afcf4e787e3c519ba016d67?s=96&d=mm&r=g","caption":"Jasminko Bijeli\u0107"}}]}},"_links":{"self":[{"href":"https:\/\/ic-lotos.org.ba\/en\/wp-json\/wp\/v2\/posts\/12216","targetHints":{"allow":["GET"]}}],"collection":[{"href":"https:\/\/ic-lotos.org.ba\/en\/wp-json\/wp\/v2\/posts"}],"about":[{"href":"https:\/\/ic-lotos.org.ba\/en\/wp-json\/wp\/v2\/types\/post"}],"author":[{"embeddable":true,"href":"https:\/\/ic-lotos.org.ba\/en\/wp-json\/wp\/v2\/users\/5"}],"replies":[{"embeddable":true,"href":"https:\/\/ic-lotos.org.ba\/en\/wp-json\/wp\/v2\/comments?post=12216"}],"version-history":[{"count":1,"href":"https:\/\/ic-lotos.org.ba\/en\/wp-json\/wp\/v2\/posts\/12216\/revisions"}],"predecessor-version":[{"id":14091,"href":"https:\/\/ic-lotos.org.ba\/en\/wp-json\/wp\/v2\/posts\/12216\/revisions\/14091"}],"wp:featuredmedia":[{"embeddable":true,"href":"https:\/\/ic-lotos.org.ba\/en\/wp-json\/wp\/v2\/media\/12215"}],"wp:attachment":[{"href":"https:\/\/ic-lotos.org.ba\/en\/wp-json\/wp\/v2\/media?parent=12216"}],"wp:term":[{"taxonomy":"category","embeddable":true,"href":"https:\/\/ic-lotos.org.ba\/en\/wp-json\/wp\/v2\/categories?post=12216"},{"taxonomy":"post_tag","embeddable":true,"href":"https:\/\/ic-lotos.org.ba\/en\/wp-json\/wp\/v2\/tags?post=12216"}],"curies":[{"name":"wp","href":"https:\/\/api.w.org\/{rel}","templated":true}]}}