{"id":12214,"date":"2019-01-10T09:39:28","date_gmt":"2019-01-10T09:39:28","guid":{"rendered":"https:\/\/v2.ic-lotos.org.ba\/obuka-za-izradu-biznis-plana-za-osi-mostar-11-do-15-02-2019\/"},"modified":"2023-10-19T14:44:33","modified_gmt":"2023-10-19T14:44:33","slug":"obuka-za-izradu-biznis-plana-za-osi-mostar-11-do-15-02-2019","status":"publish","type":"post","link":"https:\/\/ic-lotos.org.ba\/en\/obuka-za-izradu-biznis-plana-za-osi-mostar-11-do-15-02-2019\/","title":{"rendered":"OBUKA ZA IZRADU BIZNIS PLANA ZA OSI Mostar, 11. do 15.02.2019."},"content":{"rendered":"<\/p>\n<p><span style=\"font-size: 12pt;\">Dear Sir\/Madam,<\/span><\/p>\n<p><span style=\"font-size: 12pt;\">Ovim putem vas obavje&scaron;tavamo da Caritas BiH, u okviru projekta POWER, organizira besplatnu obuku za osobe s invaliditetom na temu: <strong>Izrada biznis plana<\/strong>. Obuka \u0107e se odr\u017eati od 11. do 15. velja\u010de\/februara 2019. godine u Mostaru, Potoci. Smje&scaron;taj, objede kao i radni materijal \u0107e osigurati organizator. Obuka je namijenjena:<\/span><\/p>\n<ul>\n<li><span style=\"font-size: 12pt;\">Osobama s invaliditetom koje u ime organizacije\/poduze\u0107a vode poslovne djelatnosti<\/span><\/li>\n<li><span style=\"font-size: 12pt;\">Osobama s invaliditetom koje planiraju pokrenuti vlastiti poslovnu djelatnost<\/span><\/li>\n<li><span style=\"font-size: 12pt;\">Osobe s invaliditetom koje imaju vlastitu poslovnu djelatnost i \u017eele je unaprijediti izradom profesionalnog biznis plana<\/span><\/li>\n<li><span style=\"font-size: 12pt;\">Udrugama\/organizacijama i savezima osoba s invaliditetom, te &bdquo;socijalnim poduze\u0107ima&ldquo; koje zapo&scaron;ljavaju OSI, a koje u sklopu svoje djelatnosti imaju neku vrstu poslovne djelatnosti<\/span><\/li>\n<\/ul>\n<p><span style=\"font-size: 12pt;\">U slu\u010daju ve\u0107eg broja prijavljenih Caritas BiH zadr\u017eava pravo zatra\u017eiti dodatne informacije o kandidatima i provesti proces selekcije kandidata o \u010demu \u0107emo vas uredno obavijestiti.<\/span><\/p>\n<p><span style=\"font-size: 12pt;\">Tijekom obuke \u0107e se na interaktivan na\u010din obraditi mnogi sadr\u017eaji iz oblasti biznisa i izrade biznis plana, a polaznici \u0107e izme\u0111u ostalog znati\/mo\u0107i:<\/span><\/p>\n<ul>\n<li><span style=\"font-size: 12pt;\">Osnove poduzetni&scaron;tva i osnovnu terminologiju<\/span><\/li>\n<li><span style=\"font-size: 12pt;\">Analizirati tr\u017ei&scaron;te i okolinu u kojoj djeluju<\/span><\/li>\n<li><span style=\"font-size: 12pt;\">Procijeniti i izra\u010dunati proizvodne kapacitete<\/span><\/li>\n<li><span style=\"font-size: 12pt;\">Procijeniti najbolji pravni oblik poslovne djelatnosti<\/span><\/li>\n<li><span style=\"font-size: 12pt;\">Definirati na\u010dine financijskog upravljanja<\/span><\/li>\n<li><span style=\"font-size: 12pt;\">Samostalno izraditi i analizirati biznis plan<\/span><\/li>\n<\/ul>\n<p><span style=\"font-size: 12pt;\">Sve ostale informacije o sadr\u017eaju, trenerima i logisti\u010dke informacije \u0107emo dostaviti blagovremeno.&nbsp;<\/span><span style=\"font-size: 12pt;\">Molimo da pred prijavu dostavite najkasnije do 16.01.2019. godine na <\/span><a href=\"mailto:z.malic@caritas.ba\" style=\"font-size: 12pt;\">z.malic@caritas.ba<\/a><a href=\"mailto:z.malic@caritas.ba\" style=\"font-size: 12pt;\"><\/a><\/p>\n<p><span style=\"font-size: 12pt;\">Pred prijava treba da sadr\u017ei sljede\u0107e podatke:<\/span><\/p>\n<section>\n<address><span style=\"font-size: 12pt;\"><strong>Ime i prezime osobe<\/strong><\/span><\/address>\n<address><span style=\"font-size: 12pt;\"><strong>Kontakt (email i telefon)<\/strong><\/span><\/address>\n<address><span style=\"font-size: 12pt;\"><strong>Mjesto stanovanja<\/strong><\/span><\/address>\n<address><span style=\"font-size: 12pt;\"><strong>Vrsta i stupanj invaliditeta<\/strong><\/span><\/address>\n<address><span style=\"font-size: 12pt;\"><strong>Razlog prijave na obuku (molimo navesti i informaciju imate li svoju poslovnu djelatnost, planirate li ju pokrenuti ili vodite li neki posao u ime nekog drugog)<\/strong><\/span><\/address>\n<\/section>\n<p><span style=\"font-size: 12pt;\">a istu mo\u017eete preuzeti sa linka&nbsp;<a href=\"index.php?option=com_phocadownload&amp;view=category&amp;id=3&amp;Itemid=585\">Rights of people with disabilities<\/a> u word formatu.<\/span><\/p>\n<div class=\"gsp_post_data\" \r\n\t            data-post_type=\"post\" \r\n\t            data-cat=\"vijesti\" \r\n\t            data-modified=\"120\"\r\n\t            data-created=\"1547113168\"\r\n\t            data-title=\"OBUKA ZA IZRADU BIZNIS PLANA ZA OSI Mostar, 11. do 15.02.2019.\" \r\n\t            data-home=\"https:\/\/ic-lotos.org.ba\/en\"><\/div>","protected":false},"excerpt":{"rendered":"<p>Po&scaron;tovani, Ovim putem vas obavje&scaron;tavamo da Caritas BiH, u okviru projekta POWER, organizira besplatnu obuku za osobe s invaliditetom na temu: Izrada biznis plana. Obuka \u0107e se odr\u017eati od 11. do 15. velja\u010de\/februara 2019. godine u Mostaru, Potoci. Smje&scaron;taj, objede [&hellip;]<\/p>\n","protected":false},"author":5,"featured_media":12213,"comment_status":"open","ping_status":"closed","sticky":false,"template":"","format":"standard","meta":{"footnotes":""},"categories":[65],"tags":[],"class_list":["post-12214","post","type-post","status-publish","format-standard","has-post-thumbnail","hentry","category-vijesti"],"yoast_head":"<!-- This site is optimized with the Yoast SEO plugin v27.5 - https:\/\/yoast.com\/product\/yoast-seo-wordpress\/ -->\n<title>OBUKA ZA IZRADU BIZNIS PLANA ZA OSI Mostar, 11. do 15.02.2019. - IC Lotos Tuzla<\/title>\n<meta name=\"robots\" content=\"index, follow, max-snippet:-1, max-image-preview:large, max-video-preview:-1\" \/>\n<link rel=\"canonical\" href=\"https:\/\/ic-lotos.org.ba\/en\/obuka-za-izradu-biznis-plana-za-osi-mostar-11-do-15-02-2019\/\" \/>\n<meta property=\"og:locale\" content=\"en_US\" \/>\n<meta property=\"og:type\" content=\"article\" \/>\n<meta property=\"og:title\" content=\"OBUKA ZA IZRADU BIZNIS PLANA ZA OSI Mostar, 11. do 15.02.2019. - IC Lotos Tuzla\" \/>\n<meta property=\"og:description\" content=\"Po&scaron;tovani, Ovim putem vas obavje&scaron;tavamo da Caritas BiH, u okviru projekta POWER, organizira besplatnu obuku za osobe s invaliditetom na temu: Izrada biznis plana. Obuka \u0107e se odr\u017eati od 11. do 15. velja\u010de\/februara 2019. godine u Mostaru, Potoci. Smje&scaron;taj, objede [&hellip;]\" \/>\n<meta property=\"og:url\" content=\"https:\/\/ic-lotos.org.ba\/en\/obuka-za-izradu-biznis-plana-za-osi-mostar-11-do-15-02-2019\/\" \/>\n<meta property=\"og:site_name\" content=\"IC Lotos Tuzla\" \/>\n<meta property=\"article:publisher\" content=\"https:\/\/www.facebook.com\/iclotos\/\" \/>\n<meta property=\"article:published_time\" content=\"2019-01-10T09:39:28+00:00\" \/>\n<meta property=\"article:modified_time\" content=\"2023-10-19T14:44:33+00:00\" \/>\n<meta property=\"og:image\" content=\"https:\/\/ic-lotos.org.ba\/wp-content\/uploads\/2019\/01\/images_Power.jpg\" \/>\n\t<meta property=\"og:image:width\" content=\"780\" \/>\n\t<meta property=\"og:image:height\" content=\"143\" \/>\n\t<meta property=\"og:image:type\" content=\"image\/jpeg\" \/>\n<meta name=\"author\" content=\"Jasminko Bijeli\u0107\" \/>\n<meta name=\"twitter:card\" content=\"summary_large_image\" \/>\n<meta name=\"twitter:label1\" content=\"Written by\" \/>\n\t<meta name=\"twitter:data1\" content=\"Jasminko Bijeli\u0107\" \/>\n\t<meta name=\"twitter:label2\" content=\"Est. reading time\" \/>\n\t<meta name=\"twitter:data2\" content=\"2 minutes\" \/>\n<script type=\"application\/ld+json\" class=\"yoast-schema-graph\">{\"@context\":\"https:\\\/\\\/schema.org\",\"@graph\":[{\"@type\":\"Article\",\"@id\":\"https:\\\/\\\/ic-lotos.org.ba\\\/obuka-za-izradu-biznis-plana-za-osi-mostar-11-do-15-02-2019\\\/#article\",\"isPartOf\":{\"@id\":\"https:\\\/\\\/ic-lotos.org.ba\\\/obuka-za-izradu-biznis-plana-za-osi-mostar-11-do-15-02-2019\\\/\"},\"author\":{\"name\":\"Jasminko Bijeli\u0107\",\"@id\":\"https:\\\/\\\/ic-lotos.org.ba\\\/#\\\/schema\\\/person\\\/fb1da7c92bc3365aad6d1abac5bfe80a\"},\"headline\":\"OBUKA ZA IZRADU BIZNIS PLANA ZA OSI Mostar, 11. do 15.02.2019.\",\"datePublished\":\"2019-01-10T09:39:28+00:00\",\"dateModified\":\"2023-10-19T14:44:33+00:00\",\"mainEntityOfPage\":{\"@id\":\"https:\\\/\\\/ic-lotos.org.ba\\\/obuka-za-izradu-biznis-plana-za-osi-mostar-11-do-15-02-2019\\\/\"},\"wordCount\":320,\"commentCount\":0,\"publisher\":{\"@id\":\"https:\\\/\\\/ic-lotos.org.ba\\\/#organization\"},\"image\":{\"@id\":\"https:\\\/\\\/ic-lotos.org.ba\\\/obuka-za-izradu-biznis-plana-za-osi-mostar-11-do-15-02-2019\\\/#primaryimage\"},\"thumbnailUrl\":\"https:\\\/\\\/ic-lotos.org.ba\\\/wp-content\\\/uploads\\\/2019\\\/01\\\/images_Power.jpg\",\"articleSection\":[\"Vijesti\"],\"inLanguage\":\"en-US\"},{\"@type\":\"WebPage\",\"@id\":\"https:\\\/\\\/ic-lotos.org.ba\\\/obuka-za-izradu-biznis-plana-za-osi-mostar-11-do-15-02-2019\\\/\",\"url\":\"https:\\\/\\\/ic-lotos.org.ba\\\/obuka-za-izradu-biznis-plana-za-osi-mostar-11-do-15-02-2019\\\/\",\"name\":\"OBUKA ZA IZRADU BIZNIS PLANA ZA OSI Mostar, 11. do 15.02.2019. - IC Lotos Tuzla\",\"isPartOf\":{\"@id\":\"https:\\\/\\\/ic-lotos.org.ba\\\/#website\"},\"primaryImageOfPage\":{\"@id\":\"https:\\\/\\\/ic-lotos.org.ba\\\/obuka-za-izradu-biznis-plana-za-osi-mostar-11-do-15-02-2019\\\/#primaryimage\"},\"image\":{\"@id\":\"https:\\\/\\\/ic-lotos.org.ba\\\/obuka-za-izradu-biznis-plana-za-osi-mostar-11-do-15-02-2019\\\/#primaryimage\"},\"thumbnailUrl\":\"https:\\\/\\\/ic-lotos.org.ba\\\/wp-content\\\/uploads\\\/2019\\\/01\\\/images_Power.jpg\",\"datePublished\":\"2019-01-10T09:39:28+00:00\",\"dateModified\":\"2023-10-19T14:44:33+00:00\",\"breadcrumb\":{\"@id\":\"https:\\\/\\\/ic-lotos.org.ba\\\/obuka-za-izradu-biznis-plana-za-osi-mostar-11-do-15-02-2019\\\/#breadcrumb\"},\"inLanguage\":\"en-US\",\"potentialAction\":[{\"@type\":\"ReadAction\",\"target\":[\"https:\\\/\\\/ic-lotos.org.ba\\\/obuka-za-izradu-biznis-plana-za-osi-mostar-11-do-15-02-2019\\\/\"]}]},{\"@type\":\"ImageObject\",\"inLanguage\":\"en-US\",\"@id\":\"https:\\\/\\\/ic-lotos.org.ba\\\/obuka-za-izradu-biznis-plana-za-osi-mostar-11-do-15-02-2019\\\/#primaryimage\",\"url\":\"https:\\\/\\\/ic-lotos.org.ba\\\/wp-content\\\/uploads\\\/2019\\\/01\\\/images_Power.jpg\",\"contentUrl\":\"https:\\\/\\\/ic-lotos.org.ba\\\/wp-content\\\/uploads\\\/2019\\\/01\\\/images_Power.jpg\",\"width\":780,\"height\":143,\"caption\":\"Power\"},{\"@type\":\"BreadcrumbList\",\"@id\":\"https:\\\/\\\/ic-lotos.org.ba\\\/obuka-za-izradu-biznis-plana-za-osi-mostar-11-do-15-02-2019\\\/#breadcrumb\",\"itemListElement\":[{\"@type\":\"ListItem\",\"position\":1,\"name\":\"Naslovna\",\"item\":\"https:\\\/\\\/ic-lotos.org.ba\\\/\"},{\"@type\":\"ListItem\",\"position\":2,\"name\":\"OBUKA ZA IZRADU BIZNIS PLANA ZA OSI Mostar, 11. do 15.02.2019.\"}]},{\"@type\":\"WebSite\",\"@id\":\"https:\\\/\\\/ic-lotos.org.ba\\\/#website\",\"url\":\"https:\\\/\\\/ic-lotos.org.ba\\\/\",\"name\":\"IC Lotos Tuzla\",\"description\":\"Informativni centar \u201cLotos\u201d okuplja osobe sa ili bez invaliditeta koje su zainteresovane da svojim radom bilo na profesionalnoj ili volonterskoj osnovi doprinesu ostvarivanju misije organizacije.\",\"publisher\":{\"@id\":\"https:\\\/\\\/ic-lotos.org.ba\\\/#organization\"},\"potentialAction\":[{\"@type\":\"SearchAction\",\"target\":{\"@type\":\"EntryPoint\",\"urlTemplate\":\"https:\\\/\\\/ic-lotos.org.ba\\\/?s={search_term_string}\"},\"query-input\":{\"@type\":\"PropertyValueSpecification\",\"valueRequired\":true,\"valueName\":\"search_term_string\"}}],\"inLanguage\":\"en-US\"},{\"@type\":\"Organization\",\"@id\":\"https:\\\/\\\/ic-lotos.org.ba\\\/#organization\",\"name\":\"IC Lotos Tuzla\",\"url\":\"https:\\\/\\\/ic-lotos.org.ba\\\/\",\"logo\":{\"@type\":\"ImageObject\",\"inLanguage\":\"en-US\",\"@id\":\"https:\\\/\\\/ic-lotos.org.ba\\\/#\\\/schema\\\/logo\\\/image\\\/\",\"url\":\"https:\\\/\\\/ic-lotos.org.ba\\\/wp-content\\\/uploads\\\/2019\\\/11\\\/logo.jpg\",\"contentUrl\":\"https:\\\/\\\/ic-lotos.org.ba\\\/wp-content\\\/uploads\\\/2019\\\/11\\\/logo.jpg\",\"width\":575,\"height\":623,\"caption\":\"IC Lotos Tuzla\"},\"image\":{\"@id\":\"https:\\\/\\\/ic-lotos.org.ba\\\/#\\\/schema\\\/logo\\\/image\\\/\"},\"sameAs\":[\"https:\\\/\\\/www.facebook.com\\\/iclotos\\\/\",\"https:\\\/\\\/www.youtube.com\\\/feed\\\/library\"]},{\"@type\":\"Person\",\"@id\":\"https:\\\/\\\/ic-lotos.org.ba\\\/#\\\/schema\\\/person\\\/fb1da7c92bc3365aad6d1abac5bfe80a\",\"name\":\"Jasminko Bijeli\u0107\",\"image\":{\"@type\":\"ImageObject\",\"inLanguage\":\"en-US\",\"@id\":\"https:\\\/\\\/secure.gravatar.com\\\/avatar\\\/d694f8eb6cc3383210938655f7851f13239ed2f29afcf4e787e3c519ba016d67?s=96&d=mm&r=g\",\"url\":\"https:\\\/\\\/secure.gravatar.com\\\/avatar\\\/d694f8eb6cc3383210938655f7851f13239ed2f29afcf4e787e3c519ba016d67?s=96&d=mm&r=g\",\"contentUrl\":\"https:\\\/\\\/secure.gravatar.com\\\/avatar\\\/d694f8eb6cc3383210938655f7851f13239ed2f29afcf4e787e3c519ba016d67?s=96&d=mm&r=g\",\"caption\":\"Jasminko Bijeli\u0107\"}}]}<\/script>\n<!-- \/ Yoast SEO plugin. -->","yoast_head_json":{"title":"OBUKA ZA IZRADU BIZNIS PLANA ZA OSI Mostar, 11. do 15.02.2019. - IC Lotos Tuzla","robots":{"index":"index","follow":"follow","max-snippet":"max-snippet:-1","max-image-preview":"max-image-preview:large","max-video-preview":"max-video-preview:-1"},"canonical":"https:\/\/ic-lotos.org.ba\/en\/obuka-za-izradu-biznis-plana-za-osi-mostar-11-do-15-02-2019\/","og_locale":"en_US","og_type":"article","og_title":"OBUKA ZA IZRADU BIZNIS PLANA ZA OSI Mostar, 11. do 15.02.2019. - IC Lotos Tuzla","og_description":"Po&scaron;tovani, Ovim putem vas obavje&scaron;tavamo da Caritas BiH, u okviru projekta POWER, organizira besplatnu obuku za osobe s invaliditetom na temu: Izrada biznis plana. Obuka \u0107e se odr\u017eati od 11. do 15. velja\u010de\/februara 2019. godine u Mostaru, Potoci. Smje&scaron;taj, objede [&hellip;]","og_url":"https:\/\/ic-lotos.org.ba\/en\/obuka-za-izradu-biznis-plana-za-osi-mostar-11-do-15-02-2019\/","og_site_name":"IC Lotos Tuzla","article_publisher":"https:\/\/www.facebook.com\/iclotos\/","article_published_time":"2019-01-10T09:39:28+00:00","article_modified_time":"2023-10-19T14:44:33+00:00","og_image":[{"width":780,"height":143,"url":"https:\/\/ic-lotos.org.ba\/wp-content\/uploads\/2019\/01\/images_Power.jpg","type":"image\/jpeg"}],"author":"Jasminko Bijeli\u0107","twitter_card":"summary_large_image","twitter_misc":{"Written by":"Jasminko Bijeli\u0107","Est. reading time":"2 minutes"},"schema":{"@context":"https:\/\/schema.org","@graph":[{"@type":"Article","@id":"https:\/\/ic-lotos.org.ba\/obuka-za-izradu-biznis-plana-za-osi-mostar-11-do-15-02-2019\/#article","isPartOf":{"@id":"https:\/\/ic-lotos.org.ba\/obuka-za-izradu-biznis-plana-za-osi-mostar-11-do-15-02-2019\/"},"author":{"name":"Jasminko Bijeli\u0107","@id":"https:\/\/ic-lotos.org.ba\/#\/schema\/person\/fb1da7c92bc3365aad6d1abac5bfe80a"},"headline":"OBUKA ZA IZRADU BIZNIS PLANA ZA OSI Mostar, 11. do 15.02.2019.","datePublished":"2019-01-10T09:39:28+00:00","dateModified":"2023-10-19T14:44:33+00:00","mainEntityOfPage":{"@id":"https:\/\/ic-lotos.org.ba\/obuka-za-izradu-biznis-plana-za-osi-mostar-11-do-15-02-2019\/"},"wordCount":320,"commentCount":0,"publisher":{"@id":"https:\/\/ic-lotos.org.ba\/#organization"},"image":{"@id":"https:\/\/ic-lotos.org.ba\/obuka-za-izradu-biznis-plana-za-osi-mostar-11-do-15-02-2019\/#primaryimage"},"thumbnailUrl":"https:\/\/ic-lotos.org.ba\/wp-content\/uploads\/2019\/01\/images_Power.jpg","articleSection":["Vijesti"],"inLanguage":"en-US"},{"@type":"WebPage","@id":"https:\/\/ic-lotos.org.ba\/obuka-za-izradu-biznis-plana-za-osi-mostar-11-do-15-02-2019\/","url":"https:\/\/ic-lotos.org.ba\/obuka-za-izradu-biznis-plana-za-osi-mostar-11-do-15-02-2019\/","name":"OBUKA ZA IZRADU BIZNIS PLANA ZA OSI Mostar, 11. do 15.02.2019. - IC Lotos Tuzla","isPartOf":{"@id":"https:\/\/ic-lotos.org.ba\/#website"},"primaryImageOfPage":{"@id":"https:\/\/ic-lotos.org.ba\/obuka-za-izradu-biznis-plana-za-osi-mostar-11-do-15-02-2019\/#primaryimage"},"image":{"@id":"https:\/\/ic-lotos.org.ba\/obuka-za-izradu-biznis-plana-za-osi-mostar-11-do-15-02-2019\/#primaryimage"},"thumbnailUrl":"https:\/\/ic-lotos.org.ba\/wp-content\/uploads\/2019\/01\/images_Power.jpg","datePublished":"2019-01-10T09:39:28+00:00","dateModified":"2023-10-19T14:44:33+00:00","breadcrumb":{"@id":"https:\/\/ic-lotos.org.ba\/obuka-za-izradu-biznis-plana-za-osi-mostar-11-do-15-02-2019\/#breadcrumb"},"inLanguage":"en-US","potentialAction":[{"@type":"ReadAction","target":["https:\/\/ic-lotos.org.ba\/obuka-za-izradu-biznis-plana-za-osi-mostar-11-do-15-02-2019\/"]}]},{"@type":"ImageObject","inLanguage":"en-US","@id":"https:\/\/ic-lotos.org.ba\/obuka-za-izradu-biznis-plana-za-osi-mostar-11-do-15-02-2019\/#primaryimage","url":"https:\/\/ic-lotos.org.ba\/wp-content\/uploads\/2019\/01\/images_Power.jpg","contentUrl":"https:\/\/ic-lotos.org.ba\/wp-content\/uploads\/2019\/01\/images_Power.jpg","width":780,"height":143,"caption":"Power"},{"@type":"BreadcrumbList","@id":"https:\/\/ic-lotos.org.ba\/obuka-za-izradu-biznis-plana-za-osi-mostar-11-do-15-02-2019\/#breadcrumb","itemListElement":[{"@type":"ListItem","position":1,"name":"Naslovna","item":"https:\/\/ic-lotos.org.ba\/"},{"@type":"ListItem","position":2,"name":"OBUKA ZA IZRADU BIZNIS PLANA ZA OSI Mostar, 11. do 15.02.2019."}]},{"@type":"WebSite","@id":"https:\/\/ic-lotos.org.ba\/#website","url":"https:\/\/ic-lotos.org.ba\/","name":"IC Lotos Tuzla","description":"Informativni centar \u201cLotos\u201d okuplja osobe sa ili bez invaliditeta koje su zainteresovane da svojim radom bilo na profesionalnoj ili volonterskoj osnovi doprinesu ostvarivanju misije organizacije.","publisher":{"@id":"https:\/\/ic-lotos.org.ba\/#organization"},"potentialAction":[{"@type":"SearchAction","target":{"@type":"EntryPoint","urlTemplate":"https:\/\/ic-lotos.org.ba\/?s={search_term_string}"},"query-input":{"@type":"PropertyValueSpecification","valueRequired":true,"valueName":"search_term_string"}}],"inLanguage":"en-US"},{"@type":"Organization","@id":"https:\/\/ic-lotos.org.ba\/#organization","name":"IC Lotos Tuzla","url":"https:\/\/ic-lotos.org.ba\/","logo":{"@type":"ImageObject","inLanguage":"en-US","@id":"https:\/\/ic-lotos.org.ba\/#\/schema\/logo\/image\/","url":"https:\/\/ic-lotos.org.ba\/wp-content\/uploads\/2019\/11\/logo.jpg","contentUrl":"https:\/\/ic-lotos.org.ba\/wp-content\/uploads\/2019\/11\/logo.jpg","width":575,"height":623,"caption":"IC Lotos Tuzla"},"image":{"@id":"https:\/\/ic-lotos.org.ba\/#\/schema\/logo\/image\/"},"sameAs":["https:\/\/www.facebook.com\/iclotos\/","https:\/\/www.youtube.com\/feed\/library"]},{"@type":"Person","@id":"https:\/\/ic-lotos.org.ba\/#\/schema\/person\/fb1da7c92bc3365aad6d1abac5bfe80a","name":"Jasminko Bijeli\u0107","image":{"@type":"ImageObject","inLanguage":"en-US","@id":"https:\/\/secure.gravatar.com\/avatar\/d694f8eb6cc3383210938655f7851f13239ed2f29afcf4e787e3c519ba016d67?s=96&d=mm&r=g","url":"https:\/\/secure.gravatar.com\/avatar\/d694f8eb6cc3383210938655f7851f13239ed2f29afcf4e787e3c519ba016d67?s=96&d=mm&r=g","contentUrl":"https:\/\/secure.gravatar.com\/avatar\/d694f8eb6cc3383210938655f7851f13239ed2f29afcf4e787e3c519ba016d67?s=96&d=mm&r=g","caption":"Jasminko Bijeli\u0107"}}]}},"_links":{"self":[{"href":"https:\/\/ic-lotos.org.ba\/en\/wp-json\/wp\/v2\/posts\/12214","targetHints":{"allow":["GET"]}}],"collection":[{"href":"https:\/\/ic-lotos.org.ba\/en\/wp-json\/wp\/v2\/posts"}],"about":[{"href":"https:\/\/ic-lotos.org.ba\/en\/wp-json\/wp\/v2\/types\/post"}],"author":[{"embeddable":true,"href":"https:\/\/ic-lotos.org.ba\/en\/wp-json\/wp\/v2\/users\/5"}],"replies":[{"embeddable":true,"href":"https:\/\/ic-lotos.org.ba\/en\/wp-json\/wp\/v2\/comments?post=12214"}],"version-history":[{"count":1,"href":"https:\/\/ic-lotos.org.ba\/en\/wp-json\/wp\/v2\/posts\/12214\/revisions"}],"predecessor-version":[{"id":14092,"href":"https:\/\/ic-lotos.org.ba\/en\/wp-json\/wp\/v2\/posts\/12214\/revisions\/14092"}],"wp:featuredmedia":[{"embeddable":true,"href":"https:\/\/ic-lotos.org.ba\/en\/wp-json\/wp\/v2\/media\/12213"}],"wp:attachment":[{"href":"https:\/\/ic-lotos.org.ba\/en\/wp-json\/wp\/v2\/media?parent=12214"}],"wp:term":[{"taxonomy":"category","embeddable":true,"href":"https:\/\/ic-lotos.org.ba\/en\/wp-json\/wp\/v2\/categories?post=12214"},{"taxonomy":"post_tag","embeddable":true,"href":"https:\/\/ic-lotos.org.ba\/en\/wp-json\/wp\/v2\/tags?post=12214"}],"curies":[{"name":"wp","href":"https:\/\/api.w.org\/{rel}","templated":true}]}}