{"id":12192,"date":"2018-11-26T11:32:48","date_gmt":"2018-11-26T11:32:48","guid":{"rendered":"https:\/\/v2.ic-lotos.org.ba\/okrugli-sto-o-znacaju-clana-24-un-konvencije-22-11-2018-i-sastanak-aktiva-mladih-osi-23-11-2018\/"},"modified":"2023-10-19T14:44:33","modified_gmt":"2023-10-19T14:44:33","slug":"okrugli-sto-o-znacaju-clana-24-un-konvencije-22-11-2018-i-sastanak-aktiva-mladih-osi-23-11-2018","status":"publish","type":"post","link":"https:\/\/ic-lotos.org.ba\/en\/okrugli-sto-o-znacaju-clana-24-un-konvencije-22-11-2018-i-sastanak-aktiva-mladih-osi-23-11-2018\/","title":{"rendered":"Round table on the importance of Article 24 of the UN Convention, November 22, 2018. and a meeting of PWD youth activists on November 23, 2018."},"content":{"rendered":"<p><span style=\"font-family: arial, helvetica, sans-serif; font-size: 12pt;\">The Coalition of Organizations of Persons with Disabilities of the Tuzla Canton organized a Round Table on the Importance of Understanding Article 24 of the UN Convention on the Rights of Persons with Disabilities on Inclusive Education on November 22, 2018 in the &quot;Dramar&quot; Shopping Center in Tuzla. <\/span><\/p>\n<p><span style=\"font-family: arial, helvetica, sans-serif; font-size: 12pt;\">The round table was an opportunity for representatives of the Coalition of Organizations of Persons with Disabilities of the Canton of Tuzla, together with other representatives of civil society as well as representatives of line ministries and competent services to learn about the importance of understanding Article 24 of the UN Convention on the Rights of Persons with Disabilities and the recommendations and comments of the UN Committee for Monitoring the Implementation of the UN Convention that our country received on the mentioned article. <\/span><\/p>\n<p><span style=\"font-family: arial, helvetica, sans-serif; font-size: 12pt;\">The round table was attended by 26 participants, the moderator was the president of the Coalition of OOSI TK Suvad Zahirovi\u0107, and the speakers were Prof. Medira \u0106ulum, expert associate for preschool and primary education at the Ministry of Education and Science of Tuzla Canton, and psychologist Bojan \u0160o\u0161i\u0107.<\/span><\/p>\n<p><img fetchpriority=\"high\" decoding=\"async\" width=\"700\" height=\"393\" class=\"size-full wp-image-12188\" src=\"https:\/\/ic-lotos.org.ba\/wp-content\/uploads\/2018\/11\/images_Okrugli_sto_o_znacaju_clana_24_UN_Konvencije_22_11_2018_slika_2.jpg\" alt=\"Okrugli sto o zna\u010daju \u010dlana 24 UN Konvencije 22 11 2018 slika 2\" srcset=\"https:\/\/ic-lotos.org.ba\/wp-content\/uploads\/2018\/11\/images_Okrugli_sto_o_znacaju_clana_24_UN_Konvencije_22_11_2018_slika_2.jpg 700w, https:\/\/ic-lotos.org.ba\/wp-content\/uploads\/2018\/11\/images_Okrugli_sto_o_znacaju_clana_24_UN_Konvencije_22_11_2018_slika_2-600x337.jpg 600w, https:\/\/ic-lotos.org.ba\/wp-content\/uploads\/2018\/11\/images_Okrugli_sto_o_znacaju_clana_24_UN_Konvencije_22_11_2018_slika_2-300x168.jpg 300w, https:\/\/ic-lotos.org.ba\/wp-content\/uploads\/2018\/11\/images_Okrugli_sto_o_znacaju_clana_24_UN_Konvencije_22_11_2018_slika_2-440x247.jpg 440w\" sizes=\"(max-width: 700px) 100vw, 700px\" \/><img decoding=\"async\" width=\"700\" height=\"393\" class=\"size-full wp-image-12189\" src=\"https:\/\/ic-lotos.org.ba\/wp-content\/uploads\/2018\/11\/images_Okrugli_sto_o_znacaju_clana_24_UN_Konvencije_22_11_2018_slika_3.jpg\" alt=\"Okrugli sto o zna\u010daju \u010dlana 24 UN Konvencije 22 11 2018 slika 3\" srcset=\"https:\/\/ic-lotos.org.ba\/wp-content\/uploads\/2018\/11\/images_Okrugli_sto_o_znacaju_clana_24_UN_Konvencije_22_11_2018_slika_3.jpg 700w, https:\/\/ic-lotos.org.ba\/wp-content\/uploads\/2018\/11\/images_Okrugli_sto_o_znacaju_clana_24_UN_Konvencije_22_11_2018_slika_3-600x337.jpg 600w, https:\/\/ic-lotos.org.ba\/wp-content\/uploads\/2018\/11\/images_Okrugli_sto_o_znacaju_clana_24_UN_Konvencije_22_11_2018_slika_3-300x168.jpg 300w, https:\/\/ic-lotos.org.ba\/wp-content\/uploads\/2018\/11\/images_Okrugli_sto_o_znacaju_clana_24_UN_Konvencije_22_11_2018_slika_3-440x247.jpg 440w\" sizes=\"(max-width: 700px) 100vw, 700px\" \/><\/p>\n<p><span style=\"font-family: arial, helvetica, sans-serif; font-size: 12pt;\">Also, on November 23, 2018, a meeting of young people with disabilities was held within the OOSI TK Coalition, with the aim of forming a Committee of Young People with Disabilities in the coming period, which will directly participate in advocating for the implementation of Article 24 of the UN Convention on the Rights of Persons with Disabilities at the local level.<\/span><\/p>\n<p><img decoding=\"async\" width=\"700\" height=\"393\" class=\"size-full wp-image-12190\" src=\"https:\/\/ic-lotos.org.ba\/wp-content\/uploads\/2018\/11\/images_Aktiv_mladih_Koalicija_OOSI_TK_slika_1.jpg\" alt=\"Aktiv mladih Koalicija OOSI TK slika 1\" srcset=\"https:\/\/ic-lotos.org.ba\/wp-content\/uploads\/2018\/11\/images_Aktiv_mladih_Koalicija_OOSI_TK_slika_1.jpg 700w, https:\/\/ic-lotos.org.ba\/wp-content\/uploads\/2018\/11\/images_Aktiv_mladih_Koalicija_OOSI_TK_slika_1-600x337.jpg 600w, https:\/\/ic-lotos.org.ba\/wp-content\/uploads\/2018\/11\/images_Aktiv_mladih_Koalicija_OOSI_TK_slika_1-300x168.jpg 300w, https:\/\/ic-lotos.org.ba\/wp-content\/uploads\/2018\/11\/images_Aktiv_mladih_Koalicija_OOSI_TK_slika_1-440x247.jpg 440w\" sizes=\"(max-width: 700px) 100vw, 700px\" \/><img loading=\"lazy\" decoding=\"async\" width=\"700\" height=\"393\" class=\"size-full wp-image-12191\" src=\"https:\/\/ic-lotos.org.ba\/wp-content\/uploads\/2018\/11\/images_Aktiv_mladih_Koalicija_OOSI_TK_slika_2.jpg\" alt=\"Aktiv mladih Koalicija OOSI TK slika 2\" srcset=\"https:\/\/ic-lotos.org.ba\/wp-content\/uploads\/2018\/11\/images_Aktiv_mladih_Koalicija_OOSI_TK_slika_2.jpg 700w, https:\/\/ic-lotos.org.ba\/wp-content\/uploads\/2018\/11\/images_Aktiv_mladih_Koalicija_OOSI_TK_slika_2-600x337.jpg 600w, https:\/\/ic-lotos.org.ba\/wp-content\/uploads\/2018\/11\/images_Aktiv_mladih_Koalicija_OOSI_TK_slika_2-300x168.jpg 300w, https:\/\/ic-lotos.org.ba\/wp-content\/uploads\/2018\/11\/images_Aktiv_mladih_Koalicija_OOSI_TK_slika_2-440x247.jpg 440w\" sizes=\"(max-width: 700px) 100vw, 700px\" \/><\/p>\n<div class=\"gsp_post_data\" \r\n\t            data-post_type=\"post\" \r\n\t            data-cat=\"vijesti\" \r\n\t            data-modified=\"120\"\r\n\t            data-created=\"1543231968\"\r\n\t            data-title=\"Okrugli sto o zna\u010daju \u010dlana 24.UN Konvencije, 22.11.2018. i sastanak aktiva mladih OSI 23.11.2018.\" \r\n\t            data-home=\"https:\/\/ic-lotos.org.ba\/en\"><\/div>","protected":false},"excerpt":{"rendered":"<p>Koalicija organizacija osoba sa invaliditetom Tuzlanskog kantona realizovala je Okrugli sto o zna\u010daju razumijevanja \u010clana 24. UN Konvencije o pravima osoba sa invaliditetom o inkluzivnom obrazovanju 22.11.2018. godine u Tr\u017enom centru &bdquo;Dramar&ldquo; Tuzla. Okrugli sto je bio prilika da se [&hellip;]<\/p>\n","protected":false},"author":5,"featured_media":12187,"comment_status":"open","ping_status":"closed","sticky":false,"template":"","format":"standard","meta":{"footnotes":""},"categories":[65],"tags":[],"class_list":["post-12192","post","type-post","status-publish","format-standard","has-post-thumbnail","hentry","category-vijesti"],"yoast_head":"<!-- This site is optimized with the Yoast SEO plugin v27.5 - https:\/\/yoast.com\/product\/yoast-seo-wordpress\/ -->\n<title>Okrugli sto o zna\u010daju \u010dlana 24.UN Konvencije, 22.11.2018. i sastanak aktiva mladih OSI 23.11.2018. - IC Lotos Tuzla<\/title>\n<meta name=\"robots\" content=\"index, follow, max-snippet:-1, max-image-preview:large, max-video-preview:-1\" \/>\n<link rel=\"canonical\" href=\"https:\/\/ic-lotos.org.ba\/en\/okrugli-sto-o-znacaju-clana-24-un-konvencije-22-11-2018-i-sastanak-aktiva-mladih-osi-23-11-2018\/\" \/>\n<meta property=\"og:locale\" content=\"en_US\" \/>\n<meta property=\"og:type\" content=\"article\" \/>\n<meta property=\"og:title\" content=\"Okrugli sto o zna\u010daju \u010dlana 24.UN Konvencije, 22.11.2018. i sastanak aktiva mladih OSI 23.11.2018. - IC Lotos Tuzla\" \/>\n<meta property=\"og:description\" content=\"Koalicija organizacija osoba sa invaliditetom Tuzlanskog kantona realizovala je Okrugli sto o zna\u010daju razumijevanja \u010clana 24. UN Konvencije o pravima osoba sa invaliditetom o inkluzivnom obrazovanju 22.11.2018. godine u Tr\u017enom centru &bdquo;Dramar&ldquo; Tuzla. Okrugli sto je bio prilika da se [&hellip;]\" \/>\n<meta property=\"og:url\" content=\"https:\/\/ic-lotos.org.ba\/en\/okrugli-sto-o-znacaju-clana-24-un-konvencije-22-11-2018-i-sastanak-aktiva-mladih-osi-23-11-2018\/\" \/>\n<meta property=\"og:site_name\" content=\"IC Lotos Tuzla\" \/>\n<meta property=\"article:publisher\" content=\"https:\/\/www.facebook.com\/iclotos\/\" \/>\n<meta property=\"article:published_time\" content=\"2018-11-26T11:32:48+00:00\" \/>\n<meta property=\"article:modified_time\" content=\"2023-10-19T14:44:33+00:00\" \/>\n<meta property=\"og:image\" content=\"https:\/\/ic-lotos.org.ba\/wp-content\/uploads\/2018\/11\/images_Okrugli_sto_o_znacaju_clana_24_UN_Konvencije_22_11_2018_slika_1.jpg\" \/>\n\t<meta property=\"og:image:width\" content=\"700\" \/>\n\t<meta property=\"og:image:height\" content=\"393\" \/>\n\t<meta property=\"og:image:type\" content=\"image\/jpeg\" \/>\n<meta name=\"author\" content=\"Jasminko Bijeli\u0107\" \/>\n<meta name=\"twitter:card\" content=\"summary_large_image\" \/>\n<meta name=\"twitter:label1\" content=\"Written by\" \/>\n\t<meta name=\"twitter:data1\" content=\"Jasminko Bijeli\u0107\" \/>\n\t<meta name=\"twitter:label2\" content=\"Est. reading time\" \/>\n\t<meta name=\"twitter:data2\" content=\"1 minute\" \/>\n<script type=\"application\/ld+json\" class=\"yoast-schema-graph\">{\"@context\":\"https:\\\/\\\/schema.org\",\"@graph\":[{\"@type\":\"Article\",\"@id\":\"https:\\\/\\\/ic-lotos.org.ba\\\/okrugli-sto-o-znacaju-clana-24-un-konvencije-22-11-2018-i-sastanak-aktiva-mladih-osi-23-11-2018\\\/#article\",\"isPartOf\":{\"@id\":\"https:\\\/\\\/ic-lotos.org.ba\\\/okrugli-sto-o-znacaju-clana-24-un-konvencije-22-11-2018-i-sastanak-aktiva-mladih-osi-23-11-2018\\\/\"},\"author\":{\"name\":\"Jasminko Bijeli\u0107\",\"@id\":\"https:\\\/\\\/ic-lotos.org.ba\\\/#\\\/schema\\\/person\\\/fb1da7c92bc3365aad6d1abac5bfe80a\"},\"headline\":\"Okrugli sto o zna\u010daju \u010dlana 24.UN Konvencije, 22.11.2018. i sastanak aktiva mladih OSI 23.11.2018.\",\"datePublished\":\"2018-11-26T11:32:48+00:00\",\"dateModified\":\"2023-10-19T14:44:33+00:00\",\"mainEntityOfPage\":{\"@id\":\"https:\\\/\\\/ic-lotos.org.ba\\\/okrugli-sto-o-znacaju-clana-24-un-konvencije-22-11-2018-i-sastanak-aktiva-mladih-osi-23-11-2018\\\/\"},\"wordCount\":210,\"commentCount\":0,\"publisher\":{\"@id\":\"https:\\\/\\\/ic-lotos.org.ba\\\/#organization\"},\"image\":{\"@id\":\"https:\\\/\\\/ic-lotos.org.ba\\\/okrugli-sto-o-znacaju-clana-24-un-konvencije-22-11-2018-i-sastanak-aktiva-mladih-osi-23-11-2018\\\/#primaryimage\"},\"thumbnailUrl\":\"https:\\\/\\\/ic-lotos.org.ba\\\/wp-content\\\/uploads\\\/2018\\\/11\\\/images_Okrugli_sto_o_znacaju_clana_24_UN_Konvencije_22_11_2018_slika_1.jpg\",\"articleSection\":[\"Vijesti\"],\"inLanguage\":\"en-US\"},{\"@type\":\"WebPage\",\"@id\":\"https:\\\/\\\/ic-lotos.org.ba\\\/okrugli-sto-o-znacaju-clana-24-un-konvencije-22-11-2018-i-sastanak-aktiva-mladih-osi-23-11-2018\\\/\",\"url\":\"https:\\\/\\\/ic-lotos.org.ba\\\/okrugli-sto-o-znacaju-clana-24-un-konvencije-22-11-2018-i-sastanak-aktiva-mladih-osi-23-11-2018\\\/\",\"name\":\"Okrugli sto o zna\u010daju \u010dlana 24.UN Konvencije, 22.11.2018. i sastanak aktiva mladih OSI 23.11.2018. - IC Lotos Tuzla\",\"isPartOf\":{\"@id\":\"https:\\\/\\\/ic-lotos.org.ba\\\/#website\"},\"primaryImageOfPage\":{\"@id\":\"https:\\\/\\\/ic-lotos.org.ba\\\/okrugli-sto-o-znacaju-clana-24-un-konvencije-22-11-2018-i-sastanak-aktiva-mladih-osi-23-11-2018\\\/#primaryimage\"},\"image\":{\"@id\":\"https:\\\/\\\/ic-lotos.org.ba\\\/okrugli-sto-o-znacaju-clana-24-un-konvencije-22-11-2018-i-sastanak-aktiva-mladih-osi-23-11-2018\\\/#primaryimage\"},\"thumbnailUrl\":\"https:\\\/\\\/ic-lotos.org.ba\\\/wp-content\\\/uploads\\\/2018\\\/11\\\/images_Okrugli_sto_o_znacaju_clana_24_UN_Konvencije_22_11_2018_slika_1.jpg\",\"datePublished\":\"2018-11-26T11:32:48+00:00\",\"dateModified\":\"2023-10-19T14:44:33+00:00\",\"breadcrumb\":{\"@id\":\"https:\\\/\\\/ic-lotos.org.ba\\\/okrugli-sto-o-znacaju-clana-24-un-konvencije-22-11-2018-i-sastanak-aktiva-mladih-osi-23-11-2018\\\/#breadcrumb\"},\"inLanguage\":\"en-US\",\"potentialAction\":[{\"@type\":\"ReadAction\",\"target\":[\"https:\\\/\\\/ic-lotos.org.ba\\\/okrugli-sto-o-znacaju-clana-24-un-konvencije-22-11-2018-i-sastanak-aktiva-mladih-osi-23-11-2018\\\/\"]}]},{\"@type\":\"ImageObject\",\"inLanguage\":\"en-US\",\"@id\":\"https:\\\/\\\/ic-lotos.org.ba\\\/okrugli-sto-o-znacaju-clana-24-un-konvencije-22-11-2018-i-sastanak-aktiva-mladih-osi-23-11-2018\\\/#primaryimage\",\"url\":\"https:\\\/\\\/ic-lotos.org.ba\\\/wp-content\\\/uploads\\\/2018\\\/11\\\/images_Okrugli_sto_o_znacaju_clana_24_UN_Konvencije_22_11_2018_slika_1.jpg\",\"contentUrl\":\"https:\\\/\\\/ic-lotos.org.ba\\\/wp-content\\\/uploads\\\/2018\\\/11\\\/images_Okrugli_sto_o_znacaju_clana_24_UN_Konvencije_22_11_2018_slika_1.jpg\",\"width\":700,\"height\":393,\"caption\":\"Okrugli sto o zna\u010daju \u010dlana 24 UN Konvencije 22 11 2018 slika 1\"},{\"@type\":\"BreadcrumbList\",\"@id\":\"https:\\\/\\\/ic-lotos.org.ba\\\/okrugli-sto-o-znacaju-clana-24-un-konvencije-22-11-2018-i-sastanak-aktiva-mladih-osi-23-11-2018\\\/#breadcrumb\",\"itemListElement\":[{\"@type\":\"ListItem\",\"position\":1,\"name\":\"Naslovna\",\"item\":\"https:\\\/\\\/ic-lotos.org.ba\\\/\"},{\"@type\":\"ListItem\",\"position\":2,\"name\":\"Okrugli sto o zna\u010daju \u010dlana 24.UN Konvencije, 22.11.2018. i sastanak aktiva mladih OSI 23.11.2018.\"}]},{\"@type\":\"WebSite\",\"@id\":\"https:\\\/\\\/ic-lotos.org.ba\\\/#website\",\"url\":\"https:\\\/\\\/ic-lotos.org.ba\\\/\",\"name\":\"IC Lotos Tuzla\",\"description\":\"Informativni centar \u201cLotos\u201d okuplja osobe sa ili bez invaliditeta koje su zainteresovane da svojim radom bilo na profesionalnoj ili volonterskoj osnovi doprinesu ostvarivanju misije organizacije.\",\"publisher\":{\"@id\":\"https:\\\/\\\/ic-lotos.org.ba\\\/#organization\"},\"potentialAction\":[{\"@type\":\"SearchAction\",\"target\":{\"@type\":\"EntryPoint\",\"urlTemplate\":\"https:\\\/\\\/ic-lotos.org.ba\\\/?s={search_term_string}\"},\"query-input\":{\"@type\":\"PropertyValueSpecification\",\"valueRequired\":true,\"valueName\":\"search_term_string\"}}],\"inLanguage\":\"en-US\"},{\"@type\":\"Organization\",\"@id\":\"https:\\\/\\\/ic-lotos.org.ba\\\/#organization\",\"name\":\"IC Lotos Tuzla\",\"url\":\"https:\\\/\\\/ic-lotos.org.ba\\\/\",\"logo\":{\"@type\":\"ImageObject\",\"inLanguage\":\"en-US\",\"@id\":\"https:\\\/\\\/ic-lotos.org.ba\\\/#\\\/schema\\\/logo\\\/image\\\/\",\"url\":\"https:\\\/\\\/ic-lotos.org.ba\\\/wp-content\\\/uploads\\\/2019\\\/11\\\/logo.jpg\",\"contentUrl\":\"https:\\\/\\\/ic-lotos.org.ba\\\/wp-content\\\/uploads\\\/2019\\\/11\\\/logo.jpg\",\"width\":575,\"height\":623,\"caption\":\"IC Lotos Tuzla\"},\"image\":{\"@id\":\"https:\\\/\\\/ic-lotos.org.ba\\\/#\\\/schema\\\/logo\\\/image\\\/\"},\"sameAs\":[\"https:\\\/\\\/www.facebook.com\\\/iclotos\\\/\",\"https:\\\/\\\/www.youtube.com\\\/feed\\\/library\"]},{\"@type\":\"Person\",\"@id\":\"https:\\\/\\\/ic-lotos.org.ba\\\/#\\\/schema\\\/person\\\/fb1da7c92bc3365aad6d1abac5bfe80a\",\"name\":\"Jasminko Bijeli\u0107\",\"image\":{\"@type\":\"ImageObject\",\"inLanguage\":\"en-US\",\"@id\":\"https:\\\/\\\/secure.gravatar.com\\\/avatar\\\/d694f8eb6cc3383210938655f7851f13239ed2f29afcf4e787e3c519ba016d67?s=96&d=mm&r=g\",\"url\":\"https:\\\/\\\/secure.gravatar.com\\\/avatar\\\/d694f8eb6cc3383210938655f7851f13239ed2f29afcf4e787e3c519ba016d67?s=96&d=mm&r=g\",\"contentUrl\":\"https:\\\/\\\/secure.gravatar.com\\\/avatar\\\/d694f8eb6cc3383210938655f7851f13239ed2f29afcf4e787e3c519ba016d67?s=96&d=mm&r=g\",\"caption\":\"Jasminko Bijeli\u0107\"}}]}<\/script>\n<!-- \/ Yoast SEO plugin. -->","yoast_head_json":{"title":"Okrugli sto o zna\u010daju \u010dlana 24.UN Konvencije, 22.11.2018. i sastanak aktiva mladih OSI 23.11.2018. - IC Lotos Tuzla","robots":{"index":"index","follow":"follow","max-snippet":"max-snippet:-1","max-image-preview":"max-image-preview:large","max-video-preview":"max-video-preview:-1"},"canonical":"https:\/\/ic-lotos.org.ba\/en\/okrugli-sto-o-znacaju-clana-24-un-konvencije-22-11-2018-i-sastanak-aktiva-mladih-osi-23-11-2018\/","og_locale":"en_US","og_type":"article","og_title":"Okrugli sto o zna\u010daju \u010dlana 24.UN Konvencije, 22.11.2018. i sastanak aktiva mladih OSI 23.11.2018. - IC Lotos Tuzla","og_description":"Koalicija organizacija osoba sa invaliditetom Tuzlanskog kantona realizovala je Okrugli sto o zna\u010daju razumijevanja \u010clana 24. UN Konvencije o pravima osoba sa invaliditetom o inkluzivnom obrazovanju 22.11.2018. godine u Tr\u017enom centru &bdquo;Dramar&ldquo; Tuzla. Okrugli sto je bio prilika da se [&hellip;]","og_url":"https:\/\/ic-lotos.org.ba\/en\/okrugli-sto-o-znacaju-clana-24-un-konvencije-22-11-2018-i-sastanak-aktiva-mladih-osi-23-11-2018\/","og_site_name":"IC Lotos Tuzla","article_publisher":"https:\/\/www.facebook.com\/iclotos\/","article_published_time":"2018-11-26T11:32:48+00:00","article_modified_time":"2023-10-19T14:44:33+00:00","og_image":[{"width":700,"height":393,"url":"https:\/\/ic-lotos.org.ba\/wp-content\/uploads\/2018\/11\/images_Okrugli_sto_o_znacaju_clana_24_UN_Konvencije_22_11_2018_slika_1.jpg","type":"image\/jpeg"}],"author":"Jasminko Bijeli\u0107","twitter_card":"summary_large_image","twitter_misc":{"Written by":"Jasminko Bijeli\u0107","Est. reading time":"1 minute"},"schema":{"@context":"https:\/\/schema.org","@graph":[{"@type":"Article","@id":"https:\/\/ic-lotos.org.ba\/okrugli-sto-o-znacaju-clana-24-un-konvencije-22-11-2018-i-sastanak-aktiva-mladih-osi-23-11-2018\/#article","isPartOf":{"@id":"https:\/\/ic-lotos.org.ba\/okrugli-sto-o-znacaju-clana-24-un-konvencije-22-11-2018-i-sastanak-aktiva-mladih-osi-23-11-2018\/"},"author":{"name":"Jasminko Bijeli\u0107","@id":"https:\/\/ic-lotos.org.ba\/#\/schema\/person\/fb1da7c92bc3365aad6d1abac5bfe80a"},"headline":"Okrugli sto o zna\u010daju \u010dlana 24.UN Konvencije, 22.11.2018. i sastanak aktiva mladih OSI 23.11.2018.","datePublished":"2018-11-26T11:32:48+00:00","dateModified":"2023-10-19T14:44:33+00:00","mainEntityOfPage":{"@id":"https:\/\/ic-lotos.org.ba\/okrugli-sto-o-znacaju-clana-24-un-konvencije-22-11-2018-i-sastanak-aktiva-mladih-osi-23-11-2018\/"},"wordCount":210,"commentCount":0,"publisher":{"@id":"https:\/\/ic-lotos.org.ba\/#organization"},"image":{"@id":"https:\/\/ic-lotos.org.ba\/okrugli-sto-o-znacaju-clana-24-un-konvencije-22-11-2018-i-sastanak-aktiva-mladih-osi-23-11-2018\/#primaryimage"},"thumbnailUrl":"https:\/\/ic-lotos.org.ba\/wp-content\/uploads\/2018\/11\/images_Okrugli_sto_o_znacaju_clana_24_UN_Konvencije_22_11_2018_slika_1.jpg","articleSection":["Vijesti"],"inLanguage":"en-US"},{"@type":"WebPage","@id":"https:\/\/ic-lotos.org.ba\/okrugli-sto-o-znacaju-clana-24-un-konvencije-22-11-2018-i-sastanak-aktiva-mladih-osi-23-11-2018\/","url":"https:\/\/ic-lotos.org.ba\/okrugli-sto-o-znacaju-clana-24-un-konvencije-22-11-2018-i-sastanak-aktiva-mladih-osi-23-11-2018\/","name":"Okrugli sto o zna\u010daju \u010dlana 24.UN Konvencije, 22.11.2018. i sastanak aktiva mladih OSI 23.11.2018. - IC Lotos Tuzla","isPartOf":{"@id":"https:\/\/ic-lotos.org.ba\/#website"},"primaryImageOfPage":{"@id":"https:\/\/ic-lotos.org.ba\/okrugli-sto-o-znacaju-clana-24-un-konvencije-22-11-2018-i-sastanak-aktiva-mladih-osi-23-11-2018\/#primaryimage"},"image":{"@id":"https:\/\/ic-lotos.org.ba\/okrugli-sto-o-znacaju-clana-24-un-konvencije-22-11-2018-i-sastanak-aktiva-mladih-osi-23-11-2018\/#primaryimage"},"thumbnailUrl":"https:\/\/ic-lotos.org.ba\/wp-content\/uploads\/2018\/11\/images_Okrugli_sto_o_znacaju_clana_24_UN_Konvencije_22_11_2018_slika_1.jpg","datePublished":"2018-11-26T11:32:48+00:00","dateModified":"2023-10-19T14:44:33+00:00","breadcrumb":{"@id":"https:\/\/ic-lotos.org.ba\/okrugli-sto-o-znacaju-clana-24-un-konvencije-22-11-2018-i-sastanak-aktiva-mladih-osi-23-11-2018\/#breadcrumb"},"inLanguage":"en-US","potentialAction":[{"@type":"ReadAction","target":["https:\/\/ic-lotos.org.ba\/okrugli-sto-o-znacaju-clana-24-un-konvencije-22-11-2018-i-sastanak-aktiva-mladih-osi-23-11-2018\/"]}]},{"@type":"ImageObject","inLanguage":"en-US","@id":"https:\/\/ic-lotos.org.ba\/okrugli-sto-o-znacaju-clana-24-un-konvencije-22-11-2018-i-sastanak-aktiva-mladih-osi-23-11-2018\/#primaryimage","url":"https:\/\/ic-lotos.org.ba\/wp-content\/uploads\/2018\/11\/images_Okrugli_sto_o_znacaju_clana_24_UN_Konvencije_22_11_2018_slika_1.jpg","contentUrl":"https:\/\/ic-lotos.org.ba\/wp-content\/uploads\/2018\/11\/images_Okrugli_sto_o_znacaju_clana_24_UN_Konvencije_22_11_2018_slika_1.jpg","width":700,"height":393,"caption":"Okrugli sto o zna\u010daju \u010dlana 24 UN Konvencije 22 11 2018 slika 1"},{"@type":"BreadcrumbList","@id":"https:\/\/ic-lotos.org.ba\/okrugli-sto-o-znacaju-clana-24-un-konvencije-22-11-2018-i-sastanak-aktiva-mladih-osi-23-11-2018\/#breadcrumb","itemListElement":[{"@type":"ListItem","position":1,"name":"Naslovna","item":"https:\/\/ic-lotos.org.ba\/"},{"@type":"ListItem","position":2,"name":"Okrugli sto o zna\u010daju \u010dlana 24.UN Konvencije, 22.11.2018. i sastanak aktiva mladih OSI 23.11.2018."}]},{"@type":"WebSite","@id":"https:\/\/ic-lotos.org.ba\/#website","url":"https:\/\/ic-lotos.org.ba\/","name":"IC Lotos Tuzla","description":"Informativni centar \u201cLotos\u201d okuplja osobe sa ili bez invaliditeta koje su zainteresovane da svojim radom bilo na profesionalnoj ili volonterskoj osnovi doprinesu ostvarivanju misije organizacije.","publisher":{"@id":"https:\/\/ic-lotos.org.ba\/#organization"},"potentialAction":[{"@type":"SearchAction","target":{"@type":"EntryPoint","urlTemplate":"https:\/\/ic-lotos.org.ba\/?s={search_term_string}"},"query-input":{"@type":"PropertyValueSpecification","valueRequired":true,"valueName":"search_term_string"}}],"inLanguage":"en-US"},{"@type":"Organization","@id":"https:\/\/ic-lotos.org.ba\/#organization","name":"IC Lotos Tuzla","url":"https:\/\/ic-lotos.org.ba\/","logo":{"@type":"ImageObject","inLanguage":"en-US","@id":"https:\/\/ic-lotos.org.ba\/#\/schema\/logo\/image\/","url":"https:\/\/ic-lotos.org.ba\/wp-content\/uploads\/2019\/11\/logo.jpg","contentUrl":"https:\/\/ic-lotos.org.ba\/wp-content\/uploads\/2019\/11\/logo.jpg","width":575,"height":623,"caption":"IC Lotos Tuzla"},"image":{"@id":"https:\/\/ic-lotos.org.ba\/#\/schema\/logo\/image\/"},"sameAs":["https:\/\/www.facebook.com\/iclotos\/","https:\/\/www.youtube.com\/feed\/library"]},{"@type":"Person","@id":"https:\/\/ic-lotos.org.ba\/#\/schema\/person\/fb1da7c92bc3365aad6d1abac5bfe80a","name":"Jasminko Bijeli\u0107","image":{"@type":"ImageObject","inLanguage":"en-US","@id":"https:\/\/secure.gravatar.com\/avatar\/d694f8eb6cc3383210938655f7851f13239ed2f29afcf4e787e3c519ba016d67?s=96&d=mm&r=g","url":"https:\/\/secure.gravatar.com\/avatar\/d694f8eb6cc3383210938655f7851f13239ed2f29afcf4e787e3c519ba016d67?s=96&d=mm&r=g","contentUrl":"https:\/\/secure.gravatar.com\/avatar\/d694f8eb6cc3383210938655f7851f13239ed2f29afcf4e787e3c519ba016d67?s=96&d=mm&r=g","caption":"Jasminko Bijeli\u0107"}}]}},"_links":{"self":[{"href":"https:\/\/ic-lotos.org.ba\/en\/wp-json\/wp\/v2\/posts\/12192","targetHints":{"allow":["GET"]}}],"collection":[{"href":"https:\/\/ic-lotos.org.ba\/en\/wp-json\/wp\/v2\/posts"}],"about":[{"href":"https:\/\/ic-lotos.org.ba\/en\/wp-json\/wp\/v2\/types\/post"}],"author":[{"embeddable":true,"href":"https:\/\/ic-lotos.org.ba\/en\/wp-json\/wp\/v2\/users\/5"}],"replies":[{"embeddable":true,"href":"https:\/\/ic-lotos.org.ba\/en\/wp-json\/wp\/v2\/comments?post=12192"}],"version-history":[{"count":1,"href":"https:\/\/ic-lotos.org.ba\/en\/wp-json\/wp\/v2\/posts\/12192\/revisions"}],"predecessor-version":[{"id":14098,"href":"https:\/\/ic-lotos.org.ba\/en\/wp-json\/wp\/v2\/posts\/12192\/revisions\/14098"}],"wp:featuredmedia":[{"embeddable":true,"href":"https:\/\/ic-lotos.org.ba\/en\/wp-json\/wp\/v2\/media\/12187"}],"wp:attachment":[{"href":"https:\/\/ic-lotos.org.ba\/en\/wp-json\/wp\/v2\/media?parent=12192"}],"wp:term":[{"taxonomy":"category","embeddable":true,"href":"https:\/\/ic-lotos.org.ba\/en\/wp-json\/wp\/v2\/categories?post=12192"},{"taxonomy":"post_tag","embeddable":true,"href":"https:\/\/ic-lotos.org.ba\/en\/wp-json\/wp\/v2\/tags?post=12192"}],"curies":[{"name":"wp","href":"https:\/\/api.w.org\/{rel}","templated":true}]}}