{"id":12157,"date":"2018-10-05T07:50:10","date_gmt":"2018-10-05T07:50:10","guid":{"rendered":"https:\/\/v2.ic-lotos.org.ba\/poziv-za-mlade-osobe-sa-invaliditetom-izmedu-18-i-36-godina-sa-podrucja-tuzlanskog-kantona-da-se-ukljuce-u-projekat-jacanje-kapaciteta-za-samostalan-zivot-osoba-sa-invaliditetom-u-bosni-i-hercegovini\/"},"modified":"2023-10-19T14:44:34","modified_gmt":"2023-10-19T14:44:34","slug":"poziv-za-mlade-osobe-sa-invaliditetom-izmedu-18-i-36-godina-sa-podrucja-tuzlanskog-kantona-da-se-ukljuce-u-projekat-jacanje-kapaciteta-za-samostalan-zivot-osoba-sa-invaliditetom-u-bosni-i-hercegovini","status":"publish","type":"post","link":"https:\/\/ic-lotos.org.ba\/en\/poziv-za-mlade-osobe-sa-invaliditetom-izmedu-18-i-36-godina-sa-podrucja-tuzlanskog-kantona-da-se-ukljuce-u-projekat-jacanje-kapaciteta-za-samostalan-zivot-osoba-sa-invaliditetom-u-bosni-i-hercegovini\/","title":{"rendered":"Call for young people with disabilities between the ages of 18 and 36 from the Tuzla Canton to join the project &quot;Strengthening capacities for independent living of people with disabilities in Bosnia and Herzegovina&quot;."},"content":{"rendered":"<\/p>\n<p><span style=\"font-family: arial, helvetica, sans-serif; font-size: 12pt;\">The project &quot;Strengthening the capacity for independent living of persons with disabilities in Bosnia and Herzegovina&quot; is carried out by the Information Center for Persons with Disabilities &quot;Lotos&quot; in cooperation with the Center for Independent Living from Stockholm within the framework of the MyRight BiH organization. The project aims to increase the participation of young people with disabilities in the promotion of rights and equal opportunities and to attract new activists to organizations of people with disabilities. A young person and a family member who will participate in the project will attend training, training and various other activities during a period of three years in order to become familiar with the rights of persons with disabilities and strengthen capacities and skills for independent living and participation in the community. Family members will improve their skills and capacities in order to support the young person in exercising their rights and progressing towards an independent life.<\/span><\/p>\n<p><span style=\"font-family: arial, helvetica, sans-serif; font-size: 12pt;\">The application for participation in the project is attached. If you are interested in participating, you should fill out the application and bring it to the premises of IC &quot;Lotos&quot;, Mihajlo i \u017divko Crnogor\u010devi\u0107a no. 3 in Tuzla every day from 8:30 a.m. to 3:30 p.m. If you have any questions or need help, you can call tel. 035\/ 251 \u2013 245.<\/span><\/p>\n<p><span style=\"font-family: arial, helvetica, sans-serif; font-size: 12pt;\">You can find the application at the link <a href=\"index.php?option=com_phocadownload&amp;view=category&amp;id=5&amp;Itemid=603\">Latest for download<\/a><\/span><\/p>\n<div class=\"gsp_post_data\" \r\n\t            data-post_type=\"post\" \r\n\t            data-cat=\"vijesti\" \r\n\t            data-modified=\"120\"\r\n\t            data-created=\"1538725810\"\r\n\t            data-title=\"Poziv za mlade osobe sa invaliditetom izme\u0111u 18 i 36 godina sa podru\u010dja Tuzlanskog kantona da se uklju\u010de u projekat \u201cJa\u010danje kapaciteta za samostalan \u017eivot osoba sa invaliditetom u Bosni i Hercegovini\u201d.\" \r\n\t            data-home=\"https:\/\/ic-lotos.org.ba\/en\"><\/div>","protected":false},"excerpt":{"rendered":"<p>Projekat &bdquo;Ja\u010danje kapaciteta za samostalan \u017eivot osoba sa invaliditetom u Bosni i Hercegovini&ldquo; Informativni centar za osobe sa invaliditetom &bdquo;Lotos&ldquo; provodi u saradnji sa Centrom za samostalan \u017eivot iz Stockholma u okviru programa organizacije MyRight BiH. Projekat ima za cilj [&hellip;]<\/p>\n","protected":false},"author":5,"featured_media":12156,"comment_status":"open","ping_status":"closed","sticky":false,"template":"","format":"standard","meta":{"footnotes":""},"categories":[65],"tags":[],"class_list":["post-12157","post","type-post","status-publish","format-standard","has-post-thumbnail","hentry","category-vijesti"],"yoast_head":"<!-- This site is optimized with the Yoast SEO plugin v27.5 - https:\/\/yoast.com\/product\/yoast-seo-wordpress\/ -->\n<title>Poziv za mlade osobe sa invaliditetom izme\u0111u 18 i 36 godina sa podru\u010dja Tuzlanskog kantona da se uklju\u010de u projekat \u201cJa\u010danje kapaciteta za samostalan \u017eivot osoba sa invaliditetom u Bosni i Hercegovini\u201d. - IC Lotos Tuzla<\/title>\n<meta name=\"robots\" content=\"index, follow, max-snippet:-1, max-image-preview:large, max-video-preview:-1\" \/>\n<link rel=\"canonical\" href=\"https:\/\/ic-lotos.org.ba\/en\/poziv-za-mlade-osobe-sa-invaliditetom-izmedu-18-i-36-godina-sa-podrucja-tuzlanskog-kantona-da-se-ukljuce-u-projekat-jacanje-kapaciteta-za-samostalan-zivot-osoba-sa-invaliditetom-u-bosni-i-hercegovini\/\" \/>\n<meta property=\"og:locale\" content=\"en_US\" \/>\n<meta property=\"og:type\" content=\"article\" \/>\n<meta property=\"og:title\" content=\"Poziv za mlade osobe sa invaliditetom izme\u0111u 18 i 36 godina sa podru\u010dja Tuzlanskog kantona da se uklju\u010de u projekat \u201cJa\u010danje kapaciteta za samostalan \u017eivot osoba sa invaliditetom u Bosni i Hercegovini\u201d. - IC Lotos Tuzla\" \/>\n<meta property=\"og:description\" content=\"Projekat &bdquo;Ja\u010danje kapaciteta za samostalan \u017eivot osoba sa invaliditetom u Bosni i Hercegovini&ldquo; Informativni centar za osobe sa invaliditetom &bdquo;Lotos&ldquo; provodi u saradnji sa Centrom za samostalan \u017eivot iz Stockholma u okviru programa organizacije MyRight BiH. Projekat ima za cilj [&hellip;]\" \/>\n<meta property=\"og:url\" content=\"https:\/\/ic-lotos.org.ba\/en\/poziv-za-mlade-osobe-sa-invaliditetom-izmedu-18-i-36-godina-sa-podrucja-tuzlanskog-kantona-da-se-ukljuce-u-projekat-jacanje-kapaciteta-za-samostalan-zivot-osoba-sa-invaliditetom-u-bosni-i-hercegovini\/\" \/>\n<meta property=\"og:site_name\" content=\"IC Lotos Tuzla\" \/>\n<meta property=\"article:publisher\" content=\"https:\/\/www.facebook.com\/iclotos\/\" \/>\n<meta property=\"article:published_time\" content=\"2018-10-05T07:50:10+00:00\" \/>\n<meta property=\"article:modified_time\" content=\"2023-10-19T14:44:34+00:00\" \/>\n<meta property=\"og:image\" content=\"https:\/\/ic-lotos.org.ba\/wp-content\/uploads\/2018\/10\/images_STIL.jpg\" \/>\n\t<meta property=\"og:image:width\" content=\"2343\" \/>\n\t<meta property=\"og:image:height\" content=\"853\" \/>\n\t<meta property=\"og:image:type\" content=\"image\/jpeg\" \/>\n<meta name=\"author\" content=\"Jasminko Bijeli\u0107\" \/>\n<meta name=\"twitter:card\" content=\"summary_large_image\" \/>\n<meta name=\"twitter:label1\" content=\"Written by\" \/>\n\t<meta name=\"twitter:data1\" content=\"Jasminko Bijeli\u0107\" \/>\n\t<meta name=\"twitter:label2\" content=\"Est. reading time\" \/>\n\t<meta name=\"twitter:data2\" content=\"1 minute\" \/>\n<script type=\"application\/ld+json\" class=\"yoast-schema-graph\">{\"@context\":\"https:\\\/\\\/schema.org\",\"@graph\":[{\"@type\":\"Article\",\"@id\":\"https:\\\/\\\/ic-lotos.org.ba\\\/poziv-za-mlade-osobe-sa-invaliditetom-izmedu-18-i-36-godina-sa-podrucja-tuzlanskog-kantona-da-se-ukljuce-u-projekat-jacanje-kapaciteta-za-samostalan-zivot-osoba-sa-invaliditetom-u-bosni-i-hercegovini\\\/#article\",\"isPartOf\":{\"@id\":\"https:\\\/\\\/ic-lotos.org.ba\\\/poziv-za-mlade-osobe-sa-invaliditetom-izmedu-18-i-36-godina-sa-podrucja-tuzlanskog-kantona-da-se-ukljuce-u-projekat-jacanje-kapaciteta-za-samostalan-zivot-osoba-sa-invaliditetom-u-bosni-i-hercegovini\\\/\"},\"author\":{\"name\":\"Jasminko Bijeli\u0107\",\"@id\":\"https:\\\/\\\/ic-lotos.org.ba\\\/#\\\/schema\\\/person\\\/fb1da7c92bc3365aad6d1abac5bfe80a\"},\"headline\":\"Poziv za mlade osobe sa invaliditetom izme\u0111u 18 i 36 godina sa podru\u010dja Tuzlanskog kantona da se uklju\u010de u projekat \u201cJa\u010danje kapaciteta za samostalan \u017eivot osoba sa invaliditetom u Bosni i Hercegovini\u201d.\",\"datePublished\":\"2018-10-05T07:50:10+00:00\",\"dateModified\":\"2023-10-19T14:44:34+00:00\",\"mainEntityOfPage\":{\"@id\":\"https:\\\/\\\/ic-lotos.org.ba\\\/poziv-za-mlade-osobe-sa-invaliditetom-izmedu-18-i-36-godina-sa-podrucja-tuzlanskog-kantona-da-se-ukljuce-u-projekat-jacanje-kapaciteta-za-samostalan-zivot-osoba-sa-invaliditetom-u-bosni-i-hercegovini\\\/\"},\"wordCount\":251,\"commentCount\":0,\"publisher\":{\"@id\":\"https:\\\/\\\/ic-lotos.org.ba\\\/#organization\"},\"image\":{\"@id\":\"https:\\\/\\\/ic-lotos.org.ba\\\/poziv-za-mlade-osobe-sa-invaliditetom-izmedu-18-i-36-godina-sa-podrucja-tuzlanskog-kantona-da-se-ukljuce-u-projekat-jacanje-kapaciteta-za-samostalan-zivot-osoba-sa-invaliditetom-u-bosni-i-hercegovini\\\/#primaryimage\"},\"thumbnailUrl\":\"https:\\\/\\\/ic-lotos.org.ba\\\/wp-content\\\/uploads\\\/2018\\\/10\\\/images_STIL.jpg\",\"articleSection\":[\"Vijesti\"],\"inLanguage\":\"en-US\"},{\"@type\":\"WebPage\",\"@id\":\"https:\\\/\\\/ic-lotos.org.ba\\\/poziv-za-mlade-osobe-sa-invaliditetom-izmedu-18-i-36-godina-sa-podrucja-tuzlanskog-kantona-da-se-ukljuce-u-projekat-jacanje-kapaciteta-za-samostalan-zivot-osoba-sa-invaliditetom-u-bosni-i-hercegovini\\\/\",\"url\":\"https:\\\/\\\/ic-lotos.org.ba\\\/poziv-za-mlade-osobe-sa-invaliditetom-izmedu-18-i-36-godina-sa-podrucja-tuzlanskog-kantona-da-se-ukljuce-u-projekat-jacanje-kapaciteta-za-samostalan-zivot-osoba-sa-invaliditetom-u-bosni-i-hercegovini\\\/\",\"name\":\"Poziv za mlade osobe sa invaliditetom izme\u0111u 18 i 36 godina sa podru\u010dja Tuzlanskog kantona da se uklju\u010de u projekat \u201cJa\u010danje kapaciteta za samostalan \u017eivot osoba sa invaliditetom u Bosni i Hercegovini\u201d. - IC Lotos Tuzla\",\"isPartOf\":{\"@id\":\"https:\\\/\\\/ic-lotos.org.ba\\\/#website\"},\"primaryImageOfPage\":{\"@id\":\"https:\\\/\\\/ic-lotos.org.ba\\\/poziv-za-mlade-osobe-sa-invaliditetom-izmedu-18-i-36-godina-sa-podrucja-tuzlanskog-kantona-da-se-ukljuce-u-projekat-jacanje-kapaciteta-za-samostalan-zivot-osoba-sa-invaliditetom-u-bosni-i-hercegovini\\\/#primaryimage\"},\"image\":{\"@id\":\"https:\\\/\\\/ic-lotos.org.ba\\\/poziv-za-mlade-osobe-sa-invaliditetom-izmedu-18-i-36-godina-sa-podrucja-tuzlanskog-kantona-da-se-ukljuce-u-projekat-jacanje-kapaciteta-za-samostalan-zivot-osoba-sa-invaliditetom-u-bosni-i-hercegovini\\\/#primaryimage\"},\"thumbnailUrl\":\"https:\\\/\\\/ic-lotos.org.ba\\\/wp-content\\\/uploads\\\/2018\\\/10\\\/images_STIL.jpg\",\"datePublished\":\"2018-10-05T07:50:10+00:00\",\"dateModified\":\"2023-10-19T14:44:34+00:00\",\"breadcrumb\":{\"@id\":\"https:\\\/\\\/ic-lotos.org.ba\\\/poziv-za-mlade-osobe-sa-invaliditetom-izmedu-18-i-36-godina-sa-podrucja-tuzlanskog-kantona-da-se-ukljuce-u-projekat-jacanje-kapaciteta-za-samostalan-zivot-osoba-sa-invaliditetom-u-bosni-i-hercegovini\\\/#breadcrumb\"},\"inLanguage\":\"en-US\",\"potentialAction\":[{\"@type\":\"ReadAction\",\"target\":[\"https:\\\/\\\/ic-lotos.org.ba\\\/poziv-za-mlade-osobe-sa-invaliditetom-izmedu-18-i-36-godina-sa-podrucja-tuzlanskog-kantona-da-se-ukljuce-u-projekat-jacanje-kapaciteta-za-samostalan-zivot-osoba-sa-invaliditetom-u-bosni-i-hercegovini\\\/\"]}]},{\"@type\":\"ImageObject\",\"inLanguage\":\"en-US\",\"@id\":\"https:\\\/\\\/ic-lotos.org.ba\\\/poziv-za-mlade-osobe-sa-invaliditetom-izmedu-18-i-36-godina-sa-podrucja-tuzlanskog-kantona-da-se-ukljuce-u-projekat-jacanje-kapaciteta-za-samostalan-zivot-osoba-sa-invaliditetom-u-bosni-i-hercegovini\\\/#primaryimage\",\"url\":\"https:\\\/\\\/ic-lotos.org.ba\\\/wp-content\\\/uploads\\\/2018\\\/10\\\/images_STIL.jpg\",\"contentUrl\":\"https:\\\/\\\/ic-lotos.org.ba\\\/wp-content\\\/uploads\\\/2018\\\/10\\\/images_STIL.jpg\",\"width\":2343,\"height\":853,\"caption\":\"STIL\"},{\"@type\":\"BreadcrumbList\",\"@id\":\"https:\\\/\\\/ic-lotos.org.ba\\\/poziv-za-mlade-osobe-sa-invaliditetom-izmedu-18-i-36-godina-sa-podrucja-tuzlanskog-kantona-da-se-ukljuce-u-projekat-jacanje-kapaciteta-za-samostalan-zivot-osoba-sa-invaliditetom-u-bosni-i-hercegovini\\\/#breadcrumb\",\"itemListElement\":[{\"@type\":\"ListItem\",\"position\":1,\"name\":\"Naslovna\",\"item\":\"https:\\\/\\\/ic-lotos.org.ba\\\/\"},{\"@type\":\"ListItem\",\"position\":2,\"name\":\"Poziv za mlade osobe sa invaliditetom izme\u0111u 18 i 36 godina sa podru\u010dja Tuzlanskog kantona da se uklju\u010de u projekat \u201cJa\u010danje kapaciteta za samostalan \u017eivot osoba sa invaliditetom u Bosni i Hercegovini\u201d.\"}]},{\"@type\":\"WebSite\",\"@id\":\"https:\\\/\\\/ic-lotos.org.ba\\\/#website\",\"url\":\"https:\\\/\\\/ic-lotos.org.ba\\\/\",\"name\":\"IC Lotos Tuzla\",\"description\":\"Informativni centar \u201cLotos\u201d okuplja osobe sa ili bez invaliditeta koje su zainteresovane da svojim radom bilo na profesionalnoj ili volonterskoj osnovi doprinesu ostvarivanju misije organizacije.\",\"publisher\":{\"@id\":\"https:\\\/\\\/ic-lotos.org.ba\\\/#organization\"},\"potentialAction\":[{\"@type\":\"SearchAction\",\"target\":{\"@type\":\"EntryPoint\",\"urlTemplate\":\"https:\\\/\\\/ic-lotos.org.ba\\\/?s={search_term_string}\"},\"query-input\":{\"@type\":\"PropertyValueSpecification\",\"valueRequired\":true,\"valueName\":\"search_term_string\"}}],\"inLanguage\":\"en-US\"},{\"@type\":\"Organization\",\"@id\":\"https:\\\/\\\/ic-lotos.org.ba\\\/#organization\",\"name\":\"IC Lotos Tuzla\",\"url\":\"https:\\\/\\\/ic-lotos.org.ba\\\/\",\"logo\":{\"@type\":\"ImageObject\",\"inLanguage\":\"en-US\",\"@id\":\"https:\\\/\\\/ic-lotos.org.ba\\\/#\\\/schema\\\/logo\\\/image\\\/\",\"url\":\"https:\\\/\\\/ic-lotos.org.ba\\\/wp-content\\\/uploads\\\/2019\\\/11\\\/logo.jpg\",\"contentUrl\":\"https:\\\/\\\/ic-lotos.org.ba\\\/wp-content\\\/uploads\\\/2019\\\/11\\\/logo.jpg\",\"width\":575,\"height\":623,\"caption\":\"IC Lotos Tuzla\"},\"image\":{\"@id\":\"https:\\\/\\\/ic-lotos.org.ba\\\/#\\\/schema\\\/logo\\\/image\\\/\"},\"sameAs\":[\"https:\\\/\\\/www.facebook.com\\\/iclotos\\\/\",\"https:\\\/\\\/www.youtube.com\\\/feed\\\/library\"]},{\"@type\":\"Person\",\"@id\":\"https:\\\/\\\/ic-lotos.org.ba\\\/#\\\/schema\\\/person\\\/fb1da7c92bc3365aad6d1abac5bfe80a\",\"name\":\"Jasminko Bijeli\u0107\",\"image\":{\"@type\":\"ImageObject\",\"inLanguage\":\"en-US\",\"@id\":\"https:\\\/\\\/secure.gravatar.com\\\/avatar\\\/d694f8eb6cc3383210938655f7851f13239ed2f29afcf4e787e3c519ba016d67?s=96&d=mm&r=g\",\"url\":\"https:\\\/\\\/secure.gravatar.com\\\/avatar\\\/d694f8eb6cc3383210938655f7851f13239ed2f29afcf4e787e3c519ba016d67?s=96&d=mm&r=g\",\"contentUrl\":\"https:\\\/\\\/secure.gravatar.com\\\/avatar\\\/d694f8eb6cc3383210938655f7851f13239ed2f29afcf4e787e3c519ba016d67?s=96&d=mm&r=g\",\"caption\":\"Jasminko Bijeli\u0107\"}}]}<\/script>\n<!-- \/ Yoast SEO plugin. -->","yoast_head_json":{"title":"Poziv za mlade osobe sa invaliditetom izme\u0111u 18 i 36 godina sa podru\u010dja Tuzlanskog kantona da se uklju\u010de u projekat \u201cJa\u010danje kapaciteta za samostalan \u017eivot osoba sa invaliditetom u Bosni i Hercegovini\u201d. - IC Lotos Tuzla","robots":{"index":"index","follow":"follow","max-snippet":"max-snippet:-1","max-image-preview":"max-image-preview:large","max-video-preview":"max-video-preview:-1"},"canonical":"https:\/\/ic-lotos.org.ba\/en\/poziv-za-mlade-osobe-sa-invaliditetom-izmedu-18-i-36-godina-sa-podrucja-tuzlanskog-kantona-da-se-ukljuce-u-projekat-jacanje-kapaciteta-za-samostalan-zivot-osoba-sa-invaliditetom-u-bosni-i-hercegovini\/","og_locale":"en_US","og_type":"article","og_title":"Poziv za mlade osobe sa invaliditetom izme\u0111u 18 i 36 godina sa podru\u010dja Tuzlanskog kantona da se uklju\u010de u projekat \u201cJa\u010danje kapaciteta za samostalan \u017eivot osoba sa invaliditetom u Bosni i Hercegovini\u201d. - IC Lotos Tuzla","og_description":"Projekat &bdquo;Ja\u010danje kapaciteta za samostalan \u017eivot osoba sa invaliditetom u Bosni i Hercegovini&ldquo; Informativni centar za osobe sa invaliditetom &bdquo;Lotos&ldquo; provodi u saradnji sa Centrom za samostalan \u017eivot iz Stockholma u okviru programa organizacije MyRight BiH. Projekat ima za cilj [&hellip;]","og_url":"https:\/\/ic-lotos.org.ba\/en\/poziv-za-mlade-osobe-sa-invaliditetom-izmedu-18-i-36-godina-sa-podrucja-tuzlanskog-kantona-da-se-ukljuce-u-projekat-jacanje-kapaciteta-za-samostalan-zivot-osoba-sa-invaliditetom-u-bosni-i-hercegovini\/","og_site_name":"IC Lotos Tuzla","article_publisher":"https:\/\/www.facebook.com\/iclotos\/","article_published_time":"2018-10-05T07:50:10+00:00","article_modified_time":"2023-10-19T14:44:34+00:00","og_image":[{"width":2343,"height":853,"url":"https:\/\/ic-lotos.org.ba\/wp-content\/uploads\/2018\/10\/images_STIL.jpg","type":"image\/jpeg"}],"author":"Jasminko Bijeli\u0107","twitter_card":"summary_large_image","twitter_misc":{"Written by":"Jasminko Bijeli\u0107","Est. reading time":"1 minute"},"schema":{"@context":"https:\/\/schema.org","@graph":[{"@type":"Article","@id":"https:\/\/ic-lotos.org.ba\/poziv-za-mlade-osobe-sa-invaliditetom-izmedu-18-i-36-godina-sa-podrucja-tuzlanskog-kantona-da-se-ukljuce-u-projekat-jacanje-kapaciteta-za-samostalan-zivot-osoba-sa-invaliditetom-u-bosni-i-hercegovini\/#article","isPartOf":{"@id":"https:\/\/ic-lotos.org.ba\/poziv-za-mlade-osobe-sa-invaliditetom-izmedu-18-i-36-godina-sa-podrucja-tuzlanskog-kantona-da-se-ukljuce-u-projekat-jacanje-kapaciteta-za-samostalan-zivot-osoba-sa-invaliditetom-u-bosni-i-hercegovini\/"},"author":{"name":"Jasminko Bijeli\u0107","@id":"https:\/\/ic-lotos.org.ba\/#\/schema\/person\/fb1da7c92bc3365aad6d1abac5bfe80a"},"headline":"Poziv za mlade osobe sa invaliditetom izme\u0111u 18 i 36 godina sa podru\u010dja Tuzlanskog kantona da se uklju\u010de u projekat \u201cJa\u010danje kapaciteta za samostalan \u017eivot osoba sa invaliditetom u Bosni i Hercegovini\u201d.","datePublished":"2018-10-05T07:50:10+00:00","dateModified":"2023-10-19T14:44:34+00:00","mainEntityOfPage":{"@id":"https:\/\/ic-lotos.org.ba\/poziv-za-mlade-osobe-sa-invaliditetom-izmedu-18-i-36-godina-sa-podrucja-tuzlanskog-kantona-da-se-ukljuce-u-projekat-jacanje-kapaciteta-za-samostalan-zivot-osoba-sa-invaliditetom-u-bosni-i-hercegovini\/"},"wordCount":251,"commentCount":0,"publisher":{"@id":"https:\/\/ic-lotos.org.ba\/#organization"},"image":{"@id":"https:\/\/ic-lotos.org.ba\/poziv-za-mlade-osobe-sa-invaliditetom-izmedu-18-i-36-godina-sa-podrucja-tuzlanskog-kantona-da-se-ukljuce-u-projekat-jacanje-kapaciteta-za-samostalan-zivot-osoba-sa-invaliditetom-u-bosni-i-hercegovini\/#primaryimage"},"thumbnailUrl":"https:\/\/ic-lotos.org.ba\/wp-content\/uploads\/2018\/10\/images_STIL.jpg","articleSection":["Vijesti"],"inLanguage":"en-US"},{"@type":"WebPage","@id":"https:\/\/ic-lotos.org.ba\/poziv-za-mlade-osobe-sa-invaliditetom-izmedu-18-i-36-godina-sa-podrucja-tuzlanskog-kantona-da-se-ukljuce-u-projekat-jacanje-kapaciteta-za-samostalan-zivot-osoba-sa-invaliditetom-u-bosni-i-hercegovini\/","url":"https:\/\/ic-lotos.org.ba\/poziv-za-mlade-osobe-sa-invaliditetom-izmedu-18-i-36-godina-sa-podrucja-tuzlanskog-kantona-da-se-ukljuce-u-projekat-jacanje-kapaciteta-za-samostalan-zivot-osoba-sa-invaliditetom-u-bosni-i-hercegovini\/","name":"Poziv za mlade osobe sa invaliditetom izme\u0111u 18 i 36 godina sa podru\u010dja Tuzlanskog kantona da se uklju\u010de u projekat \u201cJa\u010danje kapaciteta za samostalan \u017eivot osoba sa invaliditetom u Bosni i Hercegovini\u201d. - IC Lotos Tuzla","isPartOf":{"@id":"https:\/\/ic-lotos.org.ba\/#website"},"primaryImageOfPage":{"@id":"https:\/\/ic-lotos.org.ba\/poziv-za-mlade-osobe-sa-invaliditetom-izmedu-18-i-36-godina-sa-podrucja-tuzlanskog-kantona-da-se-ukljuce-u-projekat-jacanje-kapaciteta-za-samostalan-zivot-osoba-sa-invaliditetom-u-bosni-i-hercegovini\/#primaryimage"},"image":{"@id":"https:\/\/ic-lotos.org.ba\/poziv-za-mlade-osobe-sa-invaliditetom-izmedu-18-i-36-godina-sa-podrucja-tuzlanskog-kantona-da-se-ukljuce-u-projekat-jacanje-kapaciteta-za-samostalan-zivot-osoba-sa-invaliditetom-u-bosni-i-hercegovini\/#primaryimage"},"thumbnailUrl":"https:\/\/ic-lotos.org.ba\/wp-content\/uploads\/2018\/10\/images_STIL.jpg","datePublished":"2018-10-05T07:50:10+00:00","dateModified":"2023-10-19T14:44:34+00:00","breadcrumb":{"@id":"https:\/\/ic-lotos.org.ba\/poziv-za-mlade-osobe-sa-invaliditetom-izmedu-18-i-36-godina-sa-podrucja-tuzlanskog-kantona-da-se-ukljuce-u-projekat-jacanje-kapaciteta-za-samostalan-zivot-osoba-sa-invaliditetom-u-bosni-i-hercegovini\/#breadcrumb"},"inLanguage":"en-US","potentialAction":[{"@type":"ReadAction","target":["https:\/\/ic-lotos.org.ba\/poziv-za-mlade-osobe-sa-invaliditetom-izmedu-18-i-36-godina-sa-podrucja-tuzlanskog-kantona-da-se-ukljuce-u-projekat-jacanje-kapaciteta-za-samostalan-zivot-osoba-sa-invaliditetom-u-bosni-i-hercegovini\/"]}]},{"@type":"ImageObject","inLanguage":"en-US","@id":"https:\/\/ic-lotos.org.ba\/poziv-za-mlade-osobe-sa-invaliditetom-izmedu-18-i-36-godina-sa-podrucja-tuzlanskog-kantona-da-se-ukljuce-u-projekat-jacanje-kapaciteta-za-samostalan-zivot-osoba-sa-invaliditetom-u-bosni-i-hercegovini\/#primaryimage","url":"https:\/\/ic-lotos.org.ba\/wp-content\/uploads\/2018\/10\/images_STIL.jpg","contentUrl":"https:\/\/ic-lotos.org.ba\/wp-content\/uploads\/2018\/10\/images_STIL.jpg","width":2343,"height":853,"caption":"STIL"},{"@type":"BreadcrumbList","@id":"https:\/\/ic-lotos.org.ba\/poziv-za-mlade-osobe-sa-invaliditetom-izmedu-18-i-36-godina-sa-podrucja-tuzlanskog-kantona-da-se-ukljuce-u-projekat-jacanje-kapaciteta-za-samostalan-zivot-osoba-sa-invaliditetom-u-bosni-i-hercegovini\/#breadcrumb","itemListElement":[{"@type":"ListItem","position":1,"name":"Naslovna","item":"https:\/\/ic-lotos.org.ba\/"},{"@type":"ListItem","position":2,"name":"Poziv za mlade osobe sa invaliditetom izme\u0111u 18 i 36 godina sa podru\u010dja Tuzlanskog kantona da se uklju\u010de u projekat \u201cJa\u010danje kapaciteta za samostalan \u017eivot osoba sa invaliditetom u Bosni i Hercegovini\u201d."}]},{"@type":"WebSite","@id":"https:\/\/ic-lotos.org.ba\/#website","url":"https:\/\/ic-lotos.org.ba\/","name":"IC Lotos Tuzla","description":"Informativni centar \u201cLotos\u201d okuplja osobe sa ili bez invaliditeta koje su zainteresovane da svojim radom bilo na profesionalnoj ili volonterskoj osnovi doprinesu ostvarivanju misije organizacije.","publisher":{"@id":"https:\/\/ic-lotos.org.ba\/#organization"},"potentialAction":[{"@type":"SearchAction","target":{"@type":"EntryPoint","urlTemplate":"https:\/\/ic-lotos.org.ba\/?s={search_term_string}"},"query-input":{"@type":"PropertyValueSpecification","valueRequired":true,"valueName":"search_term_string"}}],"inLanguage":"en-US"},{"@type":"Organization","@id":"https:\/\/ic-lotos.org.ba\/#organization","name":"IC Lotos Tuzla","url":"https:\/\/ic-lotos.org.ba\/","logo":{"@type":"ImageObject","inLanguage":"en-US","@id":"https:\/\/ic-lotos.org.ba\/#\/schema\/logo\/image\/","url":"https:\/\/ic-lotos.org.ba\/wp-content\/uploads\/2019\/11\/logo.jpg","contentUrl":"https:\/\/ic-lotos.org.ba\/wp-content\/uploads\/2019\/11\/logo.jpg","width":575,"height":623,"caption":"IC Lotos Tuzla"},"image":{"@id":"https:\/\/ic-lotos.org.ba\/#\/schema\/logo\/image\/"},"sameAs":["https:\/\/www.facebook.com\/iclotos\/","https:\/\/www.youtube.com\/feed\/library"]},{"@type":"Person","@id":"https:\/\/ic-lotos.org.ba\/#\/schema\/person\/fb1da7c92bc3365aad6d1abac5bfe80a","name":"Jasminko Bijeli\u0107","image":{"@type":"ImageObject","inLanguage":"en-US","@id":"https:\/\/secure.gravatar.com\/avatar\/d694f8eb6cc3383210938655f7851f13239ed2f29afcf4e787e3c519ba016d67?s=96&d=mm&r=g","url":"https:\/\/secure.gravatar.com\/avatar\/d694f8eb6cc3383210938655f7851f13239ed2f29afcf4e787e3c519ba016d67?s=96&d=mm&r=g","contentUrl":"https:\/\/secure.gravatar.com\/avatar\/d694f8eb6cc3383210938655f7851f13239ed2f29afcf4e787e3c519ba016d67?s=96&d=mm&r=g","caption":"Jasminko Bijeli\u0107"}}]}},"_links":{"self":[{"href":"https:\/\/ic-lotos.org.ba\/en\/wp-json\/wp\/v2\/posts\/12157","targetHints":{"allow":["GET"]}}],"collection":[{"href":"https:\/\/ic-lotos.org.ba\/en\/wp-json\/wp\/v2\/posts"}],"about":[{"href":"https:\/\/ic-lotos.org.ba\/en\/wp-json\/wp\/v2\/types\/post"}],"author":[{"embeddable":true,"href":"https:\/\/ic-lotos.org.ba\/en\/wp-json\/wp\/v2\/users\/5"}],"replies":[{"embeddable":true,"href":"https:\/\/ic-lotos.org.ba\/en\/wp-json\/wp\/v2\/comments?post=12157"}],"version-history":[{"count":1,"href":"https:\/\/ic-lotos.org.ba\/en\/wp-json\/wp\/v2\/posts\/12157\/revisions"}],"predecessor-version":[{"id":14106,"href":"https:\/\/ic-lotos.org.ba\/en\/wp-json\/wp\/v2\/posts\/12157\/revisions\/14106"}],"wp:featuredmedia":[{"embeddable":true,"href":"https:\/\/ic-lotos.org.ba\/en\/wp-json\/wp\/v2\/media\/12156"}],"wp:attachment":[{"href":"https:\/\/ic-lotos.org.ba\/en\/wp-json\/wp\/v2\/media?parent=12157"}],"wp:term":[{"taxonomy":"category","embeddable":true,"href":"https:\/\/ic-lotos.org.ba\/en\/wp-json\/wp\/v2\/categories?post=12157"},{"taxonomy":"post_tag","embeddable":true,"href":"https:\/\/ic-lotos.org.ba\/en\/wp-json\/wp\/v2\/tags?post=12157"}],"curies":[{"name":"wp","href":"https:\/\/api.w.org\/{rel}","templated":true}]}}