{"id":12077,"date":"2018-05-07T06:25:57","date_gmt":"2018-05-07T06:25:57","guid":{"rendered":"https:\/\/v2.ic-lotos.org.ba\/kampanja-samostalni-zivot-je-moje-pravo\/"},"modified":"2023-10-19T14:44:34","modified_gmt":"2023-10-19T14:44:34","slug":"kampanja-samostalni-zivot-je-moje-pravo","status":"publish","type":"post","link":"https:\/\/ic-lotos.org.ba\/en\/kampanja-samostalni-zivot-je-moje-pravo\/","title":{"rendered":"&quot;Independent life is my right&quot; campaign"},"content":{"rendered":"<p><span style=\"font-family: arial, helvetica, sans-serif; font-size: 12pt;\">The campaign: &quot;Independent Living is My Right&quot; was organized by the Information Center for Persons with Disabilities &quot;Lotos&quot; Tuzla as part of the activities marking the European Day of Independent Living.<\/span><\/p>\n<\/p>\n<p>&nbsp;<\/p>\n<p><span style=\"font-family: arial, helvetica, sans-serif; font-size: 12pt;\">The campaign took place in Tuzla on the plateau in front of the &quot;Centar&quot; cinema (near the statues of Me\u0161a Selimovi\u0107 and Ismet Mujezinovi\u0107) on May 4, 2018, starting at 11:00 AM and lasting until 2:00 PM.<\/span><\/p>\n<p><span style=\"font-family: arial, helvetica, sans-serif; font-size: 12pt;\"><img fetchpriority=\"high\" decoding=\"async\" width=\"700\" height=\"393\" class=\"size-full wp-image-12073\" src=\"https:\/\/ic-lotos.org.ba\/wp-content\/uploads\/2018\/05\/images_Samostalan_zivot_je_moje_pravo_slika_2.jpg\" alt=\"Samostalan zivot je moje pravo slika 2\" srcset=\"https:\/\/ic-lotos.org.ba\/wp-content\/uploads\/2018\/05\/images_Samostalan_zivot_je_moje_pravo_slika_2.jpg 700w, https:\/\/ic-lotos.org.ba\/wp-content\/uploads\/2018\/05\/images_Samostalan_zivot_je_moje_pravo_slika_2-600x337.jpg 600w, https:\/\/ic-lotos.org.ba\/wp-content\/uploads\/2018\/05\/images_Samostalan_zivot_je_moje_pravo_slika_2-300x168.jpg 300w, https:\/\/ic-lotos.org.ba\/wp-content\/uploads\/2018\/05\/images_Samostalan_zivot_je_moje_pravo_slika_2-440x247.jpg 440w\" sizes=\"(max-width: 700px) 100vw, 700px\" \/><\/span><br \/><span style=\"font-family: arial, helvetica, sans-serif; font-size: 12pt;\">The aim of the campaign is to symbolically celebrate and promote the idea of independent living, so that as many citizens as possible can<span class=\"text_exposed_show\">&nbsp;familiar with the ideology and concept of independent living as a link between systems: architectural inaccessibility, insufficient education of persons with disabilities, inability to find employment and achieve employment, which directly affect the violation of human rights and human dignity in achieving independence, as well as life outside the family environment.<\/span><\/span><\/p>\n<p><span style=\"font-family: arial, helvetica, sans-serif; font-size: 12pt;\"><span class=\"text_exposed_show\"><img decoding=\"async\" width=\"700\" height=\"393\" class=\"size-full wp-image-12074\" src=\"https:\/\/ic-lotos.org.ba\/wp-content\/uploads\/2018\/05\/images_Samostalan_zivot_je_moje_pravo_slika_3.jpg\" alt=\"Samostalan zivot je moje pravo slika 3\" srcset=\"https:\/\/ic-lotos.org.ba\/wp-content\/uploads\/2018\/05\/images_Samostalan_zivot_je_moje_pravo_slika_3.jpg 700w, https:\/\/ic-lotos.org.ba\/wp-content\/uploads\/2018\/05\/images_Samostalan_zivot_je_moje_pravo_slika_3-600x337.jpg 600w, https:\/\/ic-lotos.org.ba\/wp-content\/uploads\/2018\/05\/images_Samostalan_zivot_je_moje_pravo_slika_3-300x168.jpg 300w, https:\/\/ic-lotos.org.ba\/wp-content\/uploads\/2018\/05\/images_Samostalan_zivot_je_moje_pravo_slika_3-440x247.jpg 440w\" sizes=\"(max-width: 700px) 100vw, 700px\" \/><img decoding=\"async\" width=\"700\" height=\"466\" class=\"size-full wp-image-12075\" src=\"https:\/\/ic-lotos.org.ba\/wp-content\/uploads\/2018\/05\/images_Samostalan_zivot_je_moje_pravo_slika_4.jpg\" alt=\"Samostalan zivot je moje pravo slika 4\" srcset=\"https:\/\/ic-lotos.org.ba\/wp-content\/uploads\/2018\/05\/images_Samostalan_zivot_je_moje_pravo_slika_4.jpg 700w, https:\/\/ic-lotos.org.ba\/wp-content\/uploads\/2018\/05\/images_Samostalan_zivot_je_moje_pravo_slika_4-600x399.jpg 600w, https:\/\/ic-lotos.org.ba\/wp-content\/uploads\/2018\/05\/images_Samostalan_zivot_je_moje_pravo_slika_4-300x200.jpg 300w, https:\/\/ic-lotos.org.ba\/wp-content\/uploads\/2018\/05\/images_Samostalan_zivot_je_moje_pravo_slika_4-440x293.jpg 440w\" sizes=\"(max-width: 700px) 100vw, 700px\" \/><br \/>European Day for Independent Living is celebrated on May 5th and is an annual event that serves to raise awareness of the right to independent living and the importance of independent living for people with disabilities.<\/span><\/span><\/p>\n<p><img loading=\"lazy\" decoding=\"async\" width=\"700\" height=\"466\" class=\"size-full wp-image-12076\" src=\"https:\/\/ic-lotos.org.ba\/wp-content\/uploads\/2018\/05\/images_Samostalan_zivot_je_moje_pravo_slika_5.jpg\" alt=\"Samostalan zivot je moje pravo slika 5\" srcset=\"https:\/\/ic-lotos.org.ba\/wp-content\/uploads\/2018\/05\/images_Samostalan_zivot_je_moje_pravo_slika_5.jpg 700w, https:\/\/ic-lotos.org.ba\/wp-content\/uploads\/2018\/05\/images_Samostalan_zivot_je_moje_pravo_slika_5-600x399.jpg 600w, https:\/\/ic-lotos.org.ba\/wp-content\/uploads\/2018\/05\/images_Samostalan_zivot_je_moje_pravo_slika_5-300x200.jpg 300w, https:\/\/ic-lotos.org.ba\/wp-content\/uploads\/2018\/05\/images_Samostalan_zivot_je_moje_pravo_slika_5-440x293.jpg 440w\" sizes=\"(max-width: 700px) 100vw, 700px\" \/><\/p>\n<div class=\"gsp_post_data\" \r\n\t            data-post_type=\"post\" \r\n\t            data-cat=\"vijesti\" \r\n\t            data-modified=\"120\"\r\n\t            data-created=\"1525674357\"\r\n\t            data-title=\"Kampanja &#8220;Samostalni \u017eivot je moje pravo&#8221;\" \r\n\t            data-home=\"https:\/\/ic-lotos.org.ba\/en\"><\/div>","protected":false},"excerpt":{"rendered":"<p>Kampanju: &bdquo;Samostalni \u017eivot je moje pravo&ldquo; organizovao je Informativni centar za osobe sa invaliditetom &bdquo;Lotos&ldquo; Tuzla u sklopu aktivnosti obilje\u017eavanja Evropskog dana samostalnog \u017eivota. &nbsp; Kampanja se odr\u017eala u Tuzli na platou ispred kina &bdquo;Centar&ldquo; (kod kipova Me&scaron;e Selimovi\u0107a i [&hellip;]<\/p>\n","protected":false},"author":5,"featured_media":12072,"comment_status":"open","ping_status":"closed","sticky":false,"template":"","format":"standard","meta":{"footnotes":""},"categories":[65],"tags":[],"class_list":["post-12077","post","type-post","status-publish","format-standard","has-post-thumbnail","hentry","category-vijesti"],"yoast_head":"<!-- This site is optimized with the Yoast SEO plugin v27.5 - https:\/\/yoast.com\/product\/yoast-seo-wordpress\/ -->\n<title>Kampanja &quot;Samostalni \u017eivot je moje pravo&quot; - IC Lotos Tuzla<\/title>\n<meta name=\"robots\" content=\"index, follow, max-snippet:-1, max-image-preview:large, max-video-preview:-1\" \/>\n<link rel=\"canonical\" href=\"https:\/\/ic-lotos.org.ba\/en\/kampanja-samostalni-zivot-je-moje-pravo\/\" \/>\n<meta property=\"og:locale\" content=\"en_US\" \/>\n<meta property=\"og:type\" content=\"article\" \/>\n<meta property=\"og:title\" content=\"Kampanja &quot;Samostalni \u017eivot je moje pravo&quot; - IC Lotos Tuzla\" \/>\n<meta property=\"og:description\" content=\"Kampanju: &bdquo;Samostalni \u017eivot je moje pravo&ldquo; organizovao je Informativni centar za osobe sa invaliditetom &bdquo;Lotos&ldquo; Tuzla u sklopu aktivnosti obilje\u017eavanja Evropskog dana samostalnog \u017eivota. &nbsp; Kampanja se odr\u017eala u Tuzli na platou ispred kina &bdquo;Centar&ldquo; (kod kipova Me&scaron;e Selimovi\u0107a i [&hellip;]\" \/>\n<meta property=\"og:url\" content=\"https:\/\/ic-lotos.org.ba\/en\/kampanja-samostalni-zivot-je-moje-pravo\/\" \/>\n<meta property=\"og:site_name\" content=\"IC Lotos Tuzla\" \/>\n<meta property=\"article:publisher\" content=\"https:\/\/www.facebook.com\/iclotos\/\" \/>\n<meta property=\"article:published_time\" content=\"2018-05-07T06:25:57+00:00\" \/>\n<meta property=\"article:modified_time\" content=\"2023-10-19T14:44:34+00:00\" \/>\n<meta property=\"og:image\" content=\"https:\/\/ic-lotos.org.ba\/wp-content\/uploads\/2018\/05\/images_Samostalan_zivot_je_moje_pravo_slika_1.jpg\" \/>\n\t<meta property=\"og:image:width\" content=\"700\" \/>\n\t<meta property=\"og:image:height\" content=\"393\" \/>\n\t<meta property=\"og:image:type\" content=\"image\/jpeg\" \/>\n<meta name=\"author\" content=\"Jasminko Bijeli\u0107\" \/>\n<meta name=\"twitter:card\" content=\"summary_large_image\" \/>\n<meta name=\"twitter:label1\" content=\"Written by\" \/>\n\t<meta name=\"twitter:data1\" content=\"Jasminko Bijeli\u0107\" \/>\n\t<meta name=\"twitter:label2\" content=\"Est. reading time\" \/>\n\t<meta name=\"twitter:data2\" content=\"1 minute\" \/>\n<script type=\"application\/ld+json\" class=\"yoast-schema-graph\">{\"@context\":\"https:\\\/\\\/schema.org\",\"@graph\":[{\"@type\":\"Article\",\"@id\":\"https:\\\/\\\/ic-lotos.org.ba\\\/kampanja-samostalni-zivot-je-moje-pravo\\\/#article\",\"isPartOf\":{\"@id\":\"https:\\\/\\\/ic-lotos.org.ba\\\/kampanja-samostalni-zivot-je-moje-pravo\\\/\"},\"author\":{\"name\":\"Jasminko Bijeli\u0107\",\"@id\":\"https:\\\/\\\/ic-lotos.org.ba\\\/#\\\/schema\\\/person\\\/fb1da7c92bc3365aad6d1abac5bfe80a\"},\"headline\":\"Kampanja &#8220;Samostalni \u017eivot je moje pravo&#8221;\",\"datePublished\":\"2018-05-07T06:25:57+00:00\",\"dateModified\":\"2023-10-19T14:44:34+00:00\",\"mainEntityOfPage\":{\"@id\":\"https:\\\/\\\/ic-lotos.org.ba\\\/kampanja-samostalni-zivot-je-moje-pravo\\\/\"},\"wordCount\":180,\"commentCount\":0,\"publisher\":{\"@id\":\"https:\\\/\\\/ic-lotos.org.ba\\\/#organization\"},\"image\":{\"@id\":\"https:\\\/\\\/ic-lotos.org.ba\\\/kampanja-samostalni-zivot-je-moje-pravo\\\/#primaryimage\"},\"thumbnailUrl\":\"https:\\\/\\\/ic-lotos.org.ba\\\/wp-content\\\/uploads\\\/2018\\\/05\\\/images_Samostalan_zivot_je_moje_pravo_slika_1.jpg\",\"articleSection\":[\"Vijesti\"],\"inLanguage\":\"en-US\"},{\"@type\":\"WebPage\",\"@id\":\"https:\\\/\\\/ic-lotos.org.ba\\\/kampanja-samostalni-zivot-je-moje-pravo\\\/\",\"url\":\"https:\\\/\\\/ic-lotos.org.ba\\\/kampanja-samostalni-zivot-je-moje-pravo\\\/\",\"name\":\"Kampanja \\\"Samostalni \u017eivot je moje pravo\\\" - IC Lotos Tuzla\",\"isPartOf\":{\"@id\":\"https:\\\/\\\/ic-lotos.org.ba\\\/#website\"},\"primaryImageOfPage\":{\"@id\":\"https:\\\/\\\/ic-lotos.org.ba\\\/kampanja-samostalni-zivot-je-moje-pravo\\\/#primaryimage\"},\"image\":{\"@id\":\"https:\\\/\\\/ic-lotos.org.ba\\\/kampanja-samostalni-zivot-je-moje-pravo\\\/#primaryimage\"},\"thumbnailUrl\":\"https:\\\/\\\/ic-lotos.org.ba\\\/wp-content\\\/uploads\\\/2018\\\/05\\\/images_Samostalan_zivot_je_moje_pravo_slika_1.jpg\",\"datePublished\":\"2018-05-07T06:25:57+00:00\",\"dateModified\":\"2023-10-19T14:44:34+00:00\",\"breadcrumb\":{\"@id\":\"https:\\\/\\\/ic-lotos.org.ba\\\/kampanja-samostalni-zivot-je-moje-pravo\\\/#breadcrumb\"},\"inLanguage\":\"en-US\",\"potentialAction\":[{\"@type\":\"ReadAction\",\"target\":[\"https:\\\/\\\/ic-lotos.org.ba\\\/kampanja-samostalni-zivot-je-moje-pravo\\\/\"]}]},{\"@type\":\"ImageObject\",\"inLanguage\":\"en-US\",\"@id\":\"https:\\\/\\\/ic-lotos.org.ba\\\/kampanja-samostalni-zivot-je-moje-pravo\\\/#primaryimage\",\"url\":\"https:\\\/\\\/ic-lotos.org.ba\\\/wp-content\\\/uploads\\\/2018\\\/05\\\/images_Samostalan_zivot_je_moje_pravo_slika_1.jpg\",\"contentUrl\":\"https:\\\/\\\/ic-lotos.org.ba\\\/wp-content\\\/uploads\\\/2018\\\/05\\\/images_Samostalan_zivot_je_moje_pravo_slika_1.jpg\",\"width\":700,\"height\":393,\"caption\":\"Samostalan zivot je moje pravo slika 1\"},{\"@type\":\"BreadcrumbList\",\"@id\":\"https:\\\/\\\/ic-lotos.org.ba\\\/kampanja-samostalni-zivot-je-moje-pravo\\\/#breadcrumb\",\"itemListElement\":[{\"@type\":\"ListItem\",\"position\":1,\"name\":\"Naslovna\",\"item\":\"https:\\\/\\\/ic-lotos.org.ba\\\/\"},{\"@type\":\"ListItem\",\"position\":2,\"name\":\"Kampanja &#8220;Samostalni \u017eivot je moje pravo&#8221;\"}]},{\"@type\":\"WebSite\",\"@id\":\"https:\\\/\\\/ic-lotos.org.ba\\\/#website\",\"url\":\"https:\\\/\\\/ic-lotos.org.ba\\\/\",\"name\":\"IC Lotos Tuzla\",\"description\":\"Informativni centar \u201cLotos\u201d okuplja osobe sa ili bez invaliditeta koje su zainteresovane da svojim radom bilo na profesionalnoj ili volonterskoj osnovi doprinesu ostvarivanju misije organizacije.\",\"publisher\":{\"@id\":\"https:\\\/\\\/ic-lotos.org.ba\\\/#organization\"},\"potentialAction\":[{\"@type\":\"SearchAction\",\"target\":{\"@type\":\"EntryPoint\",\"urlTemplate\":\"https:\\\/\\\/ic-lotos.org.ba\\\/?s={search_term_string}\"},\"query-input\":{\"@type\":\"PropertyValueSpecification\",\"valueRequired\":true,\"valueName\":\"search_term_string\"}}],\"inLanguage\":\"en-US\"},{\"@type\":\"Organization\",\"@id\":\"https:\\\/\\\/ic-lotos.org.ba\\\/#organization\",\"name\":\"IC Lotos Tuzla\",\"url\":\"https:\\\/\\\/ic-lotos.org.ba\\\/\",\"logo\":{\"@type\":\"ImageObject\",\"inLanguage\":\"en-US\",\"@id\":\"https:\\\/\\\/ic-lotos.org.ba\\\/#\\\/schema\\\/logo\\\/image\\\/\",\"url\":\"https:\\\/\\\/ic-lotos.org.ba\\\/wp-content\\\/uploads\\\/2019\\\/11\\\/logo.jpg\",\"contentUrl\":\"https:\\\/\\\/ic-lotos.org.ba\\\/wp-content\\\/uploads\\\/2019\\\/11\\\/logo.jpg\",\"width\":575,\"height\":623,\"caption\":\"IC Lotos Tuzla\"},\"image\":{\"@id\":\"https:\\\/\\\/ic-lotos.org.ba\\\/#\\\/schema\\\/logo\\\/image\\\/\"},\"sameAs\":[\"https:\\\/\\\/www.facebook.com\\\/iclotos\\\/\",\"https:\\\/\\\/www.youtube.com\\\/feed\\\/library\"]},{\"@type\":\"Person\",\"@id\":\"https:\\\/\\\/ic-lotos.org.ba\\\/#\\\/schema\\\/person\\\/fb1da7c92bc3365aad6d1abac5bfe80a\",\"name\":\"Jasminko Bijeli\u0107\",\"image\":{\"@type\":\"ImageObject\",\"inLanguage\":\"en-US\",\"@id\":\"https:\\\/\\\/secure.gravatar.com\\\/avatar\\\/d694f8eb6cc3383210938655f7851f13239ed2f29afcf4e787e3c519ba016d67?s=96&d=mm&r=g\",\"url\":\"https:\\\/\\\/secure.gravatar.com\\\/avatar\\\/d694f8eb6cc3383210938655f7851f13239ed2f29afcf4e787e3c519ba016d67?s=96&d=mm&r=g\",\"contentUrl\":\"https:\\\/\\\/secure.gravatar.com\\\/avatar\\\/d694f8eb6cc3383210938655f7851f13239ed2f29afcf4e787e3c519ba016d67?s=96&d=mm&r=g\",\"caption\":\"Jasminko Bijeli\u0107\"}}]}<\/script>\n<!-- \/ Yoast SEO plugin. -->","yoast_head_json":{"title":"Kampanja \"Samostalni \u017eivot je moje pravo\" - IC Lotos Tuzla","robots":{"index":"index","follow":"follow","max-snippet":"max-snippet:-1","max-image-preview":"max-image-preview:large","max-video-preview":"max-video-preview:-1"},"canonical":"https:\/\/ic-lotos.org.ba\/en\/kampanja-samostalni-zivot-je-moje-pravo\/","og_locale":"en_US","og_type":"article","og_title":"Kampanja \"Samostalni \u017eivot je moje pravo\" - IC Lotos Tuzla","og_description":"Kampanju: &bdquo;Samostalni \u017eivot je moje pravo&ldquo; organizovao je Informativni centar za osobe sa invaliditetom &bdquo;Lotos&ldquo; Tuzla u sklopu aktivnosti obilje\u017eavanja Evropskog dana samostalnog \u017eivota. &nbsp; Kampanja se odr\u017eala u Tuzli na platou ispred kina &bdquo;Centar&ldquo; (kod kipova Me&scaron;e Selimovi\u0107a i [&hellip;]","og_url":"https:\/\/ic-lotos.org.ba\/en\/kampanja-samostalni-zivot-je-moje-pravo\/","og_site_name":"IC Lotos Tuzla","article_publisher":"https:\/\/www.facebook.com\/iclotos\/","article_published_time":"2018-05-07T06:25:57+00:00","article_modified_time":"2023-10-19T14:44:34+00:00","og_image":[{"width":700,"height":393,"url":"https:\/\/ic-lotos.org.ba\/wp-content\/uploads\/2018\/05\/images_Samostalan_zivot_je_moje_pravo_slika_1.jpg","type":"image\/jpeg"}],"author":"Jasminko Bijeli\u0107","twitter_card":"summary_large_image","twitter_misc":{"Written by":"Jasminko Bijeli\u0107","Est. reading time":"1 minute"},"schema":{"@context":"https:\/\/schema.org","@graph":[{"@type":"Article","@id":"https:\/\/ic-lotos.org.ba\/kampanja-samostalni-zivot-je-moje-pravo\/#article","isPartOf":{"@id":"https:\/\/ic-lotos.org.ba\/kampanja-samostalni-zivot-je-moje-pravo\/"},"author":{"name":"Jasminko Bijeli\u0107","@id":"https:\/\/ic-lotos.org.ba\/#\/schema\/person\/fb1da7c92bc3365aad6d1abac5bfe80a"},"headline":"Kampanja &#8220;Samostalni \u017eivot je moje pravo&#8221;","datePublished":"2018-05-07T06:25:57+00:00","dateModified":"2023-10-19T14:44:34+00:00","mainEntityOfPage":{"@id":"https:\/\/ic-lotos.org.ba\/kampanja-samostalni-zivot-je-moje-pravo\/"},"wordCount":180,"commentCount":0,"publisher":{"@id":"https:\/\/ic-lotos.org.ba\/#organization"},"image":{"@id":"https:\/\/ic-lotos.org.ba\/kampanja-samostalni-zivot-je-moje-pravo\/#primaryimage"},"thumbnailUrl":"https:\/\/ic-lotos.org.ba\/wp-content\/uploads\/2018\/05\/images_Samostalan_zivot_je_moje_pravo_slika_1.jpg","articleSection":["Vijesti"],"inLanguage":"en-US"},{"@type":"WebPage","@id":"https:\/\/ic-lotos.org.ba\/kampanja-samostalni-zivot-je-moje-pravo\/","url":"https:\/\/ic-lotos.org.ba\/kampanja-samostalni-zivot-je-moje-pravo\/","name":"Kampanja \"Samostalni \u017eivot je moje pravo\" - IC Lotos Tuzla","isPartOf":{"@id":"https:\/\/ic-lotos.org.ba\/#website"},"primaryImageOfPage":{"@id":"https:\/\/ic-lotos.org.ba\/kampanja-samostalni-zivot-je-moje-pravo\/#primaryimage"},"image":{"@id":"https:\/\/ic-lotos.org.ba\/kampanja-samostalni-zivot-je-moje-pravo\/#primaryimage"},"thumbnailUrl":"https:\/\/ic-lotos.org.ba\/wp-content\/uploads\/2018\/05\/images_Samostalan_zivot_je_moje_pravo_slika_1.jpg","datePublished":"2018-05-07T06:25:57+00:00","dateModified":"2023-10-19T14:44:34+00:00","breadcrumb":{"@id":"https:\/\/ic-lotos.org.ba\/kampanja-samostalni-zivot-je-moje-pravo\/#breadcrumb"},"inLanguage":"en-US","potentialAction":[{"@type":"ReadAction","target":["https:\/\/ic-lotos.org.ba\/kampanja-samostalni-zivot-je-moje-pravo\/"]}]},{"@type":"ImageObject","inLanguage":"en-US","@id":"https:\/\/ic-lotos.org.ba\/kampanja-samostalni-zivot-je-moje-pravo\/#primaryimage","url":"https:\/\/ic-lotos.org.ba\/wp-content\/uploads\/2018\/05\/images_Samostalan_zivot_je_moje_pravo_slika_1.jpg","contentUrl":"https:\/\/ic-lotos.org.ba\/wp-content\/uploads\/2018\/05\/images_Samostalan_zivot_je_moje_pravo_slika_1.jpg","width":700,"height":393,"caption":"Samostalan zivot je moje pravo slika 1"},{"@type":"BreadcrumbList","@id":"https:\/\/ic-lotos.org.ba\/kampanja-samostalni-zivot-je-moje-pravo\/#breadcrumb","itemListElement":[{"@type":"ListItem","position":1,"name":"Naslovna","item":"https:\/\/ic-lotos.org.ba\/"},{"@type":"ListItem","position":2,"name":"Kampanja &#8220;Samostalni \u017eivot je moje pravo&#8221;"}]},{"@type":"WebSite","@id":"https:\/\/ic-lotos.org.ba\/#website","url":"https:\/\/ic-lotos.org.ba\/","name":"IC Lotos Tuzla","description":"Informativni centar \u201cLotos\u201d okuplja osobe sa ili bez invaliditeta koje su zainteresovane da svojim radom bilo na profesionalnoj ili volonterskoj osnovi doprinesu ostvarivanju misije organizacije.","publisher":{"@id":"https:\/\/ic-lotos.org.ba\/#organization"},"potentialAction":[{"@type":"SearchAction","target":{"@type":"EntryPoint","urlTemplate":"https:\/\/ic-lotos.org.ba\/?s={search_term_string}"},"query-input":{"@type":"PropertyValueSpecification","valueRequired":true,"valueName":"search_term_string"}}],"inLanguage":"en-US"},{"@type":"Organization","@id":"https:\/\/ic-lotos.org.ba\/#organization","name":"IC Lotos Tuzla","url":"https:\/\/ic-lotos.org.ba\/","logo":{"@type":"ImageObject","inLanguage":"en-US","@id":"https:\/\/ic-lotos.org.ba\/#\/schema\/logo\/image\/","url":"https:\/\/ic-lotos.org.ba\/wp-content\/uploads\/2019\/11\/logo.jpg","contentUrl":"https:\/\/ic-lotos.org.ba\/wp-content\/uploads\/2019\/11\/logo.jpg","width":575,"height":623,"caption":"IC Lotos Tuzla"},"image":{"@id":"https:\/\/ic-lotos.org.ba\/#\/schema\/logo\/image\/"},"sameAs":["https:\/\/www.facebook.com\/iclotos\/","https:\/\/www.youtube.com\/feed\/library"]},{"@type":"Person","@id":"https:\/\/ic-lotos.org.ba\/#\/schema\/person\/fb1da7c92bc3365aad6d1abac5bfe80a","name":"Jasminko Bijeli\u0107","image":{"@type":"ImageObject","inLanguage":"en-US","@id":"https:\/\/secure.gravatar.com\/avatar\/d694f8eb6cc3383210938655f7851f13239ed2f29afcf4e787e3c519ba016d67?s=96&d=mm&r=g","url":"https:\/\/secure.gravatar.com\/avatar\/d694f8eb6cc3383210938655f7851f13239ed2f29afcf4e787e3c519ba016d67?s=96&d=mm&r=g","contentUrl":"https:\/\/secure.gravatar.com\/avatar\/d694f8eb6cc3383210938655f7851f13239ed2f29afcf4e787e3c519ba016d67?s=96&d=mm&r=g","caption":"Jasminko Bijeli\u0107"}}]}},"_links":{"self":[{"href":"https:\/\/ic-lotos.org.ba\/en\/wp-json\/wp\/v2\/posts\/12077","targetHints":{"allow":["GET"]}}],"collection":[{"href":"https:\/\/ic-lotos.org.ba\/en\/wp-json\/wp\/v2\/posts"}],"about":[{"href":"https:\/\/ic-lotos.org.ba\/en\/wp-json\/wp\/v2\/types\/post"}],"author":[{"embeddable":true,"href":"https:\/\/ic-lotos.org.ba\/en\/wp-json\/wp\/v2\/users\/5"}],"replies":[{"embeddable":true,"href":"https:\/\/ic-lotos.org.ba\/en\/wp-json\/wp\/v2\/comments?post=12077"}],"version-history":[{"count":1,"href":"https:\/\/ic-lotos.org.ba\/en\/wp-json\/wp\/v2\/posts\/12077\/revisions"}],"predecessor-version":[{"id":14126,"href":"https:\/\/ic-lotos.org.ba\/en\/wp-json\/wp\/v2\/posts\/12077\/revisions\/14126"}],"wp:featuredmedia":[{"embeddable":true,"href":"https:\/\/ic-lotos.org.ba\/en\/wp-json\/wp\/v2\/media\/12072"}],"wp:attachment":[{"href":"https:\/\/ic-lotos.org.ba\/en\/wp-json\/wp\/v2\/media?parent=12077"}],"wp:term":[{"taxonomy":"category","embeddable":true,"href":"https:\/\/ic-lotos.org.ba\/en\/wp-json\/wp\/v2\/categories?post=12077"},{"taxonomy":"post_tag","embeddable":true,"href":"https:\/\/ic-lotos.org.ba\/en\/wp-json\/wp\/v2\/tags?post=12077"}],"curies":[{"name":"wp","href":"https:\/\/api.w.org\/{rel}","templated":true}]}}