{"id":11944,"date":"2017-10-16T11:29:43","date_gmt":"2017-10-16T11:29:43","guid":{"rendered":"https:\/\/v2.ic-lotos.org.ba\/filmski-festival-o-osi-13-10-2017-banja-luka\/"},"modified":"2023-10-19T14:44:36","modified_gmt":"2023-10-19T14:44:36","slug":"filmski-festival-o-osi-13-10-2017-banja-luka","status":"publish","type":"post","link":"https:\/\/ic-lotos.org.ba\/en\/filmski-festival-o-osi-13-10-2017-banja-luka\/","title":{"rendered":"Filmski festival o OSI, 13.10.2017. Banja Luka"},"content":{"rendered":"<p><span style=\"font-family: arial, helvetica, sans-serif; font-size: 12pt;\">U Muzi\u010dkom paviljonu &bdquo;Staklenac&ldquo; u Banjaluci 13. 10. 2017. godine odr\u017ean je Filmski festival o osobama sa invaliditetom. Zahvaljuju\u0107i saradnji HO Partner Banja Luka i Kreativno-afirmativne organizacije Parnas iz Novog Sada, Filmski festival o osobama sa invaliditetom koji se u Banjaluci odr\u017eava od 2011. god., je postao regionalni festival.<\/span><span style=\"font-family: arial, helvetica, sans-serif; font-size: 12pt;\">Na ovogodi&scaron;njem festivalu prikazani su filmovi iz razli\u010ditih krajeva svijeta koji mijenjaju perspektivu javnosti prema osobama sa invaliditetom.<\/span><\/p>\n<p><span style=\"font-family: arial, helvetica, sans-serif; font-size: 12pt;\">Mnogi od filmova su nagra\u0111ivani kako na festivalu u Novom Sadu tako i na me\u0111unarodnim filmskim festivalima. <\/span><br \/><span style=\"font-family: arial, helvetica, sans-serif; font-size: 12pt;\">U toku festivala bila je postavljena izlo\u017eba fotografija &bdquo;Osobe sa kvalitetom&ldquo;, te su dodijeljene plakete i nagrade nagra\u0111enim autorima.<\/span><br \/><span style=\"font-family: arial, helvetica, sans-serif; font-size: 12pt;\">Predstavnici I.C. &bdquo;Lotos&ldquo; su i ove godine prisustvovali Filmskom festivalu. Tako\u0111e je odr\u017eana i debata na temu &bdquo;Osobe sa kvalitetom&ldquo; a u\u010desnici su bile li\u010dnosti iz oblasti sporta, umjetnosti, filma, novinarstva: Milica Ija\u010di\u0107, Adisa Ki&scaron;i\u0107, Ana Kavi\u0107, Maja Isovi\u0107-Dobrijevi\u0107, Dajana Tadi\u0107 i Igor Ignjatovi\u0107.<\/span><\/p>\n<p><img fetchpriority=\"high\" decoding=\"async\" width=\"700\" height=\"466\" class=\"size-full wp-image-11941\" src=\"https:\/\/ic-lotos.org.ba\/wp-content\/uploads\/2017\/10\/images_Filmski_festival_o_OSI_13_10_2017_Banjaluka_slika_2.jpg\" alt=\"Filmski festival o OSI 13 10 2017 Banjaluka slika 2\" srcset=\"https:\/\/ic-lotos.org.ba\/wp-content\/uploads\/2017\/10\/images_Filmski_festival_o_OSI_13_10_2017_Banjaluka_slika_2.jpg 700w, https:\/\/ic-lotos.org.ba\/wp-content\/uploads\/2017\/10\/images_Filmski_festival_o_OSI_13_10_2017_Banjaluka_slika_2-600x399.jpg 600w, https:\/\/ic-lotos.org.ba\/wp-content\/uploads\/2017\/10\/images_Filmski_festival_o_OSI_13_10_2017_Banjaluka_slika_2-300x200.jpg 300w, https:\/\/ic-lotos.org.ba\/wp-content\/uploads\/2017\/10\/images_Filmski_festival_o_OSI_13_10_2017_Banjaluka_slika_2-440x293.jpg 440w\" sizes=\"(max-width: 700px) 100vw, 700px\" \/><img decoding=\"async\" width=\"700\" height=\"393\" class=\"size-full wp-image-11942\" src=\"https:\/\/ic-lotos.org.ba\/wp-content\/uploads\/2017\/10\/images_Filmski_festival_o_OSI_13_10_2017_Banjaluka_slika_3.jpg\" alt=\"Filmski festival o OSI 13 10 2017 Banjaluka slika 3\" srcset=\"https:\/\/ic-lotos.org.ba\/wp-content\/uploads\/2017\/10\/images_Filmski_festival_o_OSI_13_10_2017_Banjaluka_slika_3.jpg 700w, https:\/\/ic-lotos.org.ba\/wp-content\/uploads\/2017\/10\/images_Filmski_festival_o_OSI_13_10_2017_Banjaluka_slika_3-600x337.jpg 600w, https:\/\/ic-lotos.org.ba\/wp-content\/uploads\/2017\/10\/images_Filmski_festival_o_OSI_13_10_2017_Banjaluka_slika_3-300x168.jpg 300w, https:\/\/ic-lotos.org.ba\/wp-content\/uploads\/2017\/10\/images_Filmski_festival_o_OSI_13_10_2017_Banjaluka_slika_3-440x247.jpg 440w\" sizes=\"(max-width: 700px) 100vw, 700px\" \/><img decoding=\"async\" width=\"700\" height=\"393\" class=\"size-full wp-image-11943\" src=\"https:\/\/ic-lotos.org.ba\/wp-content\/uploads\/2017\/10\/images_Filmski_festival_o_OSI_13_10_2017_Banjaluka_slika_4.jpg\" alt=\"Filmski festival o OSI 13 10 2017 Banjaluka slika 4\" srcset=\"https:\/\/ic-lotos.org.ba\/wp-content\/uploads\/2017\/10\/images_Filmski_festival_o_OSI_13_10_2017_Banjaluka_slika_4.jpg 700w, https:\/\/ic-lotos.org.ba\/wp-content\/uploads\/2017\/10\/images_Filmski_festival_o_OSI_13_10_2017_Banjaluka_slika_4-600x337.jpg 600w, https:\/\/ic-lotos.org.ba\/wp-content\/uploads\/2017\/10\/images_Filmski_festival_o_OSI_13_10_2017_Banjaluka_slika_4-300x168.jpg 300w, https:\/\/ic-lotos.org.ba\/wp-content\/uploads\/2017\/10\/images_Filmski_festival_o_OSI_13_10_2017_Banjaluka_slika_4-440x247.jpg 440w\" sizes=\"(max-width: 700px) 100vw, 700px\" \/><\/p>\n<div class=\"gsp_post_data\" \r\n\t            data-post_type=\"post\" \r\n\t            data-cat=\"vijesti\" \r\n\t            data-modified=\"120\"\r\n\t            data-created=\"1508153383\"\r\n\t            data-title=\"Filmski festival o OSI, 13.10.2017. Banja Luka\" \r\n\t            data-home=\"https:\/\/ic-lotos.org.ba\/en\"><\/div>","protected":false},"excerpt":{"rendered":"<p>U Muzi\u010dkom paviljonu &bdquo;Staklenac&ldquo; u Banjaluci 13. 10. 2017. godine odr\u017ean je Filmski festival o osobama sa invaliditetom. Zahvaljuju\u0107i saradnji HO Partner Banja Luka i Kreativno-afirmativne organizacije Parnas iz Novog Sada, Filmski festival o osobama sa invaliditetom koji se u [&hellip;]<\/p>\n","protected":false},"author":5,"featured_media":11940,"comment_status":"open","ping_status":"closed","sticky":false,"template":"","format":"standard","meta":{"footnotes":""},"categories":[65],"tags":[],"class_list":["post-11944","post","type-post","status-publish","format-standard","has-post-thumbnail","hentry","category-vijesti"],"yoast_head":"<!-- This site is optimized with the Yoast SEO plugin v27.5 - https:\/\/yoast.com\/product\/yoast-seo-wordpress\/ -->\n<title>Filmski festival o OSI, 13.10.2017. Banja Luka - IC Lotos Tuzla<\/title>\n<meta name=\"robots\" content=\"index, follow, max-snippet:-1, max-image-preview:large, max-video-preview:-1\" \/>\n<link rel=\"canonical\" href=\"https:\/\/ic-lotos.org.ba\/en\/filmski-festival-o-osi-13-10-2017-banja-luka\/\" \/>\n<meta property=\"og:locale\" content=\"en_US\" \/>\n<meta property=\"og:type\" content=\"article\" \/>\n<meta property=\"og:title\" content=\"Filmski festival o OSI, 13.10.2017. Banja Luka - IC Lotos Tuzla\" \/>\n<meta property=\"og:description\" content=\"U Muzi\u010dkom paviljonu &bdquo;Staklenac&ldquo; u Banjaluci 13. 10. 2017. godine odr\u017ean je Filmski festival o osobama sa invaliditetom. Zahvaljuju\u0107i saradnji HO Partner Banja Luka i Kreativno-afirmativne organizacije Parnas iz Novog Sada, Filmski festival o osobama sa invaliditetom koji se u [&hellip;]\" \/>\n<meta property=\"og:url\" content=\"https:\/\/ic-lotos.org.ba\/en\/filmski-festival-o-osi-13-10-2017-banja-luka\/\" \/>\n<meta property=\"og:site_name\" content=\"IC Lotos Tuzla\" \/>\n<meta property=\"article:publisher\" content=\"https:\/\/www.facebook.com\/iclotos\/\" \/>\n<meta property=\"article:published_time\" content=\"2017-10-16T11:29:43+00:00\" \/>\n<meta property=\"article:modified_time\" content=\"2023-10-19T14:44:36+00:00\" \/>\n<meta property=\"og:image\" content=\"https:\/\/ic-lotos.org.ba\/wp-content\/uploads\/2017\/10\/images_Filmski_festival_o_OSI_13_10_2017_Banjaluka_slika_1.jpg\" \/>\n\t<meta property=\"og:image:width\" content=\"700\" \/>\n\t<meta property=\"og:image:height\" content=\"466\" \/>\n\t<meta property=\"og:image:type\" content=\"image\/jpeg\" \/>\n<meta name=\"author\" content=\"Jasminko Bijeli\u0107\" \/>\n<meta name=\"twitter:card\" content=\"summary_large_image\" \/>\n<meta name=\"twitter:label1\" content=\"Written by\" \/>\n\t<meta name=\"twitter:data1\" content=\"Jasminko Bijeli\u0107\" \/>\n\t<meta name=\"twitter:label2\" content=\"Est. reading time\" \/>\n\t<meta name=\"twitter:data2\" content=\"1 minute\" \/>\n<script type=\"application\/ld+json\" class=\"yoast-schema-graph\">{\"@context\":\"https:\\\/\\\/schema.org\",\"@graph\":[{\"@type\":\"Article\",\"@id\":\"https:\\\/\\\/ic-lotos.org.ba\\\/filmski-festival-o-osi-13-10-2017-banja-luka\\\/#article\",\"isPartOf\":{\"@id\":\"https:\\\/\\\/ic-lotos.org.ba\\\/filmski-festival-o-osi-13-10-2017-banja-luka\\\/\"},\"author\":{\"name\":\"Jasminko Bijeli\u0107\",\"@id\":\"https:\\\/\\\/ic-lotos.org.ba\\\/#\\\/schema\\\/person\\\/fb1da7c92bc3365aad6d1abac5bfe80a\"},\"headline\":\"Filmski festival o OSI, 13.10.2017. Banja Luka\",\"datePublished\":\"2017-10-16T11:29:43+00:00\",\"dateModified\":\"2023-10-19T14:44:36+00:00\",\"mainEntityOfPage\":{\"@id\":\"https:\\\/\\\/ic-lotos.org.ba\\\/filmski-festival-o-osi-13-10-2017-banja-luka\\\/\"},\"wordCount\":177,\"commentCount\":0,\"publisher\":{\"@id\":\"https:\\\/\\\/ic-lotos.org.ba\\\/#organization\"},\"image\":{\"@id\":\"https:\\\/\\\/ic-lotos.org.ba\\\/filmski-festival-o-osi-13-10-2017-banja-luka\\\/#primaryimage\"},\"thumbnailUrl\":\"https:\\\/\\\/ic-lotos.org.ba\\\/wp-content\\\/uploads\\\/2017\\\/10\\\/images_Filmski_festival_o_OSI_13_10_2017_Banjaluka_slika_1.jpg\",\"articleSection\":[\"Vijesti\"],\"inLanguage\":\"en-US\"},{\"@type\":\"WebPage\",\"@id\":\"https:\\\/\\\/ic-lotos.org.ba\\\/filmski-festival-o-osi-13-10-2017-banja-luka\\\/\",\"url\":\"https:\\\/\\\/ic-lotos.org.ba\\\/filmski-festival-o-osi-13-10-2017-banja-luka\\\/\",\"name\":\"Filmski festival o OSI, 13.10.2017. Banja Luka - IC Lotos Tuzla\",\"isPartOf\":{\"@id\":\"https:\\\/\\\/ic-lotos.org.ba\\\/#website\"},\"primaryImageOfPage\":{\"@id\":\"https:\\\/\\\/ic-lotos.org.ba\\\/filmski-festival-o-osi-13-10-2017-banja-luka\\\/#primaryimage\"},\"image\":{\"@id\":\"https:\\\/\\\/ic-lotos.org.ba\\\/filmski-festival-o-osi-13-10-2017-banja-luka\\\/#primaryimage\"},\"thumbnailUrl\":\"https:\\\/\\\/ic-lotos.org.ba\\\/wp-content\\\/uploads\\\/2017\\\/10\\\/images_Filmski_festival_o_OSI_13_10_2017_Banjaluka_slika_1.jpg\",\"datePublished\":\"2017-10-16T11:29:43+00:00\",\"dateModified\":\"2023-10-19T14:44:36+00:00\",\"breadcrumb\":{\"@id\":\"https:\\\/\\\/ic-lotos.org.ba\\\/filmski-festival-o-osi-13-10-2017-banja-luka\\\/#breadcrumb\"},\"inLanguage\":\"en-US\",\"potentialAction\":[{\"@type\":\"ReadAction\",\"target\":[\"https:\\\/\\\/ic-lotos.org.ba\\\/filmski-festival-o-osi-13-10-2017-banja-luka\\\/\"]}]},{\"@type\":\"ImageObject\",\"inLanguage\":\"en-US\",\"@id\":\"https:\\\/\\\/ic-lotos.org.ba\\\/filmski-festival-o-osi-13-10-2017-banja-luka\\\/#primaryimage\",\"url\":\"https:\\\/\\\/ic-lotos.org.ba\\\/wp-content\\\/uploads\\\/2017\\\/10\\\/images_Filmski_festival_o_OSI_13_10_2017_Banjaluka_slika_1.jpg\",\"contentUrl\":\"https:\\\/\\\/ic-lotos.org.ba\\\/wp-content\\\/uploads\\\/2017\\\/10\\\/images_Filmski_festival_o_OSI_13_10_2017_Banjaluka_slika_1.jpg\",\"width\":700,\"height\":466,\"caption\":\"Filmski festival o OSI 13 10 2017 Banjaluka slika 1\"},{\"@type\":\"BreadcrumbList\",\"@id\":\"https:\\\/\\\/ic-lotos.org.ba\\\/filmski-festival-o-osi-13-10-2017-banja-luka\\\/#breadcrumb\",\"itemListElement\":[{\"@type\":\"ListItem\",\"position\":1,\"name\":\"Naslovna\",\"item\":\"https:\\\/\\\/ic-lotos.org.ba\\\/\"},{\"@type\":\"ListItem\",\"position\":2,\"name\":\"Filmski festival o OSI, 13.10.2017. Banja Luka\"}]},{\"@type\":\"WebSite\",\"@id\":\"https:\\\/\\\/ic-lotos.org.ba\\\/#website\",\"url\":\"https:\\\/\\\/ic-lotos.org.ba\\\/\",\"name\":\"IC Lotos Tuzla\",\"description\":\"Informativni centar \u201cLotos\u201d okuplja osobe sa ili bez invaliditeta koje su zainteresovane da svojim radom bilo na profesionalnoj ili volonterskoj osnovi doprinesu ostvarivanju misije organizacije.\",\"publisher\":{\"@id\":\"https:\\\/\\\/ic-lotos.org.ba\\\/#organization\"},\"potentialAction\":[{\"@type\":\"SearchAction\",\"target\":{\"@type\":\"EntryPoint\",\"urlTemplate\":\"https:\\\/\\\/ic-lotos.org.ba\\\/?s={search_term_string}\"},\"query-input\":{\"@type\":\"PropertyValueSpecification\",\"valueRequired\":true,\"valueName\":\"search_term_string\"}}],\"inLanguage\":\"en-US\"},{\"@type\":\"Organization\",\"@id\":\"https:\\\/\\\/ic-lotos.org.ba\\\/#organization\",\"name\":\"IC Lotos Tuzla\",\"url\":\"https:\\\/\\\/ic-lotos.org.ba\\\/\",\"logo\":{\"@type\":\"ImageObject\",\"inLanguage\":\"en-US\",\"@id\":\"https:\\\/\\\/ic-lotos.org.ba\\\/#\\\/schema\\\/logo\\\/image\\\/\",\"url\":\"https:\\\/\\\/ic-lotos.org.ba\\\/wp-content\\\/uploads\\\/2019\\\/11\\\/logo.jpg\",\"contentUrl\":\"https:\\\/\\\/ic-lotos.org.ba\\\/wp-content\\\/uploads\\\/2019\\\/11\\\/logo.jpg\",\"width\":575,\"height\":623,\"caption\":\"IC Lotos Tuzla\"},\"image\":{\"@id\":\"https:\\\/\\\/ic-lotos.org.ba\\\/#\\\/schema\\\/logo\\\/image\\\/\"},\"sameAs\":[\"https:\\\/\\\/www.facebook.com\\\/iclotos\\\/\",\"https:\\\/\\\/www.youtube.com\\\/feed\\\/library\"]},{\"@type\":\"Person\",\"@id\":\"https:\\\/\\\/ic-lotos.org.ba\\\/#\\\/schema\\\/person\\\/fb1da7c92bc3365aad6d1abac5bfe80a\",\"name\":\"Jasminko Bijeli\u0107\",\"image\":{\"@type\":\"ImageObject\",\"inLanguage\":\"en-US\",\"@id\":\"https:\\\/\\\/secure.gravatar.com\\\/avatar\\\/d694f8eb6cc3383210938655f7851f13239ed2f29afcf4e787e3c519ba016d67?s=96&d=mm&r=g\",\"url\":\"https:\\\/\\\/secure.gravatar.com\\\/avatar\\\/d694f8eb6cc3383210938655f7851f13239ed2f29afcf4e787e3c519ba016d67?s=96&d=mm&r=g\",\"contentUrl\":\"https:\\\/\\\/secure.gravatar.com\\\/avatar\\\/d694f8eb6cc3383210938655f7851f13239ed2f29afcf4e787e3c519ba016d67?s=96&d=mm&r=g\",\"caption\":\"Jasminko Bijeli\u0107\"}}]}<\/script>\n<!-- \/ Yoast SEO plugin. -->","yoast_head_json":{"title":"Filmski festival o OSI, 13.10.2017. Banja Luka - IC Lotos Tuzla","robots":{"index":"index","follow":"follow","max-snippet":"max-snippet:-1","max-image-preview":"max-image-preview:large","max-video-preview":"max-video-preview:-1"},"canonical":"https:\/\/ic-lotos.org.ba\/en\/filmski-festival-o-osi-13-10-2017-banja-luka\/","og_locale":"en_US","og_type":"article","og_title":"Filmski festival o OSI, 13.10.2017. Banja Luka - IC Lotos Tuzla","og_description":"U Muzi\u010dkom paviljonu &bdquo;Staklenac&ldquo; u Banjaluci 13. 10. 2017. godine odr\u017ean je Filmski festival o osobama sa invaliditetom. Zahvaljuju\u0107i saradnji HO Partner Banja Luka i Kreativno-afirmativne organizacije Parnas iz Novog Sada, Filmski festival o osobama sa invaliditetom koji se u [&hellip;]","og_url":"https:\/\/ic-lotos.org.ba\/en\/filmski-festival-o-osi-13-10-2017-banja-luka\/","og_site_name":"IC Lotos Tuzla","article_publisher":"https:\/\/www.facebook.com\/iclotos\/","article_published_time":"2017-10-16T11:29:43+00:00","article_modified_time":"2023-10-19T14:44:36+00:00","og_image":[{"width":700,"height":466,"url":"https:\/\/ic-lotos.org.ba\/wp-content\/uploads\/2017\/10\/images_Filmski_festival_o_OSI_13_10_2017_Banjaluka_slika_1.jpg","type":"image\/jpeg"}],"author":"Jasminko Bijeli\u0107","twitter_card":"summary_large_image","twitter_misc":{"Written by":"Jasminko Bijeli\u0107","Est. reading time":"1 minute"},"schema":{"@context":"https:\/\/schema.org","@graph":[{"@type":"Article","@id":"https:\/\/ic-lotos.org.ba\/filmski-festival-o-osi-13-10-2017-banja-luka\/#article","isPartOf":{"@id":"https:\/\/ic-lotos.org.ba\/filmski-festival-o-osi-13-10-2017-banja-luka\/"},"author":{"name":"Jasminko Bijeli\u0107","@id":"https:\/\/ic-lotos.org.ba\/#\/schema\/person\/fb1da7c92bc3365aad6d1abac5bfe80a"},"headline":"Filmski festival o OSI, 13.10.2017. Banja Luka","datePublished":"2017-10-16T11:29:43+00:00","dateModified":"2023-10-19T14:44:36+00:00","mainEntityOfPage":{"@id":"https:\/\/ic-lotos.org.ba\/filmski-festival-o-osi-13-10-2017-banja-luka\/"},"wordCount":177,"commentCount":0,"publisher":{"@id":"https:\/\/ic-lotos.org.ba\/#organization"},"image":{"@id":"https:\/\/ic-lotos.org.ba\/filmski-festival-o-osi-13-10-2017-banja-luka\/#primaryimage"},"thumbnailUrl":"https:\/\/ic-lotos.org.ba\/wp-content\/uploads\/2017\/10\/images_Filmski_festival_o_OSI_13_10_2017_Banjaluka_slika_1.jpg","articleSection":["Vijesti"],"inLanguage":"en-US"},{"@type":"WebPage","@id":"https:\/\/ic-lotos.org.ba\/filmski-festival-o-osi-13-10-2017-banja-luka\/","url":"https:\/\/ic-lotos.org.ba\/filmski-festival-o-osi-13-10-2017-banja-luka\/","name":"Filmski festival o OSI, 13.10.2017. Banja Luka - IC Lotos Tuzla","isPartOf":{"@id":"https:\/\/ic-lotos.org.ba\/#website"},"primaryImageOfPage":{"@id":"https:\/\/ic-lotos.org.ba\/filmski-festival-o-osi-13-10-2017-banja-luka\/#primaryimage"},"image":{"@id":"https:\/\/ic-lotos.org.ba\/filmski-festival-o-osi-13-10-2017-banja-luka\/#primaryimage"},"thumbnailUrl":"https:\/\/ic-lotos.org.ba\/wp-content\/uploads\/2017\/10\/images_Filmski_festival_o_OSI_13_10_2017_Banjaluka_slika_1.jpg","datePublished":"2017-10-16T11:29:43+00:00","dateModified":"2023-10-19T14:44:36+00:00","breadcrumb":{"@id":"https:\/\/ic-lotos.org.ba\/filmski-festival-o-osi-13-10-2017-banja-luka\/#breadcrumb"},"inLanguage":"en-US","potentialAction":[{"@type":"ReadAction","target":["https:\/\/ic-lotos.org.ba\/filmski-festival-o-osi-13-10-2017-banja-luka\/"]}]},{"@type":"ImageObject","inLanguage":"en-US","@id":"https:\/\/ic-lotos.org.ba\/filmski-festival-o-osi-13-10-2017-banja-luka\/#primaryimage","url":"https:\/\/ic-lotos.org.ba\/wp-content\/uploads\/2017\/10\/images_Filmski_festival_o_OSI_13_10_2017_Banjaluka_slika_1.jpg","contentUrl":"https:\/\/ic-lotos.org.ba\/wp-content\/uploads\/2017\/10\/images_Filmski_festival_o_OSI_13_10_2017_Banjaluka_slika_1.jpg","width":700,"height":466,"caption":"Filmski festival o OSI 13 10 2017 Banjaluka slika 1"},{"@type":"BreadcrumbList","@id":"https:\/\/ic-lotos.org.ba\/filmski-festival-o-osi-13-10-2017-banja-luka\/#breadcrumb","itemListElement":[{"@type":"ListItem","position":1,"name":"Naslovna","item":"https:\/\/ic-lotos.org.ba\/"},{"@type":"ListItem","position":2,"name":"Filmski festival o OSI, 13.10.2017. Banja Luka"}]},{"@type":"WebSite","@id":"https:\/\/ic-lotos.org.ba\/#website","url":"https:\/\/ic-lotos.org.ba\/","name":"IC Lotos Tuzla","description":"Informativni centar \u201cLotos\u201d okuplja osobe sa ili bez invaliditeta koje su zainteresovane da svojim radom bilo na profesionalnoj ili volonterskoj osnovi doprinesu ostvarivanju misije organizacije.","publisher":{"@id":"https:\/\/ic-lotos.org.ba\/#organization"},"potentialAction":[{"@type":"SearchAction","target":{"@type":"EntryPoint","urlTemplate":"https:\/\/ic-lotos.org.ba\/?s={search_term_string}"},"query-input":{"@type":"PropertyValueSpecification","valueRequired":true,"valueName":"search_term_string"}}],"inLanguage":"en-US"},{"@type":"Organization","@id":"https:\/\/ic-lotos.org.ba\/#organization","name":"IC Lotos Tuzla","url":"https:\/\/ic-lotos.org.ba\/","logo":{"@type":"ImageObject","inLanguage":"en-US","@id":"https:\/\/ic-lotos.org.ba\/#\/schema\/logo\/image\/","url":"https:\/\/ic-lotos.org.ba\/wp-content\/uploads\/2019\/11\/logo.jpg","contentUrl":"https:\/\/ic-lotos.org.ba\/wp-content\/uploads\/2019\/11\/logo.jpg","width":575,"height":623,"caption":"IC Lotos Tuzla"},"image":{"@id":"https:\/\/ic-lotos.org.ba\/#\/schema\/logo\/image\/"},"sameAs":["https:\/\/www.facebook.com\/iclotos\/","https:\/\/www.youtube.com\/feed\/library"]},{"@type":"Person","@id":"https:\/\/ic-lotos.org.ba\/#\/schema\/person\/fb1da7c92bc3365aad6d1abac5bfe80a","name":"Jasminko Bijeli\u0107","image":{"@type":"ImageObject","inLanguage":"en-US","@id":"https:\/\/secure.gravatar.com\/avatar\/d694f8eb6cc3383210938655f7851f13239ed2f29afcf4e787e3c519ba016d67?s=96&d=mm&r=g","url":"https:\/\/secure.gravatar.com\/avatar\/d694f8eb6cc3383210938655f7851f13239ed2f29afcf4e787e3c519ba016d67?s=96&d=mm&r=g","contentUrl":"https:\/\/secure.gravatar.com\/avatar\/d694f8eb6cc3383210938655f7851f13239ed2f29afcf4e787e3c519ba016d67?s=96&d=mm&r=g","caption":"Jasminko Bijeli\u0107"}}]}},"_links":{"self":[{"href":"https:\/\/ic-lotos.org.ba\/en\/wp-json\/wp\/v2\/posts\/11944","targetHints":{"allow":["GET"]}}],"collection":[{"href":"https:\/\/ic-lotos.org.ba\/en\/wp-json\/wp\/v2\/posts"}],"about":[{"href":"https:\/\/ic-lotos.org.ba\/en\/wp-json\/wp\/v2\/types\/post"}],"author":[{"embeddable":true,"href":"https:\/\/ic-lotos.org.ba\/en\/wp-json\/wp\/v2\/users\/5"}],"replies":[{"embeddable":true,"href":"https:\/\/ic-lotos.org.ba\/en\/wp-json\/wp\/v2\/comments?post=11944"}],"version-history":[{"count":1,"href":"https:\/\/ic-lotos.org.ba\/en\/wp-json\/wp\/v2\/posts\/11944\/revisions"}],"predecessor-version":[{"id":14158,"href":"https:\/\/ic-lotos.org.ba\/en\/wp-json\/wp\/v2\/posts\/11944\/revisions\/14158"}],"wp:featuredmedia":[{"embeddable":true,"href":"https:\/\/ic-lotos.org.ba\/en\/wp-json\/wp\/v2\/media\/11940"}],"wp:attachment":[{"href":"https:\/\/ic-lotos.org.ba\/en\/wp-json\/wp\/v2\/media?parent=11944"}],"wp:term":[{"taxonomy":"category","embeddable":true,"href":"https:\/\/ic-lotos.org.ba\/en\/wp-json\/wp\/v2\/categories?post=11944"},{"taxonomy":"post_tag","embeddable":true,"href":"https:\/\/ic-lotos.org.ba\/en\/wp-json\/wp\/v2\/tags?post=11944"}],"curies":[{"name":"wp","href":"https:\/\/api.w.org\/{rel}","templated":true}]}}