{"id":11676,"date":"2016-09-02T06:40:53","date_gmt":"2016-09-02T06:40:53","guid":{"rendered":"https:\/\/v2.ic-lotos.org.ba\/ljudska-prava-osoba-s-invaliditetom-u-bosni-i-hercegovini-prvi-put-pred-komitetom-ujedinjenih-nacija-u-zenevi\/"},"modified":"2016-09-02T06:40:53","modified_gmt":"2016-09-02T06:40:53","slug":"ljudska-prava-osoba-s-invaliditetom-u-bosni-i-hercegovini-prvi-put-pred-komitetom-ujedinjenih-nacija-u-zenevi","status":"publish","type":"post","link":"https:\/\/ic-lotos.org.ba\/en\/ljudska-prava-osoba-s-invaliditetom-u-bosni-i-hercegovini-prvi-put-pred-komitetom-ujedinjenih-nacija-u-zenevi\/","title":{"rendered":"LJUDSKA PRAVA OSOBA S INVALIDITETOM U BOSNI I HERCEGOVINI PRVI PUT PRED KOMITETOM UJEDINJENIH NACIJA U \u017dENEVI"},"content":{"rendered":"<p style=\"margin: 0cm 0cm 8pt; text-align: left;\"><span style=\"font-family: arial,helvetica,sans-serif; font-size: 12pt;\"><strong><span style=\"line-height: 107%;\"><span style=\"color: #000000;\">Sarajevo, 01\/09\/2016<\/span><\/span><\/strong><span style=\"line-height: 107%;\"><span style=\"color: #000000;\">\u00a0 &#8211; Alternativni izvje\u0161taj o primjeni Konvencije o pravima osoba s invaliditetom u Bosni i Hercegovini bi\u0107e prvi put predstavljen 06. septembra 2016. godine\u00a0 radnoj grupi Komiteta za prava osoba s invaliditetom Ujedinjenih nacija, kako su najavili predstavnici 65 organizacija osoba s invaliditetom okupljenih u pet koalicija na regijama Bijeljina, Doboj, Tuzla, Mostar i Sarajevo,<\/span><\/span><span style=\"line-height: 107%;\"><\/span><span style=\"line-height: 107%;\"><span style=\"color: #000000;\">na ju\u010dera\u0161njoj konferenciji za medije.<\/span><\/span><\/span><\/p>\n<p style=\"margin: 0cm 0cm 8pt;\"><span style=\"line-height: 107%; font-family: arial,helvetica,sans-serif; font-size: 12pt;\"><span style=\"color: #000000;\"><\/span><\/span><\/p>\n<p style=\"margin: 0cm 0cm 8pt; text-align: left;\"><span style=\"line-height: 107%; font-family: arial,helvetica,sans-serif; font-size: 12pt;\"><span style=\"color: #000000;\">Komitet za prava osoba s invaliditetom Ujedinjenih nacija prati provo\u0111enje Konvencije u zemljama koje su ratificirale Konvenciju \u0161to je Bosna i Hercegovina u\u010dinila 2010. godine. Alternativni izvje\u0161taj o primjeni Konvencije o pravima osoba s invaliditetom u BiH\u00a0 je rezultat rada koji je po\u010deo 2012. godine u okviru projekta monitoringa prava osoba s invaliditetom u BiH kojim koordinira organizacija MyRight. U izradi ovog izvje\u0161taja je posredno i neposredno u\u010destvovalo 65 organizacija osoba razli\u010ditog invaliditeta koji su dio programa MyRight. Monitoring je ra\u0111en po metodologiji izra\u0111enoj na Univerzitetu York u Kanadi od strane eksperata za istra\u017eiva\u010dki proces i ljudska prava \u010diji je klju\u010dni element potpuna uklju\u010denost osoba s invaliditetom u cjelokupan proces: od rada na terenu, prikupljanja i obrade podataka do pisanja izvje\u0161taja. Osim monitoringa sistema i politika odnosno zakona i drugih pravnih dokumenata kao osnove po\u0161tovanja ljudskih prava, ova metodologija je obuhvatila i monitoring medijskih objava vezanih za prava osoba s invaliditetom. Najva\u017eniji dio ovog monitoringa su iskustva samih osoba s invaliditetom kojim se dobila potvrda da se prava koja su garantovana osobama s invaliditetom, kako Konvencijom tako i doma\u0107im zakonima, ne sprovode u djelo. Prvi alternativni izvje\u0161taj o primjeni UN Konvencije o pravima osoba s invaliditetom je objavljen 2014. godine a sredinom ove godine je napravljena skra\u0107ena i prilago\u0111ena verzija koja je u julu ove godine poslana Komitetu za prava osoba s invaliditetom UN.<\/span><\/span><\/p>\n<p style=\"margin: 0cm 0cm 8pt; text-align: left;\"><span style=\"line-height: 107%; font-family: arial,helvetica,sans-serif; font-size: 12pt;\"><span style=\"color: #000000;\"><img fetchpriority=\"high\" decoding=\"async\" width=\"700\" height=\"466\" class=\"size-full wp-image-11674\" src=\"https:\/\/ic-lotos.org.ba\/wp-content\/uploads\/2016\/09\/images_Press_Alternativni_izvjestaj_slika_2.jpg\" alt=\"Press Alternativni izvjestaj slika 2\" srcset=\"https:\/\/ic-lotos.org.ba\/wp-content\/uploads\/2016\/09\/images_Press_Alternativni_izvjestaj_slika_2.jpg 700w, https:\/\/ic-lotos.org.ba\/wp-content\/uploads\/2016\/09\/images_Press_Alternativni_izvjestaj_slika_2-600x399.jpg 600w, https:\/\/ic-lotos.org.ba\/wp-content\/uploads\/2016\/09\/images_Press_Alternativni_izvjestaj_slika_2-300x200.jpg 300w, https:\/\/ic-lotos.org.ba\/wp-content\/uploads\/2016\/09\/images_Press_Alternativni_izvjestaj_slika_2-440x293.jpg 440w\" sizes=\"(max-width: 700px) 100vw, 700px\" \/><\/span><\/span><\/p>\n<p style=\"margin: 0cm 0cm 8pt; text-align: left;\"><span style=\"font-family: arial,helvetica,sans-serif;\">\u00a0<span style=\"line-height: 107%; font-family: arial,helvetica,sans-serif; font-size: 12pt;\"><span style=\"color: #000000;\">\u201eCilj nam je da i me\u0111unarodne organizacije, a na prvom mjestu one kojima je to osnovna zada\u0107a, u ovom slu\u010daju Komitet za prava osoba s invaliditetom UN, insistiraju da dr\u017eava mora raditi vi\u0161e i br\u017ee da bi sprovela u djelo obaveze koje je preuzela. Mi to svakodnevno radimo u svojim sredinama kroz zagovaranje za pobolj\u0161anje primjene prava koja su nam garantovana po svim osnovama. Nadamo se da \u0107e nam i me\u0111unarodni pritisak pomo\u0107i u nastojanju da obezbijedimo uslove za dostojanstven \u017eivot osobama s invaliditetom u Bosni i Hercegovini,\u201c rekao je Fikret Zuko, jedan od predstavnika koalicija koje su u\u010destvovale u izradi Alternativnog izvje\u0161taja. <\/span><\/span><\/span><\/p>\n<p style=\"margin: 0cm 0cm 8pt; text-align: left;\"><span style=\"line-height: 107%; font-family: arial,helvetica,sans-serif; font-size: 12pt;\"><span style=\"color: #000000;\">Kao dokument koji je zasnovan na \u010dinjenicama iz na\u0161eg dru\u0161tva i iz \u017eivota osoba s invaliditetom on ima veliku vrijednost i prvenstveni cilj je da slu\u017ei za zagovaranje za pobolj\u0161anje sada\u0161njeg stanja kako na doma\u0107em tako i na me\u0111unarodnom nivou. Na osnovu prezentacije ovog izvje\u0161taja, Komitet \u0107e napraviti listu pitanja na koju predstavnici na\u0161e dr\u017eave treba da daju odgovore u aprilu 2017. godine kad bude odr\u017ean tkz. konstruktivni dijalog sa predstavnicima dr\u017eave. Rezultat cijelog procesa pra\u0107enja provo\u0111enja Konvencije od strane Komiteta UN su jasne preporuke dr\u017eavi za pobolj\u0161anje stanja ljudskih prava osoba s invaliditetom kroz izradu plana aktivnosti kao i rokova u kojim \u0107e to napraviti. <\/span><\/span><\/p>\n<p style=\"margin: 0cm 0cm 8pt; text-align: left;\"><span style=\"line-height: 107%; font-family: arial,helvetica,sans-serif; font-size: 12pt;\"><span style=\"color: #000000;\"><img decoding=\"async\" width=\"700\" height=\"466\" class=\"size-full wp-image-11675\" src=\"https:\/\/ic-lotos.org.ba\/wp-content\/uploads\/2016\/09\/images_Press_Alternativni_izvjestaj_slika_3.jpg\" alt=\"Press Alternativni izvjestaj slika 3\" srcset=\"https:\/\/ic-lotos.org.ba\/wp-content\/uploads\/2016\/09\/images_Press_Alternativni_izvjestaj_slika_3.jpg 700w, https:\/\/ic-lotos.org.ba\/wp-content\/uploads\/2016\/09\/images_Press_Alternativni_izvjestaj_slika_3-600x399.jpg 600w, https:\/\/ic-lotos.org.ba\/wp-content\/uploads\/2016\/09\/images_Press_Alternativni_izvjestaj_slika_3-300x200.jpg 300w, https:\/\/ic-lotos.org.ba\/wp-content\/uploads\/2016\/09\/images_Press_Alternativni_izvjestaj_slika_3-440x293.jpg 440w\" sizes=\"(max-width: 700px) 100vw, 700px\" \/><\/span><\/span><\/p>\n<p style=\"margin: 0cm 0cm 8pt; text-align: left;\"><span style=\"line-height: 107%; font-family: arial,helvetica,sans-serif; font-size: 12pt;\"><span style=\"color: #000000;\">\u201eMi smo vrlo ponosni \u0161to smo i pored nedovoljne podr\u0161ke koju organizacije osoba s invaliditetom dobijaju od dr\u017eave, uspjeli oja\u010dati do te mjere da smo napravili izvje\u0161taj o primjeni Konvencije o pravima osoba s invaliditetom. Rezultat je to dugogodi\u0161njeg u\u010de\u0161\u0107a u programu osna\u017eivanja kojeg u Bosni i Hercegovini od 2009. provodi organizacija MyRight,\u201c\u00a0 kazao je Suvad Zahirovi\u0107, direktor I.C. \u201eLotos\u201c iz Tuzle, jedan od\u00a0 tri osobe koje \u0107e predstavljati Alternativni izvje\u0161taj.<\/span><\/span><\/p>\n<p style=\"margin: 0cm 0cm 8pt; text-align: left;\"><span style=\"line-height: 107%; font-family: arial,helvetica,sans-serif; font-size: 12pt;\"><span style=\"color: #000000;\"><\/span><\/span><\/p>\n<p style=\"margin: 0cm 0cm 8pt;\"><span style=\"line-height: 107%; font-family: 'Arial',sans-serif; font-size: 12pt;\"><span style=\"color: #000000;\">Ana Kotur, pravnica, novinarka i aktivistica za ljudska prava je dodala da je sretna \u0161to joj je ukazano povjerenje da bude dio tima koji \u0107e predstaviti Alternativni izvje\u0161taj: \u201eKao \u017eena s invaliditetom potrudit \u0107u se da doprinesem jasnom razumijevanju situacije u kojoj \u017eive \u017eene i mlade osobe s invaliditetom u na\u0161oj zemlji i na taj na\u010din uti\u010dem na pozitivne promjene u dru\u0161tvu, a posebno u dijelu zagovaranja za po\u0161tovanje prava osoba sa invaliditetom.\u201c<\/span><\/span><\/p>\n<p style=\"margin: 0cm 0cm 8pt; text-align: left;\"><span style=\"line-height: 107%; font-family: arial,helvetica,sans-serif; font-size: 12pt;\"><span style=\"color: #000000;\"><\/span><\/span><\/p>\n<p style=\"margin: 0cm 0cm 8pt; text-align: left;\"><span style=\"font-family: arial,helvetica,sans-serif;\"><span style=\"line-height: 107%; font-family: 'Times New Roman',serif; font-size: 12pt;\"><span style=\"color: #000000;\">Source: <\/span><\/span><span style=\"line-height: 107%; font-family: 'Times New Roman',serif; font-size: 12pt;\"><span style=\"color: #000000;\"><a href=\"http:\/\/www.myright.ba\">www.myright.ba<\/a><\/span><\/span>\u00a0<\/span><\/p>\n<hr \/>\n<p style=\"margin: 0cm 0cm 8pt; text-align: left;\"><span style=\"font-family: arial,helvetica,sans-serif;\">\u00a0<\/span><\/p>\n<p style=\"margin: 0cm 0cm 8pt;\"><span style=\"font-family: arial,helvetica,sans-serif;\">\u00a0<\/span><\/p>\n<div class=\"gsp_post_data\" \r\n\t            data-post_type=\"post\" \r\n\t            data-cat=\"vijesti\" \r\n\t            data-modified=\"120\"\r\n\t            data-created=\"1472798453\"\r\n\t            data-title=\"LJUDSKA PRAVA OSOBA S INVALIDITETOM U BOSNI I HERCEGOVINI PRVI PUT PRED KOMITETOM UJEDINJENIH NACIJA U \u017dENEVI\" \r\n\t            data-home=\"https:\/\/ic-lotos.org.ba\/en\"><\/div>","protected":false},"excerpt":{"rendered":"<p>Sarajevo, 01\/09\/2016\u00a0 &#8211; Alternativni izvje\u0161taj o primjeni Konvencije o pravima osoba s invaliditetom u Bosni i Hercegovini bi\u0107e prvi put predstavljen 06. septembra 2016. godine\u00a0 radnoj grupi Komiteta za prava osoba s invaliditetom Ujedinjenih nacija, kako su najavili predstavnici 65 [&hellip;]<\/p>\n","protected":false},"author":5,"featured_media":11673,"comment_status":"open","ping_status":"closed","sticky":false,"template":"","format":"standard","meta":{"footnotes":""},"categories":[65],"tags":[],"class_list":["post-11676","post","type-post","status-publish","format-standard","has-post-thumbnail","hentry","category-vijesti"],"yoast_head":"<!-- This site is optimized with the Yoast SEO plugin v27.5 - https:\/\/yoast.com\/product\/yoast-seo-wordpress\/ -->\n<title>LJUDSKA PRAVA OSOBA S INVALIDITETOM U BOSNI I HERCEGOVINI PRVI PUT PRED KOMITETOM UJEDINJENIH NACIJA U \u017dENEVI - IC Lotos Tuzla<\/title>\n<meta name=\"robots\" content=\"index, follow, max-snippet:-1, max-image-preview:large, max-video-preview:-1\" \/>\n<link rel=\"canonical\" href=\"https:\/\/ic-lotos.org.ba\/en\/ljudska-prava-osoba-s-invaliditetom-u-bosni-i-hercegovini-prvi-put-pred-komitetom-ujedinjenih-nacija-u-zenevi\/\" \/>\n<meta property=\"og:locale\" content=\"en_US\" \/>\n<meta property=\"og:type\" content=\"article\" \/>\n<meta property=\"og:title\" content=\"LJUDSKA PRAVA OSOBA S INVALIDITETOM U BOSNI I HERCEGOVINI PRVI PUT PRED KOMITETOM UJEDINJENIH NACIJA U \u017dENEVI - IC Lotos Tuzla\" \/>\n<meta property=\"og:description\" content=\"Sarajevo, 01\/09\/2016\u00a0 &#8211; Alternativni izvje\u0161taj o primjeni Konvencije o pravima osoba s invaliditetom u Bosni i Hercegovini bi\u0107e prvi put predstavljen 06. septembra 2016. godine\u00a0 radnoj grupi Komiteta za prava osoba s invaliditetom Ujedinjenih nacija, kako su najavili predstavnici 65 [&hellip;]\" \/>\n<meta property=\"og:url\" content=\"https:\/\/ic-lotos.org.ba\/en\/ljudska-prava-osoba-s-invaliditetom-u-bosni-i-hercegovini-prvi-put-pred-komitetom-ujedinjenih-nacija-u-zenevi\/\" \/>\n<meta property=\"og:site_name\" content=\"IC Lotos Tuzla\" \/>\n<meta property=\"article:publisher\" content=\"https:\/\/www.facebook.com\/iclotos\/\" \/>\n<meta property=\"article:published_time\" content=\"2016-09-02T06:40:53+00:00\" \/>\n<meta property=\"og:image\" content=\"https:\/\/ic-lotos.org.ba\/wp-content\/uploads\/2016\/09\/images_Press_Alternativni_izvjestaj_slika_1.jpg\" \/>\n\t<meta property=\"og:image:width\" content=\"700\" \/>\n\t<meta property=\"og:image:height\" content=\"466\" \/>\n\t<meta property=\"og:image:type\" content=\"image\/jpeg\" \/>\n<meta name=\"author\" content=\"Jasminko Bijeli\u0107\" \/>\n<meta name=\"twitter:card\" content=\"summary_large_image\" \/>\n<meta name=\"twitter:label1\" content=\"Written by\" \/>\n\t<meta name=\"twitter:data1\" content=\"Jasminko Bijeli\u0107\" \/>\n\t<meta name=\"twitter:label2\" content=\"Est. reading time\" \/>\n\t<meta name=\"twitter:data2\" content=\"4 minutes\" \/>\n<script type=\"application\/ld+json\" class=\"yoast-schema-graph\">{\"@context\":\"https:\\\/\\\/schema.org\",\"@graph\":[{\"@type\":\"Article\",\"@id\":\"https:\\\/\\\/ic-lotos.org.ba\\\/ljudska-prava-osoba-s-invaliditetom-u-bosni-i-hercegovini-prvi-put-pred-komitetom-ujedinjenih-nacija-u-zenevi\\\/#article\",\"isPartOf\":{\"@id\":\"https:\\\/\\\/ic-lotos.org.ba\\\/ljudska-prava-osoba-s-invaliditetom-u-bosni-i-hercegovini-prvi-put-pred-komitetom-ujedinjenih-nacija-u-zenevi\\\/\"},\"author\":{\"name\":\"Jasminko Bijeli\u0107\",\"@id\":\"https:\\\/\\\/ic-lotos.org.ba\\\/#\\\/schema\\\/person\\\/fb1da7c92bc3365aad6d1abac5bfe80a\"},\"headline\":\"LJUDSKA PRAVA OSOBA S INVALIDITETOM U BOSNI I HERCEGOVINI PRVI PUT PRED KOMITETOM UJEDINJENIH NACIJA U \u017dENEVI\",\"datePublished\":\"2016-09-02T06:40:53+00:00\",\"mainEntityOfPage\":{\"@id\":\"https:\\\/\\\/ic-lotos.org.ba\\\/ljudska-prava-osoba-s-invaliditetom-u-bosni-i-hercegovini-prvi-put-pred-komitetom-ujedinjenih-nacija-u-zenevi\\\/\"},\"wordCount\":717,\"commentCount\":0,\"publisher\":{\"@id\":\"https:\\\/\\\/ic-lotos.org.ba\\\/#organization\"},\"image\":{\"@id\":\"https:\\\/\\\/ic-lotos.org.ba\\\/ljudska-prava-osoba-s-invaliditetom-u-bosni-i-hercegovini-prvi-put-pred-komitetom-ujedinjenih-nacija-u-zenevi\\\/#primaryimage\"},\"thumbnailUrl\":\"https:\\\/\\\/ic-lotos.org.ba\\\/wp-content\\\/uploads\\\/2016\\\/09\\\/images_Press_Alternativni_izvjestaj_slika_1.jpg\",\"articleSection\":[\"Vijesti\"],\"inLanguage\":\"en-US\"},{\"@type\":\"WebPage\",\"@id\":\"https:\\\/\\\/ic-lotos.org.ba\\\/ljudska-prava-osoba-s-invaliditetom-u-bosni-i-hercegovini-prvi-put-pred-komitetom-ujedinjenih-nacija-u-zenevi\\\/\",\"url\":\"https:\\\/\\\/ic-lotos.org.ba\\\/ljudska-prava-osoba-s-invaliditetom-u-bosni-i-hercegovini-prvi-put-pred-komitetom-ujedinjenih-nacija-u-zenevi\\\/\",\"name\":\"LJUDSKA PRAVA OSOBA S INVALIDITETOM U BOSNI I HERCEGOVINI PRVI PUT PRED KOMITETOM UJEDINJENIH NACIJA U \u017dENEVI - IC Lotos Tuzla\",\"isPartOf\":{\"@id\":\"https:\\\/\\\/ic-lotos.org.ba\\\/#website\"},\"primaryImageOfPage\":{\"@id\":\"https:\\\/\\\/ic-lotos.org.ba\\\/ljudska-prava-osoba-s-invaliditetom-u-bosni-i-hercegovini-prvi-put-pred-komitetom-ujedinjenih-nacija-u-zenevi\\\/#primaryimage\"},\"image\":{\"@id\":\"https:\\\/\\\/ic-lotos.org.ba\\\/ljudska-prava-osoba-s-invaliditetom-u-bosni-i-hercegovini-prvi-put-pred-komitetom-ujedinjenih-nacija-u-zenevi\\\/#primaryimage\"},\"thumbnailUrl\":\"https:\\\/\\\/ic-lotos.org.ba\\\/wp-content\\\/uploads\\\/2016\\\/09\\\/images_Press_Alternativni_izvjestaj_slika_1.jpg\",\"datePublished\":\"2016-09-02T06:40:53+00:00\",\"breadcrumb\":{\"@id\":\"https:\\\/\\\/ic-lotos.org.ba\\\/ljudska-prava-osoba-s-invaliditetom-u-bosni-i-hercegovini-prvi-put-pred-komitetom-ujedinjenih-nacija-u-zenevi\\\/#breadcrumb\"},\"inLanguage\":\"en-US\",\"potentialAction\":[{\"@type\":\"ReadAction\",\"target\":[\"https:\\\/\\\/ic-lotos.org.ba\\\/ljudska-prava-osoba-s-invaliditetom-u-bosni-i-hercegovini-prvi-put-pred-komitetom-ujedinjenih-nacija-u-zenevi\\\/\"]}]},{\"@type\":\"ImageObject\",\"inLanguage\":\"en-US\",\"@id\":\"https:\\\/\\\/ic-lotos.org.ba\\\/ljudska-prava-osoba-s-invaliditetom-u-bosni-i-hercegovini-prvi-put-pred-komitetom-ujedinjenih-nacija-u-zenevi\\\/#primaryimage\",\"url\":\"https:\\\/\\\/ic-lotos.org.ba\\\/wp-content\\\/uploads\\\/2016\\\/09\\\/images_Press_Alternativni_izvjestaj_slika_1.jpg\",\"contentUrl\":\"https:\\\/\\\/ic-lotos.org.ba\\\/wp-content\\\/uploads\\\/2016\\\/09\\\/images_Press_Alternativni_izvjestaj_slika_1.jpg\",\"width\":700,\"height\":466,\"caption\":\"Press Alternativni izvjestaj slika 1\"},{\"@type\":\"BreadcrumbList\",\"@id\":\"https:\\\/\\\/ic-lotos.org.ba\\\/ljudska-prava-osoba-s-invaliditetom-u-bosni-i-hercegovini-prvi-put-pred-komitetom-ujedinjenih-nacija-u-zenevi\\\/#breadcrumb\",\"itemListElement\":[{\"@type\":\"ListItem\",\"position\":1,\"name\":\"Naslovna\",\"item\":\"https:\\\/\\\/ic-lotos.org.ba\\\/\"},{\"@type\":\"ListItem\",\"position\":2,\"name\":\"LJUDSKA PRAVA OSOBA S INVALIDITETOM U BOSNI I HERCEGOVINI PRVI PUT PRED KOMITETOM UJEDINJENIH NACIJA U \u017dENEVI\"}]},{\"@type\":\"WebSite\",\"@id\":\"https:\\\/\\\/ic-lotos.org.ba\\\/#website\",\"url\":\"https:\\\/\\\/ic-lotos.org.ba\\\/\",\"name\":\"IC Lotos Tuzla\",\"description\":\"Informativni centar \u201cLotos\u201d okuplja osobe sa ili bez invaliditeta koje su zainteresovane da svojim radom bilo na profesionalnoj ili volonterskoj osnovi doprinesu ostvarivanju misije organizacije.\",\"publisher\":{\"@id\":\"https:\\\/\\\/ic-lotos.org.ba\\\/#organization\"},\"potentialAction\":[{\"@type\":\"SearchAction\",\"target\":{\"@type\":\"EntryPoint\",\"urlTemplate\":\"https:\\\/\\\/ic-lotos.org.ba\\\/?s={search_term_string}\"},\"query-input\":{\"@type\":\"PropertyValueSpecification\",\"valueRequired\":true,\"valueName\":\"search_term_string\"}}],\"inLanguage\":\"en-US\"},{\"@type\":\"Organization\",\"@id\":\"https:\\\/\\\/ic-lotos.org.ba\\\/#organization\",\"name\":\"IC Lotos Tuzla\",\"url\":\"https:\\\/\\\/ic-lotos.org.ba\\\/\",\"logo\":{\"@type\":\"ImageObject\",\"inLanguage\":\"en-US\",\"@id\":\"https:\\\/\\\/ic-lotos.org.ba\\\/#\\\/schema\\\/logo\\\/image\\\/\",\"url\":\"https:\\\/\\\/ic-lotos.org.ba\\\/wp-content\\\/uploads\\\/2019\\\/11\\\/logo.jpg\",\"contentUrl\":\"https:\\\/\\\/ic-lotos.org.ba\\\/wp-content\\\/uploads\\\/2019\\\/11\\\/logo.jpg\",\"width\":575,\"height\":623,\"caption\":\"IC Lotos Tuzla\"},\"image\":{\"@id\":\"https:\\\/\\\/ic-lotos.org.ba\\\/#\\\/schema\\\/logo\\\/image\\\/\"},\"sameAs\":[\"https:\\\/\\\/www.facebook.com\\\/iclotos\\\/\",\"https:\\\/\\\/www.youtube.com\\\/feed\\\/library\"]},{\"@type\":\"Person\",\"@id\":\"https:\\\/\\\/ic-lotos.org.ba\\\/#\\\/schema\\\/person\\\/fb1da7c92bc3365aad6d1abac5bfe80a\",\"name\":\"Jasminko Bijeli\u0107\",\"image\":{\"@type\":\"ImageObject\",\"inLanguage\":\"en-US\",\"@id\":\"https:\\\/\\\/secure.gravatar.com\\\/avatar\\\/d694f8eb6cc3383210938655f7851f13239ed2f29afcf4e787e3c519ba016d67?s=96&d=mm&r=g\",\"url\":\"https:\\\/\\\/secure.gravatar.com\\\/avatar\\\/d694f8eb6cc3383210938655f7851f13239ed2f29afcf4e787e3c519ba016d67?s=96&d=mm&r=g\",\"contentUrl\":\"https:\\\/\\\/secure.gravatar.com\\\/avatar\\\/d694f8eb6cc3383210938655f7851f13239ed2f29afcf4e787e3c519ba016d67?s=96&d=mm&r=g\",\"caption\":\"Jasminko Bijeli\u0107\"}}]}<\/script>\n<!-- \/ Yoast SEO plugin. -->","yoast_head_json":{"title":"LJUDSKA PRAVA OSOBA S INVALIDITETOM U BOSNI I HERCEGOVINI PRVI PUT PRED KOMITETOM UJEDINJENIH NACIJA U \u017dENEVI - IC Lotos Tuzla","robots":{"index":"index","follow":"follow","max-snippet":"max-snippet:-1","max-image-preview":"max-image-preview:large","max-video-preview":"max-video-preview:-1"},"canonical":"https:\/\/ic-lotos.org.ba\/en\/ljudska-prava-osoba-s-invaliditetom-u-bosni-i-hercegovini-prvi-put-pred-komitetom-ujedinjenih-nacija-u-zenevi\/","og_locale":"en_US","og_type":"article","og_title":"LJUDSKA PRAVA OSOBA S INVALIDITETOM U BOSNI I HERCEGOVINI PRVI PUT PRED KOMITETOM UJEDINJENIH NACIJA U \u017dENEVI - IC Lotos Tuzla","og_description":"Sarajevo, 01\/09\/2016\u00a0 &#8211; Alternativni izvje\u0161taj o primjeni Konvencije o pravima osoba s invaliditetom u Bosni i Hercegovini bi\u0107e prvi put predstavljen 06. septembra 2016. godine\u00a0 radnoj grupi Komiteta za prava osoba s invaliditetom Ujedinjenih nacija, kako su najavili predstavnici 65 [&hellip;]","og_url":"https:\/\/ic-lotos.org.ba\/en\/ljudska-prava-osoba-s-invaliditetom-u-bosni-i-hercegovini-prvi-put-pred-komitetom-ujedinjenih-nacija-u-zenevi\/","og_site_name":"IC Lotos Tuzla","article_publisher":"https:\/\/www.facebook.com\/iclotos\/","article_published_time":"2016-09-02T06:40:53+00:00","og_image":[{"width":700,"height":466,"url":"https:\/\/ic-lotos.org.ba\/wp-content\/uploads\/2016\/09\/images_Press_Alternativni_izvjestaj_slika_1.jpg","type":"image\/jpeg"}],"author":"Jasminko Bijeli\u0107","twitter_card":"summary_large_image","twitter_misc":{"Written by":"Jasminko Bijeli\u0107","Est. reading time":"4 minutes"},"schema":{"@context":"https:\/\/schema.org","@graph":[{"@type":"Article","@id":"https:\/\/ic-lotos.org.ba\/ljudska-prava-osoba-s-invaliditetom-u-bosni-i-hercegovini-prvi-put-pred-komitetom-ujedinjenih-nacija-u-zenevi\/#article","isPartOf":{"@id":"https:\/\/ic-lotos.org.ba\/ljudska-prava-osoba-s-invaliditetom-u-bosni-i-hercegovini-prvi-put-pred-komitetom-ujedinjenih-nacija-u-zenevi\/"},"author":{"name":"Jasminko Bijeli\u0107","@id":"https:\/\/ic-lotos.org.ba\/#\/schema\/person\/fb1da7c92bc3365aad6d1abac5bfe80a"},"headline":"LJUDSKA PRAVA OSOBA S INVALIDITETOM U BOSNI I HERCEGOVINI PRVI PUT PRED KOMITETOM UJEDINJENIH NACIJA U \u017dENEVI","datePublished":"2016-09-02T06:40:53+00:00","mainEntityOfPage":{"@id":"https:\/\/ic-lotos.org.ba\/ljudska-prava-osoba-s-invaliditetom-u-bosni-i-hercegovini-prvi-put-pred-komitetom-ujedinjenih-nacija-u-zenevi\/"},"wordCount":717,"commentCount":0,"publisher":{"@id":"https:\/\/ic-lotos.org.ba\/#organization"},"image":{"@id":"https:\/\/ic-lotos.org.ba\/ljudska-prava-osoba-s-invaliditetom-u-bosni-i-hercegovini-prvi-put-pred-komitetom-ujedinjenih-nacija-u-zenevi\/#primaryimage"},"thumbnailUrl":"https:\/\/ic-lotos.org.ba\/wp-content\/uploads\/2016\/09\/images_Press_Alternativni_izvjestaj_slika_1.jpg","articleSection":["Vijesti"],"inLanguage":"en-US"},{"@type":"WebPage","@id":"https:\/\/ic-lotos.org.ba\/ljudska-prava-osoba-s-invaliditetom-u-bosni-i-hercegovini-prvi-put-pred-komitetom-ujedinjenih-nacija-u-zenevi\/","url":"https:\/\/ic-lotos.org.ba\/ljudska-prava-osoba-s-invaliditetom-u-bosni-i-hercegovini-prvi-put-pred-komitetom-ujedinjenih-nacija-u-zenevi\/","name":"LJUDSKA PRAVA OSOBA S INVALIDITETOM U BOSNI I HERCEGOVINI PRVI PUT PRED KOMITETOM UJEDINJENIH NACIJA U \u017dENEVI - IC Lotos Tuzla","isPartOf":{"@id":"https:\/\/ic-lotos.org.ba\/#website"},"primaryImageOfPage":{"@id":"https:\/\/ic-lotos.org.ba\/ljudska-prava-osoba-s-invaliditetom-u-bosni-i-hercegovini-prvi-put-pred-komitetom-ujedinjenih-nacija-u-zenevi\/#primaryimage"},"image":{"@id":"https:\/\/ic-lotos.org.ba\/ljudska-prava-osoba-s-invaliditetom-u-bosni-i-hercegovini-prvi-put-pred-komitetom-ujedinjenih-nacija-u-zenevi\/#primaryimage"},"thumbnailUrl":"https:\/\/ic-lotos.org.ba\/wp-content\/uploads\/2016\/09\/images_Press_Alternativni_izvjestaj_slika_1.jpg","datePublished":"2016-09-02T06:40:53+00:00","breadcrumb":{"@id":"https:\/\/ic-lotos.org.ba\/ljudska-prava-osoba-s-invaliditetom-u-bosni-i-hercegovini-prvi-put-pred-komitetom-ujedinjenih-nacija-u-zenevi\/#breadcrumb"},"inLanguage":"en-US","potentialAction":[{"@type":"ReadAction","target":["https:\/\/ic-lotos.org.ba\/ljudska-prava-osoba-s-invaliditetom-u-bosni-i-hercegovini-prvi-put-pred-komitetom-ujedinjenih-nacija-u-zenevi\/"]}]},{"@type":"ImageObject","inLanguage":"en-US","@id":"https:\/\/ic-lotos.org.ba\/ljudska-prava-osoba-s-invaliditetom-u-bosni-i-hercegovini-prvi-put-pred-komitetom-ujedinjenih-nacija-u-zenevi\/#primaryimage","url":"https:\/\/ic-lotos.org.ba\/wp-content\/uploads\/2016\/09\/images_Press_Alternativni_izvjestaj_slika_1.jpg","contentUrl":"https:\/\/ic-lotos.org.ba\/wp-content\/uploads\/2016\/09\/images_Press_Alternativni_izvjestaj_slika_1.jpg","width":700,"height":466,"caption":"Press Alternativni izvjestaj slika 1"},{"@type":"BreadcrumbList","@id":"https:\/\/ic-lotos.org.ba\/ljudska-prava-osoba-s-invaliditetom-u-bosni-i-hercegovini-prvi-put-pred-komitetom-ujedinjenih-nacija-u-zenevi\/#breadcrumb","itemListElement":[{"@type":"ListItem","position":1,"name":"Naslovna","item":"https:\/\/ic-lotos.org.ba\/"},{"@type":"ListItem","position":2,"name":"LJUDSKA PRAVA OSOBA S INVALIDITETOM U BOSNI I HERCEGOVINI PRVI PUT PRED KOMITETOM UJEDINJENIH NACIJA U \u017dENEVI"}]},{"@type":"WebSite","@id":"https:\/\/ic-lotos.org.ba\/#website","url":"https:\/\/ic-lotos.org.ba\/","name":"IC Lotos Tuzla","description":"Informativni centar \u201cLotos\u201d okuplja osobe sa ili bez invaliditeta koje su zainteresovane da svojim radom bilo na profesionalnoj ili volonterskoj osnovi doprinesu ostvarivanju misije organizacije.","publisher":{"@id":"https:\/\/ic-lotos.org.ba\/#organization"},"potentialAction":[{"@type":"SearchAction","target":{"@type":"EntryPoint","urlTemplate":"https:\/\/ic-lotos.org.ba\/?s={search_term_string}"},"query-input":{"@type":"PropertyValueSpecification","valueRequired":true,"valueName":"search_term_string"}}],"inLanguage":"en-US"},{"@type":"Organization","@id":"https:\/\/ic-lotos.org.ba\/#organization","name":"IC Lotos Tuzla","url":"https:\/\/ic-lotos.org.ba\/","logo":{"@type":"ImageObject","inLanguage":"en-US","@id":"https:\/\/ic-lotos.org.ba\/#\/schema\/logo\/image\/","url":"https:\/\/ic-lotos.org.ba\/wp-content\/uploads\/2019\/11\/logo.jpg","contentUrl":"https:\/\/ic-lotos.org.ba\/wp-content\/uploads\/2019\/11\/logo.jpg","width":575,"height":623,"caption":"IC Lotos Tuzla"},"image":{"@id":"https:\/\/ic-lotos.org.ba\/#\/schema\/logo\/image\/"},"sameAs":["https:\/\/www.facebook.com\/iclotos\/","https:\/\/www.youtube.com\/feed\/library"]},{"@type":"Person","@id":"https:\/\/ic-lotos.org.ba\/#\/schema\/person\/fb1da7c92bc3365aad6d1abac5bfe80a","name":"Jasminko Bijeli\u0107","image":{"@type":"ImageObject","inLanguage":"en-US","@id":"https:\/\/secure.gravatar.com\/avatar\/d694f8eb6cc3383210938655f7851f13239ed2f29afcf4e787e3c519ba016d67?s=96&d=mm&r=g","url":"https:\/\/secure.gravatar.com\/avatar\/d694f8eb6cc3383210938655f7851f13239ed2f29afcf4e787e3c519ba016d67?s=96&d=mm&r=g","contentUrl":"https:\/\/secure.gravatar.com\/avatar\/d694f8eb6cc3383210938655f7851f13239ed2f29afcf4e787e3c519ba016d67?s=96&d=mm&r=g","caption":"Jasminko Bijeli\u0107"}}]}},"_links":{"self":[{"href":"https:\/\/ic-lotos.org.ba\/en\/wp-json\/wp\/v2\/posts\/11676","targetHints":{"allow":["GET"]}}],"collection":[{"href":"https:\/\/ic-lotos.org.ba\/en\/wp-json\/wp\/v2\/posts"}],"about":[{"href":"https:\/\/ic-lotos.org.ba\/en\/wp-json\/wp\/v2\/types\/post"}],"author":[{"embeddable":true,"href":"https:\/\/ic-lotos.org.ba\/en\/wp-json\/wp\/v2\/users\/5"}],"replies":[{"embeddable":true,"href":"https:\/\/ic-lotos.org.ba\/en\/wp-json\/wp\/v2\/comments?post=11676"}],"version-history":[{"count":0,"href":"https:\/\/ic-lotos.org.ba\/en\/wp-json\/wp\/v2\/posts\/11676\/revisions"}],"wp:featuredmedia":[{"embeddable":true,"href":"https:\/\/ic-lotos.org.ba\/en\/wp-json\/wp\/v2\/media\/11673"}],"wp:attachment":[{"href":"https:\/\/ic-lotos.org.ba\/en\/wp-json\/wp\/v2\/media?parent=11676"}],"wp:term":[{"taxonomy":"category","embeddable":true,"href":"https:\/\/ic-lotos.org.ba\/en\/wp-json\/wp\/v2\/categories?post=11676"},{"taxonomy":"post_tag","embeddable":true,"href":"https:\/\/ic-lotos.org.ba\/en\/wp-json\/wp\/v2\/tags?post=11676"}],"curies":[{"name":"wp","href":"https:\/\/api.w.org\/{rel}","templated":true}]}}