{"id":11648,"date":"2016-06-06T12:17:38","date_gmt":"2016-06-06T12:17:38","guid":{"rendered":"https:\/\/v2.ic-lotos.org.ba\/sesti-filmski-festival-o-osobama-sa-invaliditetom\/"},"modified":"2016-06-06T12:17:38","modified_gmt":"2016-06-06T12:17:38","slug":"sesti-filmski-festival-o-osobama-sa-invaliditetom","status":"publish","type":"post","link":"https:\/\/ic-lotos.org.ba\/en\/sesti-filmski-festival-o-osobama-sa-invaliditetom\/","title":{"rendered":"\u0160ESTI FILMSKI FESTIVAL O OSOBAMA SA INVALIDITETOM"},"content":{"rendered":"<p style=\"margin: 0cm 0cm 0pt; text-align: center;\" align=\"center\">\u00a0<\/p>\n<p style=\"margin: 0cm 0cm 0pt; text-align: center;\" align=\"center\"><span style=\"font-family: 'Cambria',serif;\"><span style=\"color: #000000; font-size: small;\"><\/span><\/span><\/p>\n<p style=\"margin: 0cm 0cm 0pt; text-align: center;\" align=\"center\"><span style=\"font-family: 'Cambria',serif;\"><span style=\"color: #000000; font-size: small;\">HUMANITARIAN ORGANIZATION &quot;PARTNER&quot; from Banja Luka:<\/span><\/span><\/p>\n<p style=\"margin: 0cm 0cm 0pt; text-align: center;\" align=\"center\"><span style=\"font-family: 'Cambria',serif;\"><span style=\"color: #000000; font-size: small;\">Raspisuje <\/span><\/span><span style=\"font-family: 'Cambria',serif;\"><span style=\"color: #000000; font-size: small;\">Javni poziv <\/span><\/span><span style=\"font-family: 'Cambria',serif;\"><\/span><span style=\"font-family: 'Cambria',serif;\"><span style=\"color: #000000; font-size: small;\">za prijem radova za<\/span><\/span><\/p>\n<p style=\"margin: 0cm 0cm 0pt; text-align: center;\" align=\"center\"><strong><span style=\"font-family: 'Cambria',serif;\"><span style=\"color: #000000; font-size: small;\">\u0160ESTI <\/span><\/span><\/strong><strong><span style=\"font-family: 'Cambria',serif;\"><span style=\"color: #000000; font-size: small;\">FILMSKI FESTIVAL O OSOBA<\/span><\/span><\/strong><strong><span style=\"font-family: 'Cambria',serif;\"><span style=\"color: #000000; font-size: small;\">MA <\/span><\/span><\/strong><strong><span style=\"font-family: 'Cambria',serif;\"><span style=\"color: #000000; font-size: small;\">SA INVALID<\/span><\/span><\/strong><strong><span style=\"font-family: 'Cambria',serif;\"><span style=\"color: #000000; font-size: small;\">And<\/span><\/span><\/strong><strong><span style=\"font-family: 'Cambria',serif;\"><span style=\"color: #000000; font-size: small;\">TETOM<\/span><\/span><\/strong><\/p>\n<p style=\"margin: 0cm 0cm 10pt; text-align: justify;\"><span style=\"font-family: 'Cambria',serif;\"><span style=\"color: #000000; font-size: small;\">k<\/span><\/span><span style=\"font-family: 'Cambria',serif;\"><span style=\"color: #000000; font-size: small;\">oji \u0107e se odr\u017eati 1<\/span><\/span><span style=\"font-family: 'Cambria',serif;\"><span style=\"color: #000000; font-size: small;\">5<\/span><\/span><span style=\"font-family: 'Cambria',serif;\"><span style=\"color: #000000; font-size: small;\">.<\/span><\/span><span style=\"font-family: 'Cambria',serif;\"><span style=\"color: #000000; font-size: small;\"> septembra <\/span><\/span><span style=\"font-family: 'Cambria',serif;\"><span style=\"color: #000000; font-size: small;\">201<\/span><\/span><span style=\"font-family: 'Cambria',serif;\"><span style=\"color: #000000; font-size: small;\">6<\/span><\/span><span style=\"font-family: 'Cambria',serif;\"><span style=\"color: #000000; font-size: small;\">.<\/span><\/span><span style=\"font-family: 'Cambria',serif;\"><span style=\"color: #000000; font-size: small;\"> years <\/span><\/span><span style=\"font-family: 'Cambria',serif;\"><\/span><span style=\"font-family: 'Cambria',serif;\"><span style=\"color: #000000; font-size: small;\">u <\/span><\/span><span style=\"font-family: 'Cambria',serif;\"><span style=\"color: #000000; font-size: small;\">Domu omladine (ul. \u0110ure Dani\u010di\u0107a br. 1) u Banjoj Luci. \u00a0\u00a0<\/span><\/span><\/p>\n<p style=\"margin: 0cm 0cm 0pt; text-align: left;\"><span style=\"font-family: 'Cambria',serif;\"><span style=\"color: #000000; font-size: small;\">Javni poziv <\/span><\/span><span style=\"font-family: 'Cambria',serif;\"><\/span><span style=\"font-family: 'Cambria',serif;\"><span style=\"color: #000000; font-size: small;\">je otvoren od <\/span><\/span><span style=\"font-family: 'Cambria',serif;\"><span style=\"color: #000000; font-size: small;\">16<\/span><\/span><span style=\"font-family: 'Cambria',serif;\"><span style=\"color: #000000; font-size: small;\">. <\/span><\/span><span style=\"font-family: 'Cambria',serif;\"><span style=\"color: #000000; font-size: small;\">maja <\/span><\/span><span style=\"font-family: 'Cambria',serif;\"><\/span><span style=\"font-family: 'Cambria',serif;\"><span style=\"color: #000000; font-size: small;\">do <\/span><\/span><span style=\"font-family: 'Cambria',serif;\"><span style=\"color: #000000; font-size: small;\">16<\/span><\/span><span style=\"font-family: 'Cambria',serif;\"><span style=\"color: #000000; font-size: small;\">.<\/span><\/span><span style=\"font-family: 'Cambria',serif;\"><\/span><span style=\"font-family: 'Cambria',serif;\"><span style=\"color: #000000; font-size: small;\">jula<\/span><\/span><span style=\"font-family: 'Cambria',serif;\"><span style=\"color: #000000; font-size: small;\"> 201<\/span><\/span><span style=\"font-family: 'Cambria',serif;\"><span style=\"color: #000000; font-size: small;\">6. <\/span><\/span><span style=\"font-family: 'Cambria',serif;\"><\/span><span style=\"font-family: 'Cambria',serif;\"><span style=\"color: #000000; font-size: small;\">godine.<\/span><\/span><\/p>\n<p style=\"margin: 0cm 0cm 10pt; text-align: left;\"><span style=\"font-family: 'Cambria',serif;\"><span style=\"color: #000000; font-size: small;\">T<\/span><\/span><span style=\"font-family: 'Cambria',serif;\"><span style=\"color: #000000; font-size: small;\">ema festivala: <\/span><\/span><strong><span style=\"font-family: 'Cambria',serif;\"><span style=\"color: #000000; font-size: small;\">S<\/span><\/span><\/strong><strong><span style=\"font-family: 'Cambria',serif;\"><span style=\"color: #000000; font-size: small;\">amostalan \u017eivot osoba sa invaliditetom<\/span><\/span><\/strong><\/p>\n<p style=\"margin: 0cm 0cm 10pt; text-align: left;\"><span style=\"font-family: 'Cambria',serif;\"><span style=\"color: #000000; font-size: small;\">Festival je revijalnog karaktera sa ciljem podizanja svijesti \u0161ire javnosti o osobama sa invaliditetom<\/span><\/span><span style=\"font-family: 'Cambria',serif;\"><span style=\"color: #000000; font-size: small;\">, njihovim problemima, potrebama, \u017eeljama, mogu\u0107nostima..<\/span><\/span><span style=\"font-family: 'Cambria',serif;\"><span style=\"color: #000000; font-size: small;\">.<\/span><\/span><\/p>\n<p style=\"margin: 0cm 0cm 0pt; text-align: left;\"><strong><span style=\"font-family: 'Cambria',serif;\"><span style=\"color: #000000; font-size: small;\">Conditions for registration and participation:<\/span><\/span><\/strong><\/p>\n<p style=\"margin: 0cm 0cm 0pt 36pt; text-align: left; text-indent: -18pt;\"><span style=\"font-family: 'Cambria',serif;\"><span style=\"color: #000000; font-size: small;\">1.<\/span><span style=\"font: 7pt 'Times New Roman'; font-size-adjust: none; font-stretch: normal;\"><span style=\"color: #000000;\">\u00a0\u00a0\u00a0\u00a0\u00a0 <\/span><\/span><\/span><span style=\"font-family: 'Cambria',serif;\"><span style=\"color: #000000; font-size: small;\">Javni poziv <\/span><\/span><span style=\"font-family: 'Cambria',serif;\"><\/span><span style=\"font-family: 'Cambria',serif;\"><span style=\"color: #000000; font-size: small;\">je otvoren za sve zainteresovane<\/span><\/span><span style=\"font-family: 'Cambria',serif;\"><span style=\"color: #000000; font-size: small;\"> autore<\/span><\/span><span style=\"font-family: 'Cambria',serif;\"><\/span><\/p>\n<p style=\"margin: 0cm 0cm 0pt 36pt; text-align: left; text-indent: -18pt;\"><span style=\"font-family: 'Cambria',serif;\"><span style=\"color: #000000; font-size: small;\">2.<\/span><span style=\"font: 7pt 'Times New Roman'; font-size-adjust: none; font-stretch: normal;\"><span style=\"color: #000000;\">\u00a0\u00a0\u00a0\u00a0\u00a0 <\/span><\/span><\/span><span style=\"font-family: 'Cambria',serif;\"><span style=\"color: #000000; font-size: small;\">\u017danr: igrani<\/span><\/span><span style=\"font-family: 'Cambria',serif;\"><span style=\"color: #000000; font-size: small;\">, <\/span><\/span><span style=\"font-family: 'Cambria',serif;\"><\/span><span style=\"font-family: 'Cambria',serif;\"><span style=\"color: #000000; font-size: small;\">dokumentarni<\/span><\/span><span style=\"font-family: 'Cambria',serif;\"><span style=\"color: #000000; font-size: small;\"> ili animirani <\/span><\/span><span style=\"font-family: 'Cambria',serif;\"><\/span><span style=\"font-family: 'Cambria',serif;\"><span style=\"color: #000000; font-size: small;\">filmovi na temu osoba sa invaliditetom<\/span><\/span><\/p>\n<p style=\"margin: 0cm 0cm 0pt 36pt; text-align: left; text-indent: -18pt;\"><span style=\"font-family: 'Cambria',serif;\"><span style=\"color: #000000; font-size: small;\">3.<\/span><span style=\"font: 7pt 'Times New Roman'; font-size-adjust: none; font-stretch: normal;\"><span style=\"color: #000000;\">\u00a0\u00a0\u00a0\u00a0\u00a0 <\/span><\/span><\/span><span style=\"font-family: 'Cambria',serif;\"><span style=\"color: #000000; font-size: small;\">Trajanje: do 30 minuta <\/span><\/span><\/p>\n<p style=\"margin: 0cm 0cm 0pt 36pt; text-align: left; text-indent: -18pt;\"><span style=\"font-family: 'Cambria',serif;\"><span style=\"color: #000000; font-size: small;\">4.<\/span><span style=\"font: 7pt 'Times New Roman'; font-size-adjust: none; font-stretch: normal;\"><span style=\"color: #000000;\">\u00a0\u00a0\u00a0\u00a0\u00a0 <\/span><\/span><\/span><span style=\"font-family: 'Cambria',serif;\"><span style=\"color: #000000; font-size: small;\">Najmanje DVD kvalitet<\/span><\/span><\/p>\n<p style=\"margin: 0cm 0cm 0pt 36pt; text-align: left; text-indent: -18pt;\"><span style=\"font-family: 'Cambria',serif;\"><span style=\"color: #000000; font-size: small;\">5.<\/span><span style=\"font: 7pt 'Times New Roman'; font-size-adjust: none; font-stretch: normal;\"><span style=\"color: #000000;\">\u00a0\u00a0\u00a0\u00a0\u00a0 <\/span><\/span><\/span><span style=\"font-family: 'Cambria',serif;\"><span style=\"color: #000000; font-size: small;\">Da imaju titl na jednom od BHS jezika ili na engleskom jeziku<\/span><\/span><\/p>\n<p style=\"margin: 0cm 0cm 0pt 36pt; text-align: left; text-indent: -18pt;\"><span style=\"font-family: 'Cambria',serif;\"><span style=\"color: #000000; font-size: small;\">6.<\/span><span style=\"font: 7pt 'Times New Roman'; font-size-adjust: none; font-stretch: normal;\"><span style=\"color: #000000;\">\u00a0\u00a0\u00a0\u00a0\u00a0 <\/span><\/span><\/span><span style=\"font-family: 'Cambria',serif;\"><span style=\"color: #000000; font-size: small;\">Organizacija festivala mo\u017ee da koristi u reklamne svrhe dio primljenog rada <\/span><\/span><\/p>\n<p style=\"margin: 0cm 0cm 0pt; text-align: left;\"><strong><span style=\"font-family: 'Cambria',serif;\"><span style=\"color: #000000; font-size: small;\">Uz film p<\/span><\/span><\/strong><strong><span style=\"font-family: 'Cambria',serif;\"><span style=\"color: #000000; font-size: small;\">otrebno je jo\u0161 dostaviti:<\/span><\/span><\/strong><\/p>\n<p style=\"margin: 0cm 0cm 0pt 54pt; text-align: left; text-indent: -18pt;\"><span><span style=\"color: #000000; font-family: Calibri; font-size: small;\">&#8211;<\/span><span style=\"font: 7pt 'Times New Roman'; font-size-adjust: none; font-stretch: normal;\"><span style=\"color: #000000;\">\u00a0\u00a0\u00a0\u00a0\u00a0\u00a0\u00a0 <\/span><\/span><\/span><span style=\"font-family: 'Cambria',serif;\"><span style=\"color: #000000; font-size: small;\">Biografiju autora sa kontakt podacima (telefon i email)<\/span><\/span><\/p>\n<p style=\"margin: 0cm 0cm 0pt 54pt; text-align: left; text-indent: -18pt;\"><span><span style=\"color: #000000; font-family: Calibri; font-size: small;\">&#8211;<\/span><span style=\"font: 7pt 'Times New Roman'; font-size-adjust: none; font-stretch: normal;\"><span style=\"color: #000000;\">\u00a0\u00a0\u00a0\u00a0\u00a0\u00a0\u00a0 <\/span><\/span><\/span><span style=\"font-family: 'Cambria',serif;\"><span style=\"color: #000000; font-size: small;\">Izjavu autora o odobrenju za javno emitovanje rada<\/span><\/span><\/p>\n<p style=\"margin: 0cm 0cm 0pt; text-align: left;\"><span style=\"font-family: 'Cambria',serif;\"><span style=\"color: #000000; font-size: small;\">Filmovi se mogu dostaviti <\/span><strong><span style=\"color: #000000; font-size: small;\">po\u0161tom<\/span><\/strong><span style=\"color: #000000; font-size: small;\"> or <\/span><strong><span style=\"color: #000000; font-size: small;\">putem interneta<\/span><\/strong><span style=\"color: #000000; font-size: small;\"> (festhome ili clickforfestivals, youtube, wetransfer, vimeo&#8230;). <\/span><\/span><\/p>\n<p style=\"margin: 0cm 0cm 0pt; text-align: left;\"><span style=\"font-family: 'Cambria',serif;\"><span style=\"color: #000000; font-size: small;\">Za filmove koji se dostavljaju putem interneta prate\u0107u dokumentaciju dostaviti na mail: <\/span><span style=\"color: #000000; font-size: small;\">ffosi.bl@gmail.com<\/span><span style=\"color: #000000; font-size: small;\"> \u00a0\u00a0\u00a0<\/span><\/span><\/p>\n<p style=\"margin: 0cm 0cm 10pt; text-align: left;\"><strong><span style=\"font-family: 'Cambria',serif;\"><span style=\"color: #000000; font-size: small;\">R<\/span><\/span><\/strong><strong><span style=\"font-family: 'Cambria',serif;\"><span style=\"color: #000000; font-size: small;\">adovi koji ne budu dostavljeni u roku ne\u0107e biti uzeti u razmatranje za emitovanje na Festivalu.<\/span><\/span><\/strong><\/p>\n<p style=\"margin: 0cm 0cm 0pt; text-align: left;\"><span style=\"font-family: 'Cambria',serif;\"><span style=\"color: #000000; font-size: small;\">Radove i prate\u0107e materijale,<\/span><\/span><span style=\"font-family: 'Cambria',serif;\"><span style=\"color: #000000; font-size: small;\"> (koji se dostavljaju po\u0161tom) <\/span><\/span><span style=\"font-family: 'Cambria',serif;\"><\/span><span style=\"font-family: 'Cambria',serif;\"><span style=\"color: #000000; font-size: small;\">sa naznakom: <\/span><\/span><\/p>\n<p style=\"margin: 0cm 0cm 0pt; text-align: left;\"><span style=\"font-family: 'Cambria',serif;\"><span style=\"color: #000000; font-size: small;\">Za <\/span><\/span><span style=\"font-family: 'Cambria',serif;\"><span style=\"color: #000000; font-size: small;\">Javni poziv <\/span><\/span><span style=\"font-family: 'Cambria',serif;\"><\/span><span style=\"font-family: 'Cambria',serif;\"><span style=\"color: #000000; font-size: small;\">za <\/span><\/span><span style=\"font-family: 'Cambria',serif;\"><span style=\"color: #000000; font-size: small;\">&quot;<\/span><\/span><span style=\"font-family: 'Cambria',serif;\"><span style=\"color: #000000; font-size: small;\">\u0160ESTI <\/span><\/span><span style=\"font-family: 'Cambria',serif;\"><\/span><span style=\"font-family: 'Cambria',serif;\"><span style=\"color: #000000; font-size: small;\">FIL<\/span><\/span><span style=\"font-family: 'Cambria',serif;\"><span style=\"color: #000000; font-size: small;\">M<\/span><\/span><span style=\"font-family: 'Cambria',serif;\"><span style=\"color: #000000; font-size: small;\">SKI FESTIVAL O OSOBAMA SA INVALIDITETOM\u201c, slati na:<\/span><\/span><\/p>\n<p style=\"margin: 0cm 0cm 0pt; text-align: left;\"><span style=\"font-family: 'Cambria',serif;\"><span style=\"color: #000000; font-size: small;\">Humanitarian organization &quot;Partner&quot;<\/span><\/span><\/p>\n<p style=\"margin: 0cm 0cm 0pt; text-align: left;\"><span style=\"font-family: 'Cambria',serif;\"><span style=\"color: #000000; font-size: small;\">Ul. Sr\u0111e Zlopogle\u0111e 55<\/span><\/span><\/p>\n<p style=\"margin: 0cm 0cm 0pt; text-align: left;\"><span style=\"font-family: 'Cambria',serif;\"><span style=\"color: #000000; font-size: small;\">78 000 Banja Luka<\/span><\/span><\/p>\n<p style=\"margin: 0cm 0cm 0pt; text-align: left;\"><span style=\"font-family: 'Cambria',serif;\"><span style=\"color: #000000; font-size: small;\">Republika Srpska, Bosnia and Herzegovina<\/span><\/span><\/p>\n<p style=\"margin: 0cm 0cm 0pt; text-align: left;\"><span style=\"font-family: 'Cambria',serif;\"><span style=\"color: #000000; font-size: small;\">Pitanja u vezi sa <\/span><\/span><span style=\"font-family: 'Cambria',serif;\"><span style=\"color: #000000; font-size: small;\">Javnim pozivom <\/span><\/span><span style=\"font-family: 'Cambria',serif;\"><\/span><span style=\"font-family: 'Cambria',serif;\"><span style=\"color: #000000; font-size: small;\">mo\u017eete slati na: <\/span><\/span><span style=\"font-family: 'Cambria',serif;\"><span style=\"color: #000000; font-size: small;\">ffosi.bl@gmail.com<\/span><span style=\"color: #000000; font-size: small;\"><\/span><\/span><\/p>\n<p style=\"margin: 0cm 0cm 0pt; text-align: center;\"><span style=\"font-family: 'Cambria',serif;\"><span style=\"color: #000000; font-size: small;\"><img decoding=\"async\" class=\"size-full wp-image-11647\" src=\"https:\/\/ic-lotos.org.ba\/wp-content\/uploads\/2016\/06\/images_FFOOSI.jpg\" alt=\"FFOOSI\" width=\"147\" height=\"147\" srcset=\"https:\/\/ic-lotos.org.ba\/wp-content\/uploads\/2016\/06\/images_FFOOSI.jpg 1166w, https:\/\/ic-lotos.org.ba\/wp-content\/uploads\/2016\/06\/images_FFOOSI-300x300.jpg 300w, https:\/\/ic-lotos.org.ba\/wp-content\/uploads\/2016\/06\/images_FFOOSI-100x100.jpg 100w, https:\/\/ic-lotos.org.ba\/wp-content\/uploads\/2016\/06\/images_FFOOSI-600x601.jpg 600w, https:\/\/ic-lotos.org.ba\/wp-content\/uploads\/2016\/06\/images_FFOOSI-1024x1024.jpg 1024w, https:\/\/ic-lotos.org.ba\/wp-content\/uploads\/2016\/06\/images_FFOOSI-150x150.jpg 150w, https:\/\/ic-lotos.org.ba\/wp-content\/uploads\/2016\/06\/images_FFOOSI-768x769.jpg 768w, https:\/\/ic-lotos.org.ba\/wp-content\/uploads\/2016\/06\/images_FFOOSI-440x440.jpg 440w, https:\/\/ic-lotos.org.ba\/wp-content\/uploads\/2016\/06\/images_FFOOSI-610x610.jpg 610w\" sizes=\"(max-width: 147px) 100vw, 147px\" \/><\/span><\/span><\/p>\n<hr \/>\n<p style=\"margin: 0cm 0cm 0pt; text-align: center;\">\u00a0<\/p>\n<p style=\"margin: 0cm 0cm 0pt; text-align: justify;\">\u00a0<\/p>\n<p style=\"margin: 0cm 0cm 0pt; text-align: justify;\">\u00a0<\/p>\n<div class=\"gsp_post_data\" \r\n\t            data-post_type=\"post\" \r\n\t            data-cat=\"vijesti\" \r\n\t            data-modified=\"120\"\r\n\t            data-created=\"1465215458\"\r\n\t            data-title=\"\u0160ESTI FILMSKI FESTIVAL O OSOBAMA SA INVALIDITETOM\" \r\n\t            data-home=\"https:\/\/ic-lotos.org.ba\/en\"><\/div>","protected":false},"excerpt":{"rendered":"<p>\u00a0 HUMANITARNA ORGANIZACIJA \u201ePARTNER\u201c iz Banjaluke: Raspisuje Javni poziv za prijem radova za \u0160ESTI FILMSKI FESTIVAL O OSOBAMA SA INVALIDITETOM koji \u0107e se odr\u017eati 15. septembra 2016. godine u Domu omladine (ul. \u0110ure Dani\u010di\u0107a br. 1) u Banjoj Luci. \u00a0\u00a0 [&hellip;]<\/p>\n","protected":false},"author":5,"featured_media":11646,"comment_status":"open","ping_status":"closed","sticky":false,"template":"","format":"standard","meta":{"footnotes":""},"categories":[65],"tags":[],"class_list":["post-11648","post","type-post","status-publish","format-standard","has-post-thumbnail","hentry","category-vijesti"],"yoast_head":"<!-- This site is optimized with the Yoast SEO plugin v27.5 - https:\/\/yoast.com\/product\/yoast-seo-wordpress\/ -->\n<title>\u0160ESTI FILMSKI FESTIVAL O OSOBAMA SA INVALIDITETOM - IC Lotos Tuzla<\/title>\n<meta name=\"robots\" content=\"index, follow, max-snippet:-1, max-image-preview:large, max-video-preview:-1\" \/>\n<link rel=\"canonical\" href=\"https:\/\/ic-lotos.org.ba\/en\/sesti-filmski-festival-o-osobama-sa-invaliditetom\/\" \/>\n<meta property=\"og:locale\" content=\"en_US\" \/>\n<meta property=\"og:type\" content=\"article\" \/>\n<meta property=\"og:title\" content=\"\u0160ESTI FILMSKI FESTIVAL O OSOBAMA SA INVALIDITETOM - IC Lotos Tuzla\" \/>\n<meta property=\"og:description\" content=\"\u00a0 HUMANITARNA ORGANIZACIJA \u201ePARTNER\u201c iz Banjaluke: Raspisuje Javni poziv za prijem radova za \u0160ESTI FILMSKI FESTIVAL O OSOBAMA SA INVALIDITETOM koji \u0107e se odr\u017eati 15. septembra 2016. godine u Domu omladine (ul. \u0110ure Dani\u010di\u0107a br. 1) u Banjoj Luci. \u00a0\u00a0 [&hellip;]\" \/>\n<meta property=\"og:url\" content=\"https:\/\/ic-lotos.org.ba\/en\/sesti-filmski-festival-o-osobama-sa-invaliditetom\/\" \/>\n<meta property=\"og:site_name\" content=\"IC Lotos Tuzla\" \/>\n<meta property=\"article:publisher\" content=\"https:\/\/www.facebook.com\/iclotos\/\" \/>\n<meta property=\"article:published_time\" content=\"2016-06-06T12:17:38+00:00\" \/>\n<meta property=\"og:image\" content=\"https:\/\/ic-lotos.org.ba\/wp-content\/uploads\/2016\/06\/images_Partner_BL.JPG\" \/>\n\t<meta property=\"og:image:width\" content=\"600\" \/>\n\t<meta property=\"og:image:height\" content=\"400\" \/>\n\t<meta property=\"og:image:type\" content=\"image\/jpeg\" \/>\n<meta name=\"author\" content=\"Jasminko Bijeli\u0107\" \/>\n<meta name=\"twitter:card\" content=\"summary_large_image\" \/>\n<meta name=\"twitter:label1\" content=\"Written by\" \/>\n\t<meta name=\"twitter:data1\" content=\"Jasminko Bijeli\u0107\" \/>\n\t<meta name=\"twitter:label2\" content=\"Est. reading time\" \/>\n\t<meta name=\"twitter:data2\" content=\"1 minute\" \/>\n<script type=\"application\/ld+json\" class=\"yoast-schema-graph\">{\"@context\":\"https:\\\/\\\/schema.org\",\"@graph\":[{\"@type\":\"Article\",\"@id\":\"https:\\\/\\\/ic-lotos.org.ba\\\/sesti-filmski-festival-o-osobama-sa-invaliditetom\\\/#article\",\"isPartOf\":{\"@id\":\"https:\\\/\\\/ic-lotos.org.ba\\\/sesti-filmski-festival-o-osobama-sa-invaliditetom\\\/\"},\"author\":{\"name\":\"Jasminko Bijeli\u0107\",\"@id\":\"https:\\\/\\\/ic-lotos.org.ba\\\/#\\\/schema\\\/person\\\/fb1da7c92bc3365aad6d1abac5bfe80a\"},\"headline\":\"\u0160ESTI FILMSKI FESTIVAL O OSOBAMA SA INVALIDITETOM\",\"datePublished\":\"2016-06-06T12:17:38+00:00\",\"mainEntityOfPage\":{\"@id\":\"https:\\\/\\\/ic-lotos.org.ba\\\/sesti-filmski-festival-o-osobama-sa-invaliditetom\\\/\"},\"wordCount\":270,\"commentCount\":0,\"publisher\":{\"@id\":\"https:\\\/\\\/ic-lotos.org.ba\\\/#organization\"},\"image\":{\"@id\":\"https:\\\/\\\/ic-lotos.org.ba\\\/sesti-filmski-festival-o-osobama-sa-invaliditetom\\\/#primaryimage\"},\"thumbnailUrl\":\"https:\\\/\\\/ic-lotos.org.ba\\\/wp-content\\\/uploads\\\/2016\\\/06\\\/images_Partner_BL.JPG\",\"articleSection\":[\"Vijesti\"],\"inLanguage\":\"en-US\"},{\"@type\":\"WebPage\",\"@id\":\"https:\\\/\\\/ic-lotos.org.ba\\\/sesti-filmski-festival-o-osobama-sa-invaliditetom\\\/\",\"url\":\"https:\\\/\\\/ic-lotos.org.ba\\\/sesti-filmski-festival-o-osobama-sa-invaliditetom\\\/\",\"name\":\"\u0160ESTI FILMSKI FESTIVAL O OSOBAMA SA INVALIDITETOM - IC Lotos Tuzla\",\"isPartOf\":{\"@id\":\"https:\\\/\\\/ic-lotos.org.ba\\\/#website\"},\"primaryImageOfPage\":{\"@id\":\"https:\\\/\\\/ic-lotos.org.ba\\\/sesti-filmski-festival-o-osobama-sa-invaliditetom\\\/#primaryimage\"},\"image\":{\"@id\":\"https:\\\/\\\/ic-lotos.org.ba\\\/sesti-filmski-festival-o-osobama-sa-invaliditetom\\\/#primaryimage\"},\"thumbnailUrl\":\"https:\\\/\\\/ic-lotos.org.ba\\\/wp-content\\\/uploads\\\/2016\\\/06\\\/images_Partner_BL.JPG\",\"datePublished\":\"2016-06-06T12:17:38+00:00\",\"breadcrumb\":{\"@id\":\"https:\\\/\\\/ic-lotos.org.ba\\\/sesti-filmski-festival-o-osobama-sa-invaliditetom\\\/#breadcrumb\"},\"inLanguage\":\"en-US\",\"potentialAction\":[{\"@type\":\"ReadAction\",\"target\":[\"https:\\\/\\\/ic-lotos.org.ba\\\/sesti-filmski-festival-o-osobama-sa-invaliditetom\\\/\"]}]},{\"@type\":\"ImageObject\",\"inLanguage\":\"en-US\",\"@id\":\"https:\\\/\\\/ic-lotos.org.ba\\\/sesti-filmski-festival-o-osobama-sa-invaliditetom\\\/#primaryimage\",\"url\":\"https:\\\/\\\/ic-lotos.org.ba\\\/wp-content\\\/uploads\\\/2016\\\/06\\\/images_Partner_BL.JPG\",\"contentUrl\":\"https:\\\/\\\/ic-lotos.org.ba\\\/wp-content\\\/uploads\\\/2016\\\/06\\\/images_Partner_BL.JPG\",\"width\":600,\"height\":400,\"caption\":\"Partner BL\"},{\"@type\":\"BreadcrumbList\",\"@id\":\"https:\\\/\\\/ic-lotos.org.ba\\\/sesti-filmski-festival-o-osobama-sa-invaliditetom\\\/#breadcrumb\",\"itemListElement\":[{\"@type\":\"ListItem\",\"position\":1,\"name\":\"Naslovna\",\"item\":\"https:\\\/\\\/ic-lotos.org.ba\\\/\"},{\"@type\":\"ListItem\",\"position\":2,\"name\":\"\u0160ESTI FILMSKI FESTIVAL O OSOBAMA SA INVALIDITETOM\"}]},{\"@type\":\"WebSite\",\"@id\":\"https:\\\/\\\/ic-lotos.org.ba\\\/#website\",\"url\":\"https:\\\/\\\/ic-lotos.org.ba\\\/\",\"name\":\"IC Lotos Tuzla\",\"description\":\"Informativni centar \u201cLotos\u201d okuplja osobe sa ili bez invaliditeta koje su zainteresovane da svojim radom bilo na profesionalnoj ili volonterskoj osnovi doprinesu ostvarivanju misije organizacije.\",\"publisher\":{\"@id\":\"https:\\\/\\\/ic-lotos.org.ba\\\/#organization\"},\"potentialAction\":[{\"@type\":\"SearchAction\",\"target\":{\"@type\":\"EntryPoint\",\"urlTemplate\":\"https:\\\/\\\/ic-lotos.org.ba\\\/?s={search_term_string}\"},\"query-input\":{\"@type\":\"PropertyValueSpecification\",\"valueRequired\":true,\"valueName\":\"search_term_string\"}}],\"inLanguage\":\"en-US\"},{\"@type\":\"Organization\",\"@id\":\"https:\\\/\\\/ic-lotos.org.ba\\\/#organization\",\"name\":\"IC Lotos Tuzla\",\"url\":\"https:\\\/\\\/ic-lotos.org.ba\\\/\",\"logo\":{\"@type\":\"ImageObject\",\"inLanguage\":\"en-US\",\"@id\":\"https:\\\/\\\/ic-lotos.org.ba\\\/#\\\/schema\\\/logo\\\/image\\\/\",\"url\":\"https:\\\/\\\/ic-lotos.org.ba\\\/wp-content\\\/uploads\\\/2019\\\/11\\\/logo.jpg\",\"contentUrl\":\"https:\\\/\\\/ic-lotos.org.ba\\\/wp-content\\\/uploads\\\/2019\\\/11\\\/logo.jpg\",\"width\":575,\"height\":623,\"caption\":\"IC Lotos Tuzla\"},\"image\":{\"@id\":\"https:\\\/\\\/ic-lotos.org.ba\\\/#\\\/schema\\\/logo\\\/image\\\/\"},\"sameAs\":[\"https:\\\/\\\/www.facebook.com\\\/iclotos\\\/\",\"https:\\\/\\\/www.youtube.com\\\/feed\\\/library\"]},{\"@type\":\"Person\",\"@id\":\"https:\\\/\\\/ic-lotos.org.ba\\\/#\\\/schema\\\/person\\\/fb1da7c92bc3365aad6d1abac5bfe80a\",\"name\":\"Jasminko Bijeli\u0107\",\"image\":{\"@type\":\"ImageObject\",\"inLanguage\":\"en-US\",\"@id\":\"https:\\\/\\\/secure.gravatar.com\\\/avatar\\\/d694f8eb6cc3383210938655f7851f13239ed2f29afcf4e787e3c519ba016d67?s=96&d=mm&r=g\",\"url\":\"https:\\\/\\\/secure.gravatar.com\\\/avatar\\\/d694f8eb6cc3383210938655f7851f13239ed2f29afcf4e787e3c519ba016d67?s=96&d=mm&r=g\",\"contentUrl\":\"https:\\\/\\\/secure.gravatar.com\\\/avatar\\\/d694f8eb6cc3383210938655f7851f13239ed2f29afcf4e787e3c519ba016d67?s=96&d=mm&r=g\",\"caption\":\"Jasminko Bijeli\u0107\"}}]}<\/script>\n<!-- \/ Yoast SEO plugin. -->","yoast_head_json":{"title":"\u0160ESTI FILMSKI FESTIVAL O OSOBAMA SA INVALIDITETOM - IC Lotos Tuzla","robots":{"index":"index","follow":"follow","max-snippet":"max-snippet:-1","max-image-preview":"max-image-preview:large","max-video-preview":"max-video-preview:-1"},"canonical":"https:\/\/ic-lotos.org.ba\/en\/sesti-filmski-festival-o-osobama-sa-invaliditetom\/","og_locale":"en_US","og_type":"article","og_title":"\u0160ESTI FILMSKI FESTIVAL O OSOBAMA SA INVALIDITETOM - IC Lotos Tuzla","og_description":"\u00a0 HUMANITARNA ORGANIZACIJA \u201ePARTNER\u201c iz Banjaluke: Raspisuje Javni poziv za prijem radova za \u0160ESTI FILMSKI FESTIVAL O OSOBAMA SA INVALIDITETOM koji \u0107e se odr\u017eati 15. septembra 2016. godine u Domu omladine (ul. \u0110ure Dani\u010di\u0107a br. 1) u Banjoj Luci. \u00a0\u00a0 [&hellip;]","og_url":"https:\/\/ic-lotos.org.ba\/en\/sesti-filmski-festival-o-osobama-sa-invaliditetom\/","og_site_name":"IC Lotos Tuzla","article_publisher":"https:\/\/www.facebook.com\/iclotos\/","article_published_time":"2016-06-06T12:17:38+00:00","og_image":[{"width":600,"height":400,"url":"https:\/\/ic-lotos.org.ba\/wp-content\/uploads\/2016\/06\/images_Partner_BL.JPG","type":"image\/jpeg"}],"author":"Jasminko Bijeli\u0107","twitter_card":"summary_large_image","twitter_misc":{"Written by":"Jasminko Bijeli\u0107","Est. reading time":"1 minute"},"schema":{"@context":"https:\/\/schema.org","@graph":[{"@type":"Article","@id":"https:\/\/ic-lotos.org.ba\/sesti-filmski-festival-o-osobama-sa-invaliditetom\/#article","isPartOf":{"@id":"https:\/\/ic-lotos.org.ba\/sesti-filmski-festival-o-osobama-sa-invaliditetom\/"},"author":{"name":"Jasminko Bijeli\u0107","@id":"https:\/\/ic-lotos.org.ba\/#\/schema\/person\/fb1da7c92bc3365aad6d1abac5bfe80a"},"headline":"\u0160ESTI FILMSKI FESTIVAL O OSOBAMA SA INVALIDITETOM","datePublished":"2016-06-06T12:17:38+00:00","mainEntityOfPage":{"@id":"https:\/\/ic-lotos.org.ba\/sesti-filmski-festival-o-osobama-sa-invaliditetom\/"},"wordCount":270,"commentCount":0,"publisher":{"@id":"https:\/\/ic-lotos.org.ba\/#organization"},"image":{"@id":"https:\/\/ic-lotos.org.ba\/sesti-filmski-festival-o-osobama-sa-invaliditetom\/#primaryimage"},"thumbnailUrl":"https:\/\/ic-lotos.org.ba\/wp-content\/uploads\/2016\/06\/images_Partner_BL.JPG","articleSection":["Vijesti"],"inLanguage":"en-US"},{"@type":"WebPage","@id":"https:\/\/ic-lotos.org.ba\/sesti-filmski-festival-o-osobama-sa-invaliditetom\/","url":"https:\/\/ic-lotos.org.ba\/sesti-filmski-festival-o-osobama-sa-invaliditetom\/","name":"\u0160ESTI FILMSKI FESTIVAL O OSOBAMA SA INVALIDITETOM - IC Lotos Tuzla","isPartOf":{"@id":"https:\/\/ic-lotos.org.ba\/#website"},"primaryImageOfPage":{"@id":"https:\/\/ic-lotos.org.ba\/sesti-filmski-festival-o-osobama-sa-invaliditetom\/#primaryimage"},"image":{"@id":"https:\/\/ic-lotos.org.ba\/sesti-filmski-festival-o-osobama-sa-invaliditetom\/#primaryimage"},"thumbnailUrl":"https:\/\/ic-lotos.org.ba\/wp-content\/uploads\/2016\/06\/images_Partner_BL.JPG","datePublished":"2016-06-06T12:17:38+00:00","breadcrumb":{"@id":"https:\/\/ic-lotos.org.ba\/sesti-filmski-festival-o-osobama-sa-invaliditetom\/#breadcrumb"},"inLanguage":"en-US","potentialAction":[{"@type":"ReadAction","target":["https:\/\/ic-lotos.org.ba\/sesti-filmski-festival-o-osobama-sa-invaliditetom\/"]}]},{"@type":"ImageObject","inLanguage":"en-US","@id":"https:\/\/ic-lotos.org.ba\/sesti-filmski-festival-o-osobama-sa-invaliditetom\/#primaryimage","url":"https:\/\/ic-lotos.org.ba\/wp-content\/uploads\/2016\/06\/images_Partner_BL.JPG","contentUrl":"https:\/\/ic-lotos.org.ba\/wp-content\/uploads\/2016\/06\/images_Partner_BL.JPG","width":600,"height":400,"caption":"Partner BL"},{"@type":"BreadcrumbList","@id":"https:\/\/ic-lotos.org.ba\/sesti-filmski-festival-o-osobama-sa-invaliditetom\/#breadcrumb","itemListElement":[{"@type":"ListItem","position":1,"name":"Naslovna","item":"https:\/\/ic-lotos.org.ba\/"},{"@type":"ListItem","position":2,"name":"\u0160ESTI FILMSKI FESTIVAL O OSOBAMA SA INVALIDITETOM"}]},{"@type":"WebSite","@id":"https:\/\/ic-lotos.org.ba\/#website","url":"https:\/\/ic-lotos.org.ba\/","name":"IC Lotos Tuzla","description":"Informativni centar \u201cLotos\u201d okuplja osobe sa ili bez invaliditeta koje su zainteresovane da svojim radom bilo na profesionalnoj ili volonterskoj osnovi doprinesu ostvarivanju misije organizacije.","publisher":{"@id":"https:\/\/ic-lotos.org.ba\/#organization"},"potentialAction":[{"@type":"SearchAction","target":{"@type":"EntryPoint","urlTemplate":"https:\/\/ic-lotos.org.ba\/?s={search_term_string}"},"query-input":{"@type":"PropertyValueSpecification","valueRequired":true,"valueName":"search_term_string"}}],"inLanguage":"en-US"},{"@type":"Organization","@id":"https:\/\/ic-lotos.org.ba\/#organization","name":"IC Lotos Tuzla","url":"https:\/\/ic-lotos.org.ba\/","logo":{"@type":"ImageObject","inLanguage":"en-US","@id":"https:\/\/ic-lotos.org.ba\/#\/schema\/logo\/image\/","url":"https:\/\/ic-lotos.org.ba\/wp-content\/uploads\/2019\/11\/logo.jpg","contentUrl":"https:\/\/ic-lotos.org.ba\/wp-content\/uploads\/2019\/11\/logo.jpg","width":575,"height":623,"caption":"IC Lotos Tuzla"},"image":{"@id":"https:\/\/ic-lotos.org.ba\/#\/schema\/logo\/image\/"},"sameAs":["https:\/\/www.facebook.com\/iclotos\/","https:\/\/www.youtube.com\/feed\/library"]},{"@type":"Person","@id":"https:\/\/ic-lotos.org.ba\/#\/schema\/person\/fb1da7c92bc3365aad6d1abac5bfe80a","name":"Jasminko Bijeli\u0107","image":{"@type":"ImageObject","inLanguage":"en-US","@id":"https:\/\/secure.gravatar.com\/avatar\/d694f8eb6cc3383210938655f7851f13239ed2f29afcf4e787e3c519ba016d67?s=96&d=mm&r=g","url":"https:\/\/secure.gravatar.com\/avatar\/d694f8eb6cc3383210938655f7851f13239ed2f29afcf4e787e3c519ba016d67?s=96&d=mm&r=g","contentUrl":"https:\/\/secure.gravatar.com\/avatar\/d694f8eb6cc3383210938655f7851f13239ed2f29afcf4e787e3c519ba016d67?s=96&d=mm&r=g","caption":"Jasminko Bijeli\u0107"}}]}},"_links":{"self":[{"href":"https:\/\/ic-lotos.org.ba\/en\/wp-json\/wp\/v2\/posts\/11648","targetHints":{"allow":["GET"]}}],"collection":[{"href":"https:\/\/ic-lotos.org.ba\/en\/wp-json\/wp\/v2\/posts"}],"about":[{"href":"https:\/\/ic-lotos.org.ba\/en\/wp-json\/wp\/v2\/types\/post"}],"author":[{"embeddable":true,"href":"https:\/\/ic-lotos.org.ba\/en\/wp-json\/wp\/v2\/users\/5"}],"replies":[{"embeddable":true,"href":"https:\/\/ic-lotos.org.ba\/en\/wp-json\/wp\/v2\/comments?post=11648"}],"version-history":[{"count":0,"href":"https:\/\/ic-lotos.org.ba\/en\/wp-json\/wp\/v2\/posts\/11648\/revisions"}],"wp:featuredmedia":[{"embeddable":true,"href":"https:\/\/ic-lotos.org.ba\/en\/wp-json\/wp\/v2\/media\/11646"}],"wp:attachment":[{"href":"https:\/\/ic-lotos.org.ba\/en\/wp-json\/wp\/v2\/media?parent=11648"}],"wp:term":[{"taxonomy":"category","embeddable":true,"href":"https:\/\/ic-lotos.org.ba\/en\/wp-json\/wp\/v2\/categories?post=11648"},{"taxonomy":"post_tag","embeddable":true,"href":"https:\/\/ic-lotos.org.ba\/en\/wp-json\/wp\/v2\/tags?post=11648"}],"curies":[{"name":"wp","href":"https:\/\/api.w.org\/{rel}","templated":true}]}}