{"id":11607,"date":"2016-04-14T11:26:14","date_gmt":"2016-04-14T11:26:14","guid":{"rendered":"https:\/\/v2.ic-lotos.org.ba\/ponosninasebe-kampanja-za-pravedno-drustvo-i-jednake-mogucnosti-osoba-s-invaliditetom-u-bosni-i-hercegovini-sp-1111865861\/"},"modified":"2016-04-14T11:26:14","modified_gmt":"2016-04-14T11:26:14","slug":"ponosninasebe-kampanja-za-pravedno-drustvo-i-jednake-mogucnosti-osoba-s-invaliditetom-u-bosni-i-hercegovini-sp-1111865861","status":"publish","type":"post","link":"https:\/\/ic-lotos.org.ba\/en\/ponosninasebe-kampanja-za-pravedno-drustvo-i-jednake-mogucnosti-osoba-s-invaliditetom-u-bosni-i-hercegovini-sp-1111865861\/","title":{"rendered":"#PonosniNaSebe &#8211; kampanja za pravedno dru\u0161tvo i jednake mogu\u0107nosti osoba s invaliditetom u Bosni i Hercegovini"},"content":{"rendered":"<p style=\"text-align: left;\"><span style=\"font-family: Arial, sans-serif; font-size: 10pt;\">\u00a0<img decoding=\"async\" class=\"size-full wp-image-11602\" src=\"https:\/\/ic-lotos.org.ba\/wp-content\/uploads\/2016\/04\/images_PonosniNaSebe_Stephen_Hawking.jpg\" alt=\"PonosniNaSebe Stephen Hawking\" width=\"144\" height=\"202\" srcset=\"https:\/\/ic-lotos.org.ba\/wp-content\/uploads\/2016\/04\/images_PonosniNaSebe_Stephen_Hawking.jpg 750w, https:\/\/ic-lotos.org.ba\/wp-content\/uploads\/2016\/04\/images_PonosniNaSebe_Stephen_Hawking-600x839.jpg 600w, https:\/\/ic-lotos.org.ba\/wp-content\/uploads\/2016\/04\/images_PonosniNaSebe_Stephen_Hawking-214x300.jpg 214w, https:\/\/ic-lotos.org.ba\/wp-content\/uploads\/2016\/04\/images_PonosniNaSebe_Stephen_Hawking-732x1024.jpg 732w, https:\/\/ic-lotos.org.ba\/wp-content\/uploads\/2016\/04\/images_PonosniNaSebe_Stephen_Hawking-440x615.jpg 440w\" sizes=\"(max-width: 144px) 100vw, 144px\" \/><\/span><\/p>\n<p style=\"text-align: left;\"><span style=\"font-family: Arial, sans-serif; font-size: 10pt;\">Tuzla, 14\/04\/2016 &#8211; U ime devet organizacija osoba s invaliditetom koje su \u010dlanice Koalicije\u00a0<\/span><span style=\"font-family: Arial, sans-serif; font-size: 10pt; line-height: 1.3em;\">organizacija osoba sa invaliditetom Tuzlanskog kantona, danas su u Tuzli predstavnici Koalicije najavili po\u010detak kampanje #PonosniNaSebe \u010diji je cilj podi\u0107i svijest javnosti i ukazati da su osobe sa invaliditetom jednako sposobne za velika djela i da invaliditet ne mora nu\u017eno sprije\u010diti ljude da ostvare svoje snove. Dokaz za ovo su izuzetne osobe s invaliditetom koje su dale i svakodnevno daju veliki doprinos umjetni\u010dkom, kulturnom\u00a0i nau\u010dnom naslje\u0111u \u010dovje\u010danstva.\u00a0<\/span><span style=\"font-family: Arial, sans-serif; font-size: 10pt;\"><img fetchpriority=\"high\" decoding=\"async\" class=\"size-full wp-image-11604\" src=\"https:\/\/ic-lotos.org.ba\/wp-content\/uploads\/2016\/04\/images_Press_kampanja_PonosniNaSebe_slika_1.JPG\" alt=\"Press kampanja PonosniNaSebe slika 1\" width=\"700\" height=\"524\" srcset=\"https:\/\/ic-lotos.org.ba\/wp-content\/uploads\/2016\/04\/images_Press_kampanja_PonosniNaSebe_slika_1.JPG 950w, https:\/\/ic-lotos.org.ba\/wp-content\/uploads\/2016\/04\/images_Press_kampanja_PonosniNaSebe_slika_1-600x449.jpg 600w, https:\/\/ic-lotos.org.ba\/wp-content\/uploads\/2016\/04\/images_Press_kampanja_PonosniNaSebe_slika_1-300x225.jpg 300w, https:\/\/ic-lotos.org.ba\/wp-content\/uploads\/2016\/04\/images_Press_kampanja_PonosniNaSebe_slika_1-768x575.jpg 768w, https:\/\/ic-lotos.org.ba\/wp-content\/uploads\/2016\/04\/images_Press_kampanja_PonosniNaSebe_slika_1-440x329.jpg 440w\" sizes=\"(max-width: 700px) 100vw, 700px\" \/><\/span><\/p>\n<div style=\"text-align: left;\"><span style=\"font-family: Arial, sans-serif; font-size: 10pt; line-height: 1.3em;\">Kampanja #PonosniNaSebe je prva kampanja koju sprovode organizacije osoba s invaliditetom i<\/span><\/div>\n<div style=\"text-align: left;\"><span style=\"font-family: Arial, sans-serif; font-size: 10pt;\">posve\u0107ena je pravima svih osoba s invaliditetom. Kampanja ima za cilj da kroz razli\u010dite javne aktivnosti u zajednici i putem medija upozna gra\u0111ane\/ke o pravima svih osoba s invaliditetom, o sposobnostima i vrijednostima koje krase osobe s invaliditetom, kako bi se na taj na\u010din sprije\u010dila marginalizacija osoba s invaliditetom i promijenile\u00a0 postoje\u0107e negativne predrasude o ovim gra\u0111anima i gra\u0111ankama. <\/span><\/div>\n<div style=\"text-align: left;\"><span style=\"font-family: Arial, sans-serif; font-size: 10pt;\">Na konferenciji su o ciljevima kampanje i problemima sa kojima se osobe sa invaliditetom svakodnevno susre\u0107u govorili, Suvad Zahirovi\u0107, predsjednik Koalicije organizacija osoba sa invaliditetom TK,\u00a0 Vahid \u0110ulovi\u0107, predsjednik U.G. za uzajamnu pomo\u0107 u du\u0161evnoj nevolji \u201eFenix\u201c TK i Anes Mehi\u0107, \u010dlan UO U.G. paraplegi\u010dara i oboljelih od dje\u010dje paralize Lukavac.<\/span><\/div>\n<div style=\"text-align: left;\"><span style=\"font-family: Arial, sans-serif; font-size: 10pt;\">Osobe s invaliditetom o\u010dekuju da \u0107e kampanjom, uticati i podsta\u0107i predstavnike vlasti na dijalog kako bi na partnerskoj osnovi radili na pobolj\u0161anju po\u0161tovanja prava garantovanih Konvencijom o pravima osoba s invaliditetom, i na taj na\u010din omogu\u0107ili ve\u0107e u\u010de\u0161\u0107e osoba s invaliditetom u dru\u0161tvu.<\/span><\/div>\n<p style=\"text-align: left;\"><span style=\"font-family: Arial, sans-serif; font-size: 10pt;\"><img decoding=\"async\" class=\"size-full wp-image-11605\" src=\"https:\/\/ic-lotos.org.ba\/wp-content\/uploads\/2016\/04\/images_Press_kampanja_PonosniNaSebe_slika_2.JPG\" alt=\"Press kampanja PonosniNaSebe slika 2\" width=\"700\" height=\"525\" srcset=\"https:\/\/ic-lotos.org.ba\/wp-content\/uploads\/2016\/04\/images_Press_kampanja_PonosniNaSebe_slika_2.JPG 950w, https:\/\/ic-lotos.org.ba\/wp-content\/uploads\/2016\/04\/images_Press_kampanja_PonosniNaSebe_slika_2-600x450.jpg 600w, https:\/\/ic-lotos.org.ba\/wp-content\/uploads\/2016\/04\/images_Press_kampanja_PonosniNaSebe_slika_2-300x225.jpg 300w, https:\/\/ic-lotos.org.ba\/wp-content\/uploads\/2016\/04\/images_Press_kampanja_PonosniNaSebe_slika_2-768x576.jpg 768w, https:\/\/ic-lotos.org.ba\/wp-content\/uploads\/2016\/04\/images_Press_kampanja_PonosniNaSebe_slika_2-440x330.jpg 440w\" sizes=\"(max-width: 700px) 100vw, 700px\" \/><\/span><\/p>\n<div style=\"text-align: left;\"><span style=\"font-family: Arial, sans-serif; font-size: 10pt;\">Govore\u0107i o razlozima koji ih spre\u010davaju da u\u010destvuju u dru\u0161tvu na ravnopravan na\u010din, istakli su da je\u00a0<\/span><span style=\"font-family: Arial, sans-serif; font-size: 10pt; line-height: 1.3em;\">nedostupnost i neadekvatnost ortopedskih i drugih pomagala i asistivnih sredstava jedan od najva\u017enijih. Pored o\u010duvanja i unapre\u0111enja zdravlja, ortopedska i druga pomagala su osnovni preduslov za izjedna\u010davanje mogu\u0107nosti osoba s invaliditetom da ravnopravno sa ostalim gra\u0111anima u\u010destvuju u svim aktivnostima i segmentima dru\u0161tva: od odlaska u \u0161kolu, doktoru, u prodavnicu, kod frizera, na posao do aktivnog obavljanja zadataka na radnom mjestu, mogu\u0107nosti da \u010ditaju novine, pi\u0161u,\u00a0 itd.<\/span><\/div>\n<div style=\"text-align: left;\"><span style=\"font-family: Arial, sans-serif; font-size: 10pt;\">Tokom kampanje osobe s invaliditetom \u0107e, kod relevantnih vlasti, zagovarati promjene postoje\u0107ih <\/span><\/div>\n<div style=\"text-align: left;\"><span style=\"font-family: Arial, sans-serif; font-size: 10pt;\">podzakonskih akata koje reguli\u0161u prava na ortopedska i druga pomagala kako bi doveli do izjedna\u010davanja mogu\u0107nosti osoba s invaliditetom i pobolj\u0161anja kvaliteta \u017eivota.\u00a0 <\/span><\/div>\n<div style=\"text-align: left;\"><span style=\"font-family: Arial, sans-serif; font-size: 10pt;\">Zahvaljuju\u0107i organizaciji MyRight koja implementira program ja\u010danja kapaciteta osoba s invaliditetom i\u00a0<\/span><span style=\"font-family: Arial, sans-serif; font-size: 10pt; line-height: 1.3em;\">njihovih organizacija okupljenih u 5 koalicija, kampanja \u0107e se pored Tuzle, sprovoditi jo\u0161 u \u010detiri regije BiH u Bijeljini, Doboju, Mostaru i Sarajevu tokom 2016. godine.<\/span><\/div>\n<div style=\"text-align: left;\"><span style=\"font-family: Arial, sans-serif; font-size: 10pt;\">Na Konferenciji za medije, s ponosom je istaknuto da je i nau\u010dnik Stephen Hawking dao podr\u0161ku <\/span><\/div>\n<div style=\"text-align: left;\"><span style=\"font-family: Arial, sans-serif; font-size: 10pt;\">kampanji #PonosniNaSebe i dao li\u010dnu poruku koja glasi: \u201eAko sam ja, s bole\u0161\u0107u motorike neurona koja me je potpuno paralizirala, uspio u \u017eivotu, onda i drugi mogu.\u201c<\/span><\/div>\n<div style=\"text-align: left;\"><span style=\"font-family: Arial, sans-serif; font-size: 10pt;\">Dana\u0161nja konferencija je prva u nizu aktivnosti kojima \u0107e kampanja javnog zagovaranja #PonosniNaSebe biti predstavljena cjelokupnoj javnosti, pa se ve\u0107 u skoro vrijeme mogu o\u010dekivati i uli\u010dne akcije aktivizma i potpisivanje peticije za izjedna\u010davanje prava osoba sa invaliditetom.<\/span><\/div>\n<div style=\"text-align: left;\"><span style=\"font-family: Arial, sans-serif; font-size: 10pt;\">Predstavnici Koalicije organizacija osoba sa invaliditetom Tuzlanskog kantona pozivaju medije da podr\u017ee kampanju i budu #PonosniNaSebe prikazivanjem promotivnog spota kampanje u svojim programima, uklju\u010divanjem osoba s invaliditetom u okviru izvje\u0161tavanja o svakodnevnim\u00a0 temama i aktuelnostima kao i o napretku zagovara\u010dkih aktivnosti koje \u0107e koalicija voditi s ciljem pobolj\u0161anja ostvarenja prava na ortopedska i druga pomagala i asistivna sredstva.\u00a0<\/span><\/div>\n<p style=\"text-align: left;\"><span style=\"font-family: Arial, sans-serif; font-size: 10pt;\"><img loading=\"lazy\" decoding=\"async\" class=\"size-full wp-image-11606\" src=\"https:\/\/ic-lotos.org.ba\/wp-content\/uploads\/2016\/04\/images_Press_kampanja_PonosniNaSebe_slika_5.JPG\" alt=\"Press kampanja PonosniNaSebe slika 5\" width=\"700\" height=\"525\" srcset=\"https:\/\/ic-lotos.org.ba\/wp-content\/uploads\/2016\/04\/images_Press_kampanja_PonosniNaSebe_slika_5.JPG 750w, https:\/\/ic-lotos.org.ba\/wp-content\/uploads\/2016\/04\/images_Press_kampanja_PonosniNaSebe_slika_5-600x450.jpg 600w, https:\/\/ic-lotos.org.ba\/wp-content\/uploads\/2016\/04\/images_Press_kampanja_PonosniNaSebe_slika_5-300x225.jpg 300w, https:\/\/ic-lotos.org.ba\/wp-content\/uploads\/2016\/04\/images_Press_kampanja_PonosniNaSebe_slika_5-440x330.jpg 440w\" sizes=\"(max-width: 700px) 100vw, 700px\" \/><\/span><\/p>\n<p style=\"text-align: left;\">\u00a0<\/p>\n<hr \/>\n<p style=\"text-align: left;\">\u00a0<\/p>\n<div class=\"gsp_post_data\" \r\n\t            data-post_type=\"post\" \r\n\t            data-cat=\"vijesti\" \r\n\t            data-modified=\"120\"\r\n\t            data-created=\"1460633174\"\r\n\t            data-title=\"#PonosniNaSebe &#8211; kampanja za pravedno dru\u0161tvo i jednake mogu\u0107nosti osoba s invaliditetom u Bosni i Hercegovini\" \r\n\t            data-home=\"https:\/\/ic-lotos.org.ba\/en\"><\/div>","protected":false},"excerpt":{"rendered":"<p>\u00a0 Tuzla, 14\/04\/2016 &#8211; U ime devet organizacija osoba s invaliditetom koje su \u010dlanice Koalicije\u00a0organizacija osoba sa invaliditetom Tuzlanskog kantona, danas su u Tuzli predstavnici Koalicije najavili po\u010detak kampanje #PonosniNaSebe \u010diji je cilj podi\u0107i svijest javnosti i ukazati da su [&hellip;]<\/p>\n","protected":false},"author":5,"featured_media":11601,"comment_status":"open","ping_status":"closed","sticky":false,"template":"","format":"standard","meta":{"footnotes":""},"categories":[65],"tags":[],"class_list":["post-11607","post","type-post","status-publish","format-standard","has-post-thumbnail","hentry","category-vijesti"],"yoast_head":"<!-- This site is optimized with the Yoast SEO plugin v27.5 - https:\/\/yoast.com\/product\/yoast-seo-wordpress\/ -->\n<title>#PonosniNaSebe - kampanja za pravedno dru\u0161tvo i jednake mogu\u0107nosti osoba s invaliditetom u Bosni i Hercegovini - IC Lotos Tuzla<\/title>\n<meta name=\"robots\" content=\"index, follow, max-snippet:-1, max-image-preview:large, max-video-preview:-1\" \/>\n<link rel=\"canonical\" href=\"https:\/\/ic-lotos.org.ba\/en\/ponosninasebe-kampanja-za-pravedno-drustvo-i-jednake-mogucnosti-osoba-s-invaliditetom-u-bosni-i-hercegovini-sp-1111865861\/\" \/>\n<meta property=\"og:locale\" content=\"en_US\" \/>\n<meta property=\"og:type\" content=\"article\" \/>\n<meta property=\"og:title\" content=\"#PonosniNaSebe - kampanja za pravedno dru\u0161tvo i jednake mogu\u0107nosti osoba s invaliditetom u Bosni i Hercegovini - IC Lotos Tuzla\" \/>\n<meta property=\"og:description\" content=\"\u00a0 Tuzla, 14\/04\/2016 &#8211; U ime devet organizacija osoba s invaliditetom koje su \u010dlanice Koalicije\u00a0organizacija osoba sa invaliditetom Tuzlanskog kantona, danas su u Tuzli predstavnici Koalicije najavili po\u010detak kampanje #PonosniNaSebe \u010diji je cilj podi\u0107i svijest javnosti i ukazati da su [&hellip;]\" \/>\n<meta property=\"og:url\" content=\"https:\/\/ic-lotos.org.ba\/en\/ponosninasebe-kampanja-za-pravedno-drustvo-i-jednake-mogucnosti-osoba-s-invaliditetom-u-bosni-i-hercegovini-sp-1111865861\/\" \/>\n<meta property=\"og:site_name\" content=\"IC Lotos Tuzla\" \/>\n<meta property=\"article:publisher\" content=\"https:\/\/www.facebook.com\/iclotos\/\" \/>\n<meta property=\"article:published_time\" content=\"2016-04-14T11:26:14+00:00\" \/>\n<meta property=\"og:image\" content=\"https:\/\/ic-lotos.org.ba\/wp-content\/uploads\/2016\/04\/images_Ponosni_na_sebe.jpg\" \/>\n\t<meta property=\"og:image:width\" content=\"539\" \/>\n\t<meta property=\"og:image:height\" content=\"532\" \/>\n\t<meta property=\"og:image:type\" content=\"image\/jpeg\" \/>\n<meta name=\"author\" content=\"Jasminko Bijeli\u0107\" \/>\n<meta name=\"twitter:card\" content=\"summary_large_image\" \/>\n<meta name=\"twitter:label1\" content=\"Written by\" \/>\n\t<meta name=\"twitter:data1\" content=\"Jasminko Bijeli\u0107\" \/>\n\t<meta name=\"twitter:label2\" content=\"Est. reading time\" \/>\n\t<meta name=\"twitter:data2\" content=\"3 minutes\" \/>\n<script type=\"application\/ld+json\" class=\"yoast-schema-graph\">{\"@context\":\"https:\\\/\\\/schema.org\",\"@graph\":[{\"@type\":\"Article\",\"@id\":\"https:\\\/\\\/ic-lotos.org.ba\\\/ponosninasebe-kampanja-za-pravedno-drustvo-i-jednake-mogucnosti-osoba-s-invaliditetom-u-bosni-i-hercegovini-sp-1111865861\\\/#article\",\"isPartOf\":{\"@id\":\"https:\\\/\\\/ic-lotos.org.ba\\\/ponosninasebe-kampanja-za-pravedno-drustvo-i-jednake-mogucnosti-osoba-s-invaliditetom-u-bosni-i-hercegovini-sp-1111865861\\\/\"},\"author\":{\"name\":\"Jasminko Bijeli\u0107\",\"@id\":\"https:\\\/\\\/ic-lotos.org.ba\\\/#\\\/schema\\\/person\\\/fb1da7c92bc3365aad6d1abac5bfe80a\"},\"headline\":\"#PonosniNaSebe &#8211; kampanja za pravedno dru\u0161tvo i jednake mogu\u0107nosti osoba s invaliditetom u Bosni i Hercegovini\",\"datePublished\":\"2016-04-14T11:26:14+00:00\",\"mainEntityOfPage\":{\"@id\":\"https:\\\/\\\/ic-lotos.org.ba\\\/ponosninasebe-kampanja-za-pravedno-drustvo-i-jednake-mogucnosti-osoba-s-invaliditetom-u-bosni-i-hercegovini-sp-1111865861\\\/\"},\"wordCount\":626,\"commentCount\":0,\"publisher\":{\"@id\":\"https:\\\/\\\/ic-lotos.org.ba\\\/#organization\"},\"image\":{\"@id\":\"https:\\\/\\\/ic-lotos.org.ba\\\/ponosninasebe-kampanja-za-pravedno-drustvo-i-jednake-mogucnosti-osoba-s-invaliditetom-u-bosni-i-hercegovini-sp-1111865861\\\/#primaryimage\"},\"thumbnailUrl\":\"https:\\\/\\\/ic-lotos.org.ba\\\/wp-content\\\/uploads\\\/2016\\\/04\\\/images_Ponosni_na_sebe.jpg\",\"articleSection\":[\"Vijesti\"],\"inLanguage\":\"en-US\"},{\"@type\":\"WebPage\",\"@id\":\"https:\\\/\\\/ic-lotos.org.ba\\\/ponosninasebe-kampanja-za-pravedno-drustvo-i-jednake-mogucnosti-osoba-s-invaliditetom-u-bosni-i-hercegovini-sp-1111865861\\\/\",\"url\":\"https:\\\/\\\/ic-lotos.org.ba\\\/ponosninasebe-kampanja-za-pravedno-drustvo-i-jednake-mogucnosti-osoba-s-invaliditetom-u-bosni-i-hercegovini-sp-1111865861\\\/\",\"name\":\"#PonosniNaSebe - kampanja za pravedno dru\u0161tvo i jednake mogu\u0107nosti osoba s invaliditetom u Bosni i Hercegovini - IC Lotos Tuzla\",\"isPartOf\":{\"@id\":\"https:\\\/\\\/ic-lotos.org.ba\\\/#website\"},\"primaryImageOfPage\":{\"@id\":\"https:\\\/\\\/ic-lotos.org.ba\\\/ponosninasebe-kampanja-za-pravedno-drustvo-i-jednake-mogucnosti-osoba-s-invaliditetom-u-bosni-i-hercegovini-sp-1111865861\\\/#primaryimage\"},\"image\":{\"@id\":\"https:\\\/\\\/ic-lotos.org.ba\\\/ponosninasebe-kampanja-za-pravedno-drustvo-i-jednake-mogucnosti-osoba-s-invaliditetom-u-bosni-i-hercegovini-sp-1111865861\\\/#primaryimage\"},\"thumbnailUrl\":\"https:\\\/\\\/ic-lotos.org.ba\\\/wp-content\\\/uploads\\\/2016\\\/04\\\/images_Ponosni_na_sebe.jpg\",\"datePublished\":\"2016-04-14T11:26:14+00:00\",\"breadcrumb\":{\"@id\":\"https:\\\/\\\/ic-lotos.org.ba\\\/ponosninasebe-kampanja-za-pravedno-drustvo-i-jednake-mogucnosti-osoba-s-invaliditetom-u-bosni-i-hercegovini-sp-1111865861\\\/#breadcrumb\"},\"inLanguage\":\"en-US\",\"potentialAction\":[{\"@type\":\"ReadAction\",\"target\":[\"https:\\\/\\\/ic-lotos.org.ba\\\/ponosninasebe-kampanja-za-pravedno-drustvo-i-jednake-mogucnosti-osoba-s-invaliditetom-u-bosni-i-hercegovini-sp-1111865861\\\/\"]}]},{\"@type\":\"ImageObject\",\"inLanguage\":\"en-US\",\"@id\":\"https:\\\/\\\/ic-lotos.org.ba\\\/ponosninasebe-kampanja-za-pravedno-drustvo-i-jednake-mogucnosti-osoba-s-invaliditetom-u-bosni-i-hercegovini-sp-1111865861\\\/#primaryimage\",\"url\":\"https:\\\/\\\/ic-lotos.org.ba\\\/wp-content\\\/uploads\\\/2016\\\/04\\\/images_Ponosni_na_sebe.jpg\",\"contentUrl\":\"https:\\\/\\\/ic-lotos.org.ba\\\/wp-content\\\/uploads\\\/2016\\\/04\\\/images_Ponosni_na_sebe.jpg\",\"width\":539,\"height\":532,\"caption\":\"Ponosni na sebe\"},{\"@type\":\"BreadcrumbList\",\"@id\":\"https:\\\/\\\/ic-lotos.org.ba\\\/ponosninasebe-kampanja-za-pravedno-drustvo-i-jednake-mogucnosti-osoba-s-invaliditetom-u-bosni-i-hercegovini-sp-1111865861\\\/#breadcrumb\",\"itemListElement\":[{\"@type\":\"ListItem\",\"position\":1,\"name\":\"Naslovna\",\"item\":\"https:\\\/\\\/ic-lotos.org.ba\\\/\"},{\"@type\":\"ListItem\",\"position\":2,\"name\":\"#PonosniNaSebe &#8211; kampanja za pravedno dru\u0161tvo i jednake mogu\u0107nosti osoba s invaliditetom u Bosni i Hercegovini\"}]},{\"@type\":\"WebSite\",\"@id\":\"https:\\\/\\\/ic-lotos.org.ba\\\/#website\",\"url\":\"https:\\\/\\\/ic-lotos.org.ba\\\/\",\"name\":\"IC Lotos Tuzla\",\"description\":\"Informativni centar \u201cLotos\u201d okuplja osobe sa ili bez invaliditeta koje su zainteresovane da svojim radom bilo na profesionalnoj ili volonterskoj osnovi doprinesu ostvarivanju misije organizacije.\",\"publisher\":{\"@id\":\"https:\\\/\\\/ic-lotos.org.ba\\\/#organization\"},\"potentialAction\":[{\"@type\":\"SearchAction\",\"target\":{\"@type\":\"EntryPoint\",\"urlTemplate\":\"https:\\\/\\\/ic-lotos.org.ba\\\/?s={search_term_string}\"},\"query-input\":{\"@type\":\"PropertyValueSpecification\",\"valueRequired\":true,\"valueName\":\"search_term_string\"}}],\"inLanguage\":\"en-US\"},{\"@type\":\"Organization\",\"@id\":\"https:\\\/\\\/ic-lotos.org.ba\\\/#organization\",\"name\":\"IC Lotos Tuzla\",\"url\":\"https:\\\/\\\/ic-lotos.org.ba\\\/\",\"logo\":{\"@type\":\"ImageObject\",\"inLanguage\":\"en-US\",\"@id\":\"https:\\\/\\\/ic-lotos.org.ba\\\/#\\\/schema\\\/logo\\\/image\\\/\",\"url\":\"https:\\\/\\\/ic-lotos.org.ba\\\/wp-content\\\/uploads\\\/2019\\\/11\\\/logo.jpg\",\"contentUrl\":\"https:\\\/\\\/ic-lotos.org.ba\\\/wp-content\\\/uploads\\\/2019\\\/11\\\/logo.jpg\",\"width\":575,\"height\":623,\"caption\":\"IC Lotos Tuzla\"},\"image\":{\"@id\":\"https:\\\/\\\/ic-lotos.org.ba\\\/#\\\/schema\\\/logo\\\/image\\\/\"},\"sameAs\":[\"https:\\\/\\\/www.facebook.com\\\/iclotos\\\/\",\"https:\\\/\\\/www.youtube.com\\\/feed\\\/library\"]},{\"@type\":\"Person\",\"@id\":\"https:\\\/\\\/ic-lotos.org.ba\\\/#\\\/schema\\\/person\\\/fb1da7c92bc3365aad6d1abac5bfe80a\",\"name\":\"Jasminko Bijeli\u0107\",\"image\":{\"@type\":\"ImageObject\",\"inLanguage\":\"en-US\",\"@id\":\"https:\\\/\\\/secure.gravatar.com\\\/avatar\\\/d694f8eb6cc3383210938655f7851f13239ed2f29afcf4e787e3c519ba016d67?s=96&d=mm&r=g\",\"url\":\"https:\\\/\\\/secure.gravatar.com\\\/avatar\\\/d694f8eb6cc3383210938655f7851f13239ed2f29afcf4e787e3c519ba016d67?s=96&d=mm&r=g\",\"contentUrl\":\"https:\\\/\\\/secure.gravatar.com\\\/avatar\\\/d694f8eb6cc3383210938655f7851f13239ed2f29afcf4e787e3c519ba016d67?s=96&d=mm&r=g\",\"caption\":\"Jasminko Bijeli\u0107\"}}]}<\/script>\n<!-- \/ Yoast SEO plugin. -->","yoast_head_json":{"title":"#PonosniNaSebe - kampanja za pravedno dru\u0161tvo i jednake mogu\u0107nosti osoba s invaliditetom u Bosni i Hercegovini - IC Lotos Tuzla","robots":{"index":"index","follow":"follow","max-snippet":"max-snippet:-1","max-image-preview":"max-image-preview:large","max-video-preview":"max-video-preview:-1"},"canonical":"https:\/\/ic-lotos.org.ba\/en\/ponosninasebe-kampanja-za-pravedno-drustvo-i-jednake-mogucnosti-osoba-s-invaliditetom-u-bosni-i-hercegovini-sp-1111865861\/","og_locale":"en_US","og_type":"article","og_title":"#PonosniNaSebe - kampanja za pravedno dru\u0161tvo i jednake mogu\u0107nosti osoba s invaliditetom u Bosni i Hercegovini - IC Lotos Tuzla","og_description":"\u00a0 Tuzla, 14\/04\/2016 &#8211; U ime devet organizacija osoba s invaliditetom koje su \u010dlanice Koalicije\u00a0organizacija osoba sa invaliditetom Tuzlanskog kantona, danas su u Tuzli predstavnici Koalicije najavili po\u010detak kampanje #PonosniNaSebe \u010diji je cilj podi\u0107i svijest javnosti i ukazati da su [&hellip;]","og_url":"https:\/\/ic-lotos.org.ba\/en\/ponosninasebe-kampanja-za-pravedno-drustvo-i-jednake-mogucnosti-osoba-s-invaliditetom-u-bosni-i-hercegovini-sp-1111865861\/","og_site_name":"IC Lotos Tuzla","article_publisher":"https:\/\/www.facebook.com\/iclotos\/","article_published_time":"2016-04-14T11:26:14+00:00","og_image":[{"width":539,"height":532,"url":"https:\/\/ic-lotos.org.ba\/wp-content\/uploads\/2016\/04\/images_Ponosni_na_sebe.jpg","type":"image\/jpeg"}],"author":"Jasminko Bijeli\u0107","twitter_card":"summary_large_image","twitter_misc":{"Written by":"Jasminko Bijeli\u0107","Est. reading time":"3 minutes"},"schema":{"@context":"https:\/\/schema.org","@graph":[{"@type":"Article","@id":"https:\/\/ic-lotos.org.ba\/ponosninasebe-kampanja-za-pravedno-drustvo-i-jednake-mogucnosti-osoba-s-invaliditetom-u-bosni-i-hercegovini-sp-1111865861\/#article","isPartOf":{"@id":"https:\/\/ic-lotos.org.ba\/ponosninasebe-kampanja-za-pravedno-drustvo-i-jednake-mogucnosti-osoba-s-invaliditetom-u-bosni-i-hercegovini-sp-1111865861\/"},"author":{"name":"Jasminko Bijeli\u0107","@id":"https:\/\/ic-lotos.org.ba\/#\/schema\/person\/fb1da7c92bc3365aad6d1abac5bfe80a"},"headline":"#PonosniNaSebe &#8211; kampanja za pravedno dru\u0161tvo i jednake mogu\u0107nosti osoba s invaliditetom u Bosni i Hercegovini","datePublished":"2016-04-14T11:26:14+00:00","mainEntityOfPage":{"@id":"https:\/\/ic-lotos.org.ba\/ponosninasebe-kampanja-za-pravedno-drustvo-i-jednake-mogucnosti-osoba-s-invaliditetom-u-bosni-i-hercegovini-sp-1111865861\/"},"wordCount":626,"commentCount":0,"publisher":{"@id":"https:\/\/ic-lotos.org.ba\/#organization"},"image":{"@id":"https:\/\/ic-lotos.org.ba\/ponosninasebe-kampanja-za-pravedno-drustvo-i-jednake-mogucnosti-osoba-s-invaliditetom-u-bosni-i-hercegovini-sp-1111865861\/#primaryimage"},"thumbnailUrl":"https:\/\/ic-lotos.org.ba\/wp-content\/uploads\/2016\/04\/images_Ponosni_na_sebe.jpg","articleSection":["Vijesti"],"inLanguage":"en-US"},{"@type":"WebPage","@id":"https:\/\/ic-lotos.org.ba\/ponosninasebe-kampanja-za-pravedno-drustvo-i-jednake-mogucnosti-osoba-s-invaliditetom-u-bosni-i-hercegovini-sp-1111865861\/","url":"https:\/\/ic-lotos.org.ba\/ponosninasebe-kampanja-za-pravedno-drustvo-i-jednake-mogucnosti-osoba-s-invaliditetom-u-bosni-i-hercegovini-sp-1111865861\/","name":"#PonosniNaSebe - kampanja za pravedno dru\u0161tvo i jednake mogu\u0107nosti osoba s invaliditetom u Bosni i Hercegovini - IC Lotos Tuzla","isPartOf":{"@id":"https:\/\/ic-lotos.org.ba\/#website"},"primaryImageOfPage":{"@id":"https:\/\/ic-lotos.org.ba\/ponosninasebe-kampanja-za-pravedno-drustvo-i-jednake-mogucnosti-osoba-s-invaliditetom-u-bosni-i-hercegovini-sp-1111865861\/#primaryimage"},"image":{"@id":"https:\/\/ic-lotos.org.ba\/ponosninasebe-kampanja-za-pravedno-drustvo-i-jednake-mogucnosti-osoba-s-invaliditetom-u-bosni-i-hercegovini-sp-1111865861\/#primaryimage"},"thumbnailUrl":"https:\/\/ic-lotos.org.ba\/wp-content\/uploads\/2016\/04\/images_Ponosni_na_sebe.jpg","datePublished":"2016-04-14T11:26:14+00:00","breadcrumb":{"@id":"https:\/\/ic-lotos.org.ba\/ponosninasebe-kampanja-za-pravedno-drustvo-i-jednake-mogucnosti-osoba-s-invaliditetom-u-bosni-i-hercegovini-sp-1111865861\/#breadcrumb"},"inLanguage":"en-US","potentialAction":[{"@type":"ReadAction","target":["https:\/\/ic-lotos.org.ba\/ponosninasebe-kampanja-za-pravedno-drustvo-i-jednake-mogucnosti-osoba-s-invaliditetom-u-bosni-i-hercegovini-sp-1111865861\/"]}]},{"@type":"ImageObject","inLanguage":"en-US","@id":"https:\/\/ic-lotos.org.ba\/ponosninasebe-kampanja-za-pravedno-drustvo-i-jednake-mogucnosti-osoba-s-invaliditetom-u-bosni-i-hercegovini-sp-1111865861\/#primaryimage","url":"https:\/\/ic-lotos.org.ba\/wp-content\/uploads\/2016\/04\/images_Ponosni_na_sebe.jpg","contentUrl":"https:\/\/ic-lotos.org.ba\/wp-content\/uploads\/2016\/04\/images_Ponosni_na_sebe.jpg","width":539,"height":532,"caption":"Ponosni na sebe"},{"@type":"BreadcrumbList","@id":"https:\/\/ic-lotos.org.ba\/ponosninasebe-kampanja-za-pravedno-drustvo-i-jednake-mogucnosti-osoba-s-invaliditetom-u-bosni-i-hercegovini-sp-1111865861\/#breadcrumb","itemListElement":[{"@type":"ListItem","position":1,"name":"Naslovna","item":"https:\/\/ic-lotos.org.ba\/"},{"@type":"ListItem","position":2,"name":"#PonosniNaSebe &#8211; kampanja za pravedno dru\u0161tvo i jednake mogu\u0107nosti osoba s invaliditetom u Bosni i Hercegovini"}]},{"@type":"WebSite","@id":"https:\/\/ic-lotos.org.ba\/#website","url":"https:\/\/ic-lotos.org.ba\/","name":"IC Lotos Tuzla","description":"Informativni centar \u201cLotos\u201d okuplja osobe sa ili bez invaliditeta koje su zainteresovane da svojim radom bilo na profesionalnoj ili volonterskoj osnovi doprinesu ostvarivanju misije organizacije.","publisher":{"@id":"https:\/\/ic-lotos.org.ba\/#organization"},"potentialAction":[{"@type":"SearchAction","target":{"@type":"EntryPoint","urlTemplate":"https:\/\/ic-lotos.org.ba\/?s={search_term_string}"},"query-input":{"@type":"PropertyValueSpecification","valueRequired":true,"valueName":"search_term_string"}}],"inLanguage":"en-US"},{"@type":"Organization","@id":"https:\/\/ic-lotos.org.ba\/#organization","name":"IC Lotos Tuzla","url":"https:\/\/ic-lotos.org.ba\/","logo":{"@type":"ImageObject","inLanguage":"en-US","@id":"https:\/\/ic-lotos.org.ba\/#\/schema\/logo\/image\/","url":"https:\/\/ic-lotos.org.ba\/wp-content\/uploads\/2019\/11\/logo.jpg","contentUrl":"https:\/\/ic-lotos.org.ba\/wp-content\/uploads\/2019\/11\/logo.jpg","width":575,"height":623,"caption":"IC Lotos Tuzla"},"image":{"@id":"https:\/\/ic-lotos.org.ba\/#\/schema\/logo\/image\/"},"sameAs":["https:\/\/www.facebook.com\/iclotos\/","https:\/\/www.youtube.com\/feed\/library"]},{"@type":"Person","@id":"https:\/\/ic-lotos.org.ba\/#\/schema\/person\/fb1da7c92bc3365aad6d1abac5bfe80a","name":"Jasminko Bijeli\u0107","image":{"@type":"ImageObject","inLanguage":"en-US","@id":"https:\/\/secure.gravatar.com\/avatar\/d694f8eb6cc3383210938655f7851f13239ed2f29afcf4e787e3c519ba016d67?s=96&d=mm&r=g","url":"https:\/\/secure.gravatar.com\/avatar\/d694f8eb6cc3383210938655f7851f13239ed2f29afcf4e787e3c519ba016d67?s=96&d=mm&r=g","contentUrl":"https:\/\/secure.gravatar.com\/avatar\/d694f8eb6cc3383210938655f7851f13239ed2f29afcf4e787e3c519ba016d67?s=96&d=mm&r=g","caption":"Jasminko Bijeli\u0107"}}]}},"_links":{"self":[{"href":"https:\/\/ic-lotos.org.ba\/en\/wp-json\/wp\/v2\/posts\/11607","targetHints":{"allow":["GET"]}}],"collection":[{"href":"https:\/\/ic-lotos.org.ba\/en\/wp-json\/wp\/v2\/posts"}],"about":[{"href":"https:\/\/ic-lotos.org.ba\/en\/wp-json\/wp\/v2\/types\/post"}],"author":[{"embeddable":true,"href":"https:\/\/ic-lotos.org.ba\/en\/wp-json\/wp\/v2\/users\/5"}],"replies":[{"embeddable":true,"href":"https:\/\/ic-lotos.org.ba\/en\/wp-json\/wp\/v2\/comments?post=11607"}],"version-history":[{"count":0,"href":"https:\/\/ic-lotos.org.ba\/en\/wp-json\/wp\/v2\/posts\/11607\/revisions"}],"wp:featuredmedia":[{"embeddable":true,"href":"https:\/\/ic-lotos.org.ba\/en\/wp-json\/wp\/v2\/media\/11601"}],"wp:attachment":[{"href":"https:\/\/ic-lotos.org.ba\/en\/wp-json\/wp\/v2\/media?parent=11607"}],"wp:term":[{"taxonomy":"category","embeddable":true,"href":"https:\/\/ic-lotos.org.ba\/en\/wp-json\/wp\/v2\/categories?post=11607"},{"taxonomy":"post_tag","embeddable":true,"href":"https:\/\/ic-lotos.org.ba\/en\/wp-json\/wp\/v2\/tags?post=11607"}],"curies":[{"name":"wp","href":"https:\/\/api.w.org\/{rel}","templated":true}]}}