{"id":11545,"date":"2015-12-04T08:33:16","date_gmt":"2015-12-04T08:33:16","guid":{"rendered":"https:\/\/v2.ic-lotos.org.ba\/obiljezen-medjunarodni-dan-osoba-s-invaliditetom\/"},"modified":"2015-12-04T08:33:16","modified_gmt":"2015-12-04T08:33:16","slug":"obiljezen-medjunarodni-dan-osoba-s-invaliditetom","status":"publish","type":"post","link":"https:\/\/ic-lotos.org.ba\/en\/obiljezen-medjunarodni-dan-osoba-s-invaliditetom\/","title":{"rendered":"Obilje\u017een Me\u0111unarodni dan osoba s invaliditetom"},"content":{"rendered":"<p style=\"margin-bottom: 0.0001pt; line-height: normal; text-align: left; background-image: initial; background-attachment: initial; background-position: initial; background-repeat: initial;\"><span style=\"font-size: 10pt; font-family: Arial, sans-serif; color: black;\">Tre\u0107i decembar, Me\u0111unarodni dan osoba sa invaliditetom povod je da se na razli\u010dite na\u010dine uka\u017ee na odnos dru\u0161tva prema vi\u0161e od tristo pedeset hiljada osoba sa invaliditetom od kojih ve\u0107ina pripada najugro\u017eenijoj i najsiroma\u0161nijoj grupi stanovnika Bosne i Hercegovine. Tim povodom ju\u010der je u Hotelu Tuzla Informativni centar za osobe sa invaliditetom &#8220;Lotos&#8221;, u saradnji sa Koalicijom organizacija osoba sa invaliditetom Tuzlanskog kantona, tradicionalno, organizovao prijem za predstavnike institucija vlasti, nevladinih organizacija, medija i drugih.<\/span><\/p>\n<p style=\"margin-bottom: 0.0001pt; line-height: normal; text-align: left; background-image: initial; background-attachment: initial; background-position: initial; background-repeat: initial;\"><span style=\"font-size: 10pt; font-family: Arial, sans-serif; color: black;\"><\/span><\/p>\n<p style=\"margin-bottom: 0.0001pt; line-height: normal; text-align: left; background-image: initial; background-attachment: initial; background-position: initial; background-repeat: initial;\">\u00a0<\/p>\n<p style=\"text-align: left;\"><span style=\"font-size: 10pt;\"><span style=\"line-height: 107%; font-family: Arial, sans-serif; color: black; background-image: initial; background-attachment: initial; background-position: initial; background-repeat: initial;\">Cilj odr\u017eavanja ove manifestacije je da organizacije osoba sa invaliditetom prezentiraju svoj rad u prethodnoj godini, te da se aktualiziraju problemi i teme na kojima bi se u narednom periodu moralo vi\u0161e raditi, a kako bi kvalitet \u017eivota i uklju\u010denost u dru\u0161tvo pojedinaca sa invaliditetom bio promijenjen na bolje.<\/span><span style=\"line-height: 107%; font-family: Arial, sans-serif; color: black;\"><\/p>\n<p> <span style=\"background-image: initial; background-attachment: initial; background-position: initial; background-repeat: initial;\">Suvad Zahirovi\u0107, direktor Informativnog centra za osobe s invaliditetom &#8220;Lotos&#8221; naglasio je da su osobe sa invaliditetom i dalje najsiroma\u0161nija, najisklju\u010denija i najdiskriminisanija grupa gra\u0111ana i suo\u010davaju se sa nizom prepreka koje proizvodi dru\u0161tvo, a koje ih onemogu\u0107avaju u u\u017eivanju ljudskih prava i sprje\u010davaju njihovu uklju\u010denost u aktivnosti zajednice.<\/span><\/p>\n<p> <span style=\"background-image: initial; background-attachment: initial; background-position: initial; background-repeat: initial;\">&#8211; Trenutno je u proceduri zakon o jedinstvenom registru osoba s invaliditetom u FBiH i vjerujemo da \u0107e on dati jasniju sliku ove kategorije ljudi. Prema procjeni Svjetske zdravstvene organizacije oko 15 posto od ukupne populacije na nekom prostoru su invalidne osobe. Po tome oko 70 hiljada ljudi s podru\u010dja na\u0161eg Kantonu pripadaju ovoj kategoriji &#8211; kazao je Zahirovi\u0107.<\/span><\/span><\/span><\/p>\n<p style=\"text-align: left;\"><span style=\"font-size: 10pt;\"><span style=\"line-height: 107%; font-family: Arial, sans-serif; color: black;\"><span style=\"background-image: initial; background-attachment: initial; background-position: initial; background-repeat: initial;\"><img fetchpriority=\"high\" decoding=\"async\" width=\"700\" height=\"464\" class=\"size-full wp-image-11544\" src=\"https:\/\/ic-lotos.org.ba\/wp-content\/uploads\/2015\/12\/images_3._decembar_2015_slika_2.jpg\" alt=\"3. decembar 2015 slika 2\" srcset=\"https:\/\/ic-lotos.org.ba\/wp-content\/uploads\/2015\/12\/images_3._decembar_2015_slika_2.jpg 700w, https:\/\/ic-lotos.org.ba\/wp-content\/uploads\/2015\/12\/images_3._decembar_2015_slika_2-600x398.jpg 600w, https:\/\/ic-lotos.org.ba\/wp-content\/uploads\/2015\/12\/images_3._decembar_2015_slika_2-300x199.jpg 300w, https:\/\/ic-lotos.org.ba\/wp-content\/uploads\/2015\/12\/images_3._decembar_2015_slika_2-440x292.jpg 440w\" sizes=\"(max-width: 700px) 100vw, 700px\" \/><\/span><\/span><\/span><\/p>\n<p style=\"text-align: left;\">\u00a0<\/p>\n<p style=\"margin-bottom: 0.0001pt; line-height: normal; text-align: left; background-image: initial; background-attachment: initial; background-position: initial; background-repeat: initial;\"><span style=\"font-size: 10pt; font-family: Arial, sans-serif; color: black;\">U sklopu prijema organizovana je i prodajna izlo\u017eba osoba sa invaliditetom, koji su na ovaj na\u010din poslali poruku da se vlastitim aktivizmom gradi bolja budu\u0107nost. Na izlo\u017ebi su se na\u0161li ru\u010dni radovi: ukrasne kutije od keramike, svilene marama, slika na staklu, ukrasni ramovi, ukrasne \u0161olje, svije\u0107njaci, mirisni sapuni i svije\u0107e, kutije za nakit, magneti, ogrlice, \u010destitke, ru\u010dno bojene figure&#8230;\u00a0<\/p>\n<p> S.P.<\/span><\/p>\n<p style=\"line-height: normal; text-align: left; background-image: initial; background-attachment: initial; background-position: initial; background-repeat: initial;\"><span style=\"font-size: 10pt; font-family: Arial, sans-serif; color: black;\">Preuzeto sa (tuzlarije.net) \u00a0<\/span><\/p>\n<p style=\"line-height: normal; text-align: left; background-image: initial; background-attachment: initial; background-position: initial; background-repeat: initial;\">\u00a0<\/p>\n<p style=\"line-height: normal; text-align: left; background-image: initial; background-attachment: initial; background-position: initial; background-repeat: initial;\"><span>Vi\u0161e fotografija sa ovog doga\u0111aja mo\u017eete prona\u0107i na na\u0161oj <a href=\"https:\/\/www.facebook.com\/profile.php?id=100007544791212\" target=\"_blank\" rel=\"noopener\">Facebook<\/a> page.<\/span><\/p>\n<hr \/>\n<p style=\"line-height: normal; text-align: left; background-image: initial; background-attachment: initial; background-position: initial; background-repeat: initial;\">\u00a0<\/p>\n<div class=\"gsp_post_data\" \r\n\t            data-post_type=\"post\" \r\n\t            data-cat=\"vijesti\" \r\n\t            data-modified=\"120\"\r\n\t            data-created=\"1449217996\"\r\n\t            data-title=\"Obilje\u017een Me\u0111unarodni dan osoba s invaliditetom\" \r\n\t            data-home=\"https:\/\/ic-lotos.org.ba\/en\"><\/div>","protected":false},"excerpt":{"rendered":"<p>Tre\u0107i decembar, Me\u0111unarodni dan osoba sa invaliditetom povod je da se na razli\u010dite na\u010dine uka\u017ee na odnos dru\u0161tva prema vi\u0161e od tristo pedeset hiljada osoba sa invaliditetom od kojih ve\u0107ina pripada najugro\u017eenijoj i najsiroma\u0161nijoj grupi stanovnika Bosne i Hercegovine. Tim [&hellip;]<\/p>\n","protected":false},"author":5,"featured_media":11543,"comment_status":"open","ping_status":"closed","sticky":false,"template":"","format":"standard","meta":{"footnotes":""},"categories":[65],"tags":[],"class_list":["post-11545","post","type-post","status-publish","format-standard","has-post-thumbnail","hentry","category-vijesti"],"yoast_head":"<!-- This site is optimized with the Yoast SEO plugin v27.5 - https:\/\/yoast.com\/product\/yoast-seo-wordpress\/ -->\n<title>Obilje\u017een Me\u0111unarodni dan osoba s invaliditetom - IC Lotos Tuzla<\/title>\n<meta name=\"robots\" content=\"index, follow, max-snippet:-1, max-image-preview:large, max-video-preview:-1\" \/>\n<link rel=\"canonical\" href=\"https:\/\/ic-lotos.org.ba\/en\/obiljezen-medjunarodni-dan-osoba-s-invaliditetom\/\" \/>\n<meta property=\"og:locale\" content=\"en_US\" \/>\n<meta property=\"og:type\" content=\"article\" \/>\n<meta property=\"og:title\" content=\"Obilje\u017een Me\u0111unarodni dan osoba s invaliditetom - IC Lotos Tuzla\" \/>\n<meta property=\"og:description\" content=\"Tre\u0107i decembar, Me\u0111unarodni dan osoba sa invaliditetom povod je da se na razli\u010dite na\u010dine uka\u017ee na odnos dru\u0161tva prema vi\u0161e od tristo pedeset hiljada osoba sa invaliditetom od kojih ve\u0107ina pripada najugro\u017eenijoj i najsiroma\u0161nijoj grupi stanovnika Bosne i Hercegovine. Tim [&hellip;]\" \/>\n<meta property=\"og:url\" content=\"https:\/\/ic-lotos.org.ba\/en\/obiljezen-medjunarodni-dan-osoba-s-invaliditetom\/\" \/>\n<meta property=\"og:site_name\" content=\"IC Lotos Tuzla\" \/>\n<meta property=\"article:publisher\" content=\"https:\/\/www.facebook.com\/iclotos\/\" \/>\n<meta property=\"article:published_time\" content=\"2015-12-04T08:33:16+00:00\" \/>\n<meta property=\"og:image\" content=\"https:\/\/ic-lotos.org.ba\/wp-content\/uploads\/2015\/12\/images_3._decembar_2015_slika_1.jpg\" \/>\n\t<meta property=\"og:image:width\" content=\"700\" \/>\n\t<meta property=\"og:image:height\" content=\"464\" \/>\n\t<meta property=\"og:image:type\" content=\"image\/jpeg\" \/>\n<meta name=\"author\" content=\"Jasminko Bijeli\u0107\" \/>\n<meta name=\"twitter:card\" content=\"summary_large_image\" \/>\n<meta name=\"twitter:label1\" content=\"Written by\" \/>\n\t<meta name=\"twitter:data1\" content=\"Jasminko Bijeli\u0107\" \/>\n\t<meta name=\"twitter:label2\" content=\"Est. reading time\" \/>\n\t<meta name=\"twitter:data2\" content=\"2 minutes\" \/>\n<script type=\"application\/ld+json\" class=\"yoast-schema-graph\">{\"@context\":\"https:\\\/\\\/schema.org\",\"@graph\":[{\"@type\":\"Article\",\"@id\":\"https:\\\/\\\/ic-lotos.org.ba\\\/obiljezen-medjunarodni-dan-osoba-s-invaliditetom\\\/#article\",\"isPartOf\":{\"@id\":\"https:\\\/\\\/ic-lotos.org.ba\\\/obiljezen-medjunarodni-dan-osoba-s-invaliditetom\\\/\"},\"author\":{\"name\":\"Jasminko Bijeli\u0107\",\"@id\":\"https:\\\/\\\/ic-lotos.org.ba\\\/#\\\/schema\\\/person\\\/fb1da7c92bc3365aad6d1abac5bfe80a\"},\"headline\":\"Obilje\u017een Me\u0111unarodni dan osoba s invaliditetom\",\"datePublished\":\"2015-12-04T08:33:16+00:00\",\"mainEntityOfPage\":{\"@id\":\"https:\\\/\\\/ic-lotos.org.ba\\\/obiljezen-medjunarodni-dan-osoba-s-invaliditetom\\\/\"},\"wordCount\":354,\"commentCount\":0,\"publisher\":{\"@id\":\"https:\\\/\\\/ic-lotos.org.ba\\\/#organization\"},\"image\":{\"@id\":\"https:\\\/\\\/ic-lotos.org.ba\\\/obiljezen-medjunarodni-dan-osoba-s-invaliditetom\\\/#primaryimage\"},\"thumbnailUrl\":\"https:\\\/\\\/ic-lotos.org.ba\\\/wp-content\\\/uploads\\\/2015\\\/12\\\/images_3._decembar_2015_slika_1.jpg\",\"articleSection\":[\"Vijesti\"],\"inLanguage\":\"en-US\"},{\"@type\":\"WebPage\",\"@id\":\"https:\\\/\\\/ic-lotos.org.ba\\\/obiljezen-medjunarodni-dan-osoba-s-invaliditetom\\\/\",\"url\":\"https:\\\/\\\/ic-lotos.org.ba\\\/obiljezen-medjunarodni-dan-osoba-s-invaliditetom\\\/\",\"name\":\"Obilje\u017een Me\u0111unarodni dan osoba s invaliditetom - IC Lotos Tuzla\",\"isPartOf\":{\"@id\":\"https:\\\/\\\/ic-lotos.org.ba\\\/#website\"},\"primaryImageOfPage\":{\"@id\":\"https:\\\/\\\/ic-lotos.org.ba\\\/obiljezen-medjunarodni-dan-osoba-s-invaliditetom\\\/#primaryimage\"},\"image\":{\"@id\":\"https:\\\/\\\/ic-lotos.org.ba\\\/obiljezen-medjunarodni-dan-osoba-s-invaliditetom\\\/#primaryimage\"},\"thumbnailUrl\":\"https:\\\/\\\/ic-lotos.org.ba\\\/wp-content\\\/uploads\\\/2015\\\/12\\\/images_3._decembar_2015_slika_1.jpg\",\"datePublished\":\"2015-12-04T08:33:16+00:00\",\"breadcrumb\":{\"@id\":\"https:\\\/\\\/ic-lotos.org.ba\\\/obiljezen-medjunarodni-dan-osoba-s-invaliditetom\\\/#breadcrumb\"},\"inLanguage\":\"en-US\",\"potentialAction\":[{\"@type\":\"ReadAction\",\"target\":[\"https:\\\/\\\/ic-lotos.org.ba\\\/obiljezen-medjunarodni-dan-osoba-s-invaliditetom\\\/\"]}]},{\"@type\":\"ImageObject\",\"inLanguage\":\"en-US\",\"@id\":\"https:\\\/\\\/ic-lotos.org.ba\\\/obiljezen-medjunarodni-dan-osoba-s-invaliditetom\\\/#primaryimage\",\"url\":\"https:\\\/\\\/ic-lotos.org.ba\\\/wp-content\\\/uploads\\\/2015\\\/12\\\/images_3._decembar_2015_slika_1.jpg\",\"contentUrl\":\"https:\\\/\\\/ic-lotos.org.ba\\\/wp-content\\\/uploads\\\/2015\\\/12\\\/images_3._decembar_2015_slika_1.jpg\",\"width\":700,\"height\":464,\"caption\":\"3. decembar 2015 slika 1\"},{\"@type\":\"BreadcrumbList\",\"@id\":\"https:\\\/\\\/ic-lotos.org.ba\\\/obiljezen-medjunarodni-dan-osoba-s-invaliditetom\\\/#breadcrumb\",\"itemListElement\":[{\"@type\":\"ListItem\",\"position\":1,\"name\":\"Naslovna\",\"item\":\"https:\\\/\\\/ic-lotos.org.ba\\\/\"},{\"@type\":\"ListItem\",\"position\":2,\"name\":\"Obilje\u017een Me\u0111unarodni dan osoba s invaliditetom\"}]},{\"@type\":\"WebSite\",\"@id\":\"https:\\\/\\\/ic-lotos.org.ba\\\/#website\",\"url\":\"https:\\\/\\\/ic-lotos.org.ba\\\/\",\"name\":\"IC Lotos Tuzla\",\"description\":\"Informativni centar \u201cLotos\u201d okuplja osobe sa ili bez invaliditeta koje su zainteresovane da svojim radom bilo na profesionalnoj ili volonterskoj osnovi doprinesu ostvarivanju misije organizacije.\",\"publisher\":{\"@id\":\"https:\\\/\\\/ic-lotos.org.ba\\\/#organization\"},\"potentialAction\":[{\"@type\":\"SearchAction\",\"target\":{\"@type\":\"EntryPoint\",\"urlTemplate\":\"https:\\\/\\\/ic-lotos.org.ba\\\/?s={search_term_string}\"},\"query-input\":{\"@type\":\"PropertyValueSpecification\",\"valueRequired\":true,\"valueName\":\"search_term_string\"}}],\"inLanguage\":\"en-US\"},{\"@type\":\"Organization\",\"@id\":\"https:\\\/\\\/ic-lotos.org.ba\\\/#organization\",\"name\":\"IC Lotos Tuzla\",\"url\":\"https:\\\/\\\/ic-lotos.org.ba\\\/\",\"logo\":{\"@type\":\"ImageObject\",\"inLanguage\":\"en-US\",\"@id\":\"https:\\\/\\\/ic-lotos.org.ba\\\/#\\\/schema\\\/logo\\\/image\\\/\",\"url\":\"https:\\\/\\\/ic-lotos.org.ba\\\/wp-content\\\/uploads\\\/2019\\\/11\\\/logo.jpg\",\"contentUrl\":\"https:\\\/\\\/ic-lotos.org.ba\\\/wp-content\\\/uploads\\\/2019\\\/11\\\/logo.jpg\",\"width\":575,\"height\":623,\"caption\":\"IC Lotos Tuzla\"},\"image\":{\"@id\":\"https:\\\/\\\/ic-lotos.org.ba\\\/#\\\/schema\\\/logo\\\/image\\\/\"},\"sameAs\":[\"https:\\\/\\\/www.facebook.com\\\/iclotos\\\/\",\"https:\\\/\\\/www.youtube.com\\\/feed\\\/library\"]},{\"@type\":\"Person\",\"@id\":\"https:\\\/\\\/ic-lotos.org.ba\\\/#\\\/schema\\\/person\\\/fb1da7c92bc3365aad6d1abac5bfe80a\",\"name\":\"Jasminko Bijeli\u0107\",\"image\":{\"@type\":\"ImageObject\",\"inLanguage\":\"en-US\",\"@id\":\"https:\\\/\\\/secure.gravatar.com\\\/avatar\\\/d694f8eb6cc3383210938655f7851f13239ed2f29afcf4e787e3c519ba016d67?s=96&d=mm&r=g\",\"url\":\"https:\\\/\\\/secure.gravatar.com\\\/avatar\\\/d694f8eb6cc3383210938655f7851f13239ed2f29afcf4e787e3c519ba016d67?s=96&d=mm&r=g\",\"contentUrl\":\"https:\\\/\\\/secure.gravatar.com\\\/avatar\\\/d694f8eb6cc3383210938655f7851f13239ed2f29afcf4e787e3c519ba016d67?s=96&d=mm&r=g\",\"caption\":\"Jasminko Bijeli\u0107\"}}]}<\/script>\n<!-- \/ Yoast SEO plugin. -->","yoast_head_json":{"title":"Obilje\u017een Me\u0111unarodni dan osoba s invaliditetom - IC Lotos Tuzla","robots":{"index":"index","follow":"follow","max-snippet":"max-snippet:-1","max-image-preview":"max-image-preview:large","max-video-preview":"max-video-preview:-1"},"canonical":"https:\/\/ic-lotos.org.ba\/en\/obiljezen-medjunarodni-dan-osoba-s-invaliditetom\/","og_locale":"en_US","og_type":"article","og_title":"Obilje\u017een Me\u0111unarodni dan osoba s invaliditetom - IC Lotos Tuzla","og_description":"Tre\u0107i decembar, Me\u0111unarodni dan osoba sa invaliditetom povod je da se na razli\u010dite na\u010dine uka\u017ee na odnos dru\u0161tva prema vi\u0161e od tristo pedeset hiljada osoba sa invaliditetom od kojih ve\u0107ina pripada najugro\u017eenijoj i najsiroma\u0161nijoj grupi stanovnika Bosne i Hercegovine. Tim [&hellip;]","og_url":"https:\/\/ic-lotos.org.ba\/en\/obiljezen-medjunarodni-dan-osoba-s-invaliditetom\/","og_site_name":"IC Lotos Tuzla","article_publisher":"https:\/\/www.facebook.com\/iclotos\/","article_published_time":"2015-12-04T08:33:16+00:00","og_image":[{"width":700,"height":464,"url":"https:\/\/ic-lotos.org.ba\/wp-content\/uploads\/2015\/12\/images_3._decembar_2015_slika_1.jpg","type":"image\/jpeg"}],"author":"Jasminko Bijeli\u0107","twitter_card":"summary_large_image","twitter_misc":{"Written by":"Jasminko Bijeli\u0107","Est. reading time":"2 minutes"},"schema":{"@context":"https:\/\/schema.org","@graph":[{"@type":"Article","@id":"https:\/\/ic-lotos.org.ba\/obiljezen-medjunarodni-dan-osoba-s-invaliditetom\/#article","isPartOf":{"@id":"https:\/\/ic-lotos.org.ba\/obiljezen-medjunarodni-dan-osoba-s-invaliditetom\/"},"author":{"name":"Jasminko Bijeli\u0107","@id":"https:\/\/ic-lotos.org.ba\/#\/schema\/person\/fb1da7c92bc3365aad6d1abac5bfe80a"},"headline":"Obilje\u017een Me\u0111unarodni dan osoba s invaliditetom","datePublished":"2015-12-04T08:33:16+00:00","mainEntityOfPage":{"@id":"https:\/\/ic-lotos.org.ba\/obiljezen-medjunarodni-dan-osoba-s-invaliditetom\/"},"wordCount":354,"commentCount":0,"publisher":{"@id":"https:\/\/ic-lotos.org.ba\/#organization"},"image":{"@id":"https:\/\/ic-lotos.org.ba\/obiljezen-medjunarodni-dan-osoba-s-invaliditetom\/#primaryimage"},"thumbnailUrl":"https:\/\/ic-lotos.org.ba\/wp-content\/uploads\/2015\/12\/images_3._decembar_2015_slika_1.jpg","articleSection":["Vijesti"],"inLanguage":"en-US"},{"@type":"WebPage","@id":"https:\/\/ic-lotos.org.ba\/obiljezen-medjunarodni-dan-osoba-s-invaliditetom\/","url":"https:\/\/ic-lotos.org.ba\/obiljezen-medjunarodni-dan-osoba-s-invaliditetom\/","name":"Obilje\u017een Me\u0111unarodni dan osoba s invaliditetom - IC Lotos Tuzla","isPartOf":{"@id":"https:\/\/ic-lotos.org.ba\/#website"},"primaryImageOfPage":{"@id":"https:\/\/ic-lotos.org.ba\/obiljezen-medjunarodni-dan-osoba-s-invaliditetom\/#primaryimage"},"image":{"@id":"https:\/\/ic-lotos.org.ba\/obiljezen-medjunarodni-dan-osoba-s-invaliditetom\/#primaryimage"},"thumbnailUrl":"https:\/\/ic-lotos.org.ba\/wp-content\/uploads\/2015\/12\/images_3._decembar_2015_slika_1.jpg","datePublished":"2015-12-04T08:33:16+00:00","breadcrumb":{"@id":"https:\/\/ic-lotos.org.ba\/obiljezen-medjunarodni-dan-osoba-s-invaliditetom\/#breadcrumb"},"inLanguage":"en-US","potentialAction":[{"@type":"ReadAction","target":["https:\/\/ic-lotos.org.ba\/obiljezen-medjunarodni-dan-osoba-s-invaliditetom\/"]}]},{"@type":"ImageObject","inLanguage":"en-US","@id":"https:\/\/ic-lotos.org.ba\/obiljezen-medjunarodni-dan-osoba-s-invaliditetom\/#primaryimage","url":"https:\/\/ic-lotos.org.ba\/wp-content\/uploads\/2015\/12\/images_3._decembar_2015_slika_1.jpg","contentUrl":"https:\/\/ic-lotos.org.ba\/wp-content\/uploads\/2015\/12\/images_3._decembar_2015_slika_1.jpg","width":700,"height":464,"caption":"3. decembar 2015 slika 1"},{"@type":"BreadcrumbList","@id":"https:\/\/ic-lotos.org.ba\/obiljezen-medjunarodni-dan-osoba-s-invaliditetom\/#breadcrumb","itemListElement":[{"@type":"ListItem","position":1,"name":"Naslovna","item":"https:\/\/ic-lotos.org.ba\/"},{"@type":"ListItem","position":2,"name":"Obilje\u017een Me\u0111unarodni dan osoba s invaliditetom"}]},{"@type":"WebSite","@id":"https:\/\/ic-lotos.org.ba\/#website","url":"https:\/\/ic-lotos.org.ba\/","name":"IC Lotos Tuzla","description":"Informativni centar \u201cLotos\u201d okuplja osobe sa ili bez invaliditeta koje su zainteresovane da svojim radom bilo na profesionalnoj ili volonterskoj osnovi doprinesu ostvarivanju misije organizacije.","publisher":{"@id":"https:\/\/ic-lotos.org.ba\/#organization"},"potentialAction":[{"@type":"SearchAction","target":{"@type":"EntryPoint","urlTemplate":"https:\/\/ic-lotos.org.ba\/?s={search_term_string}"},"query-input":{"@type":"PropertyValueSpecification","valueRequired":true,"valueName":"search_term_string"}}],"inLanguage":"en-US"},{"@type":"Organization","@id":"https:\/\/ic-lotos.org.ba\/#organization","name":"IC Lotos Tuzla","url":"https:\/\/ic-lotos.org.ba\/","logo":{"@type":"ImageObject","inLanguage":"en-US","@id":"https:\/\/ic-lotos.org.ba\/#\/schema\/logo\/image\/","url":"https:\/\/ic-lotos.org.ba\/wp-content\/uploads\/2019\/11\/logo.jpg","contentUrl":"https:\/\/ic-lotos.org.ba\/wp-content\/uploads\/2019\/11\/logo.jpg","width":575,"height":623,"caption":"IC Lotos Tuzla"},"image":{"@id":"https:\/\/ic-lotos.org.ba\/#\/schema\/logo\/image\/"},"sameAs":["https:\/\/www.facebook.com\/iclotos\/","https:\/\/www.youtube.com\/feed\/library"]},{"@type":"Person","@id":"https:\/\/ic-lotos.org.ba\/#\/schema\/person\/fb1da7c92bc3365aad6d1abac5bfe80a","name":"Jasminko Bijeli\u0107","image":{"@type":"ImageObject","inLanguage":"en-US","@id":"https:\/\/secure.gravatar.com\/avatar\/d694f8eb6cc3383210938655f7851f13239ed2f29afcf4e787e3c519ba016d67?s=96&d=mm&r=g","url":"https:\/\/secure.gravatar.com\/avatar\/d694f8eb6cc3383210938655f7851f13239ed2f29afcf4e787e3c519ba016d67?s=96&d=mm&r=g","contentUrl":"https:\/\/secure.gravatar.com\/avatar\/d694f8eb6cc3383210938655f7851f13239ed2f29afcf4e787e3c519ba016d67?s=96&d=mm&r=g","caption":"Jasminko Bijeli\u0107"}}]}},"_links":{"self":[{"href":"https:\/\/ic-lotos.org.ba\/en\/wp-json\/wp\/v2\/posts\/11545","targetHints":{"allow":["GET"]}}],"collection":[{"href":"https:\/\/ic-lotos.org.ba\/en\/wp-json\/wp\/v2\/posts"}],"about":[{"href":"https:\/\/ic-lotos.org.ba\/en\/wp-json\/wp\/v2\/types\/post"}],"author":[{"embeddable":true,"href":"https:\/\/ic-lotos.org.ba\/en\/wp-json\/wp\/v2\/users\/5"}],"replies":[{"embeddable":true,"href":"https:\/\/ic-lotos.org.ba\/en\/wp-json\/wp\/v2\/comments?post=11545"}],"version-history":[{"count":0,"href":"https:\/\/ic-lotos.org.ba\/en\/wp-json\/wp\/v2\/posts\/11545\/revisions"}],"wp:featuredmedia":[{"embeddable":true,"href":"https:\/\/ic-lotos.org.ba\/en\/wp-json\/wp\/v2\/media\/11543"}],"wp:attachment":[{"href":"https:\/\/ic-lotos.org.ba\/en\/wp-json\/wp\/v2\/media?parent=11545"}],"wp:term":[{"taxonomy":"category","embeddable":true,"href":"https:\/\/ic-lotos.org.ba\/en\/wp-json\/wp\/v2\/categories?post=11545"},{"taxonomy":"post_tag","embeddable":true,"href":"https:\/\/ic-lotos.org.ba\/en\/wp-json\/wp\/v2\/tags?post=11545"}],"curies":[{"name":"wp","href":"https:\/\/api.w.org\/{rel}","templated":true}]}}