{"id":11523,"date":"2015-11-09T09:26:37","date_gmt":"2015-11-09T09:26:37","guid":{"rendered":"https:\/\/v2.ic-lotos.org.ba\/izlozba-fotografija-bez-akcije-nema-reakcije\/"},"modified":"2015-11-09T09:26:37","modified_gmt":"2015-11-09T09:26:37","slug":"izlozba-fotografija-bez-akcije-nema-reakcije","status":"publish","type":"post","link":"https:\/\/ic-lotos.org.ba\/en\/izlozba-fotografija-bez-akcije-nema-reakcije\/","title":{"rendered":"IZLO\u017dBA FOTOGRAFIJA &#8220;BEZ AKCIJE NEMA REAKCIJE&#8221;"},"content":{"rendered":"<p><span style=\"color: #141823; font-family: helvetica, arial, sans-serif; font-size: 14px; line-height: 15.4559993743896px;\"><\/span><\/p>\n<p style=\"text-align: left;\"><span style=\"font-family: arial, helvetica, sans-serif; font-size: 10pt;\"><span style=\"color: #141823; line-height: 15.4559993743896px;\">05. 11. 2015. godine u Me\u0111unarodnom ateljeu \u201eIsmet Mujezinovi\u0107\u201c u Tuzli je otvorena izlo\u017eba fotografija osoba sa invaliditetom pod nazivom \u201eBez akcije, nema reakcije\u201c koju su realizovale Udruga paraplegi\u010dara i oboljelih od dje\u010dje paralize Livno, u partnerstvu sa Informativnim centrom za osobe sa invaliditetom \u201eLotos\u201c iz Tuzle i Udru\u017eenjem gra\u0111ana \u201eBiosPLUS\u201c iz Dervente. Izlo\u017eba je organizovana u sklopu projekta \u201eDijalog za budu\u0107nost\u201c kojeg implementiraju UNDP, UNICEF i UNESCO<\/span><span class=\"text_exposed_show\" style=\"display: inline; color: #141823; line-height: 15.4559993743896px;\">\u00a0u partnerstvu sa Predsjedni\u0161tvom Bosne i Hercegovine, koji je po\u010deo 7. 11. 2014. a zavr\u0161ava se 31. 12. 2015. godine i realizuje se kroz tri oblasti: kulturu, obrazovanje i mlade.<br \/>Nakon realizovanih izlo\u017ebi u Livnu i Derventi, i u Tuzli su tako\u0111e vrlo uspje\u0161no predstavljene 72 fotografije koje su fotografisale 24 osobe sa invaliditetom iz ove tri organizacije a glavni cilj je bila saradnja me\u0111u osobama sa invaliditetom, komunikacija sa gra\u0111anstvom radi boljeg upoznavanja sa problemima osoba sa invaliditetom i bolja kulturna i me\u0111ureligijska saradnja.<\/span><\/span><\/p>\n<p style=\"text-align: left;\"><span style=\"font-family: arial, helvetica, sans-serif; font-size: 10pt;\"><span class=\"text_exposed_show\" style=\"display: inline; color: #141823; line-height: 15.4559993743896px;\"><img fetchpriority=\"high\" decoding=\"async\" width=\"700\" height=\"393\" class=\"size-full wp-image-11521\" src=\"https:\/\/ic-lotos.org.ba\/wp-content\/uploads\/2015\/11\/images_Izlozba_slika_1.jpg\" alt=\"Izlozba slika 1\" srcset=\"https:\/\/ic-lotos.org.ba\/wp-content\/uploads\/2015\/11\/images_Izlozba_slika_1.jpg 700w, https:\/\/ic-lotos.org.ba\/wp-content\/uploads\/2015\/11\/images_Izlozba_slika_1-600x337.jpg 600w, https:\/\/ic-lotos.org.ba\/wp-content\/uploads\/2015\/11\/images_Izlozba_slika_1-300x168.jpg 300w, https:\/\/ic-lotos.org.ba\/wp-content\/uploads\/2015\/11\/images_Izlozba_slika_1-440x247.jpg 440w\" sizes=\"(max-width: 700px) 100vw, 700px\" \/>\u00a0<\/span><\/span><\/p>\n<p style=\"text-align: left;\"><span style=\"font-family: arial, helvetica, sans-serif; font-size: 10pt;\"><span class=\"text_exposed_show\" style=\"display: inline; color: #141823; line-height: 15.4559993743896px;\"><img decoding=\"async\" width=\"700\" height=\"393\" class=\"size-full wp-image-11522\" src=\"https:\/\/ic-lotos.org.ba\/wp-content\/uploads\/2015\/11\/images_Izlozba_slika_2.jpg\" alt=\"Izlozba slika 2\" srcset=\"https:\/\/ic-lotos.org.ba\/wp-content\/uploads\/2015\/11\/images_Izlozba_slika_2.jpg 700w, https:\/\/ic-lotos.org.ba\/wp-content\/uploads\/2015\/11\/images_Izlozba_slika_2-600x337.jpg 600w, https:\/\/ic-lotos.org.ba\/wp-content\/uploads\/2015\/11\/images_Izlozba_slika_2-300x168.jpg 300w, https:\/\/ic-lotos.org.ba\/wp-content\/uploads\/2015\/11\/images_Izlozba_slika_2-440x247.jpg 440w\" sizes=\"(max-width: 700px) 100vw, 700px\" \/>\u00a0<\/span><\/span><\/p>\n<p style=\"text-align: left;\"><span style=\"font-family: arial, helvetica, sans-serif; font-size: 10pt;\"><span class=\"text_exposed_show\" style=\"display: inline; color: #141823; line-height: 15.4559993743896px;\">Vi\u0161e fotografija sa izlo\u017ebe mo\u017eete prona\u0107i na na\u0161oj <a href=\"https:\/\/www.facebook.com\/profile.php?id=100007544791212\" target=\"_blank\" rel=\"noopener\">Facebook<\/a> page.<\/span><\/span><\/p>\n<p style=\"text-align: left;\"><span style=\"font-family: arial, helvetica, sans-serif; font-size: 10pt;\"><span class=\"text_exposed_show\" style=\"display: inline; color: #141823; line-height: 15.4559993743896px;\"><\/span><\/span><\/p>\n<hr \/>\n<p style=\"text-align: left;\"><span style=\"font-family: arial, helvetica, sans-serif; font-size: 10pt;\"><span class=\"text_exposed_show\" style=\"display: inline; color: #141823; line-height: 15.4559993743896px;\"><\/span><\/span><\/p>\n<div class=\"gsp_post_data\" \r\n\t            data-post_type=\"post\" \r\n\t            data-cat=\"vijesti\" \r\n\t            data-modified=\"120\"\r\n\t            data-created=\"1447061197\"\r\n\t            data-title=\"IZLO\u017dBA FOTOGRAFIJA &#8220;BEZ AKCIJE NEMA REAKCIJE&#8221;\" \r\n\t            data-home=\"https:\/\/ic-lotos.org.ba\/en\"><\/div>","protected":false},"excerpt":{"rendered":"<p>05. 11. 2015. godine u Me\u0111unarodnom ateljeu \u201eIsmet Mujezinovi\u0107\u201c u Tuzli je otvorena izlo\u017eba fotografija osoba sa invaliditetom pod nazivom \u201eBez akcije, nema reakcije\u201c koju su realizovale Udruga paraplegi\u010dara i oboljelih od dje\u010dje paralize Livno, u partnerstvu sa Informativnim centrom [&hellip;]<\/p>\n","protected":false},"author":5,"featured_media":11520,"comment_status":"open","ping_status":"closed","sticky":false,"template":"","format":"standard","meta":{"footnotes":""},"categories":[65],"tags":[],"class_list":["post-11523","post","type-post","status-publish","format-standard","has-post-thumbnail","hentry","category-vijesti"],"yoast_head":"<!-- This site is optimized with the Yoast SEO plugin v27.5 - https:\/\/yoast.com\/product\/yoast-seo-wordpress\/ -->\n<title>IZLO\u017dBA FOTOGRAFIJA &quot;BEZ AKCIJE NEMA REAKCIJE&quot; - IC Lotos Tuzla<\/title>\n<meta name=\"robots\" content=\"index, follow, max-snippet:-1, max-image-preview:large, max-video-preview:-1\" \/>\n<link rel=\"canonical\" href=\"https:\/\/ic-lotos.org.ba\/en\/izlozba-fotografija-bez-akcije-nema-reakcije\/\" \/>\n<meta property=\"og:locale\" content=\"en_US\" \/>\n<meta property=\"og:type\" content=\"article\" \/>\n<meta property=\"og:title\" content=\"IZLO\u017dBA FOTOGRAFIJA &quot;BEZ AKCIJE NEMA REAKCIJE&quot; - IC Lotos Tuzla\" \/>\n<meta property=\"og:description\" content=\"05. 11. 2015. godine u Me\u0111unarodnom ateljeu \u201eIsmet Mujezinovi\u0107\u201c u Tuzli je otvorena izlo\u017eba fotografija osoba sa invaliditetom pod nazivom \u201eBez akcije, nema reakcije\u201c koju su realizovale Udruga paraplegi\u010dara i oboljelih od dje\u010dje paralize Livno, u partnerstvu sa Informativnim centrom [&hellip;]\" \/>\n<meta property=\"og:url\" content=\"https:\/\/ic-lotos.org.ba\/en\/izlozba-fotografija-bez-akcije-nema-reakcije\/\" \/>\n<meta property=\"og:site_name\" content=\"IC Lotos Tuzla\" \/>\n<meta property=\"article:publisher\" content=\"https:\/\/www.facebook.com\/iclotos\/\" \/>\n<meta property=\"article:published_time\" content=\"2015-11-09T09:26:37+00:00\" \/>\n<meta property=\"og:image\" content=\"https:\/\/ic-lotos.org.ba\/wp-content\/uploads\/2015\/11\/images_Izlozba_slika_3.jpg\" \/>\n\t<meta property=\"og:image:width\" content=\"700\" \/>\n\t<meta property=\"og:image:height\" content=\"933\" \/>\n\t<meta property=\"og:image:type\" content=\"image\/jpeg\" \/>\n<meta name=\"author\" content=\"Jasminko Bijeli\u0107\" \/>\n<meta name=\"twitter:card\" content=\"summary_large_image\" \/>\n<meta name=\"twitter:label1\" content=\"Written by\" \/>\n\t<meta name=\"twitter:data1\" content=\"Jasminko Bijeli\u0107\" \/>\n\t<meta name=\"twitter:label2\" content=\"Est. reading time\" \/>\n\t<meta name=\"twitter:data2\" content=\"1 minute\" \/>\n<script type=\"application\/ld+json\" class=\"yoast-schema-graph\">{\"@context\":\"https:\\\/\\\/schema.org\",\"@graph\":[{\"@type\":\"Article\",\"@id\":\"https:\\\/\\\/ic-lotos.org.ba\\\/izlozba-fotografija-bez-akcije-nema-reakcije\\\/#article\",\"isPartOf\":{\"@id\":\"https:\\\/\\\/ic-lotos.org.ba\\\/izlozba-fotografija-bez-akcije-nema-reakcije\\\/\"},\"author\":{\"name\":\"Jasminko Bijeli\u0107\",\"@id\":\"https:\\\/\\\/ic-lotos.org.ba\\\/#\\\/schema\\\/person\\\/fb1da7c92bc3365aad6d1abac5bfe80a\"},\"headline\":\"IZLO\u017dBA FOTOGRAFIJA &#8220;BEZ AKCIJE NEMA REAKCIJE&#8221;\",\"datePublished\":\"2015-11-09T09:26:37+00:00\",\"mainEntityOfPage\":{\"@id\":\"https:\\\/\\\/ic-lotos.org.ba\\\/izlozba-fotografija-bez-akcije-nema-reakcije\\\/\"},\"wordCount\":181,\"commentCount\":0,\"publisher\":{\"@id\":\"https:\\\/\\\/ic-lotos.org.ba\\\/#organization\"},\"image\":{\"@id\":\"https:\\\/\\\/ic-lotos.org.ba\\\/izlozba-fotografija-bez-akcije-nema-reakcije\\\/#primaryimage\"},\"thumbnailUrl\":\"https:\\\/\\\/ic-lotos.org.ba\\\/wp-content\\\/uploads\\\/2015\\\/11\\\/images_Izlozba_slika_3.jpg\",\"articleSection\":[\"Vijesti\"],\"inLanguage\":\"en-US\"},{\"@type\":\"WebPage\",\"@id\":\"https:\\\/\\\/ic-lotos.org.ba\\\/izlozba-fotografija-bez-akcije-nema-reakcije\\\/\",\"url\":\"https:\\\/\\\/ic-lotos.org.ba\\\/izlozba-fotografija-bez-akcije-nema-reakcije\\\/\",\"name\":\"IZLO\u017dBA FOTOGRAFIJA \\\"BEZ AKCIJE NEMA REAKCIJE\\\" - IC Lotos Tuzla\",\"isPartOf\":{\"@id\":\"https:\\\/\\\/ic-lotos.org.ba\\\/#website\"},\"primaryImageOfPage\":{\"@id\":\"https:\\\/\\\/ic-lotos.org.ba\\\/izlozba-fotografija-bez-akcije-nema-reakcije\\\/#primaryimage\"},\"image\":{\"@id\":\"https:\\\/\\\/ic-lotos.org.ba\\\/izlozba-fotografija-bez-akcije-nema-reakcije\\\/#primaryimage\"},\"thumbnailUrl\":\"https:\\\/\\\/ic-lotos.org.ba\\\/wp-content\\\/uploads\\\/2015\\\/11\\\/images_Izlozba_slika_3.jpg\",\"datePublished\":\"2015-11-09T09:26:37+00:00\",\"breadcrumb\":{\"@id\":\"https:\\\/\\\/ic-lotos.org.ba\\\/izlozba-fotografija-bez-akcije-nema-reakcije\\\/#breadcrumb\"},\"inLanguage\":\"en-US\",\"potentialAction\":[{\"@type\":\"ReadAction\",\"target\":[\"https:\\\/\\\/ic-lotos.org.ba\\\/izlozba-fotografija-bez-akcije-nema-reakcije\\\/\"]}]},{\"@type\":\"ImageObject\",\"inLanguage\":\"en-US\",\"@id\":\"https:\\\/\\\/ic-lotos.org.ba\\\/izlozba-fotografija-bez-akcije-nema-reakcije\\\/#primaryimage\",\"url\":\"https:\\\/\\\/ic-lotos.org.ba\\\/wp-content\\\/uploads\\\/2015\\\/11\\\/images_Izlozba_slika_3.jpg\",\"contentUrl\":\"https:\\\/\\\/ic-lotos.org.ba\\\/wp-content\\\/uploads\\\/2015\\\/11\\\/images_Izlozba_slika_3.jpg\",\"width\":700,\"height\":933,\"caption\":\"Izlozba slika 3\"},{\"@type\":\"BreadcrumbList\",\"@id\":\"https:\\\/\\\/ic-lotos.org.ba\\\/izlozba-fotografija-bez-akcije-nema-reakcije\\\/#breadcrumb\",\"itemListElement\":[{\"@type\":\"ListItem\",\"position\":1,\"name\":\"Naslovna\",\"item\":\"https:\\\/\\\/ic-lotos.org.ba\\\/\"},{\"@type\":\"ListItem\",\"position\":2,\"name\":\"IZLO\u017dBA FOTOGRAFIJA &#8220;BEZ AKCIJE NEMA REAKCIJE&#8221;\"}]},{\"@type\":\"WebSite\",\"@id\":\"https:\\\/\\\/ic-lotos.org.ba\\\/#website\",\"url\":\"https:\\\/\\\/ic-lotos.org.ba\\\/\",\"name\":\"IC Lotos Tuzla\",\"description\":\"Informativni centar \u201cLotos\u201d okuplja osobe sa ili bez invaliditeta koje su zainteresovane da svojim radom bilo na profesionalnoj ili volonterskoj osnovi doprinesu ostvarivanju misije organizacije.\",\"publisher\":{\"@id\":\"https:\\\/\\\/ic-lotos.org.ba\\\/#organization\"},\"potentialAction\":[{\"@type\":\"SearchAction\",\"target\":{\"@type\":\"EntryPoint\",\"urlTemplate\":\"https:\\\/\\\/ic-lotos.org.ba\\\/?s={search_term_string}\"},\"query-input\":{\"@type\":\"PropertyValueSpecification\",\"valueRequired\":true,\"valueName\":\"search_term_string\"}}],\"inLanguage\":\"en-US\"},{\"@type\":\"Organization\",\"@id\":\"https:\\\/\\\/ic-lotos.org.ba\\\/#organization\",\"name\":\"IC Lotos Tuzla\",\"url\":\"https:\\\/\\\/ic-lotos.org.ba\\\/\",\"logo\":{\"@type\":\"ImageObject\",\"inLanguage\":\"en-US\",\"@id\":\"https:\\\/\\\/ic-lotos.org.ba\\\/#\\\/schema\\\/logo\\\/image\\\/\",\"url\":\"https:\\\/\\\/ic-lotos.org.ba\\\/wp-content\\\/uploads\\\/2019\\\/11\\\/logo.jpg\",\"contentUrl\":\"https:\\\/\\\/ic-lotos.org.ba\\\/wp-content\\\/uploads\\\/2019\\\/11\\\/logo.jpg\",\"width\":575,\"height\":623,\"caption\":\"IC Lotos Tuzla\"},\"image\":{\"@id\":\"https:\\\/\\\/ic-lotos.org.ba\\\/#\\\/schema\\\/logo\\\/image\\\/\"},\"sameAs\":[\"https:\\\/\\\/www.facebook.com\\\/iclotos\\\/\",\"https:\\\/\\\/www.youtube.com\\\/feed\\\/library\"]},{\"@type\":\"Person\",\"@id\":\"https:\\\/\\\/ic-lotos.org.ba\\\/#\\\/schema\\\/person\\\/fb1da7c92bc3365aad6d1abac5bfe80a\",\"name\":\"Jasminko Bijeli\u0107\",\"image\":{\"@type\":\"ImageObject\",\"inLanguage\":\"en-US\",\"@id\":\"https:\\\/\\\/secure.gravatar.com\\\/avatar\\\/d694f8eb6cc3383210938655f7851f13239ed2f29afcf4e787e3c519ba016d67?s=96&d=mm&r=g\",\"url\":\"https:\\\/\\\/secure.gravatar.com\\\/avatar\\\/d694f8eb6cc3383210938655f7851f13239ed2f29afcf4e787e3c519ba016d67?s=96&d=mm&r=g\",\"contentUrl\":\"https:\\\/\\\/secure.gravatar.com\\\/avatar\\\/d694f8eb6cc3383210938655f7851f13239ed2f29afcf4e787e3c519ba016d67?s=96&d=mm&r=g\",\"caption\":\"Jasminko Bijeli\u0107\"}}]}<\/script>\n<!-- \/ Yoast SEO plugin. -->","yoast_head_json":{"title":"IZLO\u017dBA FOTOGRAFIJA \"BEZ AKCIJE NEMA REAKCIJE\" - IC Lotos Tuzla","robots":{"index":"index","follow":"follow","max-snippet":"max-snippet:-1","max-image-preview":"max-image-preview:large","max-video-preview":"max-video-preview:-1"},"canonical":"https:\/\/ic-lotos.org.ba\/en\/izlozba-fotografija-bez-akcije-nema-reakcije\/","og_locale":"en_US","og_type":"article","og_title":"IZLO\u017dBA FOTOGRAFIJA \"BEZ AKCIJE NEMA REAKCIJE\" - IC Lotos Tuzla","og_description":"05. 11. 2015. godine u Me\u0111unarodnom ateljeu \u201eIsmet Mujezinovi\u0107\u201c u Tuzli je otvorena izlo\u017eba fotografija osoba sa invaliditetom pod nazivom \u201eBez akcije, nema reakcije\u201c koju su realizovale Udruga paraplegi\u010dara i oboljelih od dje\u010dje paralize Livno, u partnerstvu sa Informativnim centrom [&hellip;]","og_url":"https:\/\/ic-lotos.org.ba\/en\/izlozba-fotografija-bez-akcije-nema-reakcije\/","og_site_name":"IC Lotos Tuzla","article_publisher":"https:\/\/www.facebook.com\/iclotos\/","article_published_time":"2015-11-09T09:26:37+00:00","og_image":[{"width":700,"height":933,"url":"https:\/\/ic-lotos.org.ba\/wp-content\/uploads\/2015\/11\/images_Izlozba_slika_3.jpg","type":"image\/jpeg"}],"author":"Jasminko Bijeli\u0107","twitter_card":"summary_large_image","twitter_misc":{"Written by":"Jasminko Bijeli\u0107","Est. reading time":"1 minute"},"schema":{"@context":"https:\/\/schema.org","@graph":[{"@type":"Article","@id":"https:\/\/ic-lotos.org.ba\/izlozba-fotografija-bez-akcije-nema-reakcije\/#article","isPartOf":{"@id":"https:\/\/ic-lotos.org.ba\/izlozba-fotografija-bez-akcije-nema-reakcije\/"},"author":{"name":"Jasminko Bijeli\u0107","@id":"https:\/\/ic-lotos.org.ba\/#\/schema\/person\/fb1da7c92bc3365aad6d1abac5bfe80a"},"headline":"IZLO\u017dBA FOTOGRAFIJA &#8220;BEZ AKCIJE NEMA REAKCIJE&#8221;","datePublished":"2015-11-09T09:26:37+00:00","mainEntityOfPage":{"@id":"https:\/\/ic-lotos.org.ba\/izlozba-fotografija-bez-akcije-nema-reakcije\/"},"wordCount":181,"commentCount":0,"publisher":{"@id":"https:\/\/ic-lotos.org.ba\/#organization"},"image":{"@id":"https:\/\/ic-lotos.org.ba\/izlozba-fotografija-bez-akcije-nema-reakcije\/#primaryimage"},"thumbnailUrl":"https:\/\/ic-lotos.org.ba\/wp-content\/uploads\/2015\/11\/images_Izlozba_slika_3.jpg","articleSection":["Vijesti"],"inLanguage":"en-US"},{"@type":"WebPage","@id":"https:\/\/ic-lotos.org.ba\/izlozba-fotografija-bez-akcije-nema-reakcije\/","url":"https:\/\/ic-lotos.org.ba\/izlozba-fotografija-bez-akcije-nema-reakcije\/","name":"IZLO\u017dBA FOTOGRAFIJA \"BEZ AKCIJE NEMA REAKCIJE\" - IC Lotos Tuzla","isPartOf":{"@id":"https:\/\/ic-lotos.org.ba\/#website"},"primaryImageOfPage":{"@id":"https:\/\/ic-lotos.org.ba\/izlozba-fotografija-bez-akcije-nema-reakcije\/#primaryimage"},"image":{"@id":"https:\/\/ic-lotos.org.ba\/izlozba-fotografija-bez-akcije-nema-reakcije\/#primaryimage"},"thumbnailUrl":"https:\/\/ic-lotos.org.ba\/wp-content\/uploads\/2015\/11\/images_Izlozba_slika_3.jpg","datePublished":"2015-11-09T09:26:37+00:00","breadcrumb":{"@id":"https:\/\/ic-lotos.org.ba\/izlozba-fotografija-bez-akcije-nema-reakcije\/#breadcrumb"},"inLanguage":"en-US","potentialAction":[{"@type":"ReadAction","target":["https:\/\/ic-lotos.org.ba\/izlozba-fotografija-bez-akcije-nema-reakcije\/"]}]},{"@type":"ImageObject","inLanguage":"en-US","@id":"https:\/\/ic-lotos.org.ba\/izlozba-fotografija-bez-akcije-nema-reakcije\/#primaryimage","url":"https:\/\/ic-lotos.org.ba\/wp-content\/uploads\/2015\/11\/images_Izlozba_slika_3.jpg","contentUrl":"https:\/\/ic-lotos.org.ba\/wp-content\/uploads\/2015\/11\/images_Izlozba_slika_3.jpg","width":700,"height":933,"caption":"Izlozba slika 3"},{"@type":"BreadcrumbList","@id":"https:\/\/ic-lotos.org.ba\/izlozba-fotografija-bez-akcije-nema-reakcije\/#breadcrumb","itemListElement":[{"@type":"ListItem","position":1,"name":"Naslovna","item":"https:\/\/ic-lotos.org.ba\/"},{"@type":"ListItem","position":2,"name":"IZLO\u017dBA FOTOGRAFIJA &#8220;BEZ AKCIJE NEMA REAKCIJE&#8221;"}]},{"@type":"WebSite","@id":"https:\/\/ic-lotos.org.ba\/#website","url":"https:\/\/ic-lotos.org.ba\/","name":"IC Lotos Tuzla","description":"Informativni centar \u201cLotos\u201d okuplja osobe sa ili bez invaliditeta koje su zainteresovane da svojim radom bilo na profesionalnoj ili volonterskoj osnovi doprinesu ostvarivanju misije organizacije.","publisher":{"@id":"https:\/\/ic-lotos.org.ba\/#organization"},"potentialAction":[{"@type":"SearchAction","target":{"@type":"EntryPoint","urlTemplate":"https:\/\/ic-lotos.org.ba\/?s={search_term_string}"},"query-input":{"@type":"PropertyValueSpecification","valueRequired":true,"valueName":"search_term_string"}}],"inLanguage":"en-US"},{"@type":"Organization","@id":"https:\/\/ic-lotos.org.ba\/#organization","name":"IC Lotos Tuzla","url":"https:\/\/ic-lotos.org.ba\/","logo":{"@type":"ImageObject","inLanguage":"en-US","@id":"https:\/\/ic-lotos.org.ba\/#\/schema\/logo\/image\/","url":"https:\/\/ic-lotos.org.ba\/wp-content\/uploads\/2019\/11\/logo.jpg","contentUrl":"https:\/\/ic-lotos.org.ba\/wp-content\/uploads\/2019\/11\/logo.jpg","width":575,"height":623,"caption":"IC Lotos Tuzla"},"image":{"@id":"https:\/\/ic-lotos.org.ba\/#\/schema\/logo\/image\/"},"sameAs":["https:\/\/www.facebook.com\/iclotos\/","https:\/\/www.youtube.com\/feed\/library"]},{"@type":"Person","@id":"https:\/\/ic-lotos.org.ba\/#\/schema\/person\/fb1da7c92bc3365aad6d1abac5bfe80a","name":"Jasminko Bijeli\u0107","image":{"@type":"ImageObject","inLanguage":"en-US","@id":"https:\/\/secure.gravatar.com\/avatar\/d694f8eb6cc3383210938655f7851f13239ed2f29afcf4e787e3c519ba016d67?s=96&d=mm&r=g","url":"https:\/\/secure.gravatar.com\/avatar\/d694f8eb6cc3383210938655f7851f13239ed2f29afcf4e787e3c519ba016d67?s=96&d=mm&r=g","contentUrl":"https:\/\/secure.gravatar.com\/avatar\/d694f8eb6cc3383210938655f7851f13239ed2f29afcf4e787e3c519ba016d67?s=96&d=mm&r=g","caption":"Jasminko Bijeli\u0107"}}]}},"_links":{"self":[{"href":"https:\/\/ic-lotos.org.ba\/en\/wp-json\/wp\/v2\/posts\/11523","targetHints":{"allow":["GET"]}}],"collection":[{"href":"https:\/\/ic-lotos.org.ba\/en\/wp-json\/wp\/v2\/posts"}],"about":[{"href":"https:\/\/ic-lotos.org.ba\/en\/wp-json\/wp\/v2\/types\/post"}],"author":[{"embeddable":true,"href":"https:\/\/ic-lotos.org.ba\/en\/wp-json\/wp\/v2\/users\/5"}],"replies":[{"embeddable":true,"href":"https:\/\/ic-lotos.org.ba\/en\/wp-json\/wp\/v2\/comments?post=11523"}],"version-history":[{"count":0,"href":"https:\/\/ic-lotos.org.ba\/en\/wp-json\/wp\/v2\/posts\/11523\/revisions"}],"wp:featuredmedia":[{"embeddable":true,"href":"https:\/\/ic-lotos.org.ba\/en\/wp-json\/wp\/v2\/media\/11520"}],"wp:attachment":[{"href":"https:\/\/ic-lotos.org.ba\/en\/wp-json\/wp\/v2\/media?parent=11523"}],"wp:term":[{"taxonomy":"category","embeddable":true,"href":"https:\/\/ic-lotos.org.ba\/en\/wp-json\/wp\/v2\/categories?post=11523"},{"taxonomy":"post_tag","embeddable":true,"href":"https:\/\/ic-lotos.org.ba\/en\/wp-json\/wp\/v2\/tags?post=11523"}],"curies":[{"name":"wp","href":"https:\/\/api.w.org\/{rel}","templated":true}]}}