{"id":11431,"date":"2015-06-16T10:25:15","date_gmt":"2015-06-16T10:25:15","guid":{"rendered":"https:\/\/v2.ic-lotos.org.ba\/odrzan-xv-forum-saveza-i-organizacija-osoba-sa-invaliditetom-u-bih\/"},"modified":"2015-06-16T10:25:15","modified_gmt":"2015-06-16T10:25:15","slug":"odrzan-xv-forum-saveza-i-organizacija-osoba-sa-invaliditetom-u-bih","status":"publish","type":"post","link":"https:\/\/ic-lotos.org.ba\/en\/odrzan-xv-forum-saveza-i-organizacija-osoba-sa-invaliditetom-u-bih\/","title":{"rendered":"The 15th Forum of the Alliance and Organizations of Persons with Disabilities in BiH was held"},"content":{"rendered":"<p><span style=\"font-size: 12pt; line-height: 106%; font-family: Arial, sans-serif;\">On Saturday, June 13, 2015, the fifteenth Forum of Associations and Organizations of Persons with Disabilities and other organizations in the movement of persons with disabilities, at the local, entity and state level, was held in the Hotel &quot;Pahuljica&quot; Vla\u0161i\u0107.<\/span><\/p>\n<p><span style=\"font-size: 12pt; line-height: 106%; font-family: Arial, sans-serif;\">The topic of the Forum was &quot;Upcoming reforms in the social sector and possible joint action of organizations of people with disabilities.&quot;<\/span><\/p>\n<p><span style=\"font-size: 12pt; line-height: 106%; font-family: Arial, sans-serif;\">The forum was attended by 50 representatives of the Alliance and organizations of persons with disabilities in BiH.<\/span><\/p>\n<p><span style=\"font-size: 12pt; line-height: 106%; font-family: Arial, sans-serif;\">The organizers of the forum were the Information Center for Persons with Disabilities &quot;Lotos&quot; Tuzla in partnership with the Humanitarian Organization &quot;Partner&quot; from Banja Luka and the Center for Independent Living &quot;Threshold&quot; from Helsinki.<\/span><\/p>\n<p><span style=\"font-size: 12pt; line-height: 106%; font-family: Arial, sans-serif;\">\u00a0<\/span><\/p>\n<p><span style=\"font-size: 12pt; line-height: 106%; font-family: Arial, sans-serif;\"><img fetchpriority=\"high\" decoding=\"async\" width=\"700\" height=\"525\" class=\"size-full wp-image-11429\" src=\"https:\/\/ic-lotos.org.ba\/wp-content\/uploads\/2015\/06\/images_XV_Forum_slika_2.JPG\" alt=\"XV Forum slika 2\" srcset=\"https:\/\/ic-lotos.org.ba\/wp-content\/uploads\/2015\/06\/images_XV_Forum_slika_2.JPG 700w, https:\/\/ic-lotos.org.ba\/wp-content\/uploads\/2015\/06\/images_XV_Forum_slika_2-600x450.jpg 600w, https:\/\/ic-lotos.org.ba\/wp-content\/uploads\/2015\/06\/images_XV_Forum_slika_2-300x225.jpg 300w, https:\/\/ic-lotos.org.ba\/wp-content\/uploads\/2015\/06\/images_XV_Forum_slika_2-440x330.jpg 440w\" sizes=\"(max-width: 700px) 100vw, 700px\" \/>\u00a0<\/span><\/p>\n<p><span style=\"font-size: 12pt; line-height: 106%; font-family: Arial, sans-serif;\"><img decoding=\"async\" width=\"700\" height=\"525\" class=\"size-full wp-image-11430\" src=\"https:\/\/ic-lotos.org.ba\/wp-content\/uploads\/2015\/06\/images_XV_Forum_slika_3.JPG\" alt=\"XV Forum slika 3\" srcset=\"https:\/\/ic-lotos.org.ba\/wp-content\/uploads\/2015\/06\/images_XV_Forum_slika_3.JPG 700w, https:\/\/ic-lotos.org.ba\/wp-content\/uploads\/2015\/06\/images_XV_Forum_slika_3-600x450.jpg 600w, https:\/\/ic-lotos.org.ba\/wp-content\/uploads\/2015\/06\/images_XV_Forum_slika_3-300x225.jpg 300w, https:\/\/ic-lotos.org.ba\/wp-content\/uploads\/2015\/06\/images_XV_Forum_slika_3-440x330.jpg 440w\" sizes=\"(max-width: 700px) 100vw, 700px\" \/>\u00a0<\/span><\/p>\n<p><span style=\"font-size: 12pt; line-height: 106%; font-family: Arial, sans-serif;\"><\/span><\/p>\n<hr \/>\n<p><span style=\"font-size: 12pt; line-height: 106%; font-family: Arial, sans-serif;\"><\/span><\/p>\n<div class=\"gsp_post_data\" \r\n\t            data-post_type=\"post\" \r\n\t            data-cat=\"vijesti\" \r\n\t            data-modified=\"120\"\r\n\t            data-created=\"1434450315\"\r\n\t            data-title=\"Odr\u017ean XV Forum Saveza i organizacija osoba sa invaliditetom u BiH\" \r\n\t            data-home=\"https:\/\/ic-lotos.org.ba\/en\"><\/div>","protected":false},"excerpt":{"rendered":"<p>U subotu, 13. 06. 2015. godine u hotelu \u201ePahuljica\u201c Vla\u0161i\u0107, odr\u017ean \u00a0je petnaesti Forum saveza i organizacija osoba sa invaliditetom i drugih organizacija u pokretu osoba sa invaliditetom, na lokalnom, entitetskom i dr\u017eavnom nivou. Tema Foruma je bila \u00a0\u201eNadolaze\u0107e reforme [&hellip;]<\/p>\n","protected":false},"author":5,"featured_media":11428,"comment_status":"open","ping_status":"closed","sticky":false,"template":"","format":"standard","meta":{"footnotes":""},"categories":[65],"tags":[],"class_list":["post-11431","post","type-post","status-publish","format-standard","has-post-thumbnail","hentry","category-vijesti"],"yoast_head":"<!-- This site is optimized with the Yoast SEO plugin v27.5 - https:\/\/yoast.com\/product\/yoast-seo-wordpress\/ -->\n<title>Odr\u017ean XV Forum Saveza i organizacija osoba sa invaliditetom u BiH - IC Lotos Tuzla<\/title>\n<meta name=\"robots\" content=\"index, follow, max-snippet:-1, max-image-preview:large, max-video-preview:-1\" \/>\n<link rel=\"canonical\" href=\"https:\/\/ic-lotos.org.ba\/en\/odrzan-xv-forum-saveza-i-organizacija-osoba-sa-invaliditetom-u-bih\/\" \/>\n<meta property=\"og:locale\" content=\"en_US\" \/>\n<meta property=\"og:type\" content=\"article\" \/>\n<meta property=\"og:title\" content=\"Odr\u017ean XV Forum Saveza i organizacija osoba sa invaliditetom u BiH - IC Lotos Tuzla\" \/>\n<meta property=\"og:description\" content=\"U subotu, 13. 06. 2015. godine u hotelu \u201ePahuljica\u201c Vla\u0161i\u0107, odr\u017ean \u00a0je petnaesti Forum saveza i organizacija osoba sa invaliditetom i drugih organizacija u pokretu osoba sa invaliditetom, na lokalnom, entitetskom i dr\u017eavnom nivou. Tema Foruma je bila \u00a0\u201eNadolaze\u0107e reforme [&hellip;]\" \/>\n<meta property=\"og:url\" content=\"https:\/\/ic-lotos.org.ba\/en\/odrzan-xv-forum-saveza-i-organizacija-osoba-sa-invaliditetom-u-bih\/\" \/>\n<meta property=\"og:site_name\" content=\"IC Lotos Tuzla\" \/>\n<meta property=\"article:publisher\" content=\"https:\/\/www.facebook.com\/iclotos\/\" \/>\n<meta property=\"article:published_time\" content=\"2015-06-16T10:25:15+00:00\" \/>\n<meta property=\"og:image\" content=\"https:\/\/ic-lotos.org.ba\/wp-content\/uploads\/2015\/06\/images_XV_Forum_slika_1.JPG\" \/>\n\t<meta property=\"og:image:width\" content=\"700\" \/>\n\t<meta property=\"og:image:height\" content=\"525\" \/>\n\t<meta property=\"og:image:type\" content=\"image\/jpeg\" \/>\n<meta name=\"author\" content=\"Jasminko Bijeli\u0107\" \/>\n<meta name=\"twitter:card\" content=\"summary_large_image\" \/>\n<meta name=\"twitter:label1\" content=\"Written by\" \/>\n\t<meta name=\"twitter:data1\" content=\"Jasminko Bijeli\u0107\" \/>\n<script type=\"application\/ld+json\" class=\"yoast-schema-graph\">{\"@context\":\"https:\\\/\\\/schema.org\",\"@graph\":[{\"@type\":\"Article\",\"@id\":\"https:\\\/\\\/ic-lotos.org.ba\\\/odrzan-xv-forum-saveza-i-organizacija-osoba-sa-invaliditetom-u-bih\\\/#article\",\"isPartOf\":{\"@id\":\"https:\\\/\\\/ic-lotos.org.ba\\\/odrzan-xv-forum-saveza-i-organizacija-osoba-sa-invaliditetom-u-bih\\\/\"},\"author\":{\"name\":\"Jasminko Bijeli\u0107\",\"@id\":\"https:\\\/\\\/ic-lotos.org.ba\\\/#\\\/schema\\\/person\\\/fb1da7c92bc3365aad6d1abac5bfe80a\"},\"headline\":\"Odr\u017ean XV Forum Saveza i organizacija osoba sa invaliditetom u BiH\",\"datePublished\":\"2015-06-16T10:25:15+00:00\",\"mainEntityOfPage\":{\"@id\":\"https:\\\/\\\/ic-lotos.org.ba\\\/odrzan-xv-forum-saveza-i-organizacija-osoba-sa-invaliditetom-u-bih\\\/\"},\"wordCount\":107,\"commentCount\":0,\"publisher\":{\"@id\":\"https:\\\/\\\/ic-lotos.org.ba\\\/#organization\"},\"image\":{\"@id\":\"https:\\\/\\\/ic-lotos.org.ba\\\/odrzan-xv-forum-saveza-i-organizacija-osoba-sa-invaliditetom-u-bih\\\/#primaryimage\"},\"thumbnailUrl\":\"https:\\\/\\\/ic-lotos.org.ba\\\/wp-content\\\/uploads\\\/2015\\\/06\\\/images_XV_Forum_slika_1.JPG\",\"articleSection\":[\"Vijesti\"],\"inLanguage\":\"en-US\"},{\"@type\":\"WebPage\",\"@id\":\"https:\\\/\\\/ic-lotos.org.ba\\\/odrzan-xv-forum-saveza-i-organizacija-osoba-sa-invaliditetom-u-bih\\\/\",\"url\":\"https:\\\/\\\/ic-lotos.org.ba\\\/odrzan-xv-forum-saveza-i-organizacija-osoba-sa-invaliditetom-u-bih\\\/\",\"name\":\"Odr\u017ean XV Forum Saveza i organizacija osoba sa invaliditetom u BiH - IC Lotos Tuzla\",\"isPartOf\":{\"@id\":\"https:\\\/\\\/ic-lotos.org.ba\\\/#website\"},\"primaryImageOfPage\":{\"@id\":\"https:\\\/\\\/ic-lotos.org.ba\\\/odrzan-xv-forum-saveza-i-organizacija-osoba-sa-invaliditetom-u-bih\\\/#primaryimage\"},\"image\":{\"@id\":\"https:\\\/\\\/ic-lotos.org.ba\\\/odrzan-xv-forum-saveza-i-organizacija-osoba-sa-invaliditetom-u-bih\\\/#primaryimage\"},\"thumbnailUrl\":\"https:\\\/\\\/ic-lotos.org.ba\\\/wp-content\\\/uploads\\\/2015\\\/06\\\/images_XV_Forum_slika_1.JPG\",\"datePublished\":\"2015-06-16T10:25:15+00:00\",\"breadcrumb\":{\"@id\":\"https:\\\/\\\/ic-lotos.org.ba\\\/odrzan-xv-forum-saveza-i-organizacija-osoba-sa-invaliditetom-u-bih\\\/#breadcrumb\"},\"inLanguage\":\"en-US\",\"potentialAction\":[{\"@type\":\"ReadAction\",\"target\":[\"https:\\\/\\\/ic-lotos.org.ba\\\/odrzan-xv-forum-saveza-i-organizacija-osoba-sa-invaliditetom-u-bih\\\/\"]}]},{\"@type\":\"ImageObject\",\"inLanguage\":\"en-US\",\"@id\":\"https:\\\/\\\/ic-lotos.org.ba\\\/odrzan-xv-forum-saveza-i-organizacija-osoba-sa-invaliditetom-u-bih\\\/#primaryimage\",\"url\":\"https:\\\/\\\/ic-lotos.org.ba\\\/wp-content\\\/uploads\\\/2015\\\/06\\\/images_XV_Forum_slika_1.JPG\",\"contentUrl\":\"https:\\\/\\\/ic-lotos.org.ba\\\/wp-content\\\/uploads\\\/2015\\\/06\\\/images_XV_Forum_slika_1.JPG\",\"width\":700,\"height\":525,\"caption\":\"XV Forum slika 1\"},{\"@type\":\"BreadcrumbList\",\"@id\":\"https:\\\/\\\/ic-lotos.org.ba\\\/odrzan-xv-forum-saveza-i-organizacija-osoba-sa-invaliditetom-u-bih\\\/#breadcrumb\",\"itemListElement\":[{\"@type\":\"ListItem\",\"position\":1,\"name\":\"Naslovna\",\"item\":\"https:\\\/\\\/ic-lotos.org.ba\\\/\"},{\"@type\":\"ListItem\",\"position\":2,\"name\":\"Odr\u017ean XV Forum Saveza i organizacija osoba sa invaliditetom u BiH\"}]},{\"@type\":\"WebSite\",\"@id\":\"https:\\\/\\\/ic-lotos.org.ba\\\/#website\",\"url\":\"https:\\\/\\\/ic-lotos.org.ba\\\/\",\"name\":\"IC Lotos Tuzla\",\"description\":\"Informativni centar \u201cLotos\u201d okuplja osobe sa ili bez invaliditeta koje su zainteresovane da svojim radom bilo na profesionalnoj ili volonterskoj osnovi doprinesu ostvarivanju misije organizacije.\",\"publisher\":{\"@id\":\"https:\\\/\\\/ic-lotos.org.ba\\\/#organization\"},\"potentialAction\":[{\"@type\":\"SearchAction\",\"target\":{\"@type\":\"EntryPoint\",\"urlTemplate\":\"https:\\\/\\\/ic-lotos.org.ba\\\/?s={search_term_string}\"},\"query-input\":{\"@type\":\"PropertyValueSpecification\",\"valueRequired\":true,\"valueName\":\"search_term_string\"}}],\"inLanguage\":\"en-US\"},{\"@type\":\"Organization\",\"@id\":\"https:\\\/\\\/ic-lotos.org.ba\\\/#organization\",\"name\":\"IC Lotos Tuzla\",\"url\":\"https:\\\/\\\/ic-lotos.org.ba\\\/\",\"logo\":{\"@type\":\"ImageObject\",\"inLanguage\":\"en-US\",\"@id\":\"https:\\\/\\\/ic-lotos.org.ba\\\/#\\\/schema\\\/logo\\\/image\\\/\",\"url\":\"https:\\\/\\\/ic-lotos.org.ba\\\/wp-content\\\/uploads\\\/2019\\\/11\\\/logo.jpg\",\"contentUrl\":\"https:\\\/\\\/ic-lotos.org.ba\\\/wp-content\\\/uploads\\\/2019\\\/11\\\/logo.jpg\",\"width\":575,\"height\":623,\"caption\":\"IC Lotos Tuzla\"},\"image\":{\"@id\":\"https:\\\/\\\/ic-lotos.org.ba\\\/#\\\/schema\\\/logo\\\/image\\\/\"},\"sameAs\":[\"https:\\\/\\\/www.facebook.com\\\/iclotos\\\/\",\"https:\\\/\\\/www.youtube.com\\\/feed\\\/library\"]},{\"@type\":\"Person\",\"@id\":\"https:\\\/\\\/ic-lotos.org.ba\\\/#\\\/schema\\\/person\\\/fb1da7c92bc3365aad6d1abac5bfe80a\",\"name\":\"Jasminko Bijeli\u0107\",\"image\":{\"@type\":\"ImageObject\",\"inLanguage\":\"en-US\",\"@id\":\"https:\\\/\\\/secure.gravatar.com\\\/avatar\\\/d694f8eb6cc3383210938655f7851f13239ed2f29afcf4e787e3c519ba016d67?s=96&d=mm&r=g\",\"url\":\"https:\\\/\\\/secure.gravatar.com\\\/avatar\\\/d694f8eb6cc3383210938655f7851f13239ed2f29afcf4e787e3c519ba016d67?s=96&d=mm&r=g\",\"contentUrl\":\"https:\\\/\\\/secure.gravatar.com\\\/avatar\\\/d694f8eb6cc3383210938655f7851f13239ed2f29afcf4e787e3c519ba016d67?s=96&d=mm&r=g\",\"caption\":\"Jasminko Bijeli\u0107\"}}]}<\/script>\n<!-- \/ Yoast SEO plugin. -->","yoast_head_json":{"title":"Odr\u017ean XV Forum Saveza i organizacija osoba sa invaliditetom u BiH - IC Lotos Tuzla","robots":{"index":"index","follow":"follow","max-snippet":"max-snippet:-1","max-image-preview":"max-image-preview:large","max-video-preview":"max-video-preview:-1"},"canonical":"https:\/\/ic-lotos.org.ba\/en\/odrzan-xv-forum-saveza-i-organizacija-osoba-sa-invaliditetom-u-bih\/","og_locale":"en_US","og_type":"article","og_title":"Odr\u017ean XV Forum Saveza i organizacija osoba sa invaliditetom u BiH - IC Lotos Tuzla","og_description":"U subotu, 13. 06. 2015. godine u hotelu \u201ePahuljica\u201c Vla\u0161i\u0107, odr\u017ean \u00a0je petnaesti Forum saveza i organizacija osoba sa invaliditetom i drugih organizacija u pokretu osoba sa invaliditetom, na lokalnom, entitetskom i dr\u017eavnom nivou. Tema Foruma je bila \u00a0\u201eNadolaze\u0107e reforme [&hellip;]","og_url":"https:\/\/ic-lotos.org.ba\/en\/odrzan-xv-forum-saveza-i-organizacija-osoba-sa-invaliditetom-u-bih\/","og_site_name":"IC Lotos Tuzla","article_publisher":"https:\/\/www.facebook.com\/iclotos\/","article_published_time":"2015-06-16T10:25:15+00:00","og_image":[{"width":700,"height":525,"url":"https:\/\/ic-lotos.org.ba\/wp-content\/uploads\/2015\/06\/images_XV_Forum_slika_1.JPG","type":"image\/jpeg"}],"author":"Jasminko Bijeli\u0107","twitter_card":"summary_large_image","twitter_misc":{"Written by":"Jasminko Bijeli\u0107"},"schema":{"@context":"https:\/\/schema.org","@graph":[{"@type":"Article","@id":"https:\/\/ic-lotos.org.ba\/odrzan-xv-forum-saveza-i-organizacija-osoba-sa-invaliditetom-u-bih\/#article","isPartOf":{"@id":"https:\/\/ic-lotos.org.ba\/odrzan-xv-forum-saveza-i-organizacija-osoba-sa-invaliditetom-u-bih\/"},"author":{"name":"Jasminko Bijeli\u0107","@id":"https:\/\/ic-lotos.org.ba\/#\/schema\/person\/fb1da7c92bc3365aad6d1abac5bfe80a"},"headline":"Odr\u017ean XV Forum Saveza i organizacija osoba sa invaliditetom u BiH","datePublished":"2015-06-16T10:25:15+00:00","mainEntityOfPage":{"@id":"https:\/\/ic-lotos.org.ba\/odrzan-xv-forum-saveza-i-organizacija-osoba-sa-invaliditetom-u-bih\/"},"wordCount":107,"commentCount":0,"publisher":{"@id":"https:\/\/ic-lotos.org.ba\/#organization"},"image":{"@id":"https:\/\/ic-lotos.org.ba\/odrzan-xv-forum-saveza-i-organizacija-osoba-sa-invaliditetom-u-bih\/#primaryimage"},"thumbnailUrl":"https:\/\/ic-lotos.org.ba\/wp-content\/uploads\/2015\/06\/images_XV_Forum_slika_1.JPG","articleSection":["Vijesti"],"inLanguage":"en-US"},{"@type":"WebPage","@id":"https:\/\/ic-lotos.org.ba\/odrzan-xv-forum-saveza-i-organizacija-osoba-sa-invaliditetom-u-bih\/","url":"https:\/\/ic-lotos.org.ba\/odrzan-xv-forum-saveza-i-organizacija-osoba-sa-invaliditetom-u-bih\/","name":"Odr\u017ean XV Forum Saveza i organizacija osoba sa invaliditetom u BiH - IC Lotos Tuzla","isPartOf":{"@id":"https:\/\/ic-lotos.org.ba\/#website"},"primaryImageOfPage":{"@id":"https:\/\/ic-lotos.org.ba\/odrzan-xv-forum-saveza-i-organizacija-osoba-sa-invaliditetom-u-bih\/#primaryimage"},"image":{"@id":"https:\/\/ic-lotos.org.ba\/odrzan-xv-forum-saveza-i-organizacija-osoba-sa-invaliditetom-u-bih\/#primaryimage"},"thumbnailUrl":"https:\/\/ic-lotos.org.ba\/wp-content\/uploads\/2015\/06\/images_XV_Forum_slika_1.JPG","datePublished":"2015-06-16T10:25:15+00:00","breadcrumb":{"@id":"https:\/\/ic-lotos.org.ba\/odrzan-xv-forum-saveza-i-organizacija-osoba-sa-invaliditetom-u-bih\/#breadcrumb"},"inLanguage":"en-US","potentialAction":[{"@type":"ReadAction","target":["https:\/\/ic-lotos.org.ba\/odrzan-xv-forum-saveza-i-organizacija-osoba-sa-invaliditetom-u-bih\/"]}]},{"@type":"ImageObject","inLanguage":"en-US","@id":"https:\/\/ic-lotos.org.ba\/odrzan-xv-forum-saveza-i-organizacija-osoba-sa-invaliditetom-u-bih\/#primaryimage","url":"https:\/\/ic-lotos.org.ba\/wp-content\/uploads\/2015\/06\/images_XV_Forum_slika_1.JPG","contentUrl":"https:\/\/ic-lotos.org.ba\/wp-content\/uploads\/2015\/06\/images_XV_Forum_slika_1.JPG","width":700,"height":525,"caption":"XV Forum slika 1"},{"@type":"BreadcrumbList","@id":"https:\/\/ic-lotos.org.ba\/odrzan-xv-forum-saveza-i-organizacija-osoba-sa-invaliditetom-u-bih\/#breadcrumb","itemListElement":[{"@type":"ListItem","position":1,"name":"Naslovna","item":"https:\/\/ic-lotos.org.ba\/"},{"@type":"ListItem","position":2,"name":"Odr\u017ean XV Forum Saveza i organizacija osoba sa invaliditetom u BiH"}]},{"@type":"WebSite","@id":"https:\/\/ic-lotos.org.ba\/#website","url":"https:\/\/ic-lotos.org.ba\/","name":"IC Lotos Tuzla","description":"Informativni centar \u201cLotos\u201d okuplja osobe sa ili bez invaliditeta koje su zainteresovane da svojim radom bilo na profesionalnoj ili volonterskoj osnovi doprinesu ostvarivanju misije organizacije.","publisher":{"@id":"https:\/\/ic-lotos.org.ba\/#organization"},"potentialAction":[{"@type":"SearchAction","target":{"@type":"EntryPoint","urlTemplate":"https:\/\/ic-lotos.org.ba\/?s={search_term_string}"},"query-input":{"@type":"PropertyValueSpecification","valueRequired":true,"valueName":"search_term_string"}}],"inLanguage":"en-US"},{"@type":"Organization","@id":"https:\/\/ic-lotos.org.ba\/#organization","name":"IC Lotos Tuzla","url":"https:\/\/ic-lotos.org.ba\/","logo":{"@type":"ImageObject","inLanguage":"en-US","@id":"https:\/\/ic-lotos.org.ba\/#\/schema\/logo\/image\/","url":"https:\/\/ic-lotos.org.ba\/wp-content\/uploads\/2019\/11\/logo.jpg","contentUrl":"https:\/\/ic-lotos.org.ba\/wp-content\/uploads\/2019\/11\/logo.jpg","width":575,"height":623,"caption":"IC Lotos Tuzla"},"image":{"@id":"https:\/\/ic-lotos.org.ba\/#\/schema\/logo\/image\/"},"sameAs":["https:\/\/www.facebook.com\/iclotos\/","https:\/\/www.youtube.com\/feed\/library"]},{"@type":"Person","@id":"https:\/\/ic-lotos.org.ba\/#\/schema\/person\/fb1da7c92bc3365aad6d1abac5bfe80a","name":"Jasminko Bijeli\u0107","image":{"@type":"ImageObject","inLanguage":"en-US","@id":"https:\/\/secure.gravatar.com\/avatar\/d694f8eb6cc3383210938655f7851f13239ed2f29afcf4e787e3c519ba016d67?s=96&d=mm&r=g","url":"https:\/\/secure.gravatar.com\/avatar\/d694f8eb6cc3383210938655f7851f13239ed2f29afcf4e787e3c519ba016d67?s=96&d=mm&r=g","contentUrl":"https:\/\/secure.gravatar.com\/avatar\/d694f8eb6cc3383210938655f7851f13239ed2f29afcf4e787e3c519ba016d67?s=96&d=mm&r=g","caption":"Jasminko Bijeli\u0107"}}]}},"_links":{"self":[{"href":"https:\/\/ic-lotos.org.ba\/en\/wp-json\/wp\/v2\/posts\/11431","targetHints":{"allow":["GET"]}}],"collection":[{"href":"https:\/\/ic-lotos.org.ba\/en\/wp-json\/wp\/v2\/posts"}],"about":[{"href":"https:\/\/ic-lotos.org.ba\/en\/wp-json\/wp\/v2\/types\/post"}],"author":[{"embeddable":true,"href":"https:\/\/ic-lotos.org.ba\/en\/wp-json\/wp\/v2\/users\/5"}],"replies":[{"embeddable":true,"href":"https:\/\/ic-lotos.org.ba\/en\/wp-json\/wp\/v2\/comments?post=11431"}],"version-history":[{"count":0,"href":"https:\/\/ic-lotos.org.ba\/en\/wp-json\/wp\/v2\/posts\/11431\/revisions"}],"wp:featuredmedia":[{"embeddable":true,"href":"https:\/\/ic-lotos.org.ba\/en\/wp-json\/wp\/v2\/media\/11428"}],"wp:attachment":[{"href":"https:\/\/ic-lotos.org.ba\/en\/wp-json\/wp\/v2\/media?parent=11431"}],"wp:term":[{"taxonomy":"category","embeddable":true,"href":"https:\/\/ic-lotos.org.ba\/en\/wp-json\/wp\/v2\/categories?post=11431"},{"taxonomy":"post_tag","embeddable":true,"href":"https:\/\/ic-lotos.org.ba\/en\/wp-json\/wp\/v2\/tags?post=11431"}],"curies":[{"name":"wp","href":"https:\/\/api.w.org\/{rel}","templated":true}]}}