{"id":11226,"date":"2014-12-10T10:37:04","date_gmt":"2014-12-10T10:37:04","guid":{"rendered":"https:\/\/v2.ic-lotos.org.ba\/10-decembar-medjunarodni-dan-ljudskih-prava\/"},"modified":"2014-12-10T10:37:04","modified_gmt":"2014-12-10T10:37:04","slug":"10-decembar-medjunarodni-dan-ljudskih-prava","status":"publish","type":"post","link":"https:\/\/ic-lotos.org.ba\/en\/10-decembar-medjunarodni-dan-ljudskih-prava\/","title":{"rendered":"10. Decembar, Me\u0111unarodni dan ljudskih prava"},"content":{"rendered":"<p style=\"text-align: left;\"><span style=\"font-size: 10pt;\">U zemlji apsurda u kojoj je kr\u0161enje ljudskih prava pravilo, a glas obespravljenih se ne \u010duje, do\u010dekali smo jo\u0161 jedan 10. Decembar, Me\u0111unarodni dan ljudskih prava.<\/span><\/p>\n<p style=\"text-align: left;\"><span style=\"font-size: 10pt;\">Predstavnici institucija vlasti \u0107e nepo\u0161tovanje prava pravdati stanjem ekonomije, tranzicijom, nebrigom me\u0111unarodne zajednice i ko zna \u010dime sve ne.<\/span><\/p>\n<p style=\"text-align: left;\"><span style=\"font-size: 10pt;\">Obespravljeni \u0107e i dalje pokorno \u0107utati i \u010dekati da neko drugi u njihovo ime osigura pristup pravima koja im pripadaju.<\/span><\/p>\n<p style=\"text-align: left;\"><span style=\"font-size: 10pt;\">Tako bi smo mogli do u nedogled plesti vrzino kolo o\u010dekivanja, neispunjavanja obaveza, neispunjenih o\u010dekivanja,&#8230;<\/span><\/p>\n<p style=\"text-align: left;\"><span style=\"font-size: 10pt;\">Osobe sa invaliditetom su zasigurno, a pokazuju to i brojna istra\u017eivanja, dio gra\u0111ana kojima su ljudska prava i slobode najuskra\u0107enije.<\/span><\/p>\n<p style=\"text-align: left;\"><span style=\"font-size: 10pt;\"><\/span><\/p>\n<p style=\"text-align: left;\">\u00a0<\/p>\n<p style=\"text-align: left;\"><span style=\"font-size: 10pt;\">A razlozi za takvo stanje?<\/span><\/p>\n<p style=\"text-align: left;\"><span style=\"font-size: 10pt;\">Ako se podsjetimo da Konvencija o pravima osoba sa invaliditetom Ujedinjenih Nacija, koju je Bosna i Hercegovina ratifikovala 2010. defini\u0161e fenomen invalidnosti kao rezultat sadejstva li\u010dnih ograni\u010denja pojedinca usljed njegovog fizi\u010dkog, mentalnog, psihi\u010dkog stanja i prepreka koje proizvodi dru\u0161tvo u onemogu\u0107avanju pristupa dobrima koja stoje na raspolaganju svim gra\u0111anima, onda jednostavno mo\u017eemo zaklju\u010diti da uzroci nedostupnosti prava za osobe sa invaliditetom le\u017ee u preprekama koje na\u0161e dru\u0161tvo proizvodi, a koje stoje na putu punom u\u010de\u0161\u0107u osoba sa invaliditetom u \u017eivotu zajednice.<\/span><\/p>\n<p style=\"text-align: left;\"><span style=\"font-size: 10pt;\">Primjeri kr\u0161enja ljudskih prava osoba sa invaliditetom evidentni su u svim sferama \u017eivota:<\/span><\/p>\n<p style=\"text-align: left;\"><span style=\"font-size: 10pt;\">Djevojka sa invaliditetom, dvadeset dvije godine, zavr\u0161ila je samo osnovnu \u0161kolu jer ne postoje usluge podr\u0161ke za njeno samostalno funkcionisanje, sve srednje \u0161kole u njenom gradu, ali i u susjedstvu su arhitektonski nepristupa\u010dne, nema pristupa\u010dnog javnog prevoza, ali niti organizovanog pristupa\u010dnog prevoza za osobe sa invaliditetom.<\/span><\/p>\n<p style=\"text-align: left;\"><span style=\"font-size: 10pt;\">Uskra\u0107ena su osnovna prava na slobodu kretanja, obrazovanja, pristupa dobrima kojima dru\u0161tvo raspola\u017ee&#8230;<\/span><\/p>\n<p style=\"text-align: left;\"><span style=\"font-size: 10pt;\">Zbog nemogu\u0107nosti razvijanja sopstvenih kapaciteta, ali i zbog nemogu\u0107nosti njihovog punog iskori\u0161tavanja, osobe sa invaliditetom su izolirane, ovisne o podr\u0161ci njihovih porodica, izlo\u017eene siroma\u0161tvu naj\u010de\u0161\u0107e uzrokovanom njihovom invalidno\u0161\u0107u i nebrigom zajednice.<\/span><\/p>\n<p style=\"text-align: left;\"><span style=\"font-size: 10pt;\">Zemlja apsurda je zaslu\u017eila takav epitet i zbog toga da reformske procese, \u010ditaj: procese uskra\u0107ivanja potrebnih vidova podr\u0161ke, provodi najprije na najosjetljivijim grupama gra\u0111ana, vjerovatno ra\u010dunaju\u0107i s \u010dinjenicom da su oni \u201enajnesposobniji\u201c da dignu svoj glas i pobune se protiv takvog odnosa.<\/span><\/p>\n<p style=\"text-align: left;\"><span style=\"font-size: 10pt;\">Da apsurdima nema kraja pokazuju i najnovija de\u0161avanja ili mogu\u0107i nagovje\u0161taji da \u0107e zbog nedostatka sredstava biti uskra\u0107eno pravo na lijekove za bolesne, da osobe sa invaliditetom ne ostvaruju pravo na ortopedska pomagala na odgovaraju\u0107i na\u010din, da usprkos preuzetim obavezama institucije vlasti ne po\u0161tuju me\u0111unarodno proklamovane standarde ljudskih prava.<\/span><\/p>\n<p style=\"text-align: left;\"><span style=\"font-size: 10pt;\">Danas je Me\u0111unarodni dan ljudskih prava, a ve\u0107 sutra, sutra \u0107e biti neki drugi me\u0111unarodni dan, a ljudska prava \u0107e sporadi\u010dno biti temom najupornijih i najentuzijasti\u010dnijih u ovoj zemlji, jer zagovaranje za dosljedno po\u0161tovanje i primjenu jednakih prava za sve nailazi na nesrazmjerno sporu reakciju odgovornih za njihovo puno po\u0161tivanje i za\u0161titu!!!!!!!!<\/span><\/p>\n<p style=\"text-align: left;\"><span style=\"font-size: 10pt;\">Me\u0111unarodni dan ljudskih prava se ove godine obilje\u017eava pod motom proklamovanim od strane Ujedinjenih Nacija: \u201eTristo \u0161ezdeset pet dana ljudskih prava\u201c.<\/span><\/p>\n<p style=\"text-align: left;\"><span style=\"font-size: 10pt;\">A na\u0161a \u0107e prava biti po\u0161tovana i dostupna u mjeri u kojoj se za njih budemo borili i izborili.<\/span><\/p>\n<p style=\"text-align: left;\"><span style=\"font-size: 10pt;\">Suad Zahirovic\u00a0<\/span><\/p>\n<hr \/>\n<p style=\"text-align: left;\"><span style=\"font-size: 10pt;\"><\/span><\/p>\n<div class=\"gsp_post_data\" \r\n\t            data-post_type=\"post\" \r\n\t            data-cat=\"vijesti\" \r\n\t            data-modified=\"120\"\r\n\t            data-created=\"1418207824\"\r\n\t            data-title=\"10. Decembar, Me\u0111unarodni dan ljudskih prava\" \r\n\t            data-home=\"https:\/\/ic-lotos.org.ba\/en\"><\/div>","protected":false},"excerpt":{"rendered":"<p>U zemlji apsurda u kojoj je kr\u0161enje ljudskih prava pravilo, a glas obespravljenih se ne \u010duje, do\u010dekali smo jo\u0161 jedan 10. Decembar, Me\u0111unarodni dan ljudskih prava. Predstavnici institucija vlasti \u0107e nepo\u0161tovanje prava pravdati stanjem ekonomije, tranzicijom, nebrigom me\u0111unarodne zajednice i [&hellip;]<\/p>\n","protected":false},"author":5,"featured_media":11225,"comment_status":"open","ping_status":"closed","sticky":false,"template":"","format":"standard","meta":{"footnotes":""},"categories":[65],"tags":[],"class_list":["post-11226","post","type-post","status-publish","format-standard","has-post-thumbnail","hentry","category-vijesti"],"yoast_head":"<!-- This site is optimized with the Yoast SEO plugin v27.5 - https:\/\/yoast.com\/product\/yoast-seo-wordpress\/ -->\n<title>10. Decembar, Me\u0111unarodni dan ljudskih prava - IC Lotos Tuzla<\/title>\n<meta name=\"robots\" content=\"index, follow, max-snippet:-1, max-image-preview:large, max-video-preview:-1\" \/>\n<link rel=\"canonical\" href=\"https:\/\/ic-lotos.org.ba\/en\/10-decembar-medjunarodni-dan-ljudskih-prava\/\" \/>\n<meta property=\"og:locale\" content=\"en_US\" \/>\n<meta property=\"og:type\" content=\"article\" \/>\n<meta property=\"og:title\" content=\"10. Decembar, Me\u0111unarodni dan ljudskih prava - IC Lotos Tuzla\" \/>\n<meta property=\"og:description\" content=\"U zemlji apsurda u kojoj je kr\u0161enje ljudskih prava pravilo, a glas obespravljenih se ne \u010duje, do\u010dekali smo jo\u0161 jedan 10. Decembar, Me\u0111unarodni dan ljudskih prava. Predstavnici institucija vlasti \u0107e nepo\u0161tovanje prava pravdati stanjem ekonomije, tranzicijom, nebrigom me\u0111unarodne zajednice i [&hellip;]\" \/>\n<meta property=\"og:url\" content=\"https:\/\/ic-lotos.org.ba\/en\/10-decembar-medjunarodni-dan-ljudskih-prava\/\" \/>\n<meta property=\"og:site_name\" content=\"IC Lotos Tuzla\" \/>\n<meta property=\"article:publisher\" content=\"https:\/\/www.facebook.com\/iclotos\/\" \/>\n<meta property=\"article:published_time\" content=\"2014-12-10T10:37:04+00:00\" \/>\n<meta property=\"og:image\" content=\"https:\/\/ic-lotos.org.ba\/wp-content\/uploads\/2014\/12\/images_rusenje_barijera.jpg\" \/>\n\t<meta property=\"og:image:width\" content=\"960\" \/>\n\t<meta property=\"og:image:height\" content=\"379\" \/>\n\t<meta property=\"og:image:type\" content=\"image\/jpeg\" \/>\n<meta name=\"author\" content=\"Jasminko Bijeli\u0107\" \/>\n<meta name=\"twitter:card\" content=\"summary_large_image\" \/>\n<meta name=\"twitter:label1\" content=\"Written by\" \/>\n\t<meta name=\"twitter:data1\" content=\"Jasminko Bijeli\u0107\" \/>\n\t<meta name=\"twitter:label2\" content=\"Est. reading time\" \/>\n\t<meta name=\"twitter:data2\" content=\"3 minutes\" \/>\n<script type=\"application\/ld+json\" class=\"yoast-schema-graph\">{\"@context\":\"https:\\\/\\\/schema.org\",\"@graph\":[{\"@type\":\"Article\",\"@id\":\"https:\\\/\\\/ic-lotos.org.ba\\\/10-decembar-medjunarodni-dan-ljudskih-prava\\\/#article\",\"isPartOf\":{\"@id\":\"https:\\\/\\\/ic-lotos.org.ba\\\/10-decembar-medjunarodni-dan-ljudskih-prava\\\/\"},\"author\":{\"name\":\"Jasminko Bijeli\u0107\",\"@id\":\"https:\\\/\\\/ic-lotos.org.ba\\\/#\\\/schema\\\/person\\\/fb1da7c92bc3365aad6d1abac5bfe80a\"},\"headline\":\"10. Decembar, Me\u0111unarodni dan ljudskih prava\",\"datePublished\":\"2014-12-10T10:37:04+00:00\",\"mainEntityOfPage\":{\"@id\":\"https:\\\/\\\/ic-lotos.org.ba\\\/10-decembar-medjunarodni-dan-ljudskih-prava\\\/\"},\"wordCount\":546,\"commentCount\":0,\"publisher\":{\"@id\":\"https:\\\/\\\/ic-lotos.org.ba\\\/#organization\"},\"image\":{\"@id\":\"https:\\\/\\\/ic-lotos.org.ba\\\/10-decembar-medjunarodni-dan-ljudskih-prava\\\/#primaryimage\"},\"thumbnailUrl\":\"https:\\\/\\\/ic-lotos.org.ba\\\/wp-content\\\/uploads\\\/2014\\\/12\\\/images_rusenje_barijera.jpg\",\"articleSection\":[\"Vijesti\"],\"inLanguage\":\"en-US\"},{\"@type\":\"WebPage\",\"@id\":\"https:\\\/\\\/ic-lotos.org.ba\\\/10-decembar-medjunarodni-dan-ljudskih-prava\\\/\",\"url\":\"https:\\\/\\\/ic-lotos.org.ba\\\/10-decembar-medjunarodni-dan-ljudskih-prava\\\/\",\"name\":\"10. Decembar, Me\u0111unarodni dan ljudskih prava - IC Lotos Tuzla\",\"isPartOf\":{\"@id\":\"https:\\\/\\\/ic-lotos.org.ba\\\/#website\"},\"primaryImageOfPage\":{\"@id\":\"https:\\\/\\\/ic-lotos.org.ba\\\/10-decembar-medjunarodni-dan-ljudskih-prava\\\/#primaryimage\"},\"image\":{\"@id\":\"https:\\\/\\\/ic-lotos.org.ba\\\/10-decembar-medjunarodni-dan-ljudskih-prava\\\/#primaryimage\"},\"thumbnailUrl\":\"https:\\\/\\\/ic-lotos.org.ba\\\/wp-content\\\/uploads\\\/2014\\\/12\\\/images_rusenje_barijera.jpg\",\"datePublished\":\"2014-12-10T10:37:04+00:00\",\"breadcrumb\":{\"@id\":\"https:\\\/\\\/ic-lotos.org.ba\\\/10-decembar-medjunarodni-dan-ljudskih-prava\\\/#breadcrumb\"},\"inLanguage\":\"en-US\",\"potentialAction\":[{\"@type\":\"ReadAction\",\"target\":[\"https:\\\/\\\/ic-lotos.org.ba\\\/10-decembar-medjunarodni-dan-ljudskih-prava\\\/\"]}]},{\"@type\":\"ImageObject\",\"inLanguage\":\"en-US\",\"@id\":\"https:\\\/\\\/ic-lotos.org.ba\\\/10-decembar-medjunarodni-dan-ljudskih-prava\\\/#primaryimage\",\"url\":\"https:\\\/\\\/ic-lotos.org.ba\\\/wp-content\\\/uploads\\\/2014\\\/12\\\/images_rusenje_barijera.jpg\",\"contentUrl\":\"https:\\\/\\\/ic-lotos.org.ba\\\/wp-content\\\/uploads\\\/2014\\\/12\\\/images_rusenje_barijera.jpg\",\"width\":960,\"height\":379,\"caption\":\"slika ru\u0161enje barijera\"},{\"@type\":\"BreadcrumbList\",\"@id\":\"https:\\\/\\\/ic-lotos.org.ba\\\/10-decembar-medjunarodni-dan-ljudskih-prava\\\/#breadcrumb\",\"itemListElement\":[{\"@type\":\"ListItem\",\"position\":1,\"name\":\"Naslovna\",\"item\":\"https:\\\/\\\/ic-lotos.org.ba\\\/\"},{\"@type\":\"ListItem\",\"position\":2,\"name\":\"10. Decembar, Me\u0111unarodni dan ljudskih prava\"}]},{\"@type\":\"WebSite\",\"@id\":\"https:\\\/\\\/ic-lotos.org.ba\\\/#website\",\"url\":\"https:\\\/\\\/ic-lotos.org.ba\\\/\",\"name\":\"IC Lotos Tuzla\",\"description\":\"Informativni centar \u201cLotos\u201d okuplja osobe sa ili bez invaliditeta koje su zainteresovane da svojim radom bilo na profesionalnoj ili volonterskoj osnovi doprinesu ostvarivanju misije organizacije.\",\"publisher\":{\"@id\":\"https:\\\/\\\/ic-lotos.org.ba\\\/#organization\"},\"potentialAction\":[{\"@type\":\"SearchAction\",\"target\":{\"@type\":\"EntryPoint\",\"urlTemplate\":\"https:\\\/\\\/ic-lotos.org.ba\\\/?s={search_term_string}\"},\"query-input\":{\"@type\":\"PropertyValueSpecification\",\"valueRequired\":true,\"valueName\":\"search_term_string\"}}],\"inLanguage\":\"en-US\"},{\"@type\":\"Organization\",\"@id\":\"https:\\\/\\\/ic-lotos.org.ba\\\/#organization\",\"name\":\"IC Lotos Tuzla\",\"url\":\"https:\\\/\\\/ic-lotos.org.ba\\\/\",\"logo\":{\"@type\":\"ImageObject\",\"inLanguage\":\"en-US\",\"@id\":\"https:\\\/\\\/ic-lotos.org.ba\\\/#\\\/schema\\\/logo\\\/image\\\/\",\"url\":\"https:\\\/\\\/ic-lotos.org.ba\\\/wp-content\\\/uploads\\\/2019\\\/11\\\/logo.jpg\",\"contentUrl\":\"https:\\\/\\\/ic-lotos.org.ba\\\/wp-content\\\/uploads\\\/2019\\\/11\\\/logo.jpg\",\"width\":575,\"height\":623,\"caption\":\"IC Lotos Tuzla\"},\"image\":{\"@id\":\"https:\\\/\\\/ic-lotos.org.ba\\\/#\\\/schema\\\/logo\\\/image\\\/\"},\"sameAs\":[\"https:\\\/\\\/www.facebook.com\\\/iclotos\\\/\",\"https:\\\/\\\/www.youtube.com\\\/feed\\\/library\"]},{\"@type\":\"Person\",\"@id\":\"https:\\\/\\\/ic-lotos.org.ba\\\/#\\\/schema\\\/person\\\/fb1da7c92bc3365aad6d1abac5bfe80a\",\"name\":\"Jasminko Bijeli\u0107\",\"image\":{\"@type\":\"ImageObject\",\"inLanguage\":\"en-US\",\"@id\":\"https:\\\/\\\/secure.gravatar.com\\\/avatar\\\/d694f8eb6cc3383210938655f7851f13239ed2f29afcf4e787e3c519ba016d67?s=96&d=mm&r=g\",\"url\":\"https:\\\/\\\/secure.gravatar.com\\\/avatar\\\/d694f8eb6cc3383210938655f7851f13239ed2f29afcf4e787e3c519ba016d67?s=96&d=mm&r=g\",\"contentUrl\":\"https:\\\/\\\/secure.gravatar.com\\\/avatar\\\/d694f8eb6cc3383210938655f7851f13239ed2f29afcf4e787e3c519ba016d67?s=96&d=mm&r=g\",\"caption\":\"Jasminko Bijeli\u0107\"}}]}<\/script>\n<!-- \/ Yoast SEO plugin. -->","yoast_head_json":{"title":"10. Decembar, Me\u0111unarodni dan ljudskih prava - IC Lotos Tuzla","robots":{"index":"index","follow":"follow","max-snippet":"max-snippet:-1","max-image-preview":"max-image-preview:large","max-video-preview":"max-video-preview:-1"},"canonical":"https:\/\/ic-lotos.org.ba\/en\/10-decembar-medjunarodni-dan-ljudskih-prava\/","og_locale":"en_US","og_type":"article","og_title":"10. Decembar, Me\u0111unarodni dan ljudskih prava - IC Lotos Tuzla","og_description":"U zemlji apsurda u kojoj je kr\u0161enje ljudskih prava pravilo, a glas obespravljenih se ne \u010duje, do\u010dekali smo jo\u0161 jedan 10. Decembar, Me\u0111unarodni dan ljudskih prava. Predstavnici institucija vlasti \u0107e nepo\u0161tovanje prava pravdati stanjem ekonomije, tranzicijom, nebrigom me\u0111unarodne zajednice i [&hellip;]","og_url":"https:\/\/ic-lotos.org.ba\/en\/10-decembar-medjunarodni-dan-ljudskih-prava\/","og_site_name":"IC Lotos Tuzla","article_publisher":"https:\/\/www.facebook.com\/iclotos\/","article_published_time":"2014-12-10T10:37:04+00:00","og_image":[{"width":960,"height":379,"url":"https:\/\/ic-lotos.org.ba\/wp-content\/uploads\/2014\/12\/images_rusenje_barijera.jpg","type":"image\/jpeg"}],"author":"Jasminko Bijeli\u0107","twitter_card":"summary_large_image","twitter_misc":{"Written by":"Jasminko Bijeli\u0107","Est. reading time":"3 minutes"},"schema":{"@context":"https:\/\/schema.org","@graph":[{"@type":"Article","@id":"https:\/\/ic-lotos.org.ba\/10-decembar-medjunarodni-dan-ljudskih-prava\/#article","isPartOf":{"@id":"https:\/\/ic-lotos.org.ba\/10-decembar-medjunarodni-dan-ljudskih-prava\/"},"author":{"name":"Jasminko Bijeli\u0107","@id":"https:\/\/ic-lotos.org.ba\/#\/schema\/person\/fb1da7c92bc3365aad6d1abac5bfe80a"},"headline":"10. Decembar, Me\u0111unarodni dan ljudskih prava","datePublished":"2014-12-10T10:37:04+00:00","mainEntityOfPage":{"@id":"https:\/\/ic-lotos.org.ba\/10-decembar-medjunarodni-dan-ljudskih-prava\/"},"wordCount":546,"commentCount":0,"publisher":{"@id":"https:\/\/ic-lotos.org.ba\/#organization"},"image":{"@id":"https:\/\/ic-lotos.org.ba\/10-decembar-medjunarodni-dan-ljudskih-prava\/#primaryimage"},"thumbnailUrl":"https:\/\/ic-lotos.org.ba\/wp-content\/uploads\/2014\/12\/images_rusenje_barijera.jpg","articleSection":["Vijesti"],"inLanguage":"en-US"},{"@type":"WebPage","@id":"https:\/\/ic-lotos.org.ba\/10-decembar-medjunarodni-dan-ljudskih-prava\/","url":"https:\/\/ic-lotos.org.ba\/10-decembar-medjunarodni-dan-ljudskih-prava\/","name":"10. Decembar, Me\u0111unarodni dan ljudskih prava - IC Lotos Tuzla","isPartOf":{"@id":"https:\/\/ic-lotos.org.ba\/#website"},"primaryImageOfPage":{"@id":"https:\/\/ic-lotos.org.ba\/10-decembar-medjunarodni-dan-ljudskih-prava\/#primaryimage"},"image":{"@id":"https:\/\/ic-lotos.org.ba\/10-decembar-medjunarodni-dan-ljudskih-prava\/#primaryimage"},"thumbnailUrl":"https:\/\/ic-lotos.org.ba\/wp-content\/uploads\/2014\/12\/images_rusenje_barijera.jpg","datePublished":"2014-12-10T10:37:04+00:00","breadcrumb":{"@id":"https:\/\/ic-lotos.org.ba\/10-decembar-medjunarodni-dan-ljudskih-prava\/#breadcrumb"},"inLanguage":"en-US","potentialAction":[{"@type":"ReadAction","target":["https:\/\/ic-lotos.org.ba\/10-decembar-medjunarodni-dan-ljudskih-prava\/"]}]},{"@type":"ImageObject","inLanguage":"en-US","@id":"https:\/\/ic-lotos.org.ba\/10-decembar-medjunarodni-dan-ljudskih-prava\/#primaryimage","url":"https:\/\/ic-lotos.org.ba\/wp-content\/uploads\/2014\/12\/images_rusenje_barijera.jpg","contentUrl":"https:\/\/ic-lotos.org.ba\/wp-content\/uploads\/2014\/12\/images_rusenje_barijera.jpg","width":960,"height":379,"caption":"slika ru\u0161enje barijera"},{"@type":"BreadcrumbList","@id":"https:\/\/ic-lotos.org.ba\/10-decembar-medjunarodni-dan-ljudskih-prava\/#breadcrumb","itemListElement":[{"@type":"ListItem","position":1,"name":"Naslovna","item":"https:\/\/ic-lotos.org.ba\/"},{"@type":"ListItem","position":2,"name":"10. Decembar, Me\u0111unarodni dan ljudskih prava"}]},{"@type":"WebSite","@id":"https:\/\/ic-lotos.org.ba\/#website","url":"https:\/\/ic-lotos.org.ba\/","name":"IC Lotos Tuzla","description":"Informativni centar \u201cLotos\u201d okuplja osobe sa ili bez invaliditeta koje su zainteresovane da svojim radom bilo na profesionalnoj ili volonterskoj osnovi doprinesu ostvarivanju misije organizacije.","publisher":{"@id":"https:\/\/ic-lotos.org.ba\/#organization"},"potentialAction":[{"@type":"SearchAction","target":{"@type":"EntryPoint","urlTemplate":"https:\/\/ic-lotos.org.ba\/?s={search_term_string}"},"query-input":{"@type":"PropertyValueSpecification","valueRequired":true,"valueName":"search_term_string"}}],"inLanguage":"en-US"},{"@type":"Organization","@id":"https:\/\/ic-lotos.org.ba\/#organization","name":"IC Lotos Tuzla","url":"https:\/\/ic-lotos.org.ba\/","logo":{"@type":"ImageObject","inLanguage":"en-US","@id":"https:\/\/ic-lotos.org.ba\/#\/schema\/logo\/image\/","url":"https:\/\/ic-lotos.org.ba\/wp-content\/uploads\/2019\/11\/logo.jpg","contentUrl":"https:\/\/ic-lotos.org.ba\/wp-content\/uploads\/2019\/11\/logo.jpg","width":575,"height":623,"caption":"IC Lotos Tuzla"},"image":{"@id":"https:\/\/ic-lotos.org.ba\/#\/schema\/logo\/image\/"},"sameAs":["https:\/\/www.facebook.com\/iclotos\/","https:\/\/www.youtube.com\/feed\/library"]},{"@type":"Person","@id":"https:\/\/ic-lotos.org.ba\/#\/schema\/person\/fb1da7c92bc3365aad6d1abac5bfe80a","name":"Jasminko Bijeli\u0107","image":{"@type":"ImageObject","inLanguage":"en-US","@id":"https:\/\/secure.gravatar.com\/avatar\/d694f8eb6cc3383210938655f7851f13239ed2f29afcf4e787e3c519ba016d67?s=96&d=mm&r=g","url":"https:\/\/secure.gravatar.com\/avatar\/d694f8eb6cc3383210938655f7851f13239ed2f29afcf4e787e3c519ba016d67?s=96&d=mm&r=g","contentUrl":"https:\/\/secure.gravatar.com\/avatar\/d694f8eb6cc3383210938655f7851f13239ed2f29afcf4e787e3c519ba016d67?s=96&d=mm&r=g","caption":"Jasminko Bijeli\u0107"}}]}},"_links":{"self":[{"href":"https:\/\/ic-lotos.org.ba\/en\/wp-json\/wp\/v2\/posts\/11226","targetHints":{"allow":["GET"]}}],"collection":[{"href":"https:\/\/ic-lotos.org.ba\/en\/wp-json\/wp\/v2\/posts"}],"about":[{"href":"https:\/\/ic-lotos.org.ba\/en\/wp-json\/wp\/v2\/types\/post"}],"author":[{"embeddable":true,"href":"https:\/\/ic-lotos.org.ba\/en\/wp-json\/wp\/v2\/users\/5"}],"replies":[{"embeddable":true,"href":"https:\/\/ic-lotos.org.ba\/en\/wp-json\/wp\/v2\/comments?post=11226"}],"version-history":[{"count":0,"href":"https:\/\/ic-lotos.org.ba\/en\/wp-json\/wp\/v2\/posts\/11226\/revisions"}],"wp:featuredmedia":[{"embeddable":true,"href":"https:\/\/ic-lotos.org.ba\/en\/wp-json\/wp\/v2\/media\/11225"}],"wp:attachment":[{"href":"https:\/\/ic-lotos.org.ba\/en\/wp-json\/wp\/v2\/media?parent=11226"}],"wp:term":[{"taxonomy":"category","embeddable":true,"href":"https:\/\/ic-lotos.org.ba\/en\/wp-json\/wp\/v2\/categories?post=11226"},{"taxonomy":"post_tag","embeddable":true,"href":"https:\/\/ic-lotos.org.ba\/en\/wp-json\/wp\/v2\/tags?post=11226"}],"curies":[{"name":"wp","href":"https:\/\/api.w.org\/{rel}","templated":true}]}}