{"id":11185,"date":"2014-10-15T13:17:55","date_gmt":"2014-10-15T13:17:55","guid":{"rendered":"https:\/\/v2.ic-lotos.org.ba\/medjunarodni-dan-bijelog-stapa-sta-je-to-i-sta-nam-znaci\/"},"modified":"2014-10-15T13:17:55","modified_gmt":"2014-10-15T13:17:55","slug":"medjunarodni-dan-bijelog-stapa-sta-je-to-i-sta-nam-znaci","status":"publish","type":"post","link":"https:\/\/ic-lotos.org.ba\/en\/medjunarodni-dan-bijelog-stapa-sta-je-to-i-sta-nam-znaci\/","title":{"rendered":"Me\u0111unarodni dan bijelog \u0161tapa \u2013 \u0161ta je to i \u0161ta nam zna\u010di?"},"content":{"rendered":"<p><span style=\"line-height: 1.3em;\">U povodu Me\u0111unarodnog dana bijelog \u0161tapa razgovarali smo sa Suvadom Zahirovi\u0107em, slijepim \u010dovjekom iz Tuzle. Ve\u0107 dugi se niz godina u svijetu petnaesti oktobar obilje\u017eava kao Me\u0111unarodni dan bijelog \u0161tapa. U Bosni i Hercegovini organizacije slijepih, ali i druge organizacije osoba sa invaliditetom koje promovi\u0161u i zagovaraju prava osoba sa invaliditetom, obilje\u017eavaju ovaj dan.<\/span><\/p>\n<p><i>\u201e\u0160ta vama kao slijepom \u010dovjeku to zna\u010di\u201c?, pitali smo Suvada Zahirovi\u0107a izvr\u0161nog direktora u I. C. \u201eLotos\u201c.<\/i><\/p>\n<p><i><\/i><\/p>\n<p>\u201eZajednica o slijepim ljudima ne zna puno i svoje stavove gradi na predrasudama i stereotipima o sljepo\u0107i i slijepima. Bijeli je \u0161tap obilje\u017eje i znak prepoznavanja slijepih i \u010desto u ljudima koji nas sretnu sa \u0161tapom pokre\u0107e uobi\u010dajena razmi\u0161ljanja i stavove o slijepima.<\/p>\n<p>S druge strane je pomagalo bez \u010dije pomo\u0107i bi ve\u0107ina slijepih ljudi bila jo\u0161 vi\u0161e izolirana nego je sada kad smo u mogu\u0107nosti koriste\u0107i bijeli \u0161tap sti\u0107i na razli\u010dita mjesta. \u0160tap je dio mog identiteta, dio mene i nemam problema da ga koristim i poka\u017eem drugim ljudima. Naravno nemam problema niti da razgovaram o bijelom \u0161tapu, ali i mojoj sljepo\u0107i zbog koje ga koristim\u201c.<\/p>\n<p><i>\u201ePrije nekoliko godina bili ste jedan od rijetkih slijepih ljudi u Bosni i Hercegovini koji se kretao uz pomo\u0107 psa vodi\u010da slijepih. Za\u0161to je danas druga\u010dije i kakva su va\u0161a iskustva iz tog perioda\u201c?<\/i><\/p>\n<p>\u201eDa, u pravu ste. Do prije \u010detiri godine sam koristio psa vodi\u010da slijepih za samostalno kretanje. Ovo je bio dio aktivnosti na promociji razli\u010ditih mogu\u0107nosti za samostalno kretanje slijepih, a koji je realizovan u saradnji sa Udrugom za \u0161kolovanje pasa vodi\u010da iz Zagreba.<\/p>\n<p>Na \u017ealost, moj pas vodi\u010d je preminuo zbog starosti, a ja se nisam odlu\u010dio za drugog psa, naprosto zbog toga da je u uslovima u kojima funkcioni\u0161u slijepi u na\u0161oj zemlji veoma te\u0161ko funkcionisati sa psom vodi\u010dem. Makar su moja iskustva veoma dobra, jer kako sam prije objasnio da je bijeli \u0161tap motiv za uobi\u010dajena promi\u0161ljanja o slijepima, tako je i pas vodi\u010d bio spona sa ljudima, jer su pitaju\u0107i o psu vodi\u010du i nesvjesno prenebregli predrasude i otpo\u010deli komunicirati sa slijepom osobom\u201c.<\/p>\n<p><i><img fetchpriority=\"high\" decoding=\"async\" width=\"420\" height=\"250\" class=\"size-full wp-image-11184\" style=\"border: 2px solid #ff0000;\" src=\"https:\/\/ic-lotos.org.ba\/wp-content\/uploads\/2014\/10\/images_slijepi_bijeli_stap-420x250.jpg\" alt=\"bijeli \u0161tap\" srcset=\"https:\/\/ic-lotos.org.ba\/wp-content\/uploads\/2014\/10\/images_slijepi_bijeli_stap-420x250.jpg 420w, https:\/\/ic-lotos.org.ba\/wp-content\/uploads\/2014\/10\/images_slijepi_bijeli_stap-420x250-300x179.jpg 300w\" sizes=\"(max-width: 420px) 100vw, 420px\" \/><\/i><\/p>\n<p><i>\u201eDanas se slijepi, jednako kao i druge osobe sa invaliditetom, suo\u010davaju sa raznim preprekama u BH dru\u0161tvu. Mo\u017eete li re\u0107i recept za njihovo prevazila\u017eenje\u201c?<\/i><\/p>\n<p>\u201eDa, na\u0161e je dru\u0161tvo puno izazova, naro\u010dito za osobe sa invaliditetom. Ali, mislim da samo rad, znanje i posve\u0107enost mogu osigurati promjenu. Slijepi ljudi, ali i druge osobe sa invaliditetom jako su pasivne. Nema zainteresovanosti za anga\u017eman bilo u udru\u017eenjima osoba sa invaliditetom bilo na neki drugi na\u010din. Moja je poruka svim slijepim osobama da se vi\u0161e obrazuju, da razvijaju svoje\u00a0 sposobnosti da budu \u0161to samostalniji i nove \u0107e se mogu\u0107nosti otvoriti, jer tako \u0107e nas i drugi ljudi posmatrati druga\u010dije i dati nam priliku da poka\u017eemo \u0161ta uistinu znamo i mo\u017eemo\u201c!<\/p>\n<hr \/>\n<p>\u00a0<\/p>\n<div class=\"gsp_post_data\" \r\n\t            data-post_type=\"post\" \r\n\t            data-cat=\"vijesti\" \r\n\t            data-modified=\"120\"\r\n\t            data-created=\"1413379075\"\r\n\t            data-title=\"Me\u0111unarodni dan bijelog \u0161tapa \u2013 \u0161ta je to i \u0161ta nam zna\u010di?\" \r\n\t            data-home=\"https:\/\/ic-lotos.org.ba\/en\"><\/div>","protected":false},"excerpt":{"rendered":"<p>U povodu Me\u0111unarodnog dana bijelog \u0161tapa razgovarali smo sa Suvadom Zahirovi\u0107em, slijepim \u010dovjekom iz Tuzle. Ve\u0107 dugi se niz godina u svijetu petnaesti oktobar obilje\u017eava kao Me\u0111unarodni dan bijelog \u0161tapa. U Bosni i Hercegovini organizacije slijepih, ali i druge organizacije [&hellip;]<\/p>\n","protected":false},"author":5,"featured_media":11183,"comment_status":"open","ping_status":"closed","sticky":false,"template":"","format":"standard","meta":{"footnotes":""},"categories":[65],"tags":[],"class_list":["post-11185","post","type-post","status-publish","format-standard","has-post-thumbnail","hentry","category-vijesti"],"yoast_head":"<!-- This site is optimized with the Yoast SEO plugin v27.5 - https:\/\/yoast.com\/product\/yoast-seo-wordpress\/ -->\n<title>Me\u0111unarodni dan bijelog \u0161tapa \u2013 \u0161ta je to i \u0161ta nam zna\u010di? - IC Lotos Tuzla<\/title>\n<meta name=\"robots\" content=\"index, follow, max-snippet:-1, max-image-preview:large, max-video-preview:-1\" \/>\n<link rel=\"canonical\" href=\"https:\/\/ic-lotos.org.ba\/en\/medjunarodni-dan-bijelog-stapa-sta-je-to-i-sta-nam-znaci\/\" \/>\n<meta property=\"og:locale\" content=\"en_US\" \/>\n<meta property=\"og:type\" content=\"article\" \/>\n<meta property=\"og:title\" content=\"Me\u0111unarodni dan bijelog \u0161tapa \u2013 \u0161ta je to i \u0161ta nam zna\u010di? - IC Lotos Tuzla\" \/>\n<meta property=\"og:description\" content=\"U povodu Me\u0111unarodnog dana bijelog \u0161tapa razgovarali smo sa Suvadom Zahirovi\u0107em, slijepim \u010dovjekom iz Tuzle. Ve\u0107 dugi se niz godina u svijetu petnaesti oktobar obilje\u017eava kao Me\u0111unarodni dan bijelog \u0161tapa. U Bosni i Hercegovini organizacije slijepih, ali i druge organizacije [&hellip;]\" \/>\n<meta property=\"og:url\" content=\"https:\/\/ic-lotos.org.ba\/en\/medjunarodni-dan-bijelog-stapa-sta-je-to-i-sta-nam-znaci\/\" \/>\n<meta property=\"og:site_name\" content=\"IC Lotos Tuzla\" \/>\n<meta property=\"article:publisher\" content=\"https:\/\/www.facebook.com\/iclotos\/\" \/>\n<meta property=\"article:published_time\" content=\"2014-10-15T13:17:55+00:00\" \/>\n<meta property=\"og:image\" content=\"https:\/\/ic-lotos.org.ba\/wp-content\/uploads\/2014\/10\/images_suad-zahirovic-2.jpg\" \/>\n\t<meta property=\"og:image:width\" content=\"288\" \/>\n\t<meta property=\"og:image:height\" content=\"189\" \/>\n\t<meta property=\"og:image:type\" content=\"image\/jpeg\" \/>\n<meta name=\"author\" content=\"Jasminko Bijeli\u0107\" \/>\n<meta name=\"twitter:card\" content=\"summary_large_image\" \/>\n<meta name=\"twitter:label1\" content=\"Written by\" \/>\n\t<meta name=\"twitter:data1\" content=\"Jasminko Bijeli\u0107\" \/>\n\t<meta name=\"twitter:label2\" content=\"Est. reading time\" \/>\n\t<meta name=\"twitter:data2\" content=\"3 minutes\" \/>\n<script type=\"application\/ld+json\" class=\"yoast-schema-graph\">{\"@context\":\"https:\\\/\\\/schema.org\",\"@graph\":[{\"@type\":\"Article\",\"@id\":\"https:\\\/\\\/ic-lotos.org.ba\\\/medjunarodni-dan-bijelog-stapa-sta-je-to-i-sta-nam-znaci\\\/#article\",\"isPartOf\":{\"@id\":\"https:\\\/\\\/ic-lotos.org.ba\\\/medjunarodni-dan-bijelog-stapa-sta-je-to-i-sta-nam-znaci\\\/\"},\"author\":{\"name\":\"Jasminko Bijeli\u0107\",\"@id\":\"https:\\\/\\\/ic-lotos.org.ba\\\/#\\\/schema\\\/person\\\/fb1da7c92bc3365aad6d1abac5bfe80a\"},\"headline\":\"Me\u0111unarodni dan bijelog \u0161tapa \u2013 \u0161ta je to i \u0161ta nam zna\u010di?\",\"datePublished\":\"2014-10-15T13:17:55+00:00\",\"mainEntityOfPage\":{\"@id\":\"https:\\\/\\\/ic-lotos.org.ba\\\/medjunarodni-dan-bijelog-stapa-sta-je-to-i-sta-nam-znaci\\\/\"},\"wordCount\":525,\"commentCount\":0,\"publisher\":{\"@id\":\"https:\\\/\\\/ic-lotos.org.ba\\\/#organization\"},\"image\":{\"@id\":\"https:\\\/\\\/ic-lotos.org.ba\\\/medjunarodni-dan-bijelog-stapa-sta-je-to-i-sta-nam-znaci\\\/#primaryimage\"},\"thumbnailUrl\":\"https:\\\/\\\/ic-lotos.org.ba\\\/wp-content\\\/uploads\\\/2014\\\/10\\\/images_suad-zahirovic-2.jpg\",\"articleSection\":[\"Vijesti\"],\"inLanguage\":\"en-US\"},{\"@type\":\"WebPage\",\"@id\":\"https:\\\/\\\/ic-lotos.org.ba\\\/medjunarodni-dan-bijelog-stapa-sta-je-to-i-sta-nam-znaci\\\/\",\"url\":\"https:\\\/\\\/ic-lotos.org.ba\\\/medjunarodni-dan-bijelog-stapa-sta-je-to-i-sta-nam-znaci\\\/\",\"name\":\"Me\u0111unarodni dan bijelog \u0161tapa \u2013 \u0161ta je to i \u0161ta nam zna\u010di? - IC Lotos Tuzla\",\"isPartOf\":{\"@id\":\"https:\\\/\\\/ic-lotos.org.ba\\\/#website\"},\"primaryImageOfPage\":{\"@id\":\"https:\\\/\\\/ic-lotos.org.ba\\\/medjunarodni-dan-bijelog-stapa-sta-je-to-i-sta-nam-znaci\\\/#primaryimage\"},\"image\":{\"@id\":\"https:\\\/\\\/ic-lotos.org.ba\\\/medjunarodni-dan-bijelog-stapa-sta-je-to-i-sta-nam-znaci\\\/#primaryimage\"},\"thumbnailUrl\":\"https:\\\/\\\/ic-lotos.org.ba\\\/wp-content\\\/uploads\\\/2014\\\/10\\\/images_suad-zahirovic-2.jpg\",\"datePublished\":\"2014-10-15T13:17:55+00:00\",\"breadcrumb\":{\"@id\":\"https:\\\/\\\/ic-lotos.org.ba\\\/medjunarodni-dan-bijelog-stapa-sta-je-to-i-sta-nam-znaci\\\/#breadcrumb\"},\"inLanguage\":\"en-US\",\"potentialAction\":[{\"@type\":\"ReadAction\",\"target\":[\"https:\\\/\\\/ic-lotos.org.ba\\\/medjunarodni-dan-bijelog-stapa-sta-je-to-i-sta-nam-znaci\\\/\"]}]},{\"@type\":\"ImageObject\",\"inLanguage\":\"en-US\",\"@id\":\"https:\\\/\\\/ic-lotos.org.ba\\\/medjunarodni-dan-bijelog-stapa-sta-je-to-i-sta-nam-znaci\\\/#primaryimage\",\"url\":\"https:\\\/\\\/ic-lotos.org.ba\\\/wp-content\\\/uploads\\\/2014\\\/10\\\/images_suad-zahirovic-2.jpg\",\"contentUrl\":\"https:\\\/\\\/ic-lotos.org.ba\\\/wp-content\\\/uploads\\\/2014\\\/10\\\/images_suad-zahirovic-2.jpg\",\"width\":288,\"height\":189,\"caption\":\"suvad zahirovi\u0107\"},{\"@type\":\"BreadcrumbList\",\"@id\":\"https:\\\/\\\/ic-lotos.org.ba\\\/medjunarodni-dan-bijelog-stapa-sta-je-to-i-sta-nam-znaci\\\/#breadcrumb\",\"itemListElement\":[{\"@type\":\"ListItem\",\"position\":1,\"name\":\"Naslovna\",\"item\":\"https:\\\/\\\/ic-lotos.org.ba\\\/\"},{\"@type\":\"ListItem\",\"position\":2,\"name\":\"Me\u0111unarodni dan bijelog \u0161tapa \u2013 \u0161ta je to i \u0161ta nam zna\u010di?\"}]},{\"@type\":\"WebSite\",\"@id\":\"https:\\\/\\\/ic-lotos.org.ba\\\/#website\",\"url\":\"https:\\\/\\\/ic-lotos.org.ba\\\/\",\"name\":\"IC Lotos Tuzla\",\"description\":\"Informativni centar \u201cLotos\u201d okuplja osobe sa ili bez invaliditeta koje su zainteresovane da svojim radom bilo na profesionalnoj ili volonterskoj osnovi doprinesu ostvarivanju misije organizacije.\",\"publisher\":{\"@id\":\"https:\\\/\\\/ic-lotos.org.ba\\\/#organization\"},\"potentialAction\":[{\"@type\":\"SearchAction\",\"target\":{\"@type\":\"EntryPoint\",\"urlTemplate\":\"https:\\\/\\\/ic-lotos.org.ba\\\/?s={search_term_string}\"},\"query-input\":{\"@type\":\"PropertyValueSpecification\",\"valueRequired\":true,\"valueName\":\"search_term_string\"}}],\"inLanguage\":\"en-US\"},{\"@type\":\"Organization\",\"@id\":\"https:\\\/\\\/ic-lotos.org.ba\\\/#organization\",\"name\":\"IC Lotos Tuzla\",\"url\":\"https:\\\/\\\/ic-lotos.org.ba\\\/\",\"logo\":{\"@type\":\"ImageObject\",\"inLanguage\":\"en-US\",\"@id\":\"https:\\\/\\\/ic-lotos.org.ba\\\/#\\\/schema\\\/logo\\\/image\\\/\",\"url\":\"https:\\\/\\\/ic-lotos.org.ba\\\/wp-content\\\/uploads\\\/2019\\\/11\\\/logo.jpg\",\"contentUrl\":\"https:\\\/\\\/ic-lotos.org.ba\\\/wp-content\\\/uploads\\\/2019\\\/11\\\/logo.jpg\",\"width\":575,\"height\":623,\"caption\":\"IC Lotos Tuzla\"},\"image\":{\"@id\":\"https:\\\/\\\/ic-lotos.org.ba\\\/#\\\/schema\\\/logo\\\/image\\\/\"},\"sameAs\":[\"https:\\\/\\\/www.facebook.com\\\/iclotos\\\/\",\"https:\\\/\\\/www.youtube.com\\\/feed\\\/library\"]},{\"@type\":\"Person\",\"@id\":\"https:\\\/\\\/ic-lotos.org.ba\\\/#\\\/schema\\\/person\\\/fb1da7c92bc3365aad6d1abac5bfe80a\",\"name\":\"Jasminko Bijeli\u0107\",\"image\":{\"@type\":\"ImageObject\",\"inLanguage\":\"en-US\",\"@id\":\"https:\\\/\\\/secure.gravatar.com\\\/avatar\\\/d694f8eb6cc3383210938655f7851f13239ed2f29afcf4e787e3c519ba016d67?s=96&d=mm&r=g\",\"url\":\"https:\\\/\\\/secure.gravatar.com\\\/avatar\\\/d694f8eb6cc3383210938655f7851f13239ed2f29afcf4e787e3c519ba016d67?s=96&d=mm&r=g\",\"contentUrl\":\"https:\\\/\\\/secure.gravatar.com\\\/avatar\\\/d694f8eb6cc3383210938655f7851f13239ed2f29afcf4e787e3c519ba016d67?s=96&d=mm&r=g\",\"caption\":\"Jasminko Bijeli\u0107\"}}]}<\/script>\n<!-- \/ Yoast SEO plugin. -->","yoast_head_json":{"title":"Me\u0111unarodni dan bijelog \u0161tapa \u2013 \u0161ta je to i \u0161ta nam zna\u010di? - IC Lotos Tuzla","robots":{"index":"index","follow":"follow","max-snippet":"max-snippet:-1","max-image-preview":"max-image-preview:large","max-video-preview":"max-video-preview:-1"},"canonical":"https:\/\/ic-lotos.org.ba\/en\/medjunarodni-dan-bijelog-stapa-sta-je-to-i-sta-nam-znaci\/","og_locale":"en_US","og_type":"article","og_title":"Me\u0111unarodni dan bijelog \u0161tapa \u2013 \u0161ta je to i \u0161ta nam zna\u010di? - IC Lotos Tuzla","og_description":"U povodu Me\u0111unarodnog dana bijelog \u0161tapa razgovarali smo sa Suvadom Zahirovi\u0107em, slijepim \u010dovjekom iz Tuzle. Ve\u0107 dugi se niz godina u svijetu petnaesti oktobar obilje\u017eava kao Me\u0111unarodni dan bijelog \u0161tapa. U Bosni i Hercegovini organizacije slijepih, ali i druge organizacije [&hellip;]","og_url":"https:\/\/ic-lotos.org.ba\/en\/medjunarodni-dan-bijelog-stapa-sta-je-to-i-sta-nam-znaci\/","og_site_name":"IC Lotos Tuzla","article_publisher":"https:\/\/www.facebook.com\/iclotos\/","article_published_time":"2014-10-15T13:17:55+00:00","og_image":[{"width":288,"height":189,"url":"https:\/\/ic-lotos.org.ba\/wp-content\/uploads\/2014\/10\/images_suad-zahirovic-2.jpg","type":"image\/jpeg"}],"author":"Jasminko Bijeli\u0107","twitter_card":"summary_large_image","twitter_misc":{"Written by":"Jasminko Bijeli\u0107","Est. reading time":"3 minutes"},"schema":{"@context":"https:\/\/schema.org","@graph":[{"@type":"Article","@id":"https:\/\/ic-lotos.org.ba\/medjunarodni-dan-bijelog-stapa-sta-je-to-i-sta-nam-znaci\/#article","isPartOf":{"@id":"https:\/\/ic-lotos.org.ba\/medjunarodni-dan-bijelog-stapa-sta-je-to-i-sta-nam-znaci\/"},"author":{"name":"Jasminko Bijeli\u0107","@id":"https:\/\/ic-lotos.org.ba\/#\/schema\/person\/fb1da7c92bc3365aad6d1abac5bfe80a"},"headline":"Me\u0111unarodni dan bijelog \u0161tapa \u2013 \u0161ta je to i \u0161ta nam zna\u010di?","datePublished":"2014-10-15T13:17:55+00:00","mainEntityOfPage":{"@id":"https:\/\/ic-lotos.org.ba\/medjunarodni-dan-bijelog-stapa-sta-je-to-i-sta-nam-znaci\/"},"wordCount":525,"commentCount":0,"publisher":{"@id":"https:\/\/ic-lotos.org.ba\/#organization"},"image":{"@id":"https:\/\/ic-lotos.org.ba\/medjunarodni-dan-bijelog-stapa-sta-je-to-i-sta-nam-znaci\/#primaryimage"},"thumbnailUrl":"https:\/\/ic-lotos.org.ba\/wp-content\/uploads\/2014\/10\/images_suad-zahirovic-2.jpg","articleSection":["Vijesti"],"inLanguage":"en-US"},{"@type":"WebPage","@id":"https:\/\/ic-lotos.org.ba\/medjunarodni-dan-bijelog-stapa-sta-je-to-i-sta-nam-znaci\/","url":"https:\/\/ic-lotos.org.ba\/medjunarodni-dan-bijelog-stapa-sta-je-to-i-sta-nam-znaci\/","name":"Me\u0111unarodni dan bijelog \u0161tapa \u2013 \u0161ta je to i \u0161ta nam zna\u010di? - IC Lotos Tuzla","isPartOf":{"@id":"https:\/\/ic-lotos.org.ba\/#website"},"primaryImageOfPage":{"@id":"https:\/\/ic-lotos.org.ba\/medjunarodni-dan-bijelog-stapa-sta-je-to-i-sta-nam-znaci\/#primaryimage"},"image":{"@id":"https:\/\/ic-lotos.org.ba\/medjunarodni-dan-bijelog-stapa-sta-je-to-i-sta-nam-znaci\/#primaryimage"},"thumbnailUrl":"https:\/\/ic-lotos.org.ba\/wp-content\/uploads\/2014\/10\/images_suad-zahirovic-2.jpg","datePublished":"2014-10-15T13:17:55+00:00","breadcrumb":{"@id":"https:\/\/ic-lotos.org.ba\/medjunarodni-dan-bijelog-stapa-sta-je-to-i-sta-nam-znaci\/#breadcrumb"},"inLanguage":"en-US","potentialAction":[{"@type":"ReadAction","target":["https:\/\/ic-lotos.org.ba\/medjunarodni-dan-bijelog-stapa-sta-je-to-i-sta-nam-znaci\/"]}]},{"@type":"ImageObject","inLanguage":"en-US","@id":"https:\/\/ic-lotos.org.ba\/medjunarodni-dan-bijelog-stapa-sta-je-to-i-sta-nam-znaci\/#primaryimage","url":"https:\/\/ic-lotos.org.ba\/wp-content\/uploads\/2014\/10\/images_suad-zahirovic-2.jpg","contentUrl":"https:\/\/ic-lotos.org.ba\/wp-content\/uploads\/2014\/10\/images_suad-zahirovic-2.jpg","width":288,"height":189,"caption":"suvad zahirovi\u0107"},{"@type":"BreadcrumbList","@id":"https:\/\/ic-lotos.org.ba\/medjunarodni-dan-bijelog-stapa-sta-je-to-i-sta-nam-znaci\/#breadcrumb","itemListElement":[{"@type":"ListItem","position":1,"name":"Naslovna","item":"https:\/\/ic-lotos.org.ba\/"},{"@type":"ListItem","position":2,"name":"Me\u0111unarodni dan bijelog \u0161tapa \u2013 \u0161ta je to i \u0161ta nam zna\u010di?"}]},{"@type":"WebSite","@id":"https:\/\/ic-lotos.org.ba\/#website","url":"https:\/\/ic-lotos.org.ba\/","name":"IC Lotos Tuzla","description":"Informativni centar \u201cLotos\u201d okuplja osobe sa ili bez invaliditeta koje su zainteresovane da svojim radom bilo na profesionalnoj ili volonterskoj osnovi doprinesu ostvarivanju misije organizacije.","publisher":{"@id":"https:\/\/ic-lotos.org.ba\/#organization"},"potentialAction":[{"@type":"SearchAction","target":{"@type":"EntryPoint","urlTemplate":"https:\/\/ic-lotos.org.ba\/?s={search_term_string}"},"query-input":{"@type":"PropertyValueSpecification","valueRequired":true,"valueName":"search_term_string"}}],"inLanguage":"en-US"},{"@type":"Organization","@id":"https:\/\/ic-lotos.org.ba\/#organization","name":"IC Lotos Tuzla","url":"https:\/\/ic-lotos.org.ba\/","logo":{"@type":"ImageObject","inLanguage":"en-US","@id":"https:\/\/ic-lotos.org.ba\/#\/schema\/logo\/image\/","url":"https:\/\/ic-lotos.org.ba\/wp-content\/uploads\/2019\/11\/logo.jpg","contentUrl":"https:\/\/ic-lotos.org.ba\/wp-content\/uploads\/2019\/11\/logo.jpg","width":575,"height":623,"caption":"IC Lotos Tuzla"},"image":{"@id":"https:\/\/ic-lotos.org.ba\/#\/schema\/logo\/image\/"},"sameAs":["https:\/\/www.facebook.com\/iclotos\/","https:\/\/www.youtube.com\/feed\/library"]},{"@type":"Person","@id":"https:\/\/ic-lotos.org.ba\/#\/schema\/person\/fb1da7c92bc3365aad6d1abac5bfe80a","name":"Jasminko Bijeli\u0107","image":{"@type":"ImageObject","inLanguage":"en-US","@id":"https:\/\/secure.gravatar.com\/avatar\/d694f8eb6cc3383210938655f7851f13239ed2f29afcf4e787e3c519ba016d67?s=96&d=mm&r=g","url":"https:\/\/secure.gravatar.com\/avatar\/d694f8eb6cc3383210938655f7851f13239ed2f29afcf4e787e3c519ba016d67?s=96&d=mm&r=g","contentUrl":"https:\/\/secure.gravatar.com\/avatar\/d694f8eb6cc3383210938655f7851f13239ed2f29afcf4e787e3c519ba016d67?s=96&d=mm&r=g","caption":"Jasminko Bijeli\u0107"}}]}},"_links":{"self":[{"href":"https:\/\/ic-lotos.org.ba\/en\/wp-json\/wp\/v2\/posts\/11185","targetHints":{"allow":["GET"]}}],"collection":[{"href":"https:\/\/ic-lotos.org.ba\/en\/wp-json\/wp\/v2\/posts"}],"about":[{"href":"https:\/\/ic-lotos.org.ba\/en\/wp-json\/wp\/v2\/types\/post"}],"author":[{"embeddable":true,"href":"https:\/\/ic-lotos.org.ba\/en\/wp-json\/wp\/v2\/users\/5"}],"replies":[{"embeddable":true,"href":"https:\/\/ic-lotos.org.ba\/en\/wp-json\/wp\/v2\/comments?post=11185"}],"version-history":[{"count":0,"href":"https:\/\/ic-lotos.org.ba\/en\/wp-json\/wp\/v2\/posts\/11185\/revisions"}],"wp:featuredmedia":[{"embeddable":true,"href":"https:\/\/ic-lotos.org.ba\/en\/wp-json\/wp\/v2\/media\/11183"}],"wp:attachment":[{"href":"https:\/\/ic-lotos.org.ba\/en\/wp-json\/wp\/v2\/media?parent=11185"}],"wp:term":[{"taxonomy":"category","embeddable":true,"href":"https:\/\/ic-lotos.org.ba\/en\/wp-json\/wp\/v2\/categories?post=11185"},{"taxonomy":"post_tag","embeddable":true,"href":"https:\/\/ic-lotos.org.ba\/en\/wp-json\/wp\/v2\/tags?post=11185"}],"curies":[{"name":"wp","href":"https:\/\/api.w.org\/{rel}","templated":true}]}}