{"id":11175,"date":"2014-10-08T06:08:37","date_gmt":"2014-10-08T06:08:37","guid":{"rendered":"https:\/\/v2.ic-lotos.org.ba\/pomoc-osobama-sa-invaliditetom-i-organizacijama-osoba-sa-invaliditetom-u-podrucjima-pogodjenim-poplavama-u-bosni-i-hercegovini-se-nastavlja\/"},"modified":"2014-10-08T06:08:37","modified_gmt":"2014-10-08T06:08:37","slug":"pomoc-osobama-sa-invaliditetom-i-organizacijama-osoba-sa-invaliditetom-u-podrucjima-pogodjenim-poplavama-u-bosni-i-hercegovini-se-nastavlja","status":"publish","type":"post","link":"https:\/\/ic-lotos.org.ba\/en\/pomoc-osobama-sa-invaliditetom-i-organizacijama-osoba-sa-invaliditetom-u-podrucjima-pogodjenim-poplavama-u-bosni-i-hercegovini-se-nastavlja\/","title":{"rendered":"Assistance to people with disabilities and disability organizations in flood-affected areas in Bosnia and Herzegovina continues"},"content":{"rendered":"<p>Thanks to modest financial resources provided by STIL, the Swedish Center for Independent Living for People with Disabilities in Stockholm, and thanks to many years of cooperation with &quot;Mission Without Borders&quot; and the Evangelical Church in Bosnia and Herzegovina, the Information Center for People with Disabilities &quot;Lotos&quot; from Tuzla continues its assistance to individuals with disabilities and organizations of people with disabilities in the flooded areas of Bosnia and Herzegovina.<\/p>\n<\/p>\n<p>This time, the assistance is reflected in the distribution of hygiene packages for individuals, people with disabilities in the municipalities of Doboj Jug, Zenica and other municipalities of the Tuzla Canton.<\/p>\n<p><img fetchpriority=\"high\" decoding=\"async\" width=\"700\" height=\"525\" class=\"size-full wp-image-11172\" style=\"border: 2px solid #ff0000;\" src=\"https:\/\/ic-lotos.org.ba\/wp-content\/uploads\/2014\/10\/images_DSCN9817.JPG\" alt=\"Fikreta Hasanovi\u0107\" srcset=\"https:\/\/ic-lotos.org.ba\/wp-content\/uploads\/2014\/10\/images_DSCN9817.JPG 700w, https:\/\/ic-lotos.org.ba\/wp-content\/uploads\/2014\/10\/images_DSCN9817-600x450.jpg 600w, https:\/\/ic-lotos.org.ba\/wp-content\/uploads\/2014\/10\/images_DSCN9817-300x225.jpg 300w, https:\/\/ic-lotos.org.ba\/wp-content\/uploads\/2014\/10\/images_DSCN9817-440x330.jpg 440w\" sizes=\"(max-width: 700px) 100vw, 700px\" \/><\/p>\n<p>&quot;We believe that our action to help people with disabilities will encourage other much more influential organizations and institutions to direct part of their activities in the areas where they work to help people affected by floods to meeting the needs of people with disabilities,&quot; said Fikreta Hasanovi\u0107, coordinator for aid distribution at IC &quot;Lotos&quot;.<\/p>\n<p><img decoding=\"async\" width=\"700\" height=\"525\" class=\"size-full wp-image-11173\" style=\"border: 2px solid #ff0000;\" src=\"https:\/\/ic-lotos.org.ba\/wp-content\/uploads\/2014\/10\/images_DSCN9863.JPG\" alt=\"Podjela humanitarne pomo\u0107i - URODIOL 1\" srcset=\"https:\/\/ic-lotos.org.ba\/wp-content\/uploads\/2014\/10\/images_DSCN9863.JPG 700w, https:\/\/ic-lotos.org.ba\/wp-content\/uploads\/2014\/10\/images_DSCN9863-600x450.jpg 600w, https:\/\/ic-lotos.org.ba\/wp-content\/uploads\/2014\/10\/images_DSCN9863-300x225.jpg 300w, https:\/\/ic-lotos.org.ba\/wp-content\/uploads\/2014\/10\/images_DSCN9863-440x330.jpg 440w\" sizes=\"(max-width: 700px) 100vw, 700px\" \/><\/p>\n<p><img decoding=\"async\" width=\"700\" height=\"525\" class=\"size-full wp-image-11174\" style=\"border: 2px solid #ff0000;\" src=\"https:\/\/ic-lotos.org.ba\/wp-content\/uploads\/2014\/10\/images_DSCN9854.JPG\" alt=\"Podjela humanitarne pomo\u0107i - URODIOL 2\" srcset=\"https:\/\/ic-lotos.org.ba\/wp-content\/uploads\/2014\/10\/images_DSCN9854.JPG 700w, https:\/\/ic-lotos.org.ba\/wp-content\/uploads\/2014\/10\/images_DSCN9854-600x450.jpg 600w, https:\/\/ic-lotos.org.ba\/wp-content\/uploads\/2014\/10\/images_DSCN9854-300x225.jpg 300w, https:\/\/ic-lotos.org.ba\/wp-content\/uploads\/2014\/10\/images_DSCN9854-440x330.jpg 440w\" sizes=\"(max-width: 700px) 100vw, 700px\" \/><\/p>\n<p>We will publish more information and photos about the distribution process in the coming days.<\/p>\n<hr \/>\n<p>\u00a0<\/p>\n<p>\u00a0<\/p>\n<p>\u00a0<\/p>\n<div class=\"gsp_post_data\" \r\n\t            data-post_type=\"post\" \r\n\t            data-cat=\"vijesti\" \r\n\t            data-modified=\"120\"\r\n\t            data-created=\"1412748517\"\r\n\t            data-title=\"Pomo\u0107 osobama sa invaliditetom i organizacijama osoba sa invaliditetom u podru\u010djima pogo\u0111enim poplavama u Bosni i Hercegovini se nastavlja\" \r\n\t            data-home=\"https:\/\/ic-lotos.org.ba\/en\"><\/div>","protected":false},"excerpt":{"rendered":"<p>Zahvaljuju\u0107i skromnim finansijskim sredstvima osiguranim od strane STIL \u0160vedskog centra za samostalni \u017eivot osoba sa invaliditetom iz Stockholma, te zahvaljuju\u0107i vi\u0161egodi\u0161njoj saradnji sa \u201eMisijom bez granica\u201c i Evan\u0111eoskom crkvom u Bosni i Hercegovini Informativni centar za osobe sa invaliditetom \u201eLotos\u201c [&hellip;]<\/p>\n","protected":false},"author":5,"featured_media":11171,"comment_status":"open","ping_status":"closed","sticky":false,"template":"","format":"standard","meta":{"footnotes":""},"categories":[65],"tags":[],"class_list":["post-11175","post","type-post","status-publish","format-standard","has-post-thumbnail","hentry","category-vijesti"],"yoast_head":"<!-- This site is optimized with the Yoast SEO plugin v27.5 - https:\/\/yoast.com\/product\/yoast-seo-wordpress\/ -->\n<title>Pomo\u0107 osobama sa invaliditetom i organizacijama osoba sa invaliditetom u podru\u010djima pogo\u0111enim poplavama u Bosni i Hercegovini se nastavlja - IC Lotos Tuzla<\/title>\n<meta name=\"robots\" content=\"index, follow, max-snippet:-1, max-image-preview:large, max-video-preview:-1\" \/>\n<link rel=\"canonical\" href=\"https:\/\/ic-lotos.org.ba\/en\/pomoc-osobama-sa-invaliditetom-i-organizacijama-osoba-sa-invaliditetom-u-podrucjima-pogodjenim-poplavama-u-bosni-i-hercegovini-se-nastavlja\/\" \/>\n<meta property=\"og:locale\" content=\"en_US\" \/>\n<meta property=\"og:type\" content=\"article\" \/>\n<meta property=\"og:title\" content=\"Pomo\u0107 osobama sa invaliditetom i organizacijama osoba sa invaliditetom u podru\u010djima pogo\u0111enim poplavama u Bosni i Hercegovini se nastavlja - IC Lotos Tuzla\" \/>\n<meta property=\"og:description\" content=\"Zahvaljuju\u0107i skromnim finansijskim sredstvima osiguranim od strane STIL \u0160vedskog centra za samostalni \u017eivot osoba sa invaliditetom iz Stockholma, te zahvaljuju\u0107i vi\u0161egodi\u0161njoj saradnji sa \u201eMisijom bez granica\u201c i Evan\u0111eoskom crkvom u Bosni i Hercegovini Informativni centar za osobe sa invaliditetom \u201eLotos\u201c [&hellip;]\" \/>\n<meta property=\"og:url\" content=\"https:\/\/ic-lotos.org.ba\/en\/pomoc-osobama-sa-invaliditetom-i-organizacijama-osoba-sa-invaliditetom-u-podrucjima-pogodjenim-poplavama-u-bosni-i-hercegovini-se-nastavlja\/\" \/>\n<meta property=\"og:site_name\" content=\"IC Lotos Tuzla\" \/>\n<meta property=\"article:publisher\" content=\"https:\/\/www.facebook.com\/iclotos\/\" \/>\n<meta property=\"article:published_time\" content=\"2014-10-08T06:08:37+00:00\" \/>\n<meta property=\"og:image\" content=\"https:\/\/ic-lotos.org.ba\/wp-content\/uploads\/2014\/10\/images_DSCN9686.JPG\" \/>\n\t<meta property=\"og:image:width\" content=\"700\" \/>\n\t<meta property=\"og:image:height\" content=\"525\" \/>\n\t<meta property=\"og:image:type\" content=\"image\/jpeg\" \/>\n<meta name=\"author\" content=\"Jasminko Bijeli\u0107\" \/>\n<meta name=\"twitter:card\" content=\"summary_large_image\" \/>\n<meta name=\"twitter:label1\" content=\"Written by\" \/>\n\t<meta name=\"twitter:data1\" content=\"Jasminko Bijeli\u0107\" \/>\n\t<meta name=\"twitter:label2\" content=\"Est. reading time\" \/>\n\t<meta name=\"twitter:data2\" content=\"1 minute\" \/>\n<script type=\"application\/ld+json\" class=\"yoast-schema-graph\">{\"@context\":\"https:\\\/\\\/schema.org\",\"@graph\":[{\"@type\":\"Article\",\"@id\":\"https:\\\/\\\/ic-lotos.org.ba\\\/pomoc-osobama-sa-invaliditetom-i-organizacijama-osoba-sa-invaliditetom-u-podrucjima-pogodjenim-poplavama-u-bosni-i-hercegovini-se-nastavlja\\\/#article\",\"isPartOf\":{\"@id\":\"https:\\\/\\\/ic-lotos.org.ba\\\/pomoc-osobama-sa-invaliditetom-i-organizacijama-osoba-sa-invaliditetom-u-podrucjima-pogodjenim-poplavama-u-bosni-i-hercegovini-se-nastavlja\\\/\"},\"author\":{\"name\":\"Jasminko Bijeli\u0107\",\"@id\":\"https:\\\/\\\/ic-lotos.org.ba\\\/#\\\/schema\\\/person\\\/fb1da7c92bc3365aad6d1abac5bfe80a\"},\"headline\":\"Pomo\u0107 osobama sa invaliditetom i organizacijama osoba sa invaliditetom u podru\u010djima pogo\u0111enim poplavama u Bosni i Hercegovini se nastavlja\",\"datePublished\":\"2014-10-08T06:08:37+00:00\",\"mainEntityOfPage\":{\"@id\":\"https:\\\/\\\/ic-lotos.org.ba\\\/pomoc-osobama-sa-invaliditetom-i-organizacijama-osoba-sa-invaliditetom-u-podrucjima-pogodjenim-poplavama-u-bosni-i-hercegovini-se-nastavlja\\\/\"},\"wordCount\":182,\"commentCount\":0,\"publisher\":{\"@id\":\"https:\\\/\\\/ic-lotos.org.ba\\\/#organization\"},\"image\":{\"@id\":\"https:\\\/\\\/ic-lotos.org.ba\\\/pomoc-osobama-sa-invaliditetom-i-organizacijama-osoba-sa-invaliditetom-u-podrucjima-pogodjenim-poplavama-u-bosni-i-hercegovini-se-nastavlja\\\/#primaryimage\"},\"thumbnailUrl\":\"https:\\\/\\\/ic-lotos.org.ba\\\/wp-content\\\/uploads\\\/2014\\\/10\\\/images_DSCN9686.JPG\",\"articleSection\":[\"Vijesti\"],\"inLanguage\":\"en-US\"},{\"@type\":\"WebPage\",\"@id\":\"https:\\\/\\\/ic-lotos.org.ba\\\/pomoc-osobama-sa-invaliditetom-i-organizacijama-osoba-sa-invaliditetom-u-podrucjima-pogodjenim-poplavama-u-bosni-i-hercegovini-se-nastavlja\\\/\",\"url\":\"https:\\\/\\\/ic-lotos.org.ba\\\/pomoc-osobama-sa-invaliditetom-i-organizacijama-osoba-sa-invaliditetom-u-podrucjima-pogodjenim-poplavama-u-bosni-i-hercegovini-se-nastavlja\\\/\",\"name\":\"Pomo\u0107 osobama sa invaliditetom i organizacijama osoba sa invaliditetom u podru\u010djima pogo\u0111enim poplavama u Bosni i Hercegovini se nastavlja - IC Lotos Tuzla\",\"isPartOf\":{\"@id\":\"https:\\\/\\\/ic-lotos.org.ba\\\/#website\"},\"primaryImageOfPage\":{\"@id\":\"https:\\\/\\\/ic-lotos.org.ba\\\/pomoc-osobama-sa-invaliditetom-i-organizacijama-osoba-sa-invaliditetom-u-podrucjima-pogodjenim-poplavama-u-bosni-i-hercegovini-se-nastavlja\\\/#primaryimage\"},\"image\":{\"@id\":\"https:\\\/\\\/ic-lotos.org.ba\\\/pomoc-osobama-sa-invaliditetom-i-organizacijama-osoba-sa-invaliditetom-u-podrucjima-pogodjenim-poplavama-u-bosni-i-hercegovini-se-nastavlja\\\/#primaryimage\"},\"thumbnailUrl\":\"https:\\\/\\\/ic-lotos.org.ba\\\/wp-content\\\/uploads\\\/2014\\\/10\\\/images_DSCN9686.JPG\",\"datePublished\":\"2014-10-08T06:08:37+00:00\",\"breadcrumb\":{\"@id\":\"https:\\\/\\\/ic-lotos.org.ba\\\/pomoc-osobama-sa-invaliditetom-i-organizacijama-osoba-sa-invaliditetom-u-podrucjima-pogodjenim-poplavama-u-bosni-i-hercegovini-se-nastavlja\\\/#breadcrumb\"},\"inLanguage\":\"en-US\",\"potentialAction\":[{\"@type\":\"ReadAction\",\"target\":[\"https:\\\/\\\/ic-lotos.org.ba\\\/pomoc-osobama-sa-invaliditetom-i-organizacijama-osoba-sa-invaliditetom-u-podrucjima-pogodjenim-poplavama-u-bosni-i-hercegovini-se-nastavlja\\\/\"]}]},{\"@type\":\"ImageObject\",\"inLanguage\":\"en-US\",\"@id\":\"https:\\\/\\\/ic-lotos.org.ba\\\/pomoc-osobama-sa-invaliditetom-i-organizacijama-osoba-sa-invaliditetom-u-podrucjima-pogodjenim-poplavama-u-bosni-i-hercegovini-se-nastavlja\\\/#primaryimage\",\"url\":\"https:\\\/\\\/ic-lotos.org.ba\\\/wp-content\\\/uploads\\\/2014\\\/10\\\/images_DSCN9686.JPG\",\"contentUrl\":\"https:\\\/\\\/ic-lotos.org.ba\\\/wp-content\\\/uploads\\\/2014\\\/10\\\/images_DSCN9686.JPG\",\"width\":700,\"height\":525,\"caption\":\"Istovar humanitarne pomo\u0107i\"},{\"@type\":\"BreadcrumbList\",\"@id\":\"https:\\\/\\\/ic-lotos.org.ba\\\/pomoc-osobama-sa-invaliditetom-i-organizacijama-osoba-sa-invaliditetom-u-podrucjima-pogodjenim-poplavama-u-bosni-i-hercegovini-se-nastavlja\\\/#breadcrumb\",\"itemListElement\":[{\"@type\":\"ListItem\",\"position\":1,\"name\":\"Naslovna\",\"item\":\"https:\\\/\\\/ic-lotos.org.ba\\\/\"},{\"@type\":\"ListItem\",\"position\":2,\"name\":\"Pomo\u0107 osobama sa invaliditetom i organizacijama osoba sa invaliditetom u podru\u010djima pogo\u0111enim poplavama u Bosni i Hercegovini se nastavlja\"}]},{\"@type\":\"WebSite\",\"@id\":\"https:\\\/\\\/ic-lotos.org.ba\\\/#website\",\"url\":\"https:\\\/\\\/ic-lotos.org.ba\\\/\",\"name\":\"IC Lotos Tuzla\",\"description\":\"Informativni centar \u201cLotos\u201d okuplja osobe sa ili bez invaliditeta koje su zainteresovane da svojim radom bilo na profesionalnoj ili volonterskoj osnovi doprinesu ostvarivanju misije organizacije.\",\"publisher\":{\"@id\":\"https:\\\/\\\/ic-lotos.org.ba\\\/#organization\"},\"potentialAction\":[{\"@type\":\"SearchAction\",\"target\":{\"@type\":\"EntryPoint\",\"urlTemplate\":\"https:\\\/\\\/ic-lotos.org.ba\\\/?s={search_term_string}\"},\"query-input\":{\"@type\":\"PropertyValueSpecification\",\"valueRequired\":true,\"valueName\":\"search_term_string\"}}],\"inLanguage\":\"en-US\"},{\"@type\":\"Organization\",\"@id\":\"https:\\\/\\\/ic-lotos.org.ba\\\/#organization\",\"name\":\"IC Lotos Tuzla\",\"url\":\"https:\\\/\\\/ic-lotos.org.ba\\\/\",\"logo\":{\"@type\":\"ImageObject\",\"inLanguage\":\"en-US\",\"@id\":\"https:\\\/\\\/ic-lotos.org.ba\\\/#\\\/schema\\\/logo\\\/image\\\/\",\"url\":\"https:\\\/\\\/ic-lotos.org.ba\\\/wp-content\\\/uploads\\\/2019\\\/11\\\/logo.jpg\",\"contentUrl\":\"https:\\\/\\\/ic-lotos.org.ba\\\/wp-content\\\/uploads\\\/2019\\\/11\\\/logo.jpg\",\"width\":575,\"height\":623,\"caption\":\"IC Lotos Tuzla\"},\"image\":{\"@id\":\"https:\\\/\\\/ic-lotos.org.ba\\\/#\\\/schema\\\/logo\\\/image\\\/\"},\"sameAs\":[\"https:\\\/\\\/www.facebook.com\\\/iclotos\\\/\",\"https:\\\/\\\/www.youtube.com\\\/feed\\\/library\"]},{\"@type\":\"Person\",\"@id\":\"https:\\\/\\\/ic-lotos.org.ba\\\/#\\\/schema\\\/person\\\/fb1da7c92bc3365aad6d1abac5bfe80a\",\"name\":\"Jasminko Bijeli\u0107\",\"image\":{\"@type\":\"ImageObject\",\"inLanguage\":\"en-US\",\"@id\":\"https:\\\/\\\/secure.gravatar.com\\\/avatar\\\/d694f8eb6cc3383210938655f7851f13239ed2f29afcf4e787e3c519ba016d67?s=96&d=mm&r=g\",\"url\":\"https:\\\/\\\/secure.gravatar.com\\\/avatar\\\/d694f8eb6cc3383210938655f7851f13239ed2f29afcf4e787e3c519ba016d67?s=96&d=mm&r=g\",\"contentUrl\":\"https:\\\/\\\/secure.gravatar.com\\\/avatar\\\/d694f8eb6cc3383210938655f7851f13239ed2f29afcf4e787e3c519ba016d67?s=96&d=mm&r=g\",\"caption\":\"Jasminko Bijeli\u0107\"}}]}<\/script>\n<!-- \/ Yoast SEO plugin. -->","yoast_head_json":{"title":"Pomo\u0107 osobama sa invaliditetom i organizacijama osoba sa invaliditetom u podru\u010djima pogo\u0111enim poplavama u Bosni i Hercegovini se nastavlja - IC Lotos Tuzla","robots":{"index":"index","follow":"follow","max-snippet":"max-snippet:-1","max-image-preview":"max-image-preview:large","max-video-preview":"max-video-preview:-1"},"canonical":"https:\/\/ic-lotos.org.ba\/en\/pomoc-osobama-sa-invaliditetom-i-organizacijama-osoba-sa-invaliditetom-u-podrucjima-pogodjenim-poplavama-u-bosni-i-hercegovini-se-nastavlja\/","og_locale":"en_US","og_type":"article","og_title":"Pomo\u0107 osobama sa invaliditetom i organizacijama osoba sa invaliditetom u podru\u010djima pogo\u0111enim poplavama u Bosni i Hercegovini se nastavlja - IC Lotos Tuzla","og_description":"Zahvaljuju\u0107i skromnim finansijskim sredstvima osiguranim od strane STIL \u0160vedskog centra za samostalni \u017eivot osoba sa invaliditetom iz Stockholma, te zahvaljuju\u0107i vi\u0161egodi\u0161njoj saradnji sa \u201eMisijom bez granica\u201c i Evan\u0111eoskom crkvom u Bosni i Hercegovini Informativni centar za osobe sa invaliditetom \u201eLotos\u201c [&hellip;]","og_url":"https:\/\/ic-lotos.org.ba\/en\/pomoc-osobama-sa-invaliditetom-i-organizacijama-osoba-sa-invaliditetom-u-podrucjima-pogodjenim-poplavama-u-bosni-i-hercegovini-se-nastavlja\/","og_site_name":"IC Lotos Tuzla","article_publisher":"https:\/\/www.facebook.com\/iclotos\/","article_published_time":"2014-10-08T06:08:37+00:00","og_image":[{"width":700,"height":525,"url":"https:\/\/ic-lotos.org.ba\/wp-content\/uploads\/2014\/10\/images_DSCN9686.JPG","type":"image\/jpeg"}],"author":"Jasminko Bijeli\u0107","twitter_card":"summary_large_image","twitter_misc":{"Written by":"Jasminko Bijeli\u0107","Est. reading time":"1 minute"},"schema":{"@context":"https:\/\/schema.org","@graph":[{"@type":"Article","@id":"https:\/\/ic-lotos.org.ba\/pomoc-osobama-sa-invaliditetom-i-organizacijama-osoba-sa-invaliditetom-u-podrucjima-pogodjenim-poplavama-u-bosni-i-hercegovini-se-nastavlja\/#article","isPartOf":{"@id":"https:\/\/ic-lotos.org.ba\/pomoc-osobama-sa-invaliditetom-i-organizacijama-osoba-sa-invaliditetom-u-podrucjima-pogodjenim-poplavama-u-bosni-i-hercegovini-se-nastavlja\/"},"author":{"name":"Jasminko Bijeli\u0107","@id":"https:\/\/ic-lotos.org.ba\/#\/schema\/person\/fb1da7c92bc3365aad6d1abac5bfe80a"},"headline":"Pomo\u0107 osobama sa invaliditetom i organizacijama osoba sa invaliditetom u podru\u010djima pogo\u0111enim poplavama u Bosni i Hercegovini se nastavlja","datePublished":"2014-10-08T06:08:37+00:00","mainEntityOfPage":{"@id":"https:\/\/ic-lotos.org.ba\/pomoc-osobama-sa-invaliditetom-i-organizacijama-osoba-sa-invaliditetom-u-podrucjima-pogodjenim-poplavama-u-bosni-i-hercegovini-se-nastavlja\/"},"wordCount":182,"commentCount":0,"publisher":{"@id":"https:\/\/ic-lotos.org.ba\/#organization"},"image":{"@id":"https:\/\/ic-lotos.org.ba\/pomoc-osobama-sa-invaliditetom-i-organizacijama-osoba-sa-invaliditetom-u-podrucjima-pogodjenim-poplavama-u-bosni-i-hercegovini-se-nastavlja\/#primaryimage"},"thumbnailUrl":"https:\/\/ic-lotos.org.ba\/wp-content\/uploads\/2014\/10\/images_DSCN9686.JPG","articleSection":["Vijesti"],"inLanguage":"en-US"},{"@type":"WebPage","@id":"https:\/\/ic-lotos.org.ba\/pomoc-osobama-sa-invaliditetom-i-organizacijama-osoba-sa-invaliditetom-u-podrucjima-pogodjenim-poplavama-u-bosni-i-hercegovini-se-nastavlja\/","url":"https:\/\/ic-lotos.org.ba\/pomoc-osobama-sa-invaliditetom-i-organizacijama-osoba-sa-invaliditetom-u-podrucjima-pogodjenim-poplavama-u-bosni-i-hercegovini-se-nastavlja\/","name":"Pomo\u0107 osobama sa invaliditetom i organizacijama osoba sa invaliditetom u podru\u010djima pogo\u0111enim poplavama u Bosni i Hercegovini se nastavlja - IC Lotos Tuzla","isPartOf":{"@id":"https:\/\/ic-lotos.org.ba\/#website"},"primaryImageOfPage":{"@id":"https:\/\/ic-lotos.org.ba\/pomoc-osobama-sa-invaliditetom-i-organizacijama-osoba-sa-invaliditetom-u-podrucjima-pogodjenim-poplavama-u-bosni-i-hercegovini-se-nastavlja\/#primaryimage"},"image":{"@id":"https:\/\/ic-lotos.org.ba\/pomoc-osobama-sa-invaliditetom-i-organizacijama-osoba-sa-invaliditetom-u-podrucjima-pogodjenim-poplavama-u-bosni-i-hercegovini-se-nastavlja\/#primaryimage"},"thumbnailUrl":"https:\/\/ic-lotos.org.ba\/wp-content\/uploads\/2014\/10\/images_DSCN9686.JPG","datePublished":"2014-10-08T06:08:37+00:00","breadcrumb":{"@id":"https:\/\/ic-lotos.org.ba\/pomoc-osobama-sa-invaliditetom-i-organizacijama-osoba-sa-invaliditetom-u-podrucjima-pogodjenim-poplavama-u-bosni-i-hercegovini-se-nastavlja\/#breadcrumb"},"inLanguage":"en-US","potentialAction":[{"@type":"ReadAction","target":["https:\/\/ic-lotos.org.ba\/pomoc-osobama-sa-invaliditetom-i-organizacijama-osoba-sa-invaliditetom-u-podrucjima-pogodjenim-poplavama-u-bosni-i-hercegovini-se-nastavlja\/"]}]},{"@type":"ImageObject","inLanguage":"en-US","@id":"https:\/\/ic-lotos.org.ba\/pomoc-osobama-sa-invaliditetom-i-organizacijama-osoba-sa-invaliditetom-u-podrucjima-pogodjenim-poplavama-u-bosni-i-hercegovini-se-nastavlja\/#primaryimage","url":"https:\/\/ic-lotos.org.ba\/wp-content\/uploads\/2014\/10\/images_DSCN9686.JPG","contentUrl":"https:\/\/ic-lotos.org.ba\/wp-content\/uploads\/2014\/10\/images_DSCN9686.JPG","width":700,"height":525,"caption":"Istovar humanitarne pomo\u0107i"},{"@type":"BreadcrumbList","@id":"https:\/\/ic-lotos.org.ba\/pomoc-osobama-sa-invaliditetom-i-organizacijama-osoba-sa-invaliditetom-u-podrucjima-pogodjenim-poplavama-u-bosni-i-hercegovini-se-nastavlja\/#breadcrumb","itemListElement":[{"@type":"ListItem","position":1,"name":"Naslovna","item":"https:\/\/ic-lotos.org.ba\/"},{"@type":"ListItem","position":2,"name":"Pomo\u0107 osobama sa invaliditetom i organizacijama osoba sa invaliditetom u podru\u010djima pogo\u0111enim poplavama u Bosni i Hercegovini se nastavlja"}]},{"@type":"WebSite","@id":"https:\/\/ic-lotos.org.ba\/#website","url":"https:\/\/ic-lotos.org.ba\/","name":"IC Lotos Tuzla","description":"Informativni centar \u201cLotos\u201d okuplja osobe sa ili bez invaliditeta koje su zainteresovane da svojim radom bilo na profesionalnoj ili volonterskoj osnovi doprinesu ostvarivanju misije organizacije.","publisher":{"@id":"https:\/\/ic-lotos.org.ba\/#organization"},"potentialAction":[{"@type":"SearchAction","target":{"@type":"EntryPoint","urlTemplate":"https:\/\/ic-lotos.org.ba\/?s={search_term_string}"},"query-input":{"@type":"PropertyValueSpecification","valueRequired":true,"valueName":"search_term_string"}}],"inLanguage":"en-US"},{"@type":"Organization","@id":"https:\/\/ic-lotos.org.ba\/#organization","name":"IC Lotos Tuzla","url":"https:\/\/ic-lotos.org.ba\/","logo":{"@type":"ImageObject","inLanguage":"en-US","@id":"https:\/\/ic-lotos.org.ba\/#\/schema\/logo\/image\/","url":"https:\/\/ic-lotos.org.ba\/wp-content\/uploads\/2019\/11\/logo.jpg","contentUrl":"https:\/\/ic-lotos.org.ba\/wp-content\/uploads\/2019\/11\/logo.jpg","width":575,"height":623,"caption":"IC Lotos Tuzla"},"image":{"@id":"https:\/\/ic-lotos.org.ba\/#\/schema\/logo\/image\/"},"sameAs":["https:\/\/www.facebook.com\/iclotos\/","https:\/\/www.youtube.com\/feed\/library"]},{"@type":"Person","@id":"https:\/\/ic-lotos.org.ba\/#\/schema\/person\/fb1da7c92bc3365aad6d1abac5bfe80a","name":"Jasminko Bijeli\u0107","image":{"@type":"ImageObject","inLanguage":"en-US","@id":"https:\/\/secure.gravatar.com\/avatar\/d694f8eb6cc3383210938655f7851f13239ed2f29afcf4e787e3c519ba016d67?s=96&d=mm&r=g","url":"https:\/\/secure.gravatar.com\/avatar\/d694f8eb6cc3383210938655f7851f13239ed2f29afcf4e787e3c519ba016d67?s=96&d=mm&r=g","contentUrl":"https:\/\/secure.gravatar.com\/avatar\/d694f8eb6cc3383210938655f7851f13239ed2f29afcf4e787e3c519ba016d67?s=96&d=mm&r=g","caption":"Jasminko Bijeli\u0107"}}]}},"_links":{"self":[{"href":"https:\/\/ic-lotos.org.ba\/en\/wp-json\/wp\/v2\/posts\/11175","targetHints":{"allow":["GET"]}}],"collection":[{"href":"https:\/\/ic-lotos.org.ba\/en\/wp-json\/wp\/v2\/posts"}],"about":[{"href":"https:\/\/ic-lotos.org.ba\/en\/wp-json\/wp\/v2\/types\/post"}],"author":[{"embeddable":true,"href":"https:\/\/ic-lotos.org.ba\/en\/wp-json\/wp\/v2\/users\/5"}],"replies":[{"embeddable":true,"href":"https:\/\/ic-lotos.org.ba\/en\/wp-json\/wp\/v2\/comments?post=11175"}],"version-history":[{"count":0,"href":"https:\/\/ic-lotos.org.ba\/en\/wp-json\/wp\/v2\/posts\/11175\/revisions"}],"wp:featuredmedia":[{"embeddable":true,"href":"https:\/\/ic-lotos.org.ba\/en\/wp-json\/wp\/v2\/media\/11171"}],"wp:attachment":[{"href":"https:\/\/ic-lotos.org.ba\/en\/wp-json\/wp\/v2\/media?parent=11175"}],"wp:term":[{"taxonomy":"category","embeddable":true,"href":"https:\/\/ic-lotos.org.ba\/en\/wp-json\/wp\/v2\/categories?post=11175"},{"taxonomy":"post_tag","embeddable":true,"href":"https:\/\/ic-lotos.org.ba\/en\/wp-json\/wp\/v2\/tags?post=11175"}],"curies":[{"name":"wp","href":"https:\/\/api.w.org\/{rel}","templated":true}]}}