{"id":11170,"date":"2014-10-03T06:18:02","date_gmt":"2014-10-03T06:18:02","guid":{"rendered":"https:\/\/v2.ic-lotos.org.ba\/organizacije-koje-se-bave-promocijom-i-zastitom-ljudskih-prava-u-bosni-i-hercegovini-odrzale-konferenciju-za-stampu\/"},"modified":"2014-10-03T06:18:02","modified_gmt":"2014-10-03T06:18:02","slug":"organizacije-koje-se-bave-promocijom-i-zastitom-ljudskih-prava-u-bosni-i-hercegovini-odrzale-konferenciju-za-stampu","status":"publish","type":"post","link":"https:\/\/ic-lotos.org.ba\/en\/organizacije-koje-se-bave-promocijom-i-zastitom-ljudskih-prava-u-bosni-i-hercegovini-odrzale-konferenciju-za-stampu\/","title":{"rendered":"Organizations engaged in the promotion and protection of human rights in Bosnia and Herzegovina held a press conference"},"content":{"rendered":"<p>A press conference was held at the Sarajevo Media Center on Wednesday, October 1st at 11 am, attended by representatives of several non-governmental organizations engaged in the promotion, protection and monitoring of the implementation of human rights in Bosnia and Herzegovina.<\/p>\n<p>The conference is being held in response to Bosnia and Herzegovina&#039;s obligation to present the Universal Periodic Review (UPR) of human rights to the United Nations Human Rights Committee. Non-governmental organizations that promote, advocate for and monitor the implementation of human rights also have the opportunity to present their views on the state of human rights in our country, by preparing their own reports and findings on the state of human rights in certain areas of society or in relation to certain groups of the population.<\/p>\n<p>Five local coalitions of organizations of persons with disabilities from Bijeljina, Doboj, Mostar, Sarajevo and Tuzla, which bring together around fifty local organizations of persons with disabilities, have prepared the Alternative Universal Periodic Review on the human rights situation of persons with disabilities in Bosnia and Herzegovina with the financial support of My Right from Sweden and Light for the World. Mr. Fikret Zuko spoke about the Report at a press conference on behalf of organizations of persons with disabilities.<\/p>\n<p>The state report, as well as the reports of non-governmental organizations that have arrived at the UN headquarters in Geneva, will be considered for Bosnia and Herzegovina at a session to be held on November 5th from 2:30 PM to 6:00 PM at the United Nations headquarters in Geneva.<\/p>\n<p>On this occasion, representatives of organizations of persons with disabilities will organize a series of events in various cities of Bosnia and Herzegovina, and our representatives will have the opportunity to directly address representatives of UN member states and present the key findings of the report. The Universal Periodic Review will soon be available in the Download section on our website.<\/p>\n<hr \/>\n<p>\u00a0<\/p>\n<div class=\"gsp_post_data\" \r\n\t            data-post_type=\"post\" \r\n\t            data-cat=\"vijesti\" \r\n\t            data-modified=\"120\"\r\n\t            data-created=\"1412317082\"\r\n\t            data-title=\"Organizacije koje se bave promocijom i za\u0161titom ljudskih prava u Bosni i Hercegovini odr\u017eale konferenciju za \u0161tampu\" \r\n\t            data-home=\"https:\/\/ic-lotos.org.ba\/en\"><\/div>","protected":false},"excerpt":{"rendered":"<p>U medija centru Sarajevo u srijedu 01. Oktobra u 11 sati odr\u017eana je konferencija za \u0161tampu na kojoj su u\u010de\u0161\u0107e uzeli predstavnici nekoliko nevladinih organizacija koje se bave promocijom, za\u0161titom i pra\u0107enjem primjene ljudskih prava u Bosni i Hercegovini. Povod [&hellip;]<\/p>\n","protected":false},"author":5,"featured_media":0,"comment_status":"open","ping_status":"closed","sticky":false,"template":"","format":"standard","meta":{"footnotes":""},"categories":[65],"tags":[],"class_list":["post-11170","post","type-post","status-publish","format-standard","hentry","category-vijesti"],"yoast_head":"<!-- This site is optimized with the Yoast SEO plugin v27.5 - https:\/\/yoast.com\/product\/yoast-seo-wordpress\/ -->\n<title>Organizacije koje se bave promocijom i za\u0161titom ljudskih prava u Bosni i Hercegovini odr\u017eale konferenciju za \u0161tampu - IC Lotos Tuzla<\/title>\n<meta name=\"robots\" content=\"index, follow, max-snippet:-1, max-image-preview:large, max-video-preview:-1\" \/>\n<link rel=\"canonical\" href=\"https:\/\/ic-lotos.org.ba\/en\/organizacije-koje-se-bave-promocijom-i-zastitom-ljudskih-prava-u-bosni-i-hercegovini-odrzale-konferenciju-za-stampu\/\" \/>\n<meta property=\"og:locale\" content=\"en_US\" \/>\n<meta property=\"og:type\" content=\"article\" \/>\n<meta property=\"og:title\" content=\"Organizacije koje se bave promocijom i za\u0161titom ljudskih prava u Bosni i Hercegovini odr\u017eale konferenciju za \u0161tampu - IC Lotos Tuzla\" \/>\n<meta property=\"og:description\" content=\"U medija centru Sarajevo u srijedu 01. Oktobra u 11 sati odr\u017eana je konferencija za \u0161tampu na kojoj su u\u010de\u0161\u0107e uzeli predstavnici nekoliko nevladinih organizacija koje se bave promocijom, za\u0161titom i pra\u0107enjem primjene ljudskih prava u Bosni i Hercegovini. Povod [&hellip;]\" \/>\n<meta property=\"og:url\" content=\"https:\/\/ic-lotos.org.ba\/en\/organizacije-koje-se-bave-promocijom-i-zastitom-ljudskih-prava-u-bosni-i-hercegovini-odrzale-konferenciju-za-stampu\/\" \/>\n<meta property=\"og:site_name\" content=\"IC Lotos Tuzla\" \/>\n<meta property=\"article:publisher\" content=\"https:\/\/www.facebook.com\/iclotos\/\" \/>\n<meta property=\"article:published_time\" content=\"2014-10-03T06:18:02+00:00\" \/>\n<meta property=\"og:image\" content=\"https:\/\/ic-lotos.org.ba\/wp-content\/uploads\/2023\/10\/naslovna-1.jpg\" \/>\n\t<meta property=\"og:image:width\" content=\"1920\" \/>\n\t<meta property=\"og:image:height\" content=\"600\" \/>\n\t<meta property=\"og:image:type\" content=\"image\/jpeg\" \/>\n<meta name=\"author\" content=\"Jasminko Bijeli\u0107\" \/>\n<meta name=\"twitter:card\" content=\"summary_large_image\" \/>\n<meta name=\"twitter:label1\" content=\"Written by\" \/>\n\t<meta name=\"twitter:data1\" content=\"Jasminko Bijeli\u0107\" \/>\n\t<meta name=\"twitter:label2\" content=\"Est. reading time\" \/>\n\t<meta name=\"twitter:data2\" content=\"1 minute\" \/>\n<script type=\"application\/ld+json\" class=\"yoast-schema-graph\">{\"@context\":\"https:\\\/\\\/schema.org\",\"@graph\":[{\"@type\":\"Article\",\"@id\":\"https:\\\/\\\/ic-lotos.org.ba\\\/organizacije-koje-se-bave-promocijom-i-zastitom-ljudskih-prava-u-bosni-i-hercegovini-odrzale-konferenciju-za-stampu\\\/#article\",\"isPartOf\":{\"@id\":\"https:\\\/\\\/ic-lotos.org.ba\\\/organizacije-koje-se-bave-promocijom-i-zastitom-ljudskih-prava-u-bosni-i-hercegovini-odrzale-konferenciju-za-stampu\\\/\"},\"author\":{\"name\":\"Jasminko Bijeli\u0107\",\"@id\":\"https:\\\/\\\/ic-lotos.org.ba\\\/#\\\/schema\\\/person\\\/fb1da7c92bc3365aad6d1abac5bfe80a\"},\"headline\":\"Organizacije koje se bave promocijom i za\u0161titom ljudskih prava u Bosni i Hercegovini odr\u017eale konferenciju za \u0161tampu\",\"datePublished\":\"2014-10-03T06:18:02+00:00\",\"mainEntityOfPage\":{\"@id\":\"https:\\\/\\\/ic-lotos.org.ba\\\/organizacije-koje-se-bave-promocijom-i-zastitom-ljudskih-prava-u-bosni-i-hercegovini-odrzale-konferenciju-za-stampu\\\/\"},\"wordCount\":314,\"commentCount\":0,\"publisher\":{\"@id\":\"https:\\\/\\\/ic-lotos.org.ba\\\/#organization\"},\"articleSection\":[\"Vijesti\"],\"inLanguage\":\"en-US\"},{\"@type\":\"WebPage\",\"@id\":\"https:\\\/\\\/ic-lotos.org.ba\\\/organizacije-koje-se-bave-promocijom-i-zastitom-ljudskih-prava-u-bosni-i-hercegovini-odrzale-konferenciju-za-stampu\\\/\",\"url\":\"https:\\\/\\\/ic-lotos.org.ba\\\/organizacije-koje-se-bave-promocijom-i-zastitom-ljudskih-prava-u-bosni-i-hercegovini-odrzale-konferenciju-za-stampu\\\/\",\"name\":\"Organizacije koje se bave promocijom i za\u0161titom ljudskih prava u Bosni i Hercegovini odr\u017eale konferenciju za \u0161tampu - IC Lotos Tuzla\",\"isPartOf\":{\"@id\":\"https:\\\/\\\/ic-lotos.org.ba\\\/#website\"},\"datePublished\":\"2014-10-03T06:18:02+00:00\",\"breadcrumb\":{\"@id\":\"https:\\\/\\\/ic-lotos.org.ba\\\/organizacije-koje-se-bave-promocijom-i-zastitom-ljudskih-prava-u-bosni-i-hercegovini-odrzale-konferenciju-za-stampu\\\/#breadcrumb\"},\"inLanguage\":\"en-US\",\"potentialAction\":[{\"@type\":\"ReadAction\",\"target\":[\"https:\\\/\\\/ic-lotos.org.ba\\\/organizacije-koje-se-bave-promocijom-i-zastitom-ljudskih-prava-u-bosni-i-hercegovini-odrzale-konferenciju-za-stampu\\\/\"]}]},{\"@type\":\"BreadcrumbList\",\"@id\":\"https:\\\/\\\/ic-lotos.org.ba\\\/organizacije-koje-se-bave-promocijom-i-zastitom-ljudskih-prava-u-bosni-i-hercegovini-odrzale-konferenciju-za-stampu\\\/#breadcrumb\",\"itemListElement\":[{\"@type\":\"ListItem\",\"position\":1,\"name\":\"Naslovna\",\"item\":\"https:\\\/\\\/ic-lotos.org.ba\\\/\"},{\"@type\":\"ListItem\",\"position\":2,\"name\":\"Organizacije koje se bave promocijom i za\u0161titom ljudskih prava u Bosni i Hercegovini odr\u017eale konferenciju za \u0161tampu\"}]},{\"@type\":\"WebSite\",\"@id\":\"https:\\\/\\\/ic-lotos.org.ba\\\/#website\",\"url\":\"https:\\\/\\\/ic-lotos.org.ba\\\/\",\"name\":\"IC Lotos Tuzla\",\"description\":\"Informativni centar \u201cLotos\u201d okuplja osobe sa ili bez invaliditeta koje su zainteresovane da svojim radom bilo na profesionalnoj ili volonterskoj osnovi doprinesu ostvarivanju misije organizacije.\",\"publisher\":{\"@id\":\"https:\\\/\\\/ic-lotos.org.ba\\\/#organization\"},\"potentialAction\":[{\"@type\":\"SearchAction\",\"target\":{\"@type\":\"EntryPoint\",\"urlTemplate\":\"https:\\\/\\\/ic-lotos.org.ba\\\/?s={search_term_string}\"},\"query-input\":{\"@type\":\"PropertyValueSpecification\",\"valueRequired\":true,\"valueName\":\"search_term_string\"}}],\"inLanguage\":\"en-US\"},{\"@type\":\"Organization\",\"@id\":\"https:\\\/\\\/ic-lotos.org.ba\\\/#organization\",\"name\":\"IC Lotos Tuzla\",\"url\":\"https:\\\/\\\/ic-lotos.org.ba\\\/\",\"logo\":{\"@type\":\"ImageObject\",\"inLanguage\":\"en-US\",\"@id\":\"https:\\\/\\\/ic-lotos.org.ba\\\/#\\\/schema\\\/logo\\\/image\\\/\",\"url\":\"https:\\\/\\\/ic-lotos.org.ba\\\/wp-content\\\/uploads\\\/2019\\\/11\\\/logo.jpg\",\"contentUrl\":\"https:\\\/\\\/ic-lotos.org.ba\\\/wp-content\\\/uploads\\\/2019\\\/11\\\/logo.jpg\",\"width\":575,\"height\":623,\"caption\":\"IC Lotos Tuzla\"},\"image\":{\"@id\":\"https:\\\/\\\/ic-lotos.org.ba\\\/#\\\/schema\\\/logo\\\/image\\\/\"},\"sameAs\":[\"https:\\\/\\\/www.facebook.com\\\/iclotos\\\/\",\"https:\\\/\\\/www.youtube.com\\\/feed\\\/library\"]},{\"@type\":\"Person\",\"@id\":\"https:\\\/\\\/ic-lotos.org.ba\\\/#\\\/schema\\\/person\\\/fb1da7c92bc3365aad6d1abac5bfe80a\",\"name\":\"Jasminko Bijeli\u0107\",\"image\":{\"@type\":\"ImageObject\",\"inLanguage\":\"en-US\",\"@id\":\"https:\\\/\\\/secure.gravatar.com\\\/avatar\\\/d694f8eb6cc3383210938655f7851f13239ed2f29afcf4e787e3c519ba016d67?s=96&d=mm&r=g\",\"url\":\"https:\\\/\\\/secure.gravatar.com\\\/avatar\\\/d694f8eb6cc3383210938655f7851f13239ed2f29afcf4e787e3c519ba016d67?s=96&d=mm&r=g\",\"contentUrl\":\"https:\\\/\\\/secure.gravatar.com\\\/avatar\\\/d694f8eb6cc3383210938655f7851f13239ed2f29afcf4e787e3c519ba016d67?s=96&d=mm&r=g\",\"caption\":\"Jasminko Bijeli\u0107\"}}]}<\/script>\n<!-- \/ Yoast SEO plugin. -->","yoast_head_json":{"title":"Organizacije koje se bave promocijom i za\u0161titom ljudskih prava u Bosni i Hercegovini odr\u017eale konferenciju za \u0161tampu - IC Lotos Tuzla","robots":{"index":"index","follow":"follow","max-snippet":"max-snippet:-1","max-image-preview":"max-image-preview:large","max-video-preview":"max-video-preview:-1"},"canonical":"https:\/\/ic-lotos.org.ba\/en\/organizacije-koje-se-bave-promocijom-i-zastitom-ljudskih-prava-u-bosni-i-hercegovini-odrzale-konferenciju-za-stampu\/","og_locale":"en_US","og_type":"article","og_title":"Organizacije koje se bave promocijom i za\u0161titom ljudskih prava u Bosni i Hercegovini odr\u017eale konferenciju za \u0161tampu - IC Lotos Tuzla","og_description":"U medija centru Sarajevo u srijedu 01. Oktobra u 11 sati odr\u017eana je konferencija za \u0161tampu na kojoj su u\u010de\u0161\u0107e uzeli predstavnici nekoliko nevladinih organizacija koje se bave promocijom, za\u0161titom i pra\u0107enjem primjene ljudskih prava u Bosni i Hercegovini. Povod [&hellip;]","og_url":"https:\/\/ic-lotos.org.ba\/en\/organizacije-koje-se-bave-promocijom-i-zastitom-ljudskih-prava-u-bosni-i-hercegovini-odrzale-konferenciju-za-stampu\/","og_site_name":"IC Lotos Tuzla","article_publisher":"https:\/\/www.facebook.com\/iclotos\/","article_published_time":"2014-10-03T06:18:02+00:00","og_image":[{"width":1920,"height":600,"url":"https:\/\/ic-lotos.org.ba\/wp-content\/uploads\/2023\/10\/naslovna-1.jpg","type":"image\/jpeg"}],"author":"Jasminko Bijeli\u0107","twitter_card":"summary_large_image","twitter_misc":{"Written by":"Jasminko Bijeli\u0107","Est. reading time":"1 minute"},"schema":{"@context":"https:\/\/schema.org","@graph":[{"@type":"Article","@id":"https:\/\/ic-lotos.org.ba\/organizacije-koje-se-bave-promocijom-i-zastitom-ljudskih-prava-u-bosni-i-hercegovini-odrzale-konferenciju-za-stampu\/#article","isPartOf":{"@id":"https:\/\/ic-lotos.org.ba\/organizacije-koje-se-bave-promocijom-i-zastitom-ljudskih-prava-u-bosni-i-hercegovini-odrzale-konferenciju-za-stampu\/"},"author":{"name":"Jasminko Bijeli\u0107","@id":"https:\/\/ic-lotos.org.ba\/#\/schema\/person\/fb1da7c92bc3365aad6d1abac5bfe80a"},"headline":"Organizacije koje se bave promocijom i za\u0161titom ljudskih prava u Bosni i Hercegovini odr\u017eale konferenciju za \u0161tampu","datePublished":"2014-10-03T06:18:02+00:00","mainEntityOfPage":{"@id":"https:\/\/ic-lotos.org.ba\/organizacije-koje-se-bave-promocijom-i-zastitom-ljudskih-prava-u-bosni-i-hercegovini-odrzale-konferenciju-za-stampu\/"},"wordCount":314,"commentCount":0,"publisher":{"@id":"https:\/\/ic-lotos.org.ba\/#organization"},"articleSection":["Vijesti"],"inLanguage":"en-US"},{"@type":"WebPage","@id":"https:\/\/ic-lotos.org.ba\/organizacije-koje-se-bave-promocijom-i-zastitom-ljudskih-prava-u-bosni-i-hercegovini-odrzale-konferenciju-za-stampu\/","url":"https:\/\/ic-lotos.org.ba\/organizacije-koje-se-bave-promocijom-i-zastitom-ljudskih-prava-u-bosni-i-hercegovini-odrzale-konferenciju-za-stampu\/","name":"Organizacije koje se bave promocijom i za\u0161titom ljudskih prava u Bosni i Hercegovini odr\u017eale konferenciju za \u0161tampu - IC Lotos Tuzla","isPartOf":{"@id":"https:\/\/ic-lotos.org.ba\/#website"},"datePublished":"2014-10-03T06:18:02+00:00","breadcrumb":{"@id":"https:\/\/ic-lotos.org.ba\/organizacije-koje-se-bave-promocijom-i-zastitom-ljudskih-prava-u-bosni-i-hercegovini-odrzale-konferenciju-za-stampu\/#breadcrumb"},"inLanguage":"en-US","potentialAction":[{"@type":"ReadAction","target":["https:\/\/ic-lotos.org.ba\/organizacije-koje-se-bave-promocijom-i-zastitom-ljudskih-prava-u-bosni-i-hercegovini-odrzale-konferenciju-za-stampu\/"]}]},{"@type":"BreadcrumbList","@id":"https:\/\/ic-lotos.org.ba\/organizacije-koje-se-bave-promocijom-i-zastitom-ljudskih-prava-u-bosni-i-hercegovini-odrzale-konferenciju-za-stampu\/#breadcrumb","itemListElement":[{"@type":"ListItem","position":1,"name":"Naslovna","item":"https:\/\/ic-lotos.org.ba\/"},{"@type":"ListItem","position":2,"name":"Organizacije koje se bave promocijom i za\u0161titom ljudskih prava u Bosni i Hercegovini odr\u017eale konferenciju za \u0161tampu"}]},{"@type":"WebSite","@id":"https:\/\/ic-lotos.org.ba\/#website","url":"https:\/\/ic-lotos.org.ba\/","name":"IC Lotos Tuzla","description":"Informativni centar \u201cLotos\u201d okuplja osobe sa ili bez invaliditeta koje su zainteresovane da svojim radom bilo na profesionalnoj ili volonterskoj osnovi doprinesu ostvarivanju misije organizacije.","publisher":{"@id":"https:\/\/ic-lotos.org.ba\/#organization"},"potentialAction":[{"@type":"SearchAction","target":{"@type":"EntryPoint","urlTemplate":"https:\/\/ic-lotos.org.ba\/?s={search_term_string}"},"query-input":{"@type":"PropertyValueSpecification","valueRequired":true,"valueName":"search_term_string"}}],"inLanguage":"en-US"},{"@type":"Organization","@id":"https:\/\/ic-lotos.org.ba\/#organization","name":"IC Lotos Tuzla","url":"https:\/\/ic-lotos.org.ba\/","logo":{"@type":"ImageObject","inLanguage":"en-US","@id":"https:\/\/ic-lotos.org.ba\/#\/schema\/logo\/image\/","url":"https:\/\/ic-lotos.org.ba\/wp-content\/uploads\/2019\/11\/logo.jpg","contentUrl":"https:\/\/ic-lotos.org.ba\/wp-content\/uploads\/2019\/11\/logo.jpg","width":575,"height":623,"caption":"IC Lotos Tuzla"},"image":{"@id":"https:\/\/ic-lotos.org.ba\/#\/schema\/logo\/image\/"},"sameAs":["https:\/\/www.facebook.com\/iclotos\/","https:\/\/www.youtube.com\/feed\/library"]},{"@type":"Person","@id":"https:\/\/ic-lotos.org.ba\/#\/schema\/person\/fb1da7c92bc3365aad6d1abac5bfe80a","name":"Jasminko Bijeli\u0107","image":{"@type":"ImageObject","inLanguage":"en-US","@id":"https:\/\/secure.gravatar.com\/avatar\/d694f8eb6cc3383210938655f7851f13239ed2f29afcf4e787e3c519ba016d67?s=96&d=mm&r=g","url":"https:\/\/secure.gravatar.com\/avatar\/d694f8eb6cc3383210938655f7851f13239ed2f29afcf4e787e3c519ba016d67?s=96&d=mm&r=g","contentUrl":"https:\/\/secure.gravatar.com\/avatar\/d694f8eb6cc3383210938655f7851f13239ed2f29afcf4e787e3c519ba016d67?s=96&d=mm&r=g","caption":"Jasminko Bijeli\u0107"}}]}},"_links":{"self":[{"href":"https:\/\/ic-lotos.org.ba\/en\/wp-json\/wp\/v2\/posts\/11170","targetHints":{"allow":["GET"]}}],"collection":[{"href":"https:\/\/ic-lotos.org.ba\/en\/wp-json\/wp\/v2\/posts"}],"about":[{"href":"https:\/\/ic-lotos.org.ba\/en\/wp-json\/wp\/v2\/types\/post"}],"author":[{"embeddable":true,"href":"https:\/\/ic-lotos.org.ba\/en\/wp-json\/wp\/v2\/users\/5"}],"replies":[{"embeddable":true,"href":"https:\/\/ic-lotos.org.ba\/en\/wp-json\/wp\/v2\/comments?post=11170"}],"version-history":[{"count":0,"href":"https:\/\/ic-lotos.org.ba\/en\/wp-json\/wp\/v2\/posts\/11170\/revisions"}],"wp:attachment":[{"href":"https:\/\/ic-lotos.org.ba\/en\/wp-json\/wp\/v2\/media?parent=11170"}],"wp:term":[{"taxonomy":"category","embeddable":true,"href":"https:\/\/ic-lotos.org.ba\/en\/wp-json\/wp\/v2\/categories?post=11170"},{"taxonomy":"post_tag","embeddable":true,"href":"https:\/\/ic-lotos.org.ba\/en\/wp-json\/wp\/v2\/tags?post=11170"}],"curies":[{"name":"wp","href":"https:\/\/api.w.org\/{rel}","templated":true}]}}