{"id":11123,"date":"2014-06-04T06:49:15","date_gmt":"2014-06-04T06:49:15","guid":{"rendered":"https:\/\/v2.ic-lotos.org.ba\/koristenje-alternativnog-izvjestaja-o-primjeni-un-konvencije-o-pravima-osoba-sa-invaliditetom-u-bosni-i-hercegovini\/"},"modified":"2014-06-04T06:49:15","modified_gmt":"2014-06-04T06:49:15","slug":"koristenje-alternativnog-izvjestaja-o-primjeni-un-konvencije-o-pravima-osoba-sa-invaliditetom-u-bosni-i-hercegovini","status":"publish","type":"post","link":"https:\/\/ic-lotos.org.ba\/en\/koristenje-alternativnog-izvjestaja-o-primjeni-un-konvencije-o-pravima-osoba-sa-invaliditetom-u-bosni-i-hercegovini\/","title":{"rendered":"USE OF THE ALTERNATIVE REPORT ON THE IMPLEMENTATION OF THE UN CONVENTION ON THE RIGHTS OF PERSONS WITH DISABILITIES IN BOSNIA AND HERZEGOVINA"},"content":{"rendered":"<p style=\"margin: 7.5pt 0cm 0.0001pt; line-height: 13.45pt; vertical-align: baseline; background-image: initial; background-attachment: initial; background-position: initial; background-repeat: initial;\"><span style=\"font-size: 10pt; font-family: Helvetica, sans-serif;\">Organized by the Swedish organization MyRight and five coalitions of organizations of persons with disabilities from Bijeljina, Doboj, Mostar, Sarajevo and Tuzla, a roundtable discussion was held dedicated to using the Alternative Report on the Implementation of the United Nations Convention on the Rights of Persons with Disabilities in Bosnia and Herzegovina as a tool for advocating for the rights of persons with disabilities domestically and internationally.<\/span><\/p>\n<p style=\"margin: 7.5pt 0cm 0.0001pt; line-height: 13.45pt; vertical-align: baseline; background-image: initial; background-attachment: initial; background-position: initial; background-repeat: initial;\">\n<p style=\"margin: 7.5pt 0cm 0.0001pt; line-height: 13.45pt; vertical-align: baseline; background-image: initial; background-attachment: initial; background-position: initial; background-repeat: initial;\"><span style=\"font-size: 10pt; font-family: Helvetica, sans-serif;\">The presenters of the round table were H.E. Ambassador of Sweden in Bosnia and Herzegovina, Fredrik Schiller, Lejla Somun Krupalija, reporter of the Alternative Report, Zuko Fikret, president of the Coalition of Organizations of Persons with Disabilities in Sarajevo Canton, Milorad Jovi\u0107, technical secretary of the Kolosi BN coalition from Bijeljina and Jelena Mi\u0161i\u0107, coordinator of the coalition of the Doboj region. The discussion was opened by Sr\u0111an Dizdarevi\u0107, director of the Sarajevo House of Human Rights, and the round table was moderated by Jasminka Rebac, coordinator of the &quot;Together We Are Stronger&quot; coalition from Herzegovina-Neretva Canton.<\/span><\/p>\n<p style=\"margin: 7.5pt 0cm 0.0001pt; line-height: 13.45pt; vertical-align: baseline; background-image: initial; background-attachment: initial; background-position: initial; background-repeat: initial;\"><span style=\"font-size: 10pt; font-family: Helvetica, sans-serif;\"><img fetchpriority=\"high\" decoding=\"async\" width=\"750\" height=\"421\" class=\"size-full wp-image-11120\" src=\"https:\/\/ic-lotos.org.ba\/wp-content\/uploads\/2014\/06\/images_DSCN8728.JPG\" alt=\"DSCN8728\" srcset=\"https:\/\/ic-lotos.org.ba\/wp-content\/uploads\/2014\/06\/images_DSCN8728.JPG 750w, https:\/\/ic-lotos.org.ba\/wp-content\/uploads\/2014\/06\/images_DSCN8728-600x337.jpg 600w, https:\/\/ic-lotos.org.ba\/wp-content\/uploads\/2014\/06\/images_DSCN8728-300x168.jpg 300w, https:\/\/ic-lotos.org.ba\/wp-content\/uploads\/2014\/06\/images_DSCN8728-700x393.jpg 700w, https:\/\/ic-lotos.org.ba\/wp-content\/uploads\/2014\/06\/images_DSCN8728-440x247.jpg 440w\" sizes=\"(max-width: 750px) 100vw, 750px\" \/><\/span><\/p>\n<p style=\"margin: 7.5pt 0cm 0.0001pt; line-height: 13.45pt; vertical-align: baseline; background-image: initial; background-attachment: initial; background-position: initial; background-repeat: initial;\"><span style=\"font-size: 10pt; font-family: Helvetica, sans-serif;\">The aim of the roundtable, to which representatives of relevant entity ministries and civil society organizations were invited, was to exchange opinions and experiences in advocating for the human rights of persons with disabilities, as well as opportunities for advocacy using the Alternative Report, a document based on facts collected during the holistic monitoring process in Bosnia and Herzegovina.<\/span><\/p>\n<p style=\"margin: 7.5pt 0cm 0.0001pt; line-height: 13.45pt; vertical-align: baseline; background-image: initial; background-attachment: initial; background-position: initial; background-repeat: initial;\"><span style=\"font-size: 10pt; font-family: Helvetica, sans-serif;\"><img decoding=\"async\" width=\"750\" height=\"421\" class=\"size-full wp-image-11121\" src=\"https:\/\/ic-lotos.org.ba\/wp-content\/uploads\/2014\/06\/images_DSCN8737.JPG\" alt=\"DSCN8737\" srcset=\"https:\/\/ic-lotos.org.ba\/wp-content\/uploads\/2014\/06\/images_DSCN8737.JPG 750w, https:\/\/ic-lotos.org.ba\/wp-content\/uploads\/2014\/06\/images_DSCN8737-600x337.jpg 600w, https:\/\/ic-lotos.org.ba\/wp-content\/uploads\/2014\/06\/images_DSCN8737-300x168.jpg 300w, https:\/\/ic-lotos.org.ba\/wp-content\/uploads\/2014\/06\/images_DSCN8737-700x393.jpg 700w, https:\/\/ic-lotos.org.ba\/wp-content\/uploads\/2014\/06\/images_DSCN8737-440x247.jpg 440w\" sizes=\"(max-width: 750px) 100vw, 750px\" \/><\/span><\/p>\n<p style=\"margin: 7.5pt 0cm 0.0001pt; line-height: 13.45pt; vertical-align: baseline; background-image: initial; background-attachment: initial; background-position: initial; background-repeat: initial;\"><img decoding=\"async\" width=\"750\" height=\"421\" class=\"size-full wp-image-11122\" src=\"https:\/\/ic-lotos.org.ba\/wp-content\/uploads\/2014\/06\/images_DSCN8702.JPG\" alt=\"DSCN8702\" srcset=\"https:\/\/ic-lotos.org.ba\/wp-content\/uploads\/2014\/06\/images_DSCN8702.JPG 750w, https:\/\/ic-lotos.org.ba\/wp-content\/uploads\/2014\/06\/images_DSCN8702-600x337.jpg 600w, https:\/\/ic-lotos.org.ba\/wp-content\/uploads\/2014\/06\/images_DSCN8702-300x168.jpg 300w, https:\/\/ic-lotos.org.ba\/wp-content\/uploads\/2014\/06\/images_DSCN8702-700x393.jpg 700w, https:\/\/ic-lotos.org.ba\/wp-content\/uploads\/2014\/06\/images_DSCN8702-440x247.jpg 440w\" sizes=\"(max-width: 750px) 100vw, 750px\" \/><\/p>\n<hr \/>\n<p style=\"margin: 7.5pt 0cm 0.0001pt; line-height: 13.45pt; vertical-align: baseline; background-image: initial; background-attachment: initial; background-position: initial; background-repeat: initial;\">\u00a0<\/p>\n<p style=\"margin: 7.5pt 0cm 0.0001pt; line-height: 13.45pt; vertical-align: baseline; background-image: initial; background-attachment: initial; background-position: initial; background-repeat: initial;\">\u00a0<\/p>\n<p style=\"margin: 7.5pt 0cm 0.0001pt; line-height: 13.45pt; vertical-align: baseline; background-image: initial; background-attachment: initial; background-position: initial; background-repeat: initial;\">\u00a0<\/p>\n<div class=\"gsp_post_data\" \r\n\t            data-post_type=\"post\" \r\n\t            data-cat=\"vijesti\" \r\n\t            data-modified=\"120\"\r\n\t            data-created=\"1401864555\"\r\n\t            data-title=\"KORI\u0160TENJE ALTERNATIVNOG IZVJE\u0160TAJA O PRIMJENI UN KONVENCIJE O PRAVIMA OSOBA SA INVALIDITETOM U BOSNI I HERCEGOVINI\" \r\n\t            data-home=\"https:\/\/ic-lotos.org.ba\/en\"><\/div>","protected":false},"excerpt":{"rendered":"<p>U organizaciji \u0161vedske organizacije MyRight i pet koalicija organizacija osoba s invaliditetom iz Bijeljine, Doboja, Mostara, Sarajeva i Tuzle odr\u017ean je okrugli sto posve\u0107en kori\u0161tenju Alternativnog izvje\u0161taja o primjeni Konvencije Ujedinjenih nacija o pravima osoba s invaliditetom u Bosni i [&hellip;]<\/p>\n","protected":false},"author":5,"featured_media":11119,"comment_status":"open","ping_status":"closed","sticky":false,"template":"","format":"standard","meta":{"footnotes":""},"categories":[65],"tags":[],"class_list":["post-11123","post","type-post","status-publish","format-standard","has-post-thumbnail","hentry","category-vijesti"],"yoast_head":"<!-- This site is optimized with the Yoast SEO plugin v27.5 - https:\/\/yoast.com\/product\/yoast-seo-wordpress\/ -->\n<title>KORI\u0160TENJE ALTERNATIVNOG IZVJE\u0160TAJA O PRIMJENI UN KONVENCIJE O PRAVIMA OSOBA SA INVALIDITETOM U BOSNI I HERCEGOVINI - IC Lotos Tuzla<\/title>\n<meta name=\"robots\" content=\"index, follow, max-snippet:-1, max-image-preview:large, max-video-preview:-1\" \/>\n<link rel=\"canonical\" href=\"https:\/\/ic-lotos.org.ba\/en\/koristenje-alternativnog-izvjestaja-o-primjeni-un-konvencije-o-pravima-osoba-sa-invaliditetom-u-bosni-i-hercegovini\/\" \/>\n<meta property=\"og:locale\" content=\"en_US\" \/>\n<meta property=\"og:type\" content=\"article\" \/>\n<meta property=\"og:title\" content=\"KORI\u0160TENJE ALTERNATIVNOG IZVJE\u0160TAJA O PRIMJENI UN KONVENCIJE O PRAVIMA OSOBA SA INVALIDITETOM U BOSNI I HERCEGOVINI - IC Lotos Tuzla\" \/>\n<meta property=\"og:description\" content=\"U organizaciji \u0161vedske organizacije MyRight i pet koalicija organizacija osoba s invaliditetom iz Bijeljine, Doboja, Mostara, Sarajeva i Tuzle odr\u017ean je okrugli sto posve\u0107en kori\u0161tenju Alternativnog izvje\u0161taja o primjeni Konvencije Ujedinjenih nacija o pravima osoba s invaliditetom u Bosni i [&hellip;]\" \/>\n<meta property=\"og:url\" content=\"https:\/\/ic-lotos.org.ba\/en\/koristenje-alternativnog-izvjestaja-o-primjeni-un-konvencije-o-pravima-osoba-sa-invaliditetom-u-bosni-i-hercegovini\/\" \/>\n<meta property=\"og:site_name\" content=\"IC Lotos Tuzla\" \/>\n<meta property=\"article:publisher\" content=\"https:\/\/www.facebook.com\/iclotos\/\" \/>\n<meta property=\"article:published_time\" content=\"2014-06-04T06:49:15+00:00\" \/>\n<meta property=\"og:image\" content=\"https:\/\/ic-lotos.org.ba\/wp-content\/uploads\/2014\/06\/images_DSCN8724.JPG\" \/>\n\t<meta property=\"og:image:width\" content=\"750\" \/>\n\t<meta property=\"og:image:height\" content=\"421\" \/>\n\t<meta property=\"og:image:type\" content=\"image\/jpeg\" \/>\n<meta name=\"author\" content=\"Jasminko Bijeli\u0107\" \/>\n<meta name=\"twitter:card\" content=\"summary_large_image\" \/>\n<meta name=\"twitter:label1\" content=\"Written by\" \/>\n\t<meta name=\"twitter:data1\" content=\"Jasminko Bijeli\u0107\" \/>\n\t<meta name=\"twitter:label2\" content=\"Est. reading time\" \/>\n\t<meta name=\"twitter:data2\" content=\"1 minute\" \/>\n<script type=\"application\/ld+json\" class=\"yoast-schema-graph\">{\"@context\":\"https:\\\/\\\/schema.org\",\"@graph\":[{\"@type\":\"Article\",\"@id\":\"https:\\\/\\\/ic-lotos.org.ba\\\/koristenje-alternativnog-izvjestaja-o-primjeni-un-konvencije-o-pravima-osoba-sa-invaliditetom-u-bosni-i-hercegovini\\\/#article\",\"isPartOf\":{\"@id\":\"https:\\\/\\\/ic-lotos.org.ba\\\/koristenje-alternativnog-izvjestaja-o-primjeni-un-konvencije-o-pravima-osoba-sa-invaliditetom-u-bosni-i-hercegovini\\\/\"},\"author\":{\"name\":\"Jasminko Bijeli\u0107\",\"@id\":\"https:\\\/\\\/ic-lotos.org.ba\\\/#\\\/schema\\\/person\\\/fb1da7c92bc3365aad6d1abac5bfe80a\"},\"headline\":\"KORI\u0160TENJE ALTERNATIVNOG IZVJE\u0160TAJA O PRIMJENI UN KONVENCIJE O PRAVIMA OSOBA SA INVALIDITETOM U BOSNI I HERCEGOVINI\",\"datePublished\":\"2014-06-04T06:49:15+00:00\",\"mainEntityOfPage\":{\"@id\":\"https:\\\/\\\/ic-lotos.org.ba\\\/koristenje-alternativnog-izvjestaja-o-primjeni-un-konvencije-o-pravima-osoba-sa-invaliditetom-u-bosni-i-hercegovini\\\/\"},\"wordCount\":216,\"commentCount\":0,\"publisher\":{\"@id\":\"https:\\\/\\\/ic-lotos.org.ba\\\/#organization\"},\"image\":{\"@id\":\"https:\\\/\\\/ic-lotos.org.ba\\\/koristenje-alternativnog-izvjestaja-o-primjeni-un-konvencije-o-pravima-osoba-sa-invaliditetom-u-bosni-i-hercegovini\\\/#primaryimage\"},\"thumbnailUrl\":\"https:\\\/\\\/ic-lotos.org.ba\\\/wp-content\\\/uploads\\\/2014\\\/06\\\/images_DSCN8724.JPG\",\"articleSection\":[\"Vijesti\"],\"inLanguage\":\"en-US\"},{\"@type\":\"WebPage\",\"@id\":\"https:\\\/\\\/ic-lotos.org.ba\\\/koristenje-alternativnog-izvjestaja-o-primjeni-un-konvencije-o-pravima-osoba-sa-invaliditetom-u-bosni-i-hercegovini\\\/\",\"url\":\"https:\\\/\\\/ic-lotos.org.ba\\\/koristenje-alternativnog-izvjestaja-o-primjeni-un-konvencije-o-pravima-osoba-sa-invaliditetom-u-bosni-i-hercegovini\\\/\",\"name\":\"KORI\u0160TENJE ALTERNATIVNOG IZVJE\u0160TAJA O PRIMJENI UN KONVENCIJE O PRAVIMA OSOBA SA INVALIDITETOM U BOSNI I HERCEGOVINI - IC Lotos Tuzla\",\"isPartOf\":{\"@id\":\"https:\\\/\\\/ic-lotos.org.ba\\\/#website\"},\"primaryImageOfPage\":{\"@id\":\"https:\\\/\\\/ic-lotos.org.ba\\\/koristenje-alternativnog-izvjestaja-o-primjeni-un-konvencije-o-pravima-osoba-sa-invaliditetom-u-bosni-i-hercegovini\\\/#primaryimage\"},\"image\":{\"@id\":\"https:\\\/\\\/ic-lotos.org.ba\\\/koristenje-alternativnog-izvjestaja-o-primjeni-un-konvencije-o-pravima-osoba-sa-invaliditetom-u-bosni-i-hercegovini\\\/#primaryimage\"},\"thumbnailUrl\":\"https:\\\/\\\/ic-lotos.org.ba\\\/wp-content\\\/uploads\\\/2014\\\/06\\\/images_DSCN8724.JPG\",\"datePublished\":\"2014-06-04T06:49:15+00:00\",\"breadcrumb\":{\"@id\":\"https:\\\/\\\/ic-lotos.org.ba\\\/koristenje-alternativnog-izvjestaja-o-primjeni-un-konvencije-o-pravima-osoba-sa-invaliditetom-u-bosni-i-hercegovini\\\/#breadcrumb\"},\"inLanguage\":\"en-US\",\"potentialAction\":[{\"@type\":\"ReadAction\",\"target\":[\"https:\\\/\\\/ic-lotos.org.ba\\\/koristenje-alternativnog-izvjestaja-o-primjeni-un-konvencije-o-pravima-osoba-sa-invaliditetom-u-bosni-i-hercegovini\\\/\"]}]},{\"@type\":\"ImageObject\",\"inLanguage\":\"en-US\",\"@id\":\"https:\\\/\\\/ic-lotos.org.ba\\\/koristenje-alternativnog-izvjestaja-o-primjeni-un-konvencije-o-pravima-osoba-sa-invaliditetom-u-bosni-i-hercegovini\\\/#primaryimage\",\"url\":\"https:\\\/\\\/ic-lotos.org.ba\\\/wp-content\\\/uploads\\\/2014\\\/06\\\/images_DSCN8724.JPG\",\"contentUrl\":\"https:\\\/\\\/ic-lotos.org.ba\\\/wp-content\\\/uploads\\\/2014\\\/06\\\/images_DSCN8724.JPG\",\"width\":750,\"height\":421,\"caption\":\"DSCN8724\"},{\"@type\":\"BreadcrumbList\",\"@id\":\"https:\\\/\\\/ic-lotos.org.ba\\\/koristenje-alternativnog-izvjestaja-o-primjeni-un-konvencije-o-pravima-osoba-sa-invaliditetom-u-bosni-i-hercegovini\\\/#breadcrumb\",\"itemListElement\":[{\"@type\":\"ListItem\",\"position\":1,\"name\":\"Naslovna\",\"item\":\"https:\\\/\\\/ic-lotos.org.ba\\\/\"},{\"@type\":\"ListItem\",\"position\":2,\"name\":\"KORI\u0160TENJE ALTERNATIVNOG IZVJE\u0160TAJA O PRIMJENI UN KONVENCIJE O PRAVIMA OSOBA SA INVALIDITETOM U BOSNI I HERCEGOVINI\"}]},{\"@type\":\"WebSite\",\"@id\":\"https:\\\/\\\/ic-lotos.org.ba\\\/#website\",\"url\":\"https:\\\/\\\/ic-lotos.org.ba\\\/\",\"name\":\"IC Lotos Tuzla\",\"description\":\"Informativni centar \u201cLotos\u201d okuplja osobe sa ili bez invaliditeta koje su zainteresovane da svojim radom bilo na profesionalnoj ili volonterskoj osnovi doprinesu ostvarivanju misije organizacije.\",\"publisher\":{\"@id\":\"https:\\\/\\\/ic-lotos.org.ba\\\/#organization\"},\"potentialAction\":[{\"@type\":\"SearchAction\",\"target\":{\"@type\":\"EntryPoint\",\"urlTemplate\":\"https:\\\/\\\/ic-lotos.org.ba\\\/?s={search_term_string}\"},\"query-input\":{\"@type\":\"PropertyValueSpecification\",\"valueRequired\":true,\"valueName\":\"search_term_string\"}}],\"inLanguage\":\"en-US\"},{\"@type\":\"Organization\",\"@id\":\"https:\\\/\\\/ic-lotos.org.ba\\\/#organization\",\"name\":\"IC Lotos Tuzla\",\"url\":\"https:\\\/\\\/ic-lotos.org.ba\\\/\",\"logo\":{\"@type\":\"ImageObject\",\"inLanguage\":\"en-US\",\"@id\":\"https:\\\/\\\/ic-lotos.org.ba\\\/#\\\/schema\\\/logo\\\/image\\\/\",\"url\":\"https:\\\/\\\/ic-lotos.org.ba\\\/wp-content\\\/uploads\\\/2019\\\/11\\\/logo.jpg\",\"contentUrl\":\"https:\\\/\\\/ic-lotos.org.ba\\\/wp-content\\\/uploads\\\/2019\\\/11\\\/logo.jpg\",\"width\":575,\"height\":623,\"caption\":\"IC Lotos Tuzla\"},\"image\":{\"@id\":\"https:\\\/\\\/ic-lotos.org.ba\\\/#\\\/schema\\\/logo\\\/image\\\/\"},\"sameAs\":[\"https:\\\/\\\/www.facebook.com\\\/iclotos\\\/\",\"https:\\\/\\\/www.youtube.com\\\/feed\\\/library\"]},{\"@type\":\"Person\",\"@id\":\"https:\\\/\\\/ic-lotos.org.ba\\\/#\\\/schema\\\/person\\\/fb1da7c92bc3365aad6d1abac5bfe80a\",\"name\":\"Jasminko Bijeli\u0107\",\"image\":{\"@type\":\"ImageObject\",\"inLanguage\":\"en-US\",\"@id\":\"https:\\\/\\\/secure.gravatar.com\\\/avatar\\\/d694f8eb6cc3383210938655f7851f13239ed2f29afcf4e787e3c519ba016d67?s=96&d=mm&r=g\",\"url\":\"https:\\\/\\\/secure.gravatar.com\\\/avatar\\\/d694f8eb6cc3383210938655f7851f13239ed2f29afcf4e787e3c519ba016d67?s=96&d=mm&r=g\",\"contentUrl\":\"https:\\\/\\\/secure.gravatar.com\\\/avatar\\\/d694f8eb6cc3383210938655f7851f13239ed2f29afcf4e787e3c519ba016d67?s=96&d=mm&r=g\",\"caption\":\"Jasminko Bijeli\u0107\"}}]}<\/script>\n<!-- \/ Yoast SEO plugin. -->","yoast_head_json":{"title":"KORI\u0160TENJE ALTERNATIVNOG IZVJE\u0160TAJA O PRIMJENI UN KONVENCIJE O PRAVIMA OSOBA SA INVALIDITETOM U BOSNI I HERCEGOVINI - IC Lotos Tuzla","robots":{"index":"index","follow":"follow","max-snippet":"max-snippet:-1","max-image-preview":"max-image-preview:large","max-video-preview":"max-video-preview:-1"},"canonical":"https:\/\/ic-lotos.org.ba\/en\/koristenje-alternativnog-izvjestaja-o-primjeni-un-konvencije-o-pravima-osoba-sa-invaliditetom-u-bosni-i-hercegovini\/","og_locale":"en_US","og_type":"article","og_title":"KORI\u0160TENJE ALTERNATIVNOG IZVJE\u0160TAJA O PRIMJENI UN KONVENCIJE O PRAVIMA OSOBA SA INVALIDITETOM U BOSNI I HERCEGOVINI - IC Lotos Tuzla","og_description":"U organizaciji \u0161vedske organizacije MyRight i pet koalicija organizacija osoba s invaliditetom iz Bijeljine, Doboja, Mostara, Sarajeva i Tuzle odr\u017ean je okrugli sto posve\u0107en kori\u0161tenju Alternativnog izvje\u0161taja o primjeni Konvencije Ujedinjenih nacija o pravima osoba s invaliditetom u Bosni i [&hellip;]","og_url":"https:\/\/ic-lotos.org.ba\/en\/koristenje-alternativnog-izvjestaja-o-primjeni-un-konvencije-o-pravima-osoba-sa-invaliditetom-u-bosni-i-hercegovini\/","og_site_name":"IC Lotos Tuzla","article_publisher":"https:\/\/www.facebook.com\/iclotos\/","article_published_time":"2014-06-04T06:49:15+00:00","og_image":[{"width":750,"height":421,"url":"https:\/\/ic-lotos.org.ba\/wp-content\/uploads\/2014\/06\/images_DSCN8724.JPG","type":"image\/jpeg"}],"author":"Jasminko Bijeli\u0107","twitter_card":"summary_large_image","twitter_misc":{"Written by":"Jasminko Bijeli\u0107","Est. reading time":"1 minute"},"schema":{"@context":"https:\/\/schema.org","@graph":[{"@type":"Article","@id":"https:\/\/ic-lotos.org.ba\/koristenje-alternativnog-izvjestaja-o-primjeni-un-konvencije-o-pravima-osoba-sa-invaliditetom-u-bosni-i-hercegovini\/#article","isPartOf":{"@id":"https:\/\/ic-lotos.org.ba\/koristenje-alternativnog-izvjestaja-o-primjeni-un-konvencije-o-pravima-osoba-sa-invaliditetom-u-bosni-i-hercegovini\/"},"author":{"name":"Jasminko Bijeli\u0107","@id":"https:\/\/ic-lotos.org.ba\/#\/schema\/person\/fb1da7c92bc3365aad6d1abac5bfe80a"},"headline":"KORI\u0160TENJE ALTERNATIVNOG IZVJE\u0160TAJA O PRIMJENI UN KONVENCIJE O PRAVIMA OSOBA SA INVALIDITETOM U BOSNI I HERCEGOVINI","datePublished":"2014-06-04T06:49:15+00:00","mainEntityOfPage":{"@id":"https:\/\/ic-lotos.org.ba\/koristenje-alternativnog-izvjestaja-o-primjeni-un-konvencije-o-pravima-osoba-sa-invaliditetom-u-bosni-i-hercegovini\/"},"wordCount":216,"commentCount":0,"publisher":{"@id":"https:\/\/ic-lotos.org.ba\/#organization"},"image":{"@id":"https:\/\/ic-lotos.org.ba\/koristenje-alternativnog-izvjestaja-o-primjeni-un-konvencije-o-pravima-osoba-sa-invaliditetom-u-bosni-i-hercegovini\/#primaryimage"},"thumbnailUrl":"https:\/\/ic-lotos.org.ba\/wp-content\/uploads\/2014\/06\/images_DSCN8724.JPG","articleSection":["Vijesti"],"inLanguage":"en-US"},{"@type":"WebPage","@id":"https:\/\/ic-lotos.org.ba\/koristenje-alternativnog-izvjestaja-o-primjeni-un-konvencije-o-pravima-osoba-sa-invaliditetom-u-bosni-i-hercegovini\/","url":"https:\/\/ic-lotos.org.ba\/koristenje-alternativnog-izvjestaja-o-primjeni-un-konvencije-o-pravima-osoba-sa-invaliditetom-u-bosni-i-hercegovini\/","name":"KORI\u0160TENJE ALTERNATIVNOG IZVJE\u0160TAJA O PRIMJENI UN KONVENCIJE O PRAVIMA OSOBA SA INVALIDITETOM U BOSNI I HERCEGOVINI - IC Lotos Tuzla","isPartOf":{"@id":"https:\/\/ic-lotos.org.ba\/#website"},"primaryImageOfPage":{"@id":"https:\/\/ic-lotos.org.ba\/koristenje-alternativnog-izvjestaja-o-primjeni-un-konvencije-o-pravima-osoba-sa-invaliditetom-u-bosni-i-hercegovini\/#primaryimage"},"image":{"@id":"https:\/\/ic-lotos.org.ba\/koristenje-alternativnog-izvjestaja-o-primjeni-un-konvencije-o-pravima-osoba-sa-invaliditetom-u-bosni-i-hercegovini\/#primaryimage"},"thumbnailUrl":"https:\/\/ic-lotos.org.ba\/wp-content\/uploads\/2014\/06\/images_DSCN8724.JPG","datePublished":"2014-06-04T06:49:15+00:00","breadcrumb":{"@id":"https:\/\/ic-lotos.org.ba\/koristenje-alternativnog-izvjestaja-o-primjeni-un-konvencije-o-pravima-osoba-sa-invaliditetom-u-bosni-i-hercegovini\/#breadcrumb"},"inLanguage":"en-US","potentialAction":[{"@type":"ReadAction","target":["https:\/\/ic-lotos.org.ba\/koristenje-alternativnog-izvjestaja-o-primjeni-un-konvencije-o-pravima-osoba-sa-invaliditetom-u-bosni-i-hercegovini\/"]}]},{"@type":"ImageObject","inLanguage":"en-US","@id":"https:\/\/ic-lotos.org.ba\/koristenje-alternativnog-izvjestaja-o-primjeni-un-konvencije-o-pravima-osoba-sa-invaliditetom-u-bosni-i-hercegovini\/#primaryimage","url":"https:\/\/ic-lotos.org.ba\/wp-content\/uploads\/2014\/06\/images_DSCN8724.JPG","contentUrl":"https:\/\/ic-lotos.org.ba\/wp-content\/uploads\/2014\/06\/images_DSCN8724.JPG","width":750,"height":421,"caption":"DSCN8724"},{"@type":"BreadcrumbList","@id":"https:\/\/ic-lotos.org.ba\/koristenje-alternativnog-izvjestaja-o-primjeni-un-konvencije-o-pravima-osoba-sa-invaliditetom-u-bosni-i-hercegovini\/#breadcrumb","itemListElement":[{"@type":"ListItem","position":1,"name":"Naslovna","item":"https:\/\/ic-lotos.org.ba\/"},{"@type":"ListItem","position":2,"name":"KORI\u0160TENJE ALTERNATIVNOG IZVJE\u0160TAJA O PRIMJENI UN KONVENCIJE O PRAVIMA OSOBA SA INVALIDITETOM U BOSNI I HERCEGOVINI"}]},{"@type":"WebSite","@id":"https:\/\/ic-lotos.org.ba\/#website","url":"https:\/\/ic-lotos.org.ba\/","name":"IC Lotos Tuzla","description":"Informativni centar \u201cLotos\u201d okuplja osobe sa ili bez invaliditeta koje su zainteresovane da svojim radom bilo na profesionalnoj ili volonterskoj osnovi doprinesu ostvarivanju misije organizacije.","publisher":{"@id":"https:\/\/ic-lotos.org.ba\/#organization"},"potentialAction":[{"@type":"SearchAction","target":{"@type":"EntryPoint","urlTemplate":"https:\/\/ic-lotos.org.ba\/?s={search_term_string}"},"query-input":{"@type":"PropertyValueSpecification","valueRequired":true,"valueName":"search_term_string"}}],"inLanguage":"en-US"},{"@type":"Organization","@id":"https:\/\/ic-lotos.org.ba\/#organization","name":"IC Lotos Tuzla","url":"https:\/\/ic-lotos.org.ba\/","logo":{"@type":"ImageObject","inLanguage":"en-US","@id":"https:\/\/ic-lotos.org.ba\/#\/schema\/logo\/image\/","url":"https:\/\/ic-lotos.org.ba\/wp-content\/uploads\/2019\/11\/logo.jpg","contentUrl":"https:\/\/ic-lotos.org.ba\/wp-content\/uploads\/2019\/11\/logo.jpg","width":575,"height":623,"caption":"IC Lotos Tuzla"},"image":{"@id":"https:\/\/ic-lotos.org.ba\/#\/schema\/logo\/image\/"},"sameAs":["https:\/\/www.facebook.com\/iclotos\/","https:\/\/www.youtube.com\/feed\/library"]},{"@type":"Person","@id":"https:\/\/ic-lotos.org.ba\/#\/schema\/person\/fb1da7c92bc3365aad6d1abac5bfe80a","name":"Jasminko Bijeli\u0107","image":{"@type":"ImageObject","inLanguage":"en-US","@id":"https:\/\/secure.gravatar.com\/avatar\/d694f8eb6cc3383210938655f7851f13239ed2f29afcf4e787e3c519ba016d67?s=96&d=mm&r=g","url":"https:\/\/secure.gravatar.com\/avatar\/d694f8eb6cc3383210938655f7851f13239ed2f29afcf4e787e3c519ba016d67?s=96&d=mm&r=g","contentUrl":"https:\/\/secure.gravatar.com\/avatar\/d694f8eb6cc3383210938655f7851f13239ed2f29afcf4e787e3c519ba016d67?s=96&d=mm&r=g","caption":"Jasminko Bijeli\u0107"}}]}},"_links":{"self":[{"href":"https:\/\/ic-lotos.org.ba\/en\/wp-json\/wp\/v2\/posts\/11123","targetHints":{"allow":["GET"]}}],"collection":[{"href":"https:\/\/ic-lotos.org.ba\/en\/wp-json\/wp\/v2\/posts"}],"about":[{"href":"https:\/\/ic-lotos.org.ba\/en\/wp-json\/wp\/v2\/types\/post"}],"author":[{"embeddable":true,"href":"https:\/\/ic-lotos.org.ba\/en\/wp-json\/wp\/v2\/users\/5"}],"replies":[{"embeddable":true,"href":"https:\/\/ic-lotos.org.ba\/en\/wp-json\/wp\/v2\/comments?post=11123"}],"version-history":[{"count":0,"href":"https:\/\/ic-lotos.org.ba\/en\/wp-json\/wp\/v2\/posts\/11123\/revisions"}],"wp:featuredmedia":[{"embeddable":true,"href":"https:\/\/ic-lotos.org.ba\/en\/wp-json\/wp\/v2\/media\/11119"}],"wp:attachment":[{"href":"https:\/\/ic-lotos.org.ba\/en\/wp-json\/wp\/v2\/media?parent=11123"}],"wp:term":[{"taxonomy":"category","embeddable":true,"href":"https:\/\/ic-lotos.org.ba\/en\/wp-json\/wp\/v2\/categories?post=11123"},{"taxonomy":"post_tag","embeddable":true,"href":"https:\/\/ic-lotos.org.ba\/en\/wp-json\/wp\/v2\/tags?post=11123"}],"curies":[{"name":"wp","href":"https:\/\/api.w.org\/{rel}","templated":true}]}}