{"id":10900,"date":"2013-01-22T13:01:03","date_gmt":"2013-01-22T13:01:03","guid":{"rendered":"https:\/\/v2.ic-lotos.org.ba\/u-pripremi-projekat-socijalnog-stanovanja-u-opcini-tuzla\/"},"modified":"2013-01-22T13:01:03","modified_gmt":"2013-01-22T13:01:03","slug":"u-pripremi-projekat-socijalnog-stanovanja-u-opcini-tuzla","status":"publish","type":"post","link":"https:\/\/ic-lotos.org.ba\/en\/u-pripremi-projekat-socijalnog-stanovanja-u-opcini-tuzla\/","title":{"rendered":"U pripremi projekat socijalnog stanovanja u op\u0107ini Tuzla"},"content":{"rendered":"<p><strong> <\/p>\n<p>Izgradnja stambenog fonda u vlasni\u0161tvu Op\u0107ine Tuzla<\/p>\n<p> <\/strong> <\/p>\n<p>Na\u010delnik Op\u0107ine Tuzla Jasmin Imamovi\u0107, sa saradnicima, odr\u017eao je u ponedjeljak sastanak sa predstavnicima CRS-a (Catholic Relief Services), Udru\u017eenja IC \u201eLotos\u201d, Ministarstva za rad, socijalnu politiku i povratak Tuzlanskog kantona i JU Centar za socijalni rad Tuzla. Na sastanku je bilo rije\u010di o pripremi i implementaciji projekta neprofitnog-socijalnog stanovanja u Tuzli, kao i o ekonomskom ja\u010danju osoba sa invaliditetom.<\/p>\n<p><span style=\"line-height: 1.3em;\">Cilj projekta je izgradnja stambenog fonda u vlasni\u0161tvu Op\u0107ine Tuzla, u svrhu obezbje\u0111enja neprofitnog socijalnog stanovanja, te omogu\u0107avanje nezavisnog \u017eivota i socijalne i ekonomske integracije u zajednici za osobe sa invaliditetom.<\/span><\/p>\n<p>Prema planiranoj dinamici, o\u010dekuje se da bi implementacija ovog projekta mogla biti zapo\u010deta ve\u0107 u septembru ove godine. Na sastanku je razgovarano i o kreiranju odgovaraju\u0107eg zakonskog okvira za razvijanje modela socijalnog stanovanja u BiH, odnosno u Tuzlanskom kantonu.<\/p>\n<p>preuzeto sa: (TIP\/A.J.)<\/p>\n<hr \/>\n<div class=\"gsp_post_data\" \r\n\t            data-post_type=\"post\" \r\n\t            data-cat=\"vijesti\" \r\n\t            data-modified=\"120\"\r\n\t            data-created=\"1358859663\"\r\n\t            data-title=\"U pripremi projekat socijalnog stanovanja u op\u0107ini Tuzla\" \r\n\t            data-home=\"https:\/\/ic-lotos.org.ba\/en\"><\/div>","protected":false},"excerpt":{"rendered":"<p>Izgradnja stambenog fonda u vlasni\u0161tvu Op\u0107ine Tuzla Na\u010delnik Op\u0107ine Tuzla Jasmin Imamovi\u0107, sa saradnicima, odr\u017eao je u ponedjeljak sastanak sa predstavnicima CRS-a (Catholic Relief Services), Udru\u017eenja IC \u201eLotos\u201d, Ministarstva za rad, socijalnu politiku i povratak Tuzlanskog kantona i JU Centar [&hellip;]<\/p>\n","protected":false},"author":5,"featured_media":10899,"comment_status":"open","ping_status":"closed","sticky":false,"template":"","format":"standard","meta":{"footnotes":""},"categories":[65],"tags":[],"class_list":["post-10900","post","type-post","status-publish","format-standard","has-post-thumbnail","hentry","category-vijesti"],"yoast_head":"<!-- This site is optimized with the Yoast SEO plugin v27.5 - https:\/\/yoast.com\/product\/yoast-seo-wordpress\/ -->\n<title>U pripremi projekat socijalnog stanovanja u op\u0107ini Tuzla - IC Lotos Tuzla<\/title>\n<meta name=\"robots\" content=\"index, follow, max-snippet:-1, max-image-preview:large, max-video-preview:-1\" \/>\n<link rel=\"canonical\" href=\"https:\/\/ic-lotos.org.ba\/en\/u-pripremi-projekat-socijalnog-stanovanja-u-opcini-tuzla\/\" \/>\n<meta property=\"og:locale\" content=\"en_US\" \/>\n<meta property=\"og:type\" content=\"article\" \/>\n<meta property=\"og:title\" content=\"U pripremi projekat socijalnog stanovanja u op\u0107ini Tuzla - IC Lotos Tuzla\" \/>\n<meta property=\"og:description\" content=\"Izgradnja stambenog fonda u vlasni\u0161tvu Op\u0107ine Tuzla Na\u010delnik Op\u0107ine Tuzla Jasmin Imamovi\u0107, sa saradnicima, odr\u017eao je u ponedjeljak sastanak sa predstavnicima CRS-a (Catholic Relief Services), Udru\u017eenja IC \u201eLotos\u201d, Ministarstva za rad, socijalnu politiku i povratak Tuzlanskog kantona i JU Centar [&hellip;]\" \/>\n<meta property=\"og:url\" content=\"https:\/\/ic-lotos.org.ba\/en\/u-pripremi-projekat-socijalnog-stanovanja-u-opcini-tuzla\/\" \/>\n<meta property=\"og:site_name\" content=\"IC Lotos Tuzla\" \/>\n<meta property=\"article:publisher\" content=\"https:\/\/www.facebook.com\/iclotos\/\" \/>\n<meta property=\"article:published_time\" content=\"2013-01-22T13:01:03+00:00\" \/>\n<meta property=\"og:image\" content=\"https:\/\/ic-lotos.org.ba\/wp-content\/uploads\/2013\/01\/www.tip_.ba_wp-content_uploads_2013_01_u-pripremi-projekat-socijalnog-stanovanja-u-opcini-tuzla.jpg\" \/>\n\t<meta property=\"og:image:width\" content=\"288\" \/>\n\t<meta property=\"og:image:height\" content=\"216\" \/>\n\t<meta property=\"og:image:type\" content=\"image\/jpeg\" \/>\n<meta name=\"author\" content=\"Jasminko Bijeli\u0107\" \/>\n<meta name=\"twitter:card\" content=\"summary_large_image\" \/>\n<meta name=\"twitter:label1\" content=\"Written by\" \/>\n\t<meta name=\"twitter:data1\" content=\"Jasminko Bijeli\u0107\" \/>\n\t<meta name=\"twitter:label2\" content=\"Est. reading time\" \/>\n\t<meta name=\"twitter:data2\" content=\"1 minute\" \/>\n<script type=\"application\/ld+json\" class=\"yoast-schema-graph\">{\"@context\":\"https:\\\/\\\/schema.org\",\"@graph\":[{\"@type\":\"Article\",\"@id\":\"https:\\\/\\\/ic-lotos.org.ba\\\/u-pripremi-projekat-socijalnog-stanovanja-u-opcini-tuzla\\\/#article\",\"isPartOf\":{\"@id\":\"https:\\\/\\\/ic-lotos.org.ba\\\/u-pripremi-projekat-socijalnog-stanovanja-u-opcini-tuzla\\\/\"},\"author\":{\"name\":\"Jasminko Bijeli\u0107\",\"@id\":\"https:\\\/\\\/ic-lotos.org.ba\\\/#\\\/schema\\\/person\\\/fb1da7c92bc3365aad6d1abac5bfe80a\"},\"headline\":\"U pripremi projekat socijalnog stanovanja u op\u0107ini Tuzla\",\"datePublished\":\"2013-01-22T13:01:03+00:00\",\"mainEntityOfPage\":{\"@id\":\"https:\\\/\\\/ic-lotos.org.ba\\\/u-pripremi-projekat-socijalnog-stanovanja-u-opcini-tuzla\\\/\"},\"wordCount\":165,\"commentCount\":0,\"publisher\":{\"@id\":\"https:\\\/\\\/ic-lotos.org.ba\\\/#organization\"},\"image\":{\"@id\":\"https:\\\/\\\/ic-lotos.org.ba\\\/u-pripremi-projekat-socijalnog-stanovanja-u-opcini-tuzla\\\/#primaryimage\"},\"thumbnailUrl\":\"https:\\\/\\\/ic-lotos.org.ba\\\/wp-content\\\/uploads\\\/2013\\\/01\\\/www.tip_.ba_wp-content_uploads_2013_01_u-pripremi-projekat-socijalnog-stanovanja-u-opcini-tuzla.jpg\",\"articleSection\":[\"Vijesti\"],\"inLanguage\":\"en-US\"},{\"@type\":\"WebPage\",\"@id\":\"https:\\\/\\\/ic-lotos.org.ba\\\/u-pripremi-projekat-socijalnog-stanovanja-u-opcini-tuzla\\\/\",\"url\":\"https:\\\/\\\/ic-lotos.org.ba\\\/u-pripremi-projekat-socijalnog-stanovanja-u-opcini-tuzla\\\/\",\"name\":\"U pripremi projekat socijalnog stanovanja u op\u0107ini Tuzla - IC Lotos Tuzla\",\"isPartOf\":{\"@id\":\"https:\\\/\\\/ic-lotos.org.ba\\\/#website\"},\"primaryImageOfPage\":{\"@id\":\"https:\\\/\\\/ic-lotos.org.ba\\\/u-pripremi-projekat-socijalnog-stanovanja-u-opcini-tuzla\\\/#primaryimage\"},\"image\":{\"@id\":\"https:\\\/\\\/ic-lotos.org.ba\\\/u-pripremi-projekat-socijalnog-stanovanja-u-opcini-tuzla\\\/#primaryimage\"},\"thumbnailUrl\":\"https:\\\/\\\/ic-lotos.org.ba\\\/wp-content\\\/uploads\\\/2013\\\/01\\\/www.tip_.ba_wp-content_uploads_2013_01_u-pripremi-projekat-socijalnog-stanovanja-u-opcini-tuzla.jpg\",\"datePublished\":\"2013-01-22T13:01:03+00:00\",\"breadcrumb\":{\"@id\":\"https:\\\/\\\/ic-lotos.org.ba\\\/u-pripremi-projekat-socijalnog-stanovanja-u-opcini-tuzla\\\/#breadcrumb\"},\"inLanguage\":\"en-US\",\"potentialAction\":[{\"@type\":\"ReadAction\",\"target\":[\"https:\\\/\\\/ic-lotos.org.ba\\\/u-pripremi-projekat-socijalnog-stanovanja-u-opcini-tuzla\\\/\"]}]},{\"@type\":\"ImageObject\",\"inLanguage\":\"en-US\",\"@id\":\"https:\\\/\\\/ic-lotos.org.ba\\\/u-pripremi-projekat-socijalnog-stanovanja-u-opcini-tuzla\\\/#primaryimage\",\"url\":\"https:\\\/\\\/ic-lotos.org.ba\\\/wp-content\\\/uploads\\\/2013\\\/01\\\/www.tip_.ba_wp-content_uploads_2013_01_u-pripremi-projekat-socijalnog-stanovanja-u-opcini-tuzla.jpg\",\"contentUrl\":\"https:\\\/\\\/ic-lotos.org.ba\\\/wp-content\\\/uploads\\\/2013\\\/01\\\/www.tip_.ba_wp-content_uploads_2013_01_u-pripremi-projekat-socijalnog-stanovanja-u-opcini-tuzla.jpg\",\"width\":288,\"height\":216,\"caption\":\"u-pripremi-projekat-socijalnog-stanovanja-u-opcini-tuzla\"},{\"@type\":\"BreadcrumbList\",\"@id\":\"https:\\\/\\\/ic-lotos.org.ba\\\/u-pripremi-projekat-socijalnog-stanovanja-u-opcini-tuzla\\\/#breadcrumb\",\"itemListElement\":[{\"@type\":\"ListItem\",\"position\":1,\"name\":\"Naslovna\",\"item\":\"https:\\\/\\\/ic-lotos.org.ba\\\/\"},{\"@type\":\"ListItem\",\"position\":2,\"name\":\"U pripremi projekat socijalnog stanovanja u op\u0107ini Tuzla\"}]},{\"@type\":\"WebSite\",\"@id\":\"https:\\\/\\\/ic-lotos.org.ba\\\/#website\",\"url\":\"https:\\\/\\\/ic-lotos.org.ba\\\/\",\"name\":\"IC Lotos Tuzla\",\"description\":\"Informativni centar \u201cLotos\u201d okuplja osobe sa ili bez invaliditeta koje su zainteresovane da svojim radom bilo na profesionalnoj ili volonterskoj osnovi doprinesu ostvarivanju misije organizacije.\",\"publisher\":{\"@id\":\"https:\\\/\\\/ic-lotos.org.ba\\\/#organization\"},\"potentialAction\":[{\"@type\":\"SearchAction\",\"target\":{\"@type\":\"EntryPoint\",\"urlTemplate\":\"https:\\\/\\\/ic-lotos.org.ba\\\/?s={search_term_string}\"},\"query-input\":{\"@type\":\"PropertyValueSpecification\",\"valueRequired\":true,\"valueName\":\"search_term_string\"}}],\"inLanguage\":\"en-US\"},{\"@type\":\"Organization\",\"@id\":\"https:\\\/\\\/ic-lotos.org.ba\\\/#organization\",\"name\":\"IC Lotos Tuzla\",\"url\":\"https:\\\/\\\/ic-lotos.org.ba\\\/\",\"logo\":{\"@type\":\"ImageObject\",\"inLanguage\":\"en-US\",\"@id\":\"https:\\\/\\\/ic-lotos.org.ba\\\/#\\\/schema\\\/logo\\\/image\\\/\",\"url\":\"https:\\\/\\\/ic-lotos.org.ba\\\/wp-content\\\/uploads\\\/2019\\\/11\\\/logo.jpg\",\"contentUrl\":\"https:\\\/\\\/ic-lotos.org.ba\\\/wp-content\\\/uploads\\\/2019\\\/11\\\/logo.jpg\",\"width\":575,\"height\":623,\"caption\":\"IC Lotos Tuzla\"},\"image\":{\"@id\":\"https:\\\/\\\/ic-lotos.org.ba\\\/#\\\/schema\\\/logo\\\/image\\\/\"},\"sameAs\":[\"https:\\\/\\\/www.facebook.com\\\/iclotos\\\/\",\"https:\\\/\\\/www.youtube.com\\\/feed\\\/library\"]},{\"@type\":\"Person\",\"@id\":\"https:\\\/\\\/ic-lotos.org.ba\\\/#\\\/schema\\\/person\\\/fb1da7c92bc3365aad6d1abac5bfe80a\",\"name\":\"Jasminko Bijeli\u0107\",\"image\":{\"@type\":\"ImageObject\",\"inLanguage\":\"en-US\",\"@id\":\"https:\\\/\\\/secure.gravatar.com\\\/avatar\\\/d694f8eb6cc3383210938655f7851f13239ed2f29afcf4e787e3c519ba016d67?s=96&d=mm&r=g\",\"url\":\"https:\\\/\\\/secure.gravatar.com\\\/avatar\\\/d694f8eb6cc3383210938655f7851f13239ed2f29afcf4e787e3c519ba016d67?s=96&d=mm&r=g\",\"contentUrl\":\"https:\\\/\\\/secure.gravatar.com\\\/avatar\\\/d694f8eb6cc3383210938655f7851f13239ed2f29afcf4e787e3c519ba016d67?s=96&d=mm&r=g\",\"caption\":\"Jasminko Bijeli\u0107\"}}]}<\/script>\n<!-- \/ Yoast SEO plugin. -->","yoast_head_json":{"title":"U pripremi projekat socijalnog stanovanja u op\u0107ini Tuzla - IC Lotos Tuzla","robots":{"index":"index","follow":"follow","max-snippet":"max-snippet:-1","max-image-preview":"max-image-preview:large","max-video-preview":"max-video-preview:-1"},"canonical":"https:\/\/ic-lotos.org.ba\/en\/u-pripremi-projekat-socijalnog-stanovanja-u-opcini-tuzla\/","og_locale":"en_US","og_type":"article","og_title":"U pripremi projekat socijalnog stanovanja u op\u0107ini Tuzla - IC Lotos Tuzla","og_description":"Izgradnja stambenog fonda u vlasni\u0161tvu Op\u0107ine Tuzla Na\u010delnik Op\u0107ine Tuzla Jasmin Imamovi\u0107, sa saradnicima, odr\u017eao je u ponedjeljak sastanak sa predstavnicima CRS-a (Catholic Relief Services), Udru\u017eenja IC \u201eLotos\u201d, Ministarstva za rad, socijalnu politiku i povratak Tuzlanskog kantona i JU Centar [&hellip;]","og_url":"https:\/\/ic-lotos.org.ba\/en\/u-pripremi-projekat-socijalnog-stanovanja-u-opcini-tuzla\/","og_site_name":"IC Lotos Tuzla","article_publisher":"https:\/\/www.facebook.com\/iclotos\/","article_published_time":"2013-01-22T13:01:03+00:00","og_image":[{"width":288,"height":216,"url":"https:\/\/ic-lotos.org.ba\/wp-content\/uploads\/2013\/01\/www.tip_.ba_wp-content_uploads_2013_01_u-pripremi-projekat-socijalnog-stanovanja-u-opcini-tuzla.jpg","type":"image\/jpeg"}],"author":"Jasminko Bijeli\u0107","twitter_card":"summary_large_image","twitter_misc":{"Written by":"Jasminko Bijeli\u0107","Est. reading time":"1 minute"},"schema":{"@context":"https:\/\/schema.org","@graph":[{"@type":"Article","@id":"https:\/\/ic-lotos.org.ba\/u-pripremi-projekat-socijalnog-stanovanja-u-opcini-tuzla\/#article","isPartOf":{"@id":"https:\/\/ic-lotos.org.ba\/u-pripremi-projekat-socijalnog-stanovanja-u-opcini-tuzla\/"},"author":{"name":"Jasminko Bijeli\u0107","@id":"https:\/\/ic-lotos.org.ba\/#\/schema\/person\/fb1da7c92bc3365aad6d1abac5bfe80a"},"headline":"U pripremi projekat socijalnog stanovanja u op\u0107ini Tuzla","datePublished":"2013-01-22T13:01:03+00:00","mainEntityOfPage":{"@id":"https:\/\/ic-lotos.org.ba\/u-pripremi-projekat-socijalnog-stanovanja-u-opcini-tuzla\/"},"wordCount":165,"commentCount":0,"publisher":{"@id":"https:\/\/ic-lotos.org.ba\/#organization"},"image":{"@id":"https:\/\/ic-lotos.org.ba\/u-pripremi-projekat-socijalnog-stanovanja-u-opcini-tuzla\/#primaryimage"},"thumbnailUrl":"https:\/\/ic-lotos.org.ba\/wp-content\/uploads\/2013\/01\/www.tip_.ba_wp-content_uploads_2013_01_u-pripremi-projekat-socijalnog-stanovanja-u-opcini-tuzla.jpg","articleSection":["Vijesti"],"inLanguage":"en-US"},{"@type":"WebPage","@id":"https:\/\/ic-lotos.org.ba\/u-pripremi-projekat-socijalnog-stanovanja-u-opcini-tuzla\/","url":"https:\/\/ic-lotos.org.ba\/u-pripremi-projekat-socijalnog-stanovanja-u-opcini-tuzla\/","name":"U pripremi projekat socijalnog stanovanja u op\u0107ini Tuzla - IC Lotos Tuzla","isPartOf":{"@id":"https:\/\/ic-lotos.org.ba\/#website"},"primaryImageOfPage":{"@id":"https:\/\/ic-lotos.org.ba\/u-pripremi-projekat-socijalnog-stanovanja-u-opcini-tuzla\/#primaryimage"},"image":{"@id":"https:\/\/ic-lotos.org.ba\/u-pripremi-projekat-socijalnog-stanovanja-u-opcini-tuzla\/#primaryimage"},"thumbnailUrl":"https:\/\/ic-lotos.org.ba\/wp-content\/uploads\/2013\/01\/www.tip_.ba_wp-content_uploads_2013_01_u-pripremi-projekat-socijalnog-stanovanja-u-opcini-tuzla.jpg","datePublished":"2013-01-22T13:01:03+00:00","breadcrumb":{"@id":"https:\/\/ic-lotos.org.ba\/u-pripremi-projekat-socijalnog-stanovanja-u-opcini-tuzla\/#breadcrumb"},"inLanguage":"en-US","potentialAction":[{"@type":"ReadAction","target":["https:\/\/ic-lotos.org.ba\/u-pripremi-projekat-socijalnog-stanovanja-u-opcini-tuzla\/"]}]},{"@type":"ImageObject","inLanguage":"en-US","@id":"https:\/\/ic-lotos.org.ba\/u-pripremi-projekat-socijalnog-stanovanja-u-opcini-tuzla\/#primaryimage","url":"https:\/\/ic-lotos.org.ba\/wp-content\/uploads\/2013\/01\/www.tip_.ba_wp-content_uploads_2013_01_u-pripremi-projekat-socijalnog-stanovanja-u-opcini-tuzla.jpg","contentUrl":"https:\/\/ic-lotos.org.ba\/wp-content\/uploads\/2013\/01\/www.tip_.ba_wp-content_uploads_2013_01_u-pripremi-projekat-socijalnog-stanovanja-u-opcini-tuzla.jpg","width":288,"height":216,"caption":"u-pripremi-projekat-socijalnog-stanovanja-u-opcini-tuzla"},{"@type":"BreadcrumbList","@id":"https:\/\/ic-lotos.org.ba\/u-pripremi-projekat-socijalnog-stanovanja-u-opcini-tuzla\/#breadcrumb","itemListElement":[{"@type":"ListItem","position":1,"name":"Naslovna","item":"https:\/\/ic-lotos.org.ba\/"},{"@type":"ListItem","position":2,"name":"U pripremi projekat socijalnog stanovanja u op\u0107ini Tuzla"}]},{"@type":"WebSite","@id":"https:\/\/ic-lotos.org.ba\/#website","url":"https:\/\/ic-lotos.org.ba\/","name":"IC Lotos Tuzla","description":"Informativni centar \u201cLotos\u201d okuplja osobe sa ili bez invaliditeta koje su zainteresovane da svojim radom bilo na profesionalnoj ili volonterskoj osnovi doprinesu ostvarivanju misije organizacije.","publisher":{"@id":"https:\/\/ic-lotos.org.ba\/#organization"},"potentialAction":[{"@type":"SearchAction","target":{"@type":"EntryPoint","urlTemplate":"https:\/\/ic-lotos.org.ba\/?s={search_term_string}"},"query-input":{"@type":"PropertyValueSpecification","valueRequired":true,"valueName":"search_term_string"}}],"inLanguage":"en-US"},{"@type":"Organization","@id":"https:\/\/ic-lotos.org.ba\/#organization","name":"IC Lotos Tuzla","url":"https:\/\/ic-lotos.org.ba\/","logo":{"@type":"ImageObject","inLanguage":"en-US","@id":"https:\/\/ic-lotos.org.ba\/#\/schema\/logo\/image\/","url":"https:\/\/ic-lotos.org.ba\/wp-content\/uploads\/2019\/11\/logo.jpg","contentUrl":"https:\/\/ic-lotos.org.ba\/wp-content\/uploads\/2019\/11\/logo.jpg","width":575,"height":623,"caption":"IC Lotos Tuzla"},"image":{"@id":"https:\/\/ic-lotos.org.ba\/#\/schema\/logo\/image\/"},"sameAs":["https:\/\/www.facebook.com\/iclotos\/","https:\/\/www.youtube.com\/feed\/library"]},{"@type":"Person","@id":"https:\/\/ic-lotos.org.ba\/#\/schema\/person\/fb1da7c92bc3365aad6d1abac5bfe80a","name":"Jasminko Bijeli\u0107","image":{"@type":"ImageObject","inLanguage":"en-US","@id":"https:\/\/secure.gravatar.com\/avatar\/d694f8eb6cc3383210938655f7851f13239ed2f29afcf4e787e3c519ba016d67?s=96&d=mm&r=g","url":"https:\/\/secure.gravatar.com\/avatar\/d694f8eb6cc3383210938655f7851f13239ed2f29afcf4e787e3c519ba016d67?s=96&d=mm&r=g","contentUrl":"https:\/\/secure.gravatar.com\/avatar\/d694f8eb6cc3383210938655f7851f13239ed2f29afcf4e787e3c519ba016d67?s=96&d=mm&r=g","caption":"Jasminko Bijeli\u0107"}}]}},"_links":{"self":[{"href":"https:\/\/ic-lotos.org.ba\/en\/wp-json\/wp\/v2\/posts\/10900","targetHints":{"allow":["GET"]}}],"collection":[{"href":"https:\/\/ic-lotos.org.ba\/en\/wp-json\/wp\/v2\/posts"}],"about":[{"href":"https:\/\/ic-lotos.org.ba\/en\/wp-json\/wp\/v2\/types\/post"}],"author":[{"embeddable":true,"href":"https:\/\/ic-lotos.org.ba\/en\/wp-json\/wp\/v2\/users\/5"}],"replies":[{"embeddable":true,"href":"https:\/\/ic-lotos.org.ba\/en\/wp-json\/wp\/v2\/comments?post=10900"}],"version-history":[{"count":0,"href":"https:\/\/ic-lotos.org.ba\/en\/wp-json\/wp\/v2\/posts\/10900\/revisions"}],"wp:featuredmedia":[{"embeddable":true,"href":"https:\/\/ic-lotos.org.ba\/en\/wp-json\/wp\/v2\/media\/10899"}],"wp:attachment":[{"href":"https:\/\/ic-lotos.org.ba\/en\/wp-json\/wp\/v2\/media?parent=10900"}],"wp:term":[{"taxonomy":"category","embeddable":true,"href":"https:\/\/ic-lotos.org.ba\/en\/wp-json\/wp\/v2\/categories?post=10900"},{"taxonomy":"post_tag","embeddable":true,"href":"https:\/\/ic-lotos.org.ba\/en\/wp-json\/wp\/v2\/tags?post=10900"}],"curies":[{"name":"wp","href":"https:\/\/api.w.org\/{rel}","templated":true}]}}