{"id":10897,"date":"2012-12-18T09:03:30","date_gmt":"2012-12-18T09:03:30","guid":{"rendered":"https:\/\/v2.ic-lotos.org.ba\/deveti-forum-saveza-i-organizacija-osoba-sa-invaliditetom-u-bih\/"},"modified":"2012-12-18T09:03:30","modified_gmt":"2012-12-18T09:03:30","slug":"deveti-forum-saveza-i-organizacija-osoba-sa-invaliditetom-u-bih","status":"publish","type":"post","link":"https:\/\/ic-lotos.org.ba\/en\/deveti-forum-saveza-i-organizacija-osoba-sa-invaliditetom-u-bih\/","title":{"rendered":"DEVETI FORUM SAVEZA I ORGANIZACIJA OSOBA SA INVALIDITETOM U BiH"},"content":{"rendered":"<p style=\"text-align: left;\">U Ponedjeljak<strong>, 17.-og decembra 2012<\/strong>. u hotelu \u201eGrand\u201c u Sarajevu, odr\u017ean je Deveti Forum Saveza i organizacija osoba sa invaliditetom i drugih organizacija u pokretu osoba sa invaliditetom u Bosni i Hercegovini.<\/p>\n<p>\u00a0<\/p>\n<\/p>\n<p>\u00a0<\/p>\n<p style=\"text-align: left;\">Tema koja je bila razmatrana na Devetom Forumu je:<\/p>\n<p><strong> <\/strong><\/p>\n<p style=\"text-align: left;\"><strong>Organizacije osoba sa invaliditetom, izazovi za dugoro\u010dnu finansijsku odr\u017eivost, uklju\u010denost u procese u oblasti invalidnosti i uticaj na dono\u0161enje odluka<\/strong><strong> <\/strong><\/p>\n<p><strong> <\/strong><\/p>\n<p style=\"text-align: left;\">Facilitator Foruma je bio gospodin Suvad Zahirovi\u0107, a uvodni\u010dari su bili gospo\u0111e Olivera Mastikosa i Elvira Be\u0161lija i gospoda Fikret Zuko i Zoran Dobra\u0161.<\/p>\n<p style=\"text-align: left;\">Forumu je prisustvovalo \u010detrdesetak predstavnika Saveza i organizacija osoba sa invaliditetom.<\/p>\n<p style=\"text-align: left;\">\u00a0<\/p>\n<p><img fetchpriority=\"high\" decoding=\"async\" class=\"size-full wp-image-10893\" alt=\"Picture_019\" height=\"336\" width=\"448\" src=\"https:\/\/ic-lotos.org.ba\/wp-content\/uploads\/2012\/12\/sadrzaj_2010_Picture_019.jpg\" srcset=\"https:\/\/ic-lotos.org.ba\/wp-content\/uploads\/2012\/12\/sadrzaj_2010_Picture_019.jpg 448w, https:\/\/ic-lotos.org.ba\/wp-content\/uploads\/2012\/12\/sadrzaj_2010_Picture_019-300x225.jpg 300w, https:\/\/ic-lotos.org.ba\/wp-content\/uploads\/2012\/12\/sadrzaj_2010_Picture_019-440x330.jpg 440w\" sizes=\"(max-width: 448px) 100vw, 448px\" \/><\/p>\n<p><img decoding=\"async\" class=\"size-full wp-image-10894\" alt=\"Picture_034\" height=\"336\" width=\"448\" src=\"https:\/\/ic-lotos.org.ba\/wp-content\/uploads\/2012\/12\/sadrzaj_2010_Picture_034.jpg\" srcset=\"https:\/\/ic-lotos.org.ba\/wp-content\/uploads\/2012\/12\/sadrzaj_2010_Picture_034.jpg 448w, https:\/\/ic-lotos.org.ba\/wp-content\/uploads\/2012\/12\/sadrzaj_2010_Picture_034-300x225.jpg 300w, https:\/\/ic-lotos.org.ba\/wp-content\/uploads\/2012\/12\/sadrzaj_2010_Picture_034-440x330.jpg 440w\" sizes=\"(max-width: 448px) 100vw, 448px\" \/><\/p>\n<p><img decoding=\"async\" class=\"size-full wp-image-10895\" alt=\"Picture_059\" height=\"336\" width=\"448\" src=\"https:\/\/ic-lotos.org.ba\/wp-content\/uploads\/2012\/12\/sadrzaj_2010_Picture_059.jpg\" srcset=\"https:\/\/ic-lotos.org.ba\/wp-content\/uploads\/2012\/12\/sadrzaj_2010_Picture_059.jpg 448w, https:\/\/ic-lotos.org.ba\/wp-content\/uploads\/2012\/12\/sadrzaj_2010_Picture_059-300x225.jpg 300w, https:\/\/ic-lotos.org.ba\/wp-content\/uploads\/2012\/12\/sadrzaj_2010_Picture_059-440x330.jpg 440w\" sizes=\"(max-width: 448px) 100vw, 448px\" \/><\/p>\n<p><img loading=\"lazy\" decoding=\"async\" class=\"size-full wp-image-10896\" alt=\"Picture_062\" height=\"336\" width=\"448\" src=\"https:\/\/ic-lotos.org.ba\/wp-content\/uploads\/2012\/12\/sadrzaj_2010_Picture_062.jpg\" srcset=\"https:\/\/ic-lotos.org.ba\/wp-content\/uploads\/2012\/12\/sadrzaj_2010_Picture_062.jpg 448w, https:\/\/ic-lotos.org.ba\/wp-content\/uploads\/2012\/12\/sadrzaj_2010_Picture_062-300x225.jpg 300w, https:\/\/ic-lotos.org.ba\/wp-content\/uploads\/2012\/12\/sadrzaj_2010_Picture_062-440x330.jpg 440w\" sizes=\"(max-width: 448px) 100vw, 448px\" \/><\/p>\n<p style=\"text-align: left;\">Organizatori Devetog foruma su bili Informativni centar za osobe sa invaliditetom \u201eLotos\u201c Tuzla u partnerstvu sa Humanitarnom organizacijom \u201ePartner\u201c iz Banja Luke i Centrom za nezavisni \u017eivot \u201eThreshold\u201c iz Helsinki-ja.<\/p>\n<p>\u00a0<\/p>\n<hr \/>\n<p> <\/p>\n<p>\u00a0<\/p>\n<p>\u00a0<\/p>\n<div class=\"gsp_post_data\" \r\n\t            data-post_type=\"post\" \r\n\t            data-cat=\"vijesti\" \r\n\t            data-modified=\"120\"\r\n\t            data-created=\"1355821410\"\r\n\t            data-title=\"DEVETI FORUM SAVEZA I ORGANIZACIJA OSOBA SA INVALIDITETOM U BiH\" \r\n\t            data-home=\"https:\/\/ic-lotos.org.ba\/en\"><\/div>","protected":false},"excerpt":{"rendered":"<p>U Ponedjeljak, 17.-og decembra 2012. u hotelu \u201eGrand\u201c u Sarajevu, odr\u017ean je Deveti Forum Saveza i organizacija osoba sa invaliditetom i drugih organizacija u pokretu osoba sa invaliditetom u Bosni i Hercegovini. \u00a0 \u00a0 Tema koja je bila razmatrana na [&hellip;]<\/p>\n","protected":false},"author":5,"featured_media":10892,"comment_status":"open","ping_status":"closed","sticky":false,"template":"","format":"standard","meta":{"footnotes":""},"categories":[65],"tags":[],"class_list":["post-10897","post","type-post","status-publish","format-standard","has-post-thumbnail","hentry","category-vijesti"],"yoast_head":"<!-- This site is optimized with the Yoast SEO plugin v27.5 - https:\/\/yoast.com\/product\/yoast-seo-wordpress\/ -->\n<title>DEVETI FORUM SAVEZA I ORGANIZACIJA OSOBA SA INVALIDITETOM U BiH - IC Lotos Tuzla<\/title>\n<meta name=\"robots\" content=\"index, follow, max-snippet:-1, max-image-preview:large, max-video-preview:-1\" \/>\n<link rel=\"canonical\" href=\"https:\/\/ic-lotos.org.ba\/en\/deveti-forum-saveza-i-organizacija-osoba-sa-invaliditetom-u-bih\/\" \/>\n<meta property=\"og:locale\" content=\"en_US\" \/>\n<meta property=\"og:type\" content=\"article\" \/>\n<meta property=\"og:title\" content=\"DEVETI FORUM SAVEZA I ORGANIZACIJA OSOBA SA INVALIDITETOM U BiH - IC Lotos Tuzla\" \/>\n<meta property=\"og:description\" content=\"U Ponedjeljak, 17.-og decembra 2012. u hotelu \u201eGrand\u201c u Sarajevu, odr\u017ean je Deveti Forum Saveza i organizacija osoba sa invaliditetom i drugih organizacija u pokretu osoba sa invaliditetom u Bosni i Hercegovini. \u00a0 \u00a0 Tema koja je bila razmatrana na [&hellip;]\" \/>\n<meta property=\"og:url\" content=\"https:\/\/ic-lotos.org.ba\/en\/deveti-forum-saveza-i-organizacija-osoba-sa-invaliditetom-u-bih\/\" \/>\n<meta property=\"og:site_name\" content=\"IC Lotos Tuzla\" \/>\n<meta property=\"article:publisher\" content=\"https:\/\/www.facebook.com\/iclotos\/\" \/>\n<meta property=\"article:published_time\" content=\"2012-12-18T09:03:30+00:00\" \/>\n<meta property=\"og:image\" content=\"https:\/\/ic-lotos.org.ba\/wp-content\/uploads\/2012\/12\/sadrzaj_2010_Picture_018.jpg\" \/>\n\t<meta property=\"og:image:width\" content=\"448\" \/>\n\t<meta property=\"og:image:height\" content=\"336\" \/>\n\t<meta property=\"og:image:type\" content=\"image\/jpeg\" \/>\n<meta name=\"author\" content=\"Jasminko Bijeli\u0107\" \/>\n<meta name=\"twitter:card\" content=\"summary_large_image\" \/>\n<meta name=\"twitter:label1\" content=\"Written by\" \/>\n\t<meta name=\"twitter:data1\" content=\"Jasminko Bijeli\u0107\" \/>\n\t<meta name=\"twitter:label2\" content=\"Est. reading time\" \/>\n\t<meta name=\"twitter:data2\" content=\"1 minute\" \/>\n<script type=\"application\/ld+json\" class=\"yoast-schema-graph\">{\"@context\":\"https:\\\/\\\/schema.org\",\"@graph\":[{\"@type\":\"Article\",\"@id\":\"https:\\\/\\\/ic-lotos.org.ba\\\/deveti-forum-saveza-i-organizacija-osoba-sa-invaliditetom-u-bih\\\/#article\",\"isPartOf\":{\"@id\":\"https:\\\/\\\/ic-lotos.org.ba\\\/deveti-forum-saveza-i-organizacija-osoba-sa-invaliditetom-u-bih\\\/\"},\"author\":{\"name\":\"Jasminko Bijeli\u0107\",\"@id\":\"https:\\\/\\\/ic-lotos.org.ba\\\/#\\\/schema\\\/person\\\/fb1da7c92bc3365aad6d1abac5bfe80a\"},\"headline\":\"DEVETI FORUM SAVEZA I ORGANIZACIJA OSOBA SA INVALIDITETOM U BiH\",\"datePublished\":\"2012-12-18T09:03:30+00:00\",\"mainEntityOfPage\":{\"@id\":\"https:\\\/\\\/ic-lotos.org.ba\\\/deveti-forum-saveza-i-organizacija-osoba-sa-invaliditetom-u-bih\\\/\"},\"wordCount\":143,\"commentCount\":0,\"publisher\":{\"@id\":\"https:\\\/\\\/ic-lotos.org.ba\\\/#organization\"},\"image\":{\"@id\":\"https:\\\/\\\/ic-lotos.org.ba\\\/deveti-forum-saveza-i-organizacija-osoba-sa-invaliditetom-u-bih\\\/#primaryimage\"},\"thumbnailUrl\":\"https:\\\/\\\/ic-lotos.org.ba\\\/wp-content\\\/uploads\\\/2012\\\/12\\\/sadrzaj_2010_Picture_018.jpg\",\"articleSection\":[\"Vijesti\"],\"inLanguage\":\"en-US\"},{\"@type\":\"WebPage\",\"@id\":\"https:\\\/\\\/ic-lotos.org.ba\\\/deveti-forum-saveza-i-organizacija-osoba-sa-invaliditetom-u-bih\\\/\",\"url\":\"https:\\\/\\\/ic-lotos.org.ba\\\/deveti-forum-saveza-i-organizacija-osoba-sa-invaliditetom-u-bih\\\/\",\"name\":\"DEVETI FORUM SAVEZA I ORGANIZACIJA OSOBA SA INVALIDITETOM U BiH - IC Lotos Tuzla\",\"isPartOf\":{\"@id\":\"https:\\\/\\\/ic-lotos.org.ba\\\/#website\"},\"primaryImageOfPage\":{\"@id\":\"https:\\\/\\\/ic-lotos.org.ba\\\/deveti-forum-saveza-i-organizacija-osoba-sa-invaliditetom-u-bih\\\/#primaryimage\"},\"image\":{\"@id\":\"https:\\\/\\\/ic-lotos.org.ba\\\/deveti-forum-saveza-i-organizacija-osoba-sa-invaliditetom-u-bih\\\/#primaryimage\"},\"thumbnailUrl\":\"https:\\\/\\\/ic-lotos.org.ba\\\/wp-content\\\/uploads\\\/2012\\\/12\\\/sadrzaj_2010_Picture_018.jpg\",\"datePublished\":\"2012-12-18T09:03:30+00:00\",\"breadcrumb\":{\"@id\":\"https:\\\/\\\/ic-lotos.org.ba\\\/deveti-forum-saveza-i-organizacija-osoba-sa-invaliditetom-u-bih\\\/#breadcrumb\"},\"inLanguage\":\"en-US\",\"potentialAction\":[{\"@type\":\"ReadAction\",\"target\":[\"https:\\\/\\\/ic-lotos.org.ba\\\/deveti-forum-saveza-i-organizacija-osoba-sa-invaliditetom-u-bih\\\/\"]}]},{\"@type\":\"ImageObject\",\"inLanguage\":\"en-US\",\"@id\":\"https:\\\/\\\/ic-lotos.org.ba\\\/deveti-forum-saveza-i-organizacija-osoba-sa-invaliditetom-u-bih\\\/#primaryimage\",\"url\":\"https:\\\/\\\/ic-lotos.org.ba\\\/wp-content\\\/uploads\\\/2012\\\/12\\\/sadrzaj_2010_Picture_018.jpg\",\"contentUrl\":\"https:\\\/\\\/ic-lotos.org.ba\\\/wp-content\\\/uploads\\\/2012\\\/12\\\/sadrzaj_2010_Picture_018.jpg\",\"width\":448,\"height\":336,\"caption\":\"Picture_018\"},{\"@type\":\"BreadcrumbList\",\"@id\":\"https:\\\/\\\/ic-lotos.org.ba\\\/deveti-forum-saveza-i-organizacija-osoba-sa-invaliditetom-u-bih\\\/#breadcrumb\",\"itemListElement\":[{\"@type\":\"ListItem\",\"position\":1,\"name\":\"Naslovna\",\"item\":\"https:\\\/\\\/ic-lotos.org.ba\\\/\"},{\"@type\":\"ListItem\",\"position\":2,\"name\":\"DEVETI FORUM SAVEZA I ORGANIZACIJA OSOBA SA INVALIDITETOM U BiH\"}]},{\"@type\":\"WebSite\",\"@id\":\"https:\\\/\\\/ic-lotos.org.ba\\\/#website\",\"url\":\"https:\\\/\\\/ic-lotos.org.ba\\\/\",\"name\":\"IC Lotos Tuzla\",\"description\":\"Informativni centar \u201cLotos\u201d okuplja osobe sa ili bez invaliditeta koje su zainteresovane da svojim radom bilo na profesionalnoj ili volonterskoj osnovi doprinesu ostvarivanju misije organizacije.\",\"publisher\":{\"@id\":\"https:\\\/\\\/ic-lotos.org.ba\\\/#organization\"},\"potentialAction\":[{\"@type\":\"SearchAction\",\"target\":{\"@type\":\"EntryPoint\",\"urlTemplate\":\"https:\\\/\\\/ic-lotos.org.ba\\\/?s={search_term_string}\"},\"query-input\":{\"@type\":\"PropertyValueSpecification\",\"valueRequired\":true,\"valueName\":\"search_term_string\"}}],\"inLanguage\":\"en-US\"},{\"@type\":\"Organization\",\"@id\":\"https:\\\/\\\/ic-lotos.org.ba\\\/#organization\",\"name\":\"IC Lotos Tuzla\",\"url\":\"https:\\\/\\\/ic-lotos.org.ba\\\/\",\"logo\":{\"@type\":\"ImageObject\",\"inLanguage\":\"en-US\",\"@id\":\"https:\\\/\\\/ic-lotos.org.ba\\\/#\\\/schema\\\/logo\\\/image\\\/\",\"url\":\"https:\\\/\\\/ic-lotos.org.ba\\\/wp-content\\\/uploads\\\/2019\\\/11\\\/logo.jpg\",\"contentUrl\":\"https:\\\/\\\/ic-lotos.org.ba\\\/wp-content\\\/uploads\\\/2019\\\/11\\\/logo.jpg\",\"width\":575,\"height\":623,\"caption\":\"IC Lotos Tuzla\"},\"image\":{\"@id\":\"https:\\\/\\\/ic-lotos.org.ba\\\/#\\\/schema\\\/logo\\\/image\\\/\"},\"sameAs\":[\"https:\\\/\\\/www.facebook.com\\\/iclotos\\\/\",\"https:\\\/\\\/www.youtube.com\\\/feed\\\/library\"]},{\"@type\":\"Person\",\"@id\":\"https:\\\/\\\/ic-lotos.org.ba\\\/#\\\/schema\\\/person\\\/fb1da7c92bc3365aad6d1abac5bfe80a\",\"name\":\"Jasminko Bijeli\u0107\",\"image\":{\"@type\":\"ImageObject\",\"inLanguage\":\"en-US\",\"@id\":\"https:\\\/\\\/secure.gravatar.com\\\/avatar\\\/d694f8eb6cc3383210938655f7851f13239ed2f29afcf4e787e3c519ba016d67?s=96&d=mm&r=g\",\"url\":\"https:\\\/\\\/secure.gravatar.com\\\/avatar\\\/d694f8eb6cc3383210938655f7851f13239ed2f29afcf4e787e3c519ba016d67?s=96&d=mm&r=g\",\"contentUrl\":\"https:\\\/\\\/secure.gravatar.com\\\/avatar\\\/d694f8eb6cc3383210938655f7851f13239ed2f29afcf4e787e3c519ba016d67?s=96&d=mm&r=g\",\"caption\":\"Jasminko Bijeli\u0107\"}}]}<\/script>\n<!-- \/ Yoast SEO plugin. -->","yoast_head_json":{"title":"DEVETI FORUM SAVEZA I ORGANIZACIJA OSOBA SA INVALIDITETOM U BiH - IC Lotos Tuzla","robots":{"index":"index","follow":"follow","max-snippet":"max-snippet:-1","max-image-preview":"max-image-preview:large","max-video-preview":"max-video-preview:-1"},"canonical":"https:\/\/ic-lotos.org.ba\/en\/deveti-forum-saveza-i-organizacija-osoba-sa-invaliditetom-u-bih\/","og_locale":"en_US","og_type":"article","og_title":"DEVETI FORUM SAVEZA I ORGANIZACIJA OSOBA SA INVALIDITETOM U BiH - IC Lotos Tuzla","og_description":"U Ponedjeljak, 17.-og decembra 2012. u hotelu \u201eGrand\u201c u Sarajevu, odr\u017ean je Deveti Forum Saveza i organizacija osoba sa invaliditetom i drugih organizacija u pokretu osoba sa invaliditetom u Bosni i Hercegovini. \u00a0 \u00a0 Tema koja je bila razmatrana na [&hellip;]","og_url":"https:\/\/ic-lotos.org.ba\/en\/deveti-forum-saveza-i-organizacija-osoba-sa-invaliditetom-u-bih\/","og_site_name":"IC Lotos Tuzla","article_publisher":"https:\/\/www.facebook.com\/iclotos\/","article_published_time":"2012-12-18T09:03:30+00:00","og_image":[{"width":448,"height":336,"url":"https:\/\/ic-lotos.org.ba\/wp-content\/uploads\/2012\/12\/sadrzaj_2010_Picture_018.jpg","type":"image\/jpeg"}],"author":"Jasminko Bijeli\u0107","twitter_card":"summary_large_image","twitter_misc":{"Written by":"Jasminko Bijeli\u0107","Est. reading time":"1 minute"},"schema":{"@context":"https:\/\/schema.org","@graph":[{"@type":"Article","@id":"https:\/\/ic-lotos.org.ba\/deveti-forum-saveza-i-organizacija-osoba-sa-invaliditetom-u-bih\/#article","isPartOf":{"@id":"https:\/\/ic-lotos.org.ba\/deveti-forum-saveza-i-organizacija-osoba-sa-invaliditetom-u-bih\/"},"author":{"name":"Jasminko Bijeli\u0107","@id":"https:\/\/ic-lotos.org.ba\/#\/schema\/person\/fb1da7c92bc3365aad6d1abac5bfe80a"},"headline":"DEVETI FORUM SAVEZA I ORGANIZACIJA OSOBA SA INVALIDITETOM U BiH","datePublished":"2012-12-18T09:03:30+00:00","mainEntityOfPage":{"@id":"https:\/\/ic-lotos.org.ba\/deveti-forum-saveza-i-organizacija-osoba-sa-invaliditetom-u-bih\/"},"wordCount":143,"commentCount":0,"publisher":{"@id":"https:\/\/ic-lotos.org.ba\/#organization"},"image":{"@id":"https:\/\/ic-lotos.org.ba\/deveti-forum-saveza-i-organizacija-osoba-sa-invaliditetom-u-bih\/#primaryimage"},"thumbnailUrl":"https:\/\/ic-lotos.org.ba\/wp-content\/uploads\/2012\/12\/sadrzaj_2010_Picture_018.jpg","articleSection":["Vijesti"],"inLanguage":"en-US"},{"@type":"WebPage","@id":"https:\/\/ic-lotos.org.ba\/deveti-forum-saveza-i-organizacija-osoba-sa-invaliditetom-u-bih\/","url":"https:\/\/ic-lotos.org.ba\/deveti-forum-saveza-i-organizacija-osoba-sa-invaliditetom-u-bih\/","name":"DEVETI FORUM SAVEZA I ORGANIZACIJA OSOBA SA INVALIDITETOM U BiH - IC Lotos Tuzla","isPartOf":{"@id":"https:\/\/ic-lotos.org.ba\/#website"},"primaryImageOfPage":{"@id":"https:\/\/ic-lotos.org.ba\/deveti-forum-saveza-i-organizacija-osoba-sa-invaliditetom-u-bih\/#primaryimage"},"image":{"@id":"https:\/\/ic-lotos.org.ba\/deveti-forum-saveza-i-organizacija-osoba-sa-invaliditetom-u-bih\/#primaryimage"},"thumbnailUrl":"https:\/\/ic-lotos.org.ba\/wp-content\/uploads\/2012\/12\/sadrzaj_2010_Picture_018.jpg","datePublished":"2012-12-18T09:03:30+00:00","breadcrumb":{"@id":"https:\/\/ic-lotos.org.ba\/deveti-forum-saveza-i-organizacija-osoba-sa-invaliditetom-u-bih\/#breadcrumb"},"inLanguage":"en-US","potentialAction":[{"@type":"ReadAction","target":["https:\/\/ic-lotos.org.ba\/deveti-forum-saveza-i-organizacija-osoba-sa-invaliditetom-u-bih\/"]}]},{"@type":"ImageObject","inLanguage":"en-US","@id":"https:\/\/ic-lotos.org.ba\/deveti-forum-saveza-i-organizacija-osoba-sa-invaliditetom-u-bih\/#primaryimage","url":"https:\/\/ic-lotos.org.ba\/wp-content\/uploads\/2012\/12\/sadrzaj_2010_Picture_018.jpg","contentUrl":"https:\/\/ic-lotos.org.ba\/wp-content\/uploads\/2012\/12\/sadrzaj_2010_Picture_018.jpg","width":448,"height":336,"caption":"Picture_018"},{"@type":"BreadcrumbList","@id":"https:\/\/ic-lotos.org.ba\/deveti-forum-saveza-i-organizacija-osoba-sa-invaliditetom-u-bih\/#breadcrumb","itemListElement":[{"@type":"ListItem","position":1,"name":"Naslovna","item":"https:\/\/ic-lotos.org.ba\/"},{"@type":"ListItem","position":2,"name":"DEVETI FORUM SAVEZA I ORGANIZACIJA OSOBA SA INVALIDITETOM U BiH"}]},{"@type":"WebSite","@id":"https:\/\/ic-lotos.org.ba\/#website","url":"https:\/\/ic-lotos.org.ba\/","name":"IC Lotos Tuzla","description":"Informativni centar \u201cLotos\u201d okuplja osobe sa ili bez invaliditeta koje su zainteresovane da svojim radom bilo na profesionalnoj ili volonterskoj osnovi doprinesu ostvarivanju misije organizacije.","publisher":{"@id":"https:\/\/ic-lotos.org.ba\/#organization"},"potentialAction":[{"@type":"SearchAction","target":{"@type":"EntryPoint","urlTemplate":"https:\/\/ic-lotos.org.ba\/?s={search_term_string}"},"query-input":{"@type":"PropertyValueSpecification","valueRequired":true,"valueName":"search_term_string"}}],"inLanguage":"en-US"},{"@type":"Organization","@id":"https:\/\/ic-lotos.org.ba\/#organization","name":"IC Lotos Tuzla","url":"https:\/\/ic-lotos.org.ba\/","logo":{"@type":"ImageObject","inLanguage":"en-US","@id":"https:\/\/ic-lotos.org.ba\/#\/schema\/logo\/image\/","url":"https:\/\/ic-lotos.org.ba\/wp-content\/uploads\/2019\/11\/logo.jpg","contentUrl":"https:\/\/ic-lotos.org.ba\/wp-content\/uploads\/2019\/11\/logo.jpg","width":575,"height":623,"caption":"IC Lotos Tuzla"},"image":{"@id":"https:\/\/ic-lotos.org.ba\/#\/schema\/logo\/image\/"},"sameAs":["https:\/\/www.facebook.com\/iclotos\/","https:\/\/www.youtube.com\/feed\/library"]},{"@type":"Person","@id":"https:\/\/ic-lotos.org.ba\/#\/schema\/person\/fb1da7c92bc3365aad6d1abac5bfe80a","name":"Jasminko Bijeli\u0107","image":{"@type":"ImageObject","inLanguage":"en-US","@id":"https:\/\/secure.gravatar.com\/avatar\/d694f8eb6cc3383210938655f7851f13239ed2f29afcf4e787e3c519ba016d67?s=96&d=mm&r=g","url":"https:\/\/secure.gravatar.com\/avatar\/d694f8eb6cc3383210938655f7851f13239ed2f29afcf4e787e3c519ba016d67?s=96&d=mm&r=g","contentUrl":"https:\/\/secure.gravatar.com\/avatar\/d694f8eb6cc3383210938655f7851f13239ed2f29afcf4e787e3c519ba016d67?s=96&d=mm&r=g","caption":"Jasminko Bijeli\u0107"}}]}},"_links":{"self":[{"href":"https:\/\/ic-lotos.org.ba\/en\/wp-json\/wp\/v2\/posts\/10897","targetHints":{"allow":["GET"]}}],"collection":[{"href":"https:\/\/ic-lotos.org.ba\/en\/wp-json\/wp\/v2\/posts"}],"about":[{"href":"https:\/\/ic-lotos.org.ba\/en\/wp-json\/wp\/v2\/types\/post"}],"author":[{"embeddable":true,"href":"https:\/\/ic-lotos.org.ba\/en\/wp-json\/wp\/v2\/users\/5"}],"replies":[{"embeddable":true,"href":"https:\/\/ic-lotos.org.ba\/en\/wp-json\/wp\/v2\/comments?post=10897"}],"version-history":[{"count":0,"href":"https:\/\/ic-lotos.org.ba\/en\/wp-json\/wp\/v2\/posts\/10897\/revisions"}],"wp:featuredmedia":[{"embeddable":true,"href":"https:\/\/ic-lotos.org.ba\/en\/wp-json\/wp\/v2\/media\/10892"}],"wp:attachment":[{"href":"https:\/\/ic-lotos.org.ba\/en\/wp-json\/wp\/v2\/media?parent=10897"}],"wp:term":[{"taxonomy":"category","embeddable":true,"href":"https:\/\/ic-lotos.org.ba\/en\/wp-json\/wp\/v2\/categories?post=10897"},{"taxonomy":"post_tag","embeddable":true,"href":"https:\/\/ic-lotos.org.ba\/en\/wp-json\/wp\/v2\/tags?post=10897"}],"curies":[{"name":"wp","href":"https:\/\/api.w.org\/{rel}","templated":true}]}}