{"id":10891,"date":"2012-12-04T08:40:46","date_gmt":"2012-12-04T08:40:46","guid":{"rendered":"https:\/\/v2.ic-lotos.org.ba\/3-decembar-2012-medjunarodni-dan-osoba-sa-invaliditetom\/"},"modified":"2012-12-04T08:40:46","modified_gmt":"2012-12-04T08:40:46","slug":"3-decembar-2012-medjunarodni-dan-osoba-sa-invaliditetom","status":"publish","type":"post","link":"https:\/\/ic-lotos.org.ba\/en\/3-decembar-2012-medjunarodni-dan-osoba-sa-invaliditetom\/","title":{"rendered":"3. DECEMBAR 2012, ME\u0110UNARODNI DAN OSOBA SA INVALIDITETOM"},"content":{"rendered":"<p>Iako je BiH ratifikovala Konvenciju o pravima osoba sa invaliditetom, te usvojila jedinstvenu politiku iz oblasti invalidnosti, dru\u0161tveni polo\u017eaj ovih osoba svakim danom je sve gori.\u00a0Ovo je istaknuto na dru\u017eenju koje je povodom obilje\u017eavanja 3. decembra, Me\u0111unarodnog dana osoba sa invaliditetom, u Tuzli uprili\u010dio Informativni centar za osobe sa invaliditetom \u02ddLotos\u02dd Tuzla skupa sa Koalicijom osoba sa invaliditetom TK.<\/p>\n<p>Bila je ovo jedinstvena prilika da se predstavnici institucija vlasti, ali i sve javne li\u010dnosti iz razli\u010ditih segmenata dru\u0161tva detaljno upoznaju sa radom organizacija pod \u010dijim okriljem se nalaze osobe sa invaliditetom. Procjenjuju\u0107i da ve\u0107ina dru\u0161tava u svijetu jo\u0161 uvijek ne radi dovoljno na stvaranju preduslova za punu uklju\u010denost i izjedna\u010davanje mogu\u0107nosti osoba sa invaliditetom, Ujedinjene Nacije su odlu\u010dile da se obilje\u017eavanje ovogodi\u0161njeg Me\u0111unarodnog dana uprili\u010di pod geslom <strong>\u02ddUklanjanjem barijera ka stvaranju inkluzivnog i pristupa\u010dnog dru\u0161tva za sve\u02dd<\/strong>.<\/p>\n<\/p>\n<p><strong>Osobe sa invaliditetom najdiskriminisanija grupa dru\u0161tva<\/strong><\/p>\n<p>Prema rije\u010dima izvr\u0161nog direktora \u02ddLotosa\u02dd Suvada Zahirovi\u0107a, u na\u0161em gradu, ali i \u0161irom BiH, osobe sa invaliditetom su i dalje najsiroma\u0161nija, najisklju\u010denija i najdiskriminisanija grupa gra\u0111ana koja se suo\u010dava sa nizom prepreka koje proizvodi dru\u0161tvo. \u02ddPored toga \u0161to je stanje pojedinaca sa invaliditetom u dru\u0161tvu jako lo\u0161e, i stanje organizacija osoba sa invaliditetom, koje omogu\u0107avaju da se glas ovih osoba \u010duje, tako\u0111er je sve gore. Vi imate situaciju da ima jako puno projekata koji obezbje\u0111uju resurse za intervenciju u oblasti invalidnosti, me\u0111utim, ove organizacije su isklju\u010dene iz ovih procesa u najve\u0107oj mjeri. Instituicije vlasti ne podr\u017eavaju rad organizacija osoba sa invaliidtetom, a to su du\u017ene jer su prihvatile doma\u0107e i me\u0111unarodne dokumente koji se odnose na pitanje invalidnosti\u02dd, naglasio je Zahirovi\u0107.<\/p>\n<p><img fetchpriority=\"high\" decoding=\"async\" class=\"size-full wp-image-10889\" alt=\"dan-osoba-sa-invaliditetom02\" height=\"336\" width=\"448\" src=\"https:\/\/ic-lotos.org.ba\/wp-content\/uploads\/2012\/12\/sadrzaj_2010_dan-osoba-sa-invaliditetom02.jpg\" srcset=\"https:\/\/ic-lotos.org.ba\/wp-content\/uploads\/2012\/12\/sadrzaj_2010_dan-osoba-sa-invaliditetom02.jpg 448w, https:\/\/ic-lotos.org.ba\/wp-content\/uploads\/2012\/12\/sadrzaj_2010_dan-osoba-sa-invaliditetom02-300x225.jpg 300w, https:\/\/ic-lotos.org.ba\/wp-content\/uploads\/2012\/12\/sadrzaj_2010_dan-osoba-sa-invaliditetom02-440x330.jpg 440w\" sizes=\"(max-width: 448px) 100vw, 448px\" \/><\/p>\n<p>Dru\u017eenju je prisustvovao i ministar za rad, socijalnu politiku i povratak TK Sead Hasi\u0107, koji ka\u017ee da resorno ministarstvo u potpunosti ispunjava odre\u0111ene, Zakonom predvi\u0111ene, obaveze kada su u pitanju kategorije osoba sa invaliditetom. Poja\u0161njava i da se ovo ne odonosi na osobe kod kojih je invaliditet nastupio nakon 65. godine \u017eivota. \u02ddU bud\u017eetu TK nedostaju odre\u0111ena sredstva. U 2012. godini je trebalo obezbjediti dodatnih 3,5 miliona KM za tu\u0111u pomo\u0107 i njegu licima gdje je invalidnost nastala nakon 65. godine \u017eivota. Mi \u0107emo probati u idu\u0107oj godini da to uvrstimo u bud\u017eet. Ministarstvo je ve\u0107 iza\u0161lo prema Vladi sa tim zahtjevom, ali s obzirom da se radi o deficitu u bud\u017eetu, do sada ipak nismo uspjeli obezbjediti taj dio sredstava\u02dd, podcrtao je Hasi\u0107.<\/p>\n<p><strong>U TK 20.000 osoba ometenih u psiho-fizi\u010dkom razvoju<\/strong><\/p>\n<p>Prema podacima sa kojima raspola\u017ee resorno ministarstvo, na podru\u010dju na\u0161eg kantona trenutno je prisutno oko 20.000 osoba ometenih u psiho-fizi\u010dkom razvoju. Ovakva ometenost u razvoju, prema Hasi\u0107evim rije\u010dima, predstavlja jedan veoma slo\u017een problem u zajednici, a koji se na sve mogu\u0107e na\u010dine poku\u0161ava rije\u0161iti. \u02ddOno \u0161to mi \u010dinimo, jeste da ostvarujemo dobru saradnju sa udru\u017eenjima osoba sa invaliditetom i da kroz razne projekte, mimo toga \u0161to po Zakonu ispla\u0107ujemo odre\u0111ene naknade, poma\u017eemo tako \u0161to im dajemo puni doprinos u ja\u010danju\u02dd, dodao je Hasi\u0107.<\/p>\n<p><img decoding=\"async\" class=\"size-full wp-image-10890\" alt=\"dan-osoba-sa-invaliditetom01\" height=\"336\" width=\"448\" src=\"https:\/\/ic-lotos.org.ba\/wp-content\/uploads\/2012\/12\/sadrzaj_2010_dan-osoba-sa-invaliditetom01.jpg\" srcset=\"https:\/\/ic-lotos.org.ba\/wp-content\/uploads\/2012\/12\/sadrzaj_2010_dan-osoba-sa-invaliditetom01.jpg 448w, https:\/\/ic-lotos.org.ba\/wp-content\/uploads\/2012\/12\/sadrzaj_2010_dan-osoba-sa-invaliditetom01-300x225.jpg 300w, https:\/\/ic-lotos.org.ba\/wp-content\/uploads\/2012\/12\/sadrzaj_2010_dan-osoba-sa-invaliditetom01-440x330.jpg 440w\" sizes=\"(max-width: 448px) 100vw, 448px\" \/><\/p>\n<p><strong>Poslodavci se ne pridr\u017eavaju Zakona o radu<\/strong><\/p>\n<p>Prema Zakonu o radu svi privredni subjekti du\u017eni su da na odre\u0111en broj uposlenih zapo\u0161ljavaju i odre\u0111en broj osoba sa invaliditetom, me\u0111utim to u na\u0161em kantonu jo\u0161 uvijek nije postala praksa. Da li \u0107e se ne\u0161to po ovom pitanju u narednom periodu promijeniti, s obzirom da \u0107e biti poja\u010dan inspekcijski nadzor, ostaje nam tek da vidimo.<\/p>\n<p>preuzeto sa: (TIP\/A.K.)<\/p>\n<hr \/>\n<div class=\"gsp_post_data\" \r\n\t            data-post_type=\"post\" \r\n\t            data-cat=\"vijesti\" \r\n\t            data-modified=\"120\"\r\n\t            data-created=\"1354610446\"\r\n\t            data-title=\"3. DECEMBAR 2012, ME\u0110UNARODNI DAN OSOBA SA INVALIDITETOM\" \r\n\t            data-home=\"https:\/\/ic-lotos.org.ba\/en\"><\/div>","protected":false},"excerpt":{"rendered":"<p>Iako je BiH ratifikovala Konvenciju o pravima osoba sa invaliditetom, te usvojila jedinstvenu politiku iz oblasti invalidnosti, dru\u0161tveni polo\u017eaj ovih osoba svakim danom je sve gori.\u00a0Ovo je istaknuto na dru\u017eenju koje je povodom obilje\u017eavanja 3. decembra, Me\u0111unarodnog dana osoba sa [&hellip;]<\/p>\n","protected":false},"author":5,"featured_media":10888,"comment_status":"open","ping_status":"closed","sticky":false,"template":"","format":"standard","meta":{"footnotes":""},"categories":[65],"tags":[],"class_list":["post-10891","post","type-post","status-publish","format-standard","has-post-thumbnail","hentry","category-vijesti"],"yoast_head":"<!-- This site is optimized with the Yoast SEO plugin v27.5 - https:\/\/yoast.com\/product\/yoast-seo-wordpress\/ -->\n<title>3. DECEMBAR 2012, ME\u0110UNARODNI DAN OSOBA SA INVALIDITETOM - IC Lotos Tuzla<\/title>\n<meta name=\"robots\" content=\"index, follow, max-snippet:-1, max-image-preview:large, max-video-preview:-1\" \/>\n<link rel=\"canonical\" href=\"https:\/\/ic-lotos.org.ba\/en\/3-decembar-2012-medjunarodni-dan-osoba-sa-invaliditetom\/\" \/>\n<meta property=\"og:locale\" content=\"en_US\" \/>\n<meta property=\"og:type\" content=\"article\" \/>\n<meta property=\"og:title\" content=\"3. DECEMBAR 2012, ME\u0110UNARODNI DAN OSOBA SA INVALIDITETOM - IC Lotos Tuzla\" \/>\n<meta property=\"og:description\" content=\"Iako je BiH ratifikovala Konvenciju o pravima osoba sa invaliditetom, te usvojila jedinstvenu politiku iz oblasti invalidnosti, dru\u0161tveni polo\u017eaj ovih osoba svakim danom je sve gori.\u00a0Ovo je istaknuto na dru\u017eenju koje je povodom obilje\u017eavanja 3. decembra, Me\u0111unarodnog dana osoba sa [&hellip;]\" \/>\n<meta property=\"og:url\" content=\"https:\/\/ic-lotos.org.ba\/en\/3-decembar-2012-medjunarodni-dan-osoba-sa-invaliditetom\/\" \/>\n<meta property=\"og:site_name\" content=\"IC Lotos Tuzla\" \/>\n<meta property=\"article:publisher\" content=\"https:\/\/www.facebook.com\/iclotos\/\" \/>\n<meta property=\"article:published_time\" content=\"2012-12-04T08:40:46+00:00\" \/>\n<meta property=\"og:image\" content=\"https:\/\/ic-lotos.org.ba\/wp-content\/uploads\/2012\/12\/sadrzaj_2010_dan-osoba-sa-invaliditetom03.jpg\" \/>\n\t<meta property=\"og:image:width\" content=\"448\" \/>\n\t<meta property=\"og:image:height\" content=\"336\" \/>\n\t<meta property=\"og:image:type\" content=\"image\/jpeg\" \/>\n<meta name=\"author\" content=\"Jasminko Bijeli\u0107\" \/>\n<meta name=\"twitter:card\" content=\"summary_large_image\" \/>\n<meta name=\"twitter:label1\" content=\"Written by\" \/>\n\t<meta name=\"twitter:data1\" content=\"Jasminko Bijeli\u0107\" \/>\n\t<meta name=\"twitter:label2\" content=\"Est. reading time\" \/>\n\t<meta name=\"twitter:data2\" content=\"3 minutes\" \/>\n<script type=\"application\/ld+json\" class=\"yoast-schema-graph\">{\"@context\":\"https:\\\/\\\/schema.org\",\"@graph\":[{\"@type\":\"Article\",\"@id\":\"https:\\\/\\\/ic-lotos.org.ba\\\/3-decembar-2012-medjunarodni-dan-osoba-sa-invaliditetom\\\/#article\",\"isPartOf\":{\"@id\":\"https:\\\/\\\/ic-lotos.org.ba\\\/3-decembar-2012-medjunarodni-dan-osoba-sa-invaliditetom\\\/\"},\"author\":{\"name\":\"Jasminko Bijeli\u0107\",\"@id\":\"https:\\\/\\\/ic-lotos.org.ba\\\/#\\\/schema\\\/person\\\/fb1da7c92bc3365aad6d1abac5bfe80a\"},\"headline\":\"3. DECEMBAR 2012, ME\u0110UNARODNI DAN OSOBA SA INVALIDITETOM\",\"datePublished\":\"2012-12-04T08:40:46+00:00\",\"mainEntityOfPage\":{\"@id\":\"https:\\\/\\\/ic-lotos.org.ba\\\/3-decembar-2012-medjunarodni-dan-osoba-sa-invaliditetom\\\/\"},\"wordCount\":630,\"commentCount\":0,\"publisher\":{\"@id\":\"https:\\\/\\\/ic-lotos.org.ba\\\/#organization\"},\"image\":{\"@id\":\"https:\\\/\\\/ic-lotos.org.ba\\\/3-decembar-2012-medjunarodni-dan-osoba-sa-invaliditetom\\\/#primaryimage\"},\"thumbnailUrl\":\"https:\\\/\\\/ic-lotos.org.ba\\\/wp-content\\\/uploads\\\/2012\\\/12\\\/sadrzaj_2010_dan-osoba-sa-invaliditetom03.jpg\",\"articleSection\":[\"Vijesti\"],\"inLanguage\":\"en-US\"},{\"@type\":\"WebPage\",\"@id\":\"https:\\\/\\\/ic-lotos.org.ba\\\/3-decembar-2012-medjunarodni-dan-osoba-sa-invaliditetom\\\/\",\"url\":\"https:\\\/\\\/ic-lotos.org.ba\\\/3-decembar-2012-medjunarodni-dan-osoba-sa-invaliditetom\\\/\",\"name\":\"3. DECEMBAR 2012, ME\u0110UNARODNI DAN OSOBA SA INVALIDITETOM - IC Lotos Tuzla\",\"isPartOf\":{\"@id\":\"https:\\\/\\\/ic-lotos.org.ba\\\/#website\"},\"primaryImageOfPage\":{\"@id\":\"https:\\\/\\\/ic-lotos.org.ba\\\/3-decembar-2012-medjunarodni-dan-osoba-sa-invaliditetom\\\/#primaryimage\"},\"image\":{\"@id\":\"https:\\\/\\\/ic-lotos.org.ba\\\/3-decembar-2012-medjunarodni-dan-osoba-sa-invaliditetom\\\/#primaryimage\"},\"thumbnailUrl\":\"https:\\\/\\\/ic-lotos.org.ba\\\/wp-content\\\/uploads\\\/2012\\\/12\\\/sadrzaj_2010_dan-osoba-sa-invaliditetom03.jpg\",\"datePublished\":\"2012-12-04T08:40:46+00:00\",\"breadcrumb\":{\"@id\":\"https:\\\/\\\/ic-lotos.org.ba\\\/3-decembar-2012-medjunarodni-dan-osoba-sa-invaliditetom\\\/#breadcrumb\"},\"inLanguage\":\"en-US\",\"potentialAction\":[{\"@type\":\"ReadAction\",\"target\":[\"https:\\\/\\\/ic-lotos.org.ba\\\/3-decembar-2012-medjunarodni-dan-osoba-sa-invaliditetom\\\/\"]}]},{\"@type\":\"ImageObject\",\"inLanguage\":\"en-US\",\"@id\":\"https:\\\/\\\/ic-lotos.org.ba\\\/3-decembar-2012-medjunarodni-dan-osoba-sa-invaliditetom\\\/#primaryimage\",\"url\":\"https:\\\/\\\/ic-lotos.org.ba\\\/wp-content\\\/uploads\\\/2012\\\/12\\\/sadrzaj_2010_dan-osoba-sa-invaliditetom03.jpg\",\"contentUrl\":\"https:\\\/\\\/ic-lotos.org.ba\\\/wp-content\\\/uploads\\\/2012\\\/12\\\/sadrzaj_2010_dan-osoba-sa-invaliditetom03.jpg\",\"width\":448,\"height\":336,\"caption\":\"dan-osoba-sa-invaliditetom03\"},{\"@type\":\"BreadcrumbList\",\"@id\":\"https:\\\/\\\/ic-lotos.org.ba\\\/3-decembar-2012-medjunarodni-dan-osoba-sa-invaliditetom\\\/#breadcrumb\",\"itemListElement\":[{\"@type\":\"ListItem\",\"position\":1,\"name\":\"Naslovna\",\"item\":\"https:\\\/\\\/ic-lotos.org.ba\\\/\"},{\"@type\":\"ListItem\",\"position\":2,\"name\":\"3. DECEMBAR 2012, ME\u0110UNARODNI DAN OSOBA SA INVALIDITETOM\"}]},{\"@type\":\"WebSite\",\"@id\":\"https:\\\/\\\/ic-lotos.org.ba\\\/#website\",\"url\":\"https:\\\/\\\/ic-lotos.org.ba\\\/\",\"name\":\"IC Lotos Tuzla\",\"description\":\"Informativni centar \u201cLotos\u201d okuplja osobe sa ili bez invaliditeta koje su zainteresovane da svojim radom bilo na profesionalnoj ili volonterskoj osnovi doprinesu ostvarivanju misije organizacije.\",\"publisher\":{\"@id\":\"https:\\\/\\\/ic-lotos.org.ba\\\/#organization\"},\"potentialAction\":[{\"@type\":\"SearchAction\",\"target\":{\"@type\":\"EntryPoint\",\"urlTemplate\":\"https:\\\/\\\/ic-lotos.org.ba\\\/?s={search_term_string}\"},\"query-input\":{\"@type\":\"PropertyValueSpecification\",\"valueRequired\":true,\"valueName\":\"search_term_string\"}}],\"inLanguage\":\"en-US\"},{\"@type\":\"Organization\",\"@id\":\"https:\\\/\\\/ic-lotos.org.ba\\\/#organization\",\"name\":\"IC Lotos Tuzla\",\"url\":\"https:\\\/\\\/ic-lotos.org.ba\\\/\",\"logo\":{\"@type\":\"ImageObject\",\"inLanguage\":\"en-US\",\"@id\":\"https:\\\/\\\/ic-lotos.org.ba\\\/#\\\/schema\\\/logo\\\/image\\\/\",\"url\":\"https:\\\/\\\/ic-lotos.org.ba\\\/wp-content\\\/uploads\\\/2019\\\/11\\\/logo.jpg\",\"contentUrl\":\"https:\\\/\\\/ic-lotos.org.ba\\\/wp-content\\\/uploads\\\/2019\\\/11\\\/logo.jpg\",\"width\":575,\"height\":623,\"caption\":\"IC Lotos Tuzla\"},\"image\":{\"@id\":\"https:\\\/\\\/ic-lotos.org.ba\\\/#\\\/schema\\\/logo\\\/image\\\/\"},\"sameAs\":[\"https:\\\/\\\/www.facebook.com\\\/iclotos\\\/\",\"https:\\\/\\\/www.youtube.com\\\/feed\\\/library\"]},{\"@type\":\"Person\",\"@id\":\"https:\\\/\\\/ic-lotos.org.ba\\\/#\\\/schema\\\/person\\\/fb1da7c92bc3365aad6d1abac5bfe80a\",\"name\":\"Jasminko Bijeli\u0107\",\"image\":{\"@type\":\"ImageObject\",\"inLanguage\":\"en-US\",\"@id\":\"https:\\\/\\\/secure.gravatar.com\\\/avatar\\\/d694f8eb6cc3383210938655f7851f13239ed2f29afcf4e787e3c519ba016d67?s=96&d=mm&r=g\",\"url\":\"https:\\\/\\\/secure.gravatar.com\\\/avatar\\\/d694f8eb6cc3383210938655f7851f13239ed2f29afcf4e787e3c519ba016d67?s=96&d=mm&r=g\",\"contentUrl\":\"https:\\\/\\\/secure.gravatar.com\\\/avatar\\\/d694f8eb6cc3383210938655f7851f13239ed2f29afcf4e787e3c519ba016d67?s=96&d=mm&r=g\",\"caption\":\"Jasminko Bijeli\u0107\"}}]}<\/script>\n<!-- \/ Yoast SEO plugin. -->","yoast_head_json":{"title":"3. DECEMBAR 2012, ME\u0110UNARODNI DAN OSOBA SA INVALIDITETOM - IC Lotos Tuzla","robots":{"index":"index","follow":"follow","max-snippet":"max-snippet:-1","max-image-preview":"max-image-preview:large","max-video-preview":"max-video-preview:-1"},"canonical":"https:\/\/ic-lotos.org.ba\/en\/3-decembar-2012-medjunarodni-dan-osoba-sa-invaliditetom\/","og_locale":"en_US","og_type":"article","og_title":"3. DECEMBAR 2012, ME\u0110UNARODNI DAN OSOBA SA INVALIDITETOM - IC Lotos Tuzla","og_description":"Iako je BiH ratifikovala Konvenciju o pravima osoba sa invaliditetom, te usvojila jedinstvenu politiku iz oblasti invalidnosti, dru\u0161tveni polo\u017eaj ovih osoba svakim danom je sve gori.\u00a0Ovo je istaknuto na dru\u017eenju koje je povodom obilje\u017eavanja 3. decembra, Me\u0111unarodnog dana osoba sa [&hellip;]","og_url":"https:\/\/ic-lotos.org.ba\/en\/3-decembar-2012-medjunarodni-dan-osoba-sa-invaliditetom\/","og_site_name":"IC Lotos Tuzla","article_publisher":"https:\/\/www.facebook.com\/iclotos\/","article_published_time":"2012-12-04T08:40:46+00:00","og_image":[{"width":448,"height":336,"url":"https:\/\/ic-lotos.org.ba\/wp-content\/uploads\/2012\/12\/sadrzaj_2010_dan-osoba-sa-invaliditetom03.jpg","type":"image\/jpeg"}],"author":"Jasminko Bijeli\u0107","twitter_card":"summary_large_image","twitter_misc":{"Written by":"Jasminko Bijeli\u0107","Est. reading time":"3 minutes"},"schema":{"@context":"https:\/\/schema.org","@graph":[{"@type":"Article","@id":"https:\/\/ic-lotos.org.ba\/3-decembar-2012-medjunarodni-dan-osoba-sa-invaliditetom\/#article","isPartOf":{"@id":"https:\/\/ic-lotos.org.ba\/3-decembar-2012-medjunarodni-dan-osoba-sa-invaliditetom\/"},"author":{"name":"Jasminko Bijeli\u0107","@id":"https:\/\/ic-lotos.org.ba\/#\/schema\/person\/fb1da7c92bc3365aad6d1abac5bfe80a"},"headline":"3. DECEMBAR 2012, ME\u0110UNARODNI DAN OSOBA SA INVALIDITETOM","datePublished":"2012-12-04T08:40:46+00:00","mainEntityOfPage":{"@id":"https:\/\/ic-lotos.org.ba\/3-decembar-2012-medjunarodni-dan-osoba-sa-invaliditetom\/"},"wordCount":630,"commentCount":0,"publisher":{"@id":"https:\/\/ic-lotos.org.ba\/#organization"},"image":{"@id":"https:\/\/ic-lotos.org.ba\/3-decembar-2012-medjunarodni-dan-osoba-sa-invaliditetom\/#primaryimage"},"thumbnailUrl":"https:\/\/ic-lotos.org.ba\/wp-content\/uploads\/2012\/12\/sadrzaj_2010_dan-osoba-sa-invaliditetom03.jpg","articleSection":["Vijesti"],"inLanguage":"en-US"},{"@type":"WebPage","@id":"https:\/\/ic-lotos.org.ba\/3-decembar-2012-medjunarodni-dan-osoba-sa-invaliditetom\/","url":"https:\/\/ic-lotos.org.ba\/3-decembar-2012-medjunarodni-dan-osoba-sa-invaliditetom\/","name":"3. DECEMBAR 2012, ME\u0110UNARODNI DAN OSOBA SA INVALIDITETOM - IC Lotos Tuzla","isPartOf":{"@id":"https:\/\/ic-lotos.org.ba\/#website"},"primaryImageOfPage":{"@id":"https:\/\/ic-lotos.org.ba\/3-decembar-2012-medjunarodni-dan-osoba-sa-invaliditetom\/#primaryimage"},"image":{"@id":"https:\/\/ic-lotos.org.ba\/3-decembar-2012-medjunarodni-dan-osoba-sa-invaliditetom\/#primaryimage"},"thumbnailUrl":"https:\/\/ic-lotos.org.ba\/wp-content\/uploads\/2012\/12\/sadrzaj_2010_dan-osoba-sa-invaliditetom03.jpg","datePublished":"2012-12-04T08:40:46+00:00","breadcrumb":{"@id":"https:\/\/ic-lotos.org.ba\/3-decembar-2012-medjunarodni-dan-osoba-sa-invaliditetom\/#breadcrumb"},"inLanguage":"en-US","potentialAction":[{"@type":"ReadAction","target":["https:\/\/ic-lotos.org.ba\/3-decembar-2012-medjunarodni-dan-osoba-sa-invaliditetom\/"]}]},{"@type":"ImageObject","inLanguage":"en-US","@id":"https:\/\/ic-lotos.org.ba\/3-decembar-2012-medjunarodni-dan-osoba-sa-invaliditetom\/#primaryimage","url":"https:\/\/ic-lotos.org.ba\/wp-content\/uploads\/2012\/12\/sadrzaj_2010_dan-osoba-sa-invaliditetom03.jpg","contentUrl":"https:\/\/ic-lotos.org.ba\/wp-content\/uploads\/2012\/12\/sadrzaj_2010_dan-osoba-sa-invaliditetom03.jpg","width":448,"height":336,"caption":"dan-osoba-sa-invaliditetom03"},{"@type":"BreadcrumbList","@id":"https:\/\/ic-lotos.org.ba\/3-decembar-2012-medjunarodni-dan-osoba-sa-invaliditetom\/#breadcrumb","itemListElement":[{"@type":"ListItem","position":1,"name":"Naslovna","item":"https:\/\/ic-lotos.org.ba\/"},{"@type":"ListItem","position":2,"name":"3. DECEMBAR 2012, ME\u0110UNARODNI DAN OSOBA SA INVALIDITETOM"}]},{"@type":"WebSite","@id":"https:\/\/ic-lotos.org.ba\/#website","url":"https:\/\/ic-lotos.org.ba\/","name":"IC Lotos Tuzla","description":"Informativni centar \u201cLotos\u201d okuplja osobe sa ili bez invaliditeta koje su zainteresovane da svojim radom bilo na profesionalnoj ili volonterskoj osnovi doprinesu ostvarivanju misije organizacije.","publisher":{"@id":"https:\/\/ic-lotos.org.ba\/#organization"},"potentialAction":[{"@type":"SearchAction","target":{"@type":"EntryPoint","urlTemplate":"https:\/\/ic-lotos.org.ba\/?s={search_term_string}"},"query-input":{"@type":"PropertyValueSpecification","valueRequired":true,"valueName":"search_term_string"}}],"inLanguage":"en-US"},{"@type":"Organization","@id":"https:\/\/ic-lotos.org.ba\/#organization","name":"IC Lotos Tuzla","url":"https:\/\/ic-lotos.org.ba\/","logo":{"@type":"ImageObject","inLanguage":"en-US","@id":"https:\/\/ic-lotos.org.ba\/#\/schema\/logo\/image\/","url":"https:\/\/ic-lotos.org.ba\/wp-content\/uploads\/2019\/11\/logo.jpg","contentUrl":"https:\/\/ic-lotos.org.ba\/wp-content\/uploads\/2019\/11\/logo.jpg","width":575,"height":623,"caption":"IC Lotos Tuzla"},"image":{"@id":"https:\/\/ic-lotos.org.ba\/#\/schema\/logo\/image\/"},"sameAs":["https:\/\/www.facebook.com\/iclotos\/","https:\/\/www.youtube.com\/feed\/library"]},{"@type":"Person","@id":"https:\/\/ic-lotos.org.ba\/#\/schema\/person\/fb1da7c92bc3365aad6d1abac5bfe80a","name":"Jasminko Bijeli\u0107","image":{"@type":"ImageObject","inLanguage":"en-US","@id":"https:\/\/secure.gravatar.com\/avatar\/d694f8eb6cc3383210938655f7851f13239ed2f29afcf4e787e3c519ba016d67?s=96&d=mm&r=g","url":"https:\/\/secure.gravatar.com\/avatar\/d694f8eb6cc3383210938655f7851f13239ed2f29afcf4e787e3c519ba016d67?s=96&d=mm&r=g","contentUrl":"https:\/\/secure.gravatar.com\/avatar\/d694f8eb6cc3383210938655f7851f13239ed2f29afcf4e787e3c519ba016d67?s=96&d=mm&r=g","caption":"Jasminko Bijeli\u0107"}}]}},"_links":{"self":[{"href":"https:\/\/ic-lotos.org.ba\/en\/wp-json\/wp\/v2\/posts\/10891","targetHints":{"allow":["GET"]}}],"collection":[{"href":"https:\/\/ic-lotos.org.ba\/en\/wp-json\/wp\/v2\/posts"}],"about":[{"href":"https:\/\/ic-lotos.org.ba\/en\/wp-json\/wp\/v2\/types\/post"}],"author":[{"embeddable":true,"href":"https:\/\/ic-lotos.org.ba\/en\/wp-json\/wp\/v2\/users\/5"}],"replies":[{"embeddable":true,"href":"https:\/\/ic-lotos.org.ba\/en\/wp-json\/wp\/v2\/comments?post=10891"}],"version-history":[{"count":0,"href":"https:\/\/ic-lotos.org.ba\/en\/wp-json\/wp\/v2\/posts\/10891\/revisions"}],"wp:featuredmedia":[{"embeddable":true,"href":"https:\/\/ic-lotos.org.ba\/en\/wp-json\/wp\/v2\/media\/10888"}],"wp:attachment":[{"href":"https:\/\/ic-lotos.org.ba\/en\/wp-json\/wp\/v2\/media?parent=10891"}],"wp:term":[{"taxonomy":"category","embeddable":true,"href":"https:\/\/ic-lotos.org.ba\/en\/wp-json\/wp\/v2\/categories?post=10891"},{"taxonomy":"post_tag","embeddable":true,"href":"https:\/\/ic-lotos.org.ba\/en\/wp-json\/wp\/v2\/tags?post=10891"}],"curies":[{"name":"wp","href":"https:\/\/api.w.org\/{rel}","templated":true}]}}