{"id":10843,"date":"2012-06-27T08:58:47","date_gmt":"2012-06-27T08:58:47","guid":{"rendered":"https:\/\/v2.ic-lotos.org.ba\/vii-forum-saveza-i-organizacija-osoba-sa-invaliditetom-u-bih\/"},"modified":"2012-06-27T08:58:47","modified_gmt":"2012-06-27T08:58:47","slug":"vii-forum-saveza-i-organizacija-osoba-sa-invaliditetom-u-bih","status":"publish","type":"post","link":"https:\/\/ic-lotos.org.ba\/en\/vii-forum-saveza-i-organizacija-osoba-sa-invaliditetom-u-bih\/","title":{"rendered":"VII FORUM OF THE UNION AND ORGANIZATION OF PERSONS WITH DISABILITIES IN BIH"},"content":{"rendered":"<p>On Tuesday<strong>, <\/strong>On June 26, 2012, the VII Forum of the Alliance and Organization of Persons with Disabilities and other organizations in the movement of persons with disabilities, at the local, entity and state levels, was held at the hotel &quot;Pahuljica&quot; on Vla\u0161i\u0107, Travnik.<\/p>\n<p>The topic that was discussed in this forum is:<\/p>\n<p><strong>&quot;Process of preparing the national initial report on the implementation of the Convention on the Rights of Persons with Disabilities in Bosnia and Herzegovina&quot;<\/strong><\/p>\n<p><strong> <\/strong><\/p>\n<p>The forum&#039;s topic introductions were: Ms. Olivera Mastikosa and Ms. Belma Karkelja Omerovi\u0107, independent consultants to support the Report preparation process.<\/p>\n<p>The forum was attended by around 40 representatives of the Alliance and Organizations of Persons with Disabilities from across Bosnia and Herzegovina.<\/p>\n<p>As in previous forums, the organizers were the Information Center for Persons with Disabilities &quot;Lotos&quot; Tuzla in partnership with the Humanitarian Organization &quot;Partner&quot; from Banja Luka and the Center for Independent Living &quot;Threshold&quot; from Helsinki.<\/p>\n<\/p>\n<p><img fetchpriority=\"high\" decoding=\"async\" class=\"size-full wp-image-10840\" alt=\"DSC01057\" height=\"336\" width=\"448\" src=\"https:\/\/ic-lotos.org.ba\/wp-content\/uploads\/2012\/06\/sadrzaj_2010_DSC01057.jpg\" srcset=\"https:\/\/ic-lotos.org.ba\/wp-content\/uploads\/2012\/06\/sadrzaj_2010_DSC01057.jpg 448w, https:\/\/ic-lotos.org.ba\/wp-content\/uploads\/2012\/06\/sadrzaj_2010_DSC01057-300x225.jpg 300w, https:\/\/ic-lotos.org.ba\/wp-content\/uploads\/2012\/06\/sadrzaj_2010_DSC01057-440x330.jpg 440w\" sizes=\"(max-width: 448px) 100vw, 448px\" \/><\/p>\n<p><img decoding=\"async\" class=\"size-full wp-image-10841\" alt=\"DSC01068\" height=\"336\" width=\"448\" src=\"https:\/\/ic-lotos.org.ba\/wp-content\/uploads\/2012\/06\/sadrzaj_2010_DSC01068.jpg\" srcset=\"https:\/\/ic-lotos.org.ba\/wp-content\/uploads\/2012\/06\/sadrzaj_2010_DSC01068.jpg 448w, https:\/\/ic-lotos.org.ba\/wp-content\/uploads\/2012\/06\/sadrzaj_2010_DSC01068-300x225.jpg 300w, https:\/\/ic-lotos.org.ba\/wp-content\/uploads\/2012\/06\/sadrzaj_2010_DSC01068-440x330.jpg 440w\" sizes=\"(max-width: 448px) 100vw, 448px\" \/><\/p>\n<p><img decoding=\"async\" class=\"size-full wp-image-10842\" alt=\"DSC01050\" height=\"336\" width=\"448\" src=\"https:\/\/ic-lotos.org.ba\/wp-content\/uploads\/2012\/06\/sadrzaj_2010_DSC01050.jpg\" srcset=\"https:\/\/ic-lotos.org.ba\/wp-content\/uploads\/2012\/06\/sadrzaj_2010_DSC01050.jpg 448w, https:\/\/ic-lotos.org.ba\/wp-content\/uploads\/2012\/06\/sadrzaj_2010_DSC01050-300x225.jpg 300w, https:\/\/ic-lotos.org.ba\/wp-content\/uploads\/2012\/06\/sadrzaj_2010_DSC01050-440x330.jpg 440w\" sizes=\"(max-width: 448px) 100vw, 448px\" \/><\/p>\n<p>\u00a0<\/p>\n<hr \/>\n<p>\u00a0<\/p>\n<div class=\"gsp_post_data\" \r\n\t            data-post_type=\"post\" \r\n\t            data-cat=\"vijesti\" \r\n\t            data-modified=\"120\"\r\n\t            data-created=\"1340787527\"\r\n\t            data-title=\"VII FORUM SAVEZA I ORGANIZACIJA OSOBA SA INVALIDITETOM U BiH\" \r\n\t            data-home=\"https:\/\/ic-lotos.org.ba\/en\"><\/div>","protected":false},"excerpt":{"rendered":"<p>U Utorak, 26.-og juna 2012. u hotelu \u201ePahuljica\u201c na Vla\u0161i\u0107u, Travnik, odr\u017ean je VII Forum Saveza i Organizacija osoba sa invaliditetom i drugih organizacija u pokretu osoba sa invaliditetom, na lokalnom, entitetskom i dr\u017eavnom nivou. Tema koja je bila razmatrana [&hellip;]<\/p>\n","protected":false},"author":5,"featured_media":10839,"comment_status":"open","ping_status":"closed","sticky":false,"template":"","format":"standard","meta":{"footnotes":""},"categories":[65],"tags":[],"class_list":["post-10843","post","type-post","status-publish","format-standard","has-post-thumbnail","hentry","category-vijesti"],"yoast_head":"<!-- This site is optimized with the Yoast SEO plugin v27.5 - https:\/\/yoast.com\/product\/yoast-seo-wordpress\/ -->\n<title>VII FORUM SAVEZA I ORGANIZACIJA OSOBA SA INVALIDITETOM U BiH - IC Lotos Tuzla<\/title>\n<meta name=\"robots\" content=\"index, follow, max-snippet:-1, max-image-preview:large, max-video-preview:-1\" \/>\n<link rel=\"canonical\" href=\"https:\/\/ic-lotos.org.ba\/en\/vii-forum-saveza-i-organizacija-osoba-sa-invaliditetom-u-bih\/\" \/>\n<meta property=\"og:locale\" content=\"en_US\" \/>\n<meta property=\"og:type\" content=\"article\" \/>\n<meta property=\"og:title\" content=\"VII FORUM SAVEZA I ORGANIZACIJA OSOBA SA INVALIDITETOM U BiH - IC Lotos Tuzla\" \/>\n<meta property=\"og:description\" content=\"U Utorak, 26.-og juna 2012. u hotelu \u201ePahuljica\u201c na Vla\u0161i\u0107u, Travnik, odr\u017ean je VII Forum Saveza i Organizacija osoba sa invaliditetom i drugih organizacija u pokretu osoba sa invaliditetom, na lokalnom, entitetskom i dr\u017eavnom nivou. Tema koja je bila razmatrana [&hellip;]\" \/>\n<meta property=\"og:url\" content=\"https:\/\/ic-lotos.org.ba\/en\/vii-forum-saveza-i-organizacija-osoba-sa-invaliditetom-u-bih\/\" \/>\n<meta property=\"og:site_name\" content=\"IC Lotos Tuzla\" \/>\n<meta property=\"article:publisher\" content=\"https:\/\/www.facebook.com\/iclotos\/\" \/>\n<meta property=\"article:published_time\" content=\"2012-06-27T08:58:47+00:00\" \/>\n<meta property=\"og:image\" content=\"https:\/\/ic-lotos.org.ba\/wp-content\/uploads\/2012\/06\/sadrzaj_2010_DSC01055.jpg\" \/>\n\t<meta property=\"og:image:width\" content=\"448\" \/>\n\t<meta property=\"og:image:height\" content=\"336\" \/>\n\t<meta property=\"og:image:type\" content=\"image\/jpeg\" \/>\n<meta name=\"author\" content=\"Jasminko Bijeli\u0107\" \/>\n<meta name=\"twitter:card\" content=\"summary_large_image\" \/>\n<meta name=\"twitter:label1\" content=\"Written by\" \/>\n\t<meta name=\"twitter:data1\" content=\"Jasminko Bijeli\u0107\" \/>\n\t<meta name=\"twitter:label2\" content=\"Est. reading time\" \/>\n\t<meta name=\"twitter:data2\" content=\"1 minute\" \/>\n<script type=\"application\/ld+json\" class=\"yoast-schema-graph\">{\"@context\":\"https:\\\/\\\/schema.org\",\"@graph\":[{\"@type\":\"Article\",\"@id\":\"https:\\\/\\\/ic-lotos.org.ba\\\/vii-forum-saveza-i-organizacija-osoba-sa-invaliditetom-u-bih\\\/#article\",\"isPartOf\":{\"@id\":\"https:\\\/\\\/ic-lotos.org.ba\\\/vii-forum-saveza-i-organizacija-osoba-sa-invaliditetom-u-bih\\\/\"},\"author\":{\"name\":\"Jasminko Bijeli\u0107\",\"@id\":\"https:\\\/\\\/ic-lotos.org.ba\\\/#\\\/schema\\\/person\\\/fb1da7c92bc3365aad6d1abac5bfe80a\"},\"headline\":\"VII FORUM SAVEZA I ORGANIZACIJA OSOBA SA INVALIDITETOM U BiH\",\"datePublished\":\"2012-06-27T08:58:47+00:00\",\"mainEntityOfPage\":{\"@id\":\"https:\\\/\\\/ic-lotos.org.ba\\\/vii-forum-saveza-i-organizacija-osoba-sa-invaliditetom-u-bih\\\/\"},\"wordCount\":157,\"commentCount\":0,\"publisher\":{\"@id\":\"https:\\\/\\\/ic-lotos.org.ba\\\/#organization\"},\"image\":{\"@id\":\"https:\\\/\\\/ic-lotos.org.ba\\\/vii-forum-saveza-i-organizacija-osoba-sa-invaliditetom-u-bih\\\/#primaryimage\"},\"thumbnailUrl\":\"https:\\\/\\\/ic-lotos.org.ba\\\/wp-content\\\/uploads\\\/2012\\\/06\\\/sadrzaj_2010_DSC01055.jpg\",\"articleSection\":[\"Vijesti\"],\"inLanguage\":\"en-US\"},{\"@type\":\"WebPage\",\"@id\":\"https:\\\/\\\/ic-lotos.org.ba\\\/vii-forum-saveza-i-organizacija-osoba-sa-invaliditetom-u-bih\\\/\",\"url\":\"https:\\\/\\\/ic-lotos.org.ba\\\/vii-forum-saveza-i-organizacija-osoba-sa-invaliditetom-u-bih\\\/\",\"name\":\"VII FORUM SAVEZA I ORGANIZACIJA OSOBA SA INVALIDITETOM U BiH - IC Lotos Tuzla\",\"isPartOf\":{\"@id\":\"https:\\\/\\\/ic-lotos.org.ba\\\/#website\"},\"primaryImageOfPage\":{\"@id\":\"https:\\\/\\\/ic-lotos.org.ba\\\/vii-forum-saveza-i-organizacija-osoba-sa-invaliditetom-u-bih\\\/#primaryimage\"},\"image\":{\"@id\":\"https:\\\/\\\/ic-lotos.org.ba\\\/vii-forum-saveza-i-organizacija-osoba-sa-invaliditetom-u-bih\\\/#primaryimage\"},\"thumbnailUrl\":\"https:\\\/\\\/ic-lotos.org.ba\\\/wp-content\\\/uploads\\\/2012\\\/06\\\/sadrzaj_2010_DSC01055.jpg\",\"datePublished\":\"2012-06-27T08:58:47+00:00\",\"breadcrumb\":{\"@id\":\"https:\\\/\\\/ic-lotos.org.ba\\\/vii-forum-saveza-i-organizacija-osoba-sa-invaliditetom-u-bih\\\/#breadcrumb\"},\"inLanguage\":\"en-US\",\"potentialAction\":[{\"@type\":\"ReadAction\",\"target\":[\"https:\\\/\\\/ic-lotos.org.ba\\\/vii-forum-saveza-i-organizacija-osoba-sa-invaliditetom-u-bih\\\/\"]}]},{\"@type\":\"ImageObject\",\"inLanguage\":\"en-US\",\"@id\":\"https:\\\/\\\/ic-lotos.org.ba\\\/vii-forum-saveza-i-organizacija-osoba-sa-invaliditetom-u-bih\\\/#primaryimage\",\"url\":\"https:\\\/\\\/ic-lotos.org.ba\\\/wp-content\\\/uploads\\\/2012\\\/06\\\/sadrzaj_2010_DSC01055.jpg\",\"contentUrl\":\"https:\\\/\\\/ic-lotos.org.ba\\\/wp-content\\\/uploads\\\/2012\\\/06\\\/sadrzaj_2010_DSC01055.jpg\",\"width\":448,\"height\":336,\"caption\":\"DSC01055\"},{\"@type\":\"BreadcrumbList\",\"@id\":\"https:\\\/\\\/ic-lotos.org.ba\\\/vii-forum-saveza-i-organizacija-osoba-sa-invaliditetom-u-bih\\\/#breadcrumb\",\"itemListElement\":[{\"@type\":\"ListItem\",\"position\":1,\"name\":\"Naslovna\",\"item\":\"https:\\\/\\\/ic-lotos.org.ba\\\/\"},{\"@type\":\"ListItem\",\"position\":2,\"name\":\"VII FORUM SAVEZA I ORGANIZACIJA OSOBA SA INVALIDITETOM U BiH\"}]},{\"@type\":\"WebSite\",\"@id\":\"https:\\\/\\\/ic-lotos.org.ba\\\/#website\",\"url\":\"https:\\\/\\\/ic-lotos.org.ba\\\/\",\"name\":\"IC Lotos Tuzla\",\"description\":\"Informativni centar \u201cLotos\u201d okuplja osobe sa ili bez invaliditeta koje su zainteresovane da svojim radom bilo na profesionalnoj ili volonterskoj osnovi doprinesu ostvarivanju misije organizacije.\",\"publisher\":{\"@id\":\"https:\\\/\\\/ic-lotos.org.ba\\\/#organization\"},\"potentialAction\":[{\"@type\":\"SearchAction\",\"target\":{\"@type\":\"EntryPoint\",\"urlTemplate\":\"https:\\\/\\\/ic-lotos.org.ba\\\/?s={search_term_string}\"},\"query-input\":{\"@type\":\"PropertyValueSpecification\",\"valueRequired\":true,\"valueName\":\"search_term_string\"}}],\"inLanguage\":\"en-US\"},{\"@type\":\"Organization\",\"@id\":\"https:\\\/\\\/ic-lotos.org.ba\\\/#organization\",\"name\":\"IC Lotos Tuzla\",\"url\":\"https:\\\/\\\/ic-lotos.org.ba\\\/\",\"logo\":{\"@type\":\"ImageObject\",\"inLanguage\":\"en-US\",\"@id\":\"https:\\\/\\\/ic-lotos.org.ba\\\/#\\\/schema\\\/logo\\\/image\\\/\",\"url\":\"https:\\\/\\\/ic-lotos.org.ba\\\/wp-content\\\/uploads\\\/2019\\\/11\\\/logo.jpg\",\"contentUrl\":\"https:\\\/\\\/ic-lotos.org.ba\\\/wp-content\\\/uploads\\\/2019\\\/11\\\/logo.jpg\",\"width\":575,\"height\":623,\"caption\":\"IC Lotos Tuzla\"},\"image\":{\"@id\":\"https:\\\/\\\/ic-lotos.org.ba\\\/#\\\/schema\\\/logo\\\/image\\\/\"},\"sameAs\":[\"https:\\\/\\\/www.facebook.com\\\/iclotos\\\/\",\"https:\\\/\\\/www.youtube.com\\\/feed\\\/library\"]},{\"@type\":\"Person\",\"@id\":\"https:\\\/\\\/ic-lotos.org.ba\\\/#\\\/schema\\\/person\\\/fb1da7c92bc3365aad6d1abac5bfe80a\",\"name\":\"Jasminko Bijeli\u0107\",\"image\":{\"@type\":\"ImageObject\",\"inLanguage\":\"en-US\",\"@id\":\"https:\\\/\\\/secure.gravatar.com\\\/avatar\\\/d694f8eb6cc3383210938655f7851f13239ed2f29afcf4e787e3c519ba016d67?s=96&d=mm&r=g\",\"url\":\"https:\\\/\\\/secure.gravatar.com\\\/avatar\\\/d694f8eb6cc3383210938655f7851f13239ed2f29afcf4e787e3c519ba016d67?s=96&d=mm&r=g\",\"contentUrl\":\"https:\\\/\\\/secure.gravatar.com\\\/avatar\\\/d694f8eb6cc3383210938655f7851f13239ed2f29afcf4e787e3c519ba016d67?s=96&d=mm&r=g\",\"caption\":\"Jasminko Bijeli\u0107\"}}]}<\/script>\n<!-- \/ Yoast SEO plugin. -->","yoast_head_json":{"title":"VII FORUM SAVEZA I ORGANIZACIJA OSOBA SA INVALIDITETOM U BiH - IC Lotos Tuzla","robots":{"index":"index","follow":"follow","max-snippet":"max-snippet:-1","max-image-preview":"max-image-preview:large","max-video-preview":"max-video-preview:-1"},"canonical":"https:\/\/ic-lotos.org.ba\/en\/vii-forum-saveza-i-organizacija-osoba-sa-invaliditetom-u-bih\/","og_locale":"en_US","og_type":"article","og_title":"VII FORUM SAVEZA I ORGANIZACIJA OSOBA SA INVALIDITETOM U BiH - IC Lotos Tuzla","og_description":"U Utorak, 26.-og juna 2012. u hotelu \u201ePahuljica\u201c na Vla\u0161i\u0107u, Travnik, odr\u017ean je VII Forum Saveza i Organizacija osoba sa invaliditetom i drugih organizacija u pokretu osoba sa invaliditetom, na lokalnom, entitetskom i dr\u017eavnom nivou. Tema koja je bila razmatrana [&hellip;]","og_url":"https:\/\/ic-lotos.org.ba\/en\/vii-forum-saveza-i-organizacija-osoba-sa-invaliditetom-u-bih\/","og_site_name":"IC Lotos Tuzla","article_publisher":"https:\/\/www.facebook.com\/iclotos\/","article_published_time":"2012-06-27T08:58:47+00:00","og_image":[{"width":448,"height":336,"url":"https:\/\/ic-lotos.org.ba\/wp-content\/uploads\/2012\/06\/sadrzaj_2010_DSC01055.jpg","type":"image\/jpeg"}],"author":"Jasminko Bijeli\u0107","twitter_card":"summary_large_image","twitter_misc":{"Written by":"Jasminko Bijeli\u0107","Est. reading time":"1 minute"},"schema":{"@context":"https:\/\/schema.org","@graph":[{"@type":"Article","@id":"https:\/\/ic-lotos.org.ba\/vii-forum-saveza-i-organizacija-osoba-sa-invaliditetom-u-bih\/#article","isPartOf":{"@id":"https:\/\/ic-lotos.org.ba\/vii-forum-saveza-i-organizacija-osoba-sa-invaliditetom-u-bih\/"},"author":{"name":"Jasminko Bijeli\u0107","@id":"https:\/\/ic-lotos.org.ba\/#\/schema\/person\/fb1da7c92bc3365aad6d1abac5bfe80a"},"headline":"VII FORUM SAVEZA I ORGANIZACIJA OSOBA SA INVALIDITETOM U BiH","datePublished":"2012-06-27T08:58:47+00:00","mainEntityOfPage":{"@id":"https:\/\/ic-lotos.org.ba\/vii-forum-saveza-i-organizacija-osoba-sa-invaliditetom-u-bih\/"},"wordCount":157,"commentCount":0,"publisher":{"@id":"https:\/\/ic-lotos.org.ba\/#organization"},"image":{"@id":"https:\/\/ic-lotos.org.ba\/vii-forum-saveza-i-organizacija-osoba-sa-invaliditetom-u-bih\/#primaryimage"},"thumbnailUrl":"https:\/\/ic-lotos.org.ba\/wp-content\/uploads\/2012\/06\/sadrzaj_2010_DSC01055.jpg","articleSection":["Vijesti"],"inLanguage":"en-US"},{"@type":"WebPage","@id":"https:\/\/ic-lotos.org.ba\/vii-forum-saveza-i-organizacija-osoba-sa-invaliditetom-u-bih\/","url":"https:\/\/ic-lotos.org.ba\/vii-forum-saveza-i-organizacija-osoba-sa-invaliditetom-u-bih\/","name":"VII FORUM SAVEZA I ORGANIZACIJA OSOBA SA INVALIDITETOM U BiH - IC Lotos Tuzla","isPartOf":{"@id":"https:\/\/ic-lotos.org.ba\/#website"},"primaryImageOfPage":{"@id":"https:\/\/ic-lotos.org.ba\/vii-forum-saveza-i-organizacija-osoba-sa-invaliditetom-u-bih\/#primaryimage"},"image":{"@id":"https:\/\/ic-lotos.org.ba\/vii-forum-saveza-i-organizacija-osoba-sa-invaliditetom-u-bih\/#primaryimage"},"thumbnailUrl":"https:\/\/ic-lotos.org.ba\/wp-content\/uploads\/2012\/06\/sadrzaj_2010_DSC01055.jpg","datePublished":"2012-06-27T08:58:47+00:00","breadcrumb":{"@id":"https:\/\/ic-lotos.org.ba\/vii-forum-saveza-i-organizacija-osoba-sa-invaliditetom-u-bih\/#breadcrumb"},"inLanguage":"en-US","potentialAction":[{"@type":"ReadAction","target":["https:\/\/ic-lotos.org.ba\/vii-forum-saveza-i-organizacija-osoba-sa-invaliditetom-u-bih\/"]}]},{"@type":"ImageObject","inLanguage":"en-US","@id":"https:\/\/ic-lotos.org.ba\/vii-forum-saveza-i-organizacija-osoba-sa-invaliditetom-u-bih\/#primaryimage","url":"https:\/\/ic-lotos.org.ba\/wp-content\/uploads\/2012\/06\/sadrzaj_2010_DSC01055.jpg","contentUrl":"https:\/\/ic-lotos.org.ba\/wp-content\/uploads\/2012\/06\/sadrzaj_2010_DSC01055.jpg","width":448,"height":336,"caption":"DSC01055"},{"@type":"BreadcrumbList","@id":"https:\/\/ic-lotos.org.ba\/vii-forum-saveza-i-organizacija-osoba-sa-invaliditetom-u-bih\/#breadcrumb","itemListElement":[{"@type":"ListItem","position":1,"name":"Naslovna","item":"https:\/\/ic-lotos.org.ba\/"},{"@type":"ListItem","position":2,"name":"VII FORUM SAVEZA I ORGANIZACIJA OSOBA SA INVALIDITETOM U BiH"}]},{"@type":"WebSite","@id":"https:\/\/ic-lotos.org.ba\/#website","url":"https:\/\/ic-lotos.org.ba\/","name":"IC Lotos Tuzla","description":"Informativni centar \u201cLotos\u201d okuplja osobe sa ili bez invaliditeta koje su zainteresovane da svojim radom bilo na profesionalnoj ili volonterskoj osnovi doprinesu ostvarivanju misije organizacije.","publisher":{"@id":"https:\/\/ic-lotos.org.ba\/#organization"},"potentialAction":[{"@type":"SearchAction","target":{"@type":"EntryPoint","urlTemplate":"https:\/\/ic-lotos.org.ba\/?s={search_term_string}"},"query-input":{"@type":"PropertyValueSpecification","valueRequired":true,"valueName":"search_term_string"}}],"inLanguage":"en-US"},{"@type":"Organization","@id":"https:\/\/ic-lotos.org.ba\/#organization","name":"IC Lotos Tuzla","url":"https:\/\/ic-lotos.org.ba\/","logo":{"@type":"ImageObject","inLanguage":"en-US","@id":"https:\/\/ic-lotos.org.ba\/#\/schema\/logo\/image\/","url":"https:\/\/ic-lotos.org.ba\/wp-content\/uploads\/2019\/11\/logo.jpg","contentUrl":"https:\/\/ic-lotos.org.ba\/wp-content\/uploads\/2019\/11\/logo.jpg","width":575,"height":623,"caption":"IC Lotos Tuzla"},"image":{"@id":"https:\/\/ic-lotos.org.ba\/#\/schema\/logo\/image\/"},"sameAs":["https:\/\/www.facebook.com\/iclotos\/","https:\/\/www.youtube.com\/feed\/library"]},{"@type":"Person","@id":"https:\/\/ic-lotos.org.ba\/#\/schema\/person\/fb1da7c92bc3365aad6d1abac5bfe80a","name":"Jasminko Bijeli\u0107","image":{"@type":"ImageObject","inLanguage":"en-US","@id":"https:\/\/secure.gravatar.com\/avatar\/d694f8eb6cc3383210938655f7851f13239ed2f29afcf4e787e3c519ba016d67?s=96&d=mm&r=g","url":"https:\/\/secure.gravatar.com\/avatar\/d694f8eb6cc3383210938655f7851f13239ed2f29afcf4e787e3c519ba016d67?s=96&d=mm&r=g","contentUrl":"https:\/\/secure.gravatar.com\/avatar\/d694f8eb6cc3383210938655f7851f13239ed2f29afcf4e787e3c519ba016d67?s=96&d=mm&r=g","caption":"Jasminko Bijeli\u0107"}}]}},"_links":{"self":[{"href":"https:\/\/ic-lotos.org.ba\/en\/wp-json\/wp\/v2\/posts\/10843","targetHints":{"allow":["GET"]}}],"collection":[{"href":"https:\/\/ic-lotos.org.ba\/en\/wp-json\/wp\/v2\/posts"}],"about":[{"href":"https:\/\/ic-lotos.org.ba\/en\/wp-json\/wp\/v2\/types\/post"}],"author":[{"embeddable":true,"href":"https:\/\/ic-lotos.org.ba\/en\/wp-json\/wp\/v2\/users\/5"}],"replies":[{"embeddable":true,"href":"https:\/\/ic-lotos.org.ba\/en\/wp-json\/wp\/v2\/comments?post=10843"}],"version-history":[{"count":0,"href":"https:\/\/ic-lotos.org.ba\/en\/wp-json\/wp\/v2\/posts\/10843\/revisions"}],"wp:featuredmedia":[{"embeddable":true,"href":"https:\/\/ic-lotos.org.ba\/en\/wp-json\/wp\/v2\/media\/10839"}],"wp:attachment":[{"href":"https:\/\/ic-lotos.org.ba\/en\/wp-json\/wp\/v2\/media?parent=10843"}],"wp:term":[{"taxonomy":"category","embeddable":true,"href":"https:\/\/ic-lotos.org.ba\/en\/wp-json\/wp\/v2\/categories?post=10843"},{"taxonomy":"post_tag","embeddable":true,"href":"https:\/\/ic-lotos.org.ba\/en\/wp-json\/wp\/v2\/tags?post=10843"}],"curies":[{"name":"wp","href":"https:\/\/api.w.org\/{rel}","templated":true}]}}