{"id":10830,"date":"2012-05-30T09:25:01","date_gmt":"2012-05-30T09:25:01","guid":{"rendered":"https:\/\/v2.ic-lotos.org.ba\/obiljezen-svjetski-dan-oboljelih-od-multiple-skleroze\/"},"modified":"2012-05-30T09:25:01","modified_gmt":"2012-05-30T09:25:01","slug":"obiljezen-svjetski-dan-oboljelih-od-multiple-skleroze","status":"publish","type":"post","link":"https:\/\/ic-lotos.org.ba\/en\/obiljezen-svjetski-dan-oboljelih-od-multiple-skleroze\/","title":{"rendered":"OBILJE\u017dEN SVJETSKI DAN OBOLJELIH OD MULTIPLE SKLEROZE"},"content":{"rendered":"<p>Povodom obilje\u017eavanja Svjetskog dana oboljelih od multiple skleroze u Tuzli 29. maja skrenuta pa\u017enja na zna\u010daj podizanja svijesti stanovni\u0161tva u ranom otkrivanju ove bolesti.<\/p>\n<p>Svjetski dan oboljelih od multiple skleroze obilje\u017eava se s ciljem\u00a0podizanja svijesti javnosti o samoj bolesti kao i pote\u0161ko\u0107ama i izazovima u njenom dijagnosticiranju\u00a0 i lije\u010denju. Namjera je ukazati na potrebe ljudi oboljelih od ove bolesti i javnosti, te govoriti o svim aspektima ovog oboljenja. Nakon rata broj oboljelih od multiple skleroze na podru\u010dju Tuzlanskog kantona je u\u00a0porastu. Kako tvrde ljekari to je vjerovatno uzrokovano stresom koji smanjuje imunolo\u0161ki sistem organizma.<\/p>\n<p>&#8221;Postoji oko dva miliona oboljelih u svijetu. Kod nas se jo\u0161 uvijek smatra da ima oko 250 oboljelih, mada mislimo da je taj broj mnogo ve\u0107i. Na\u017ealost, jo\u0161 uvijek postoje predrasude priznavanja dijagnoze&#8221;, rekla je prof.dr.\u00a0Verica Vukoti\u0107, oftalmolog i predsjednica Udru\u017eenja oboljelih od multiple skleroze TK.<\/p>\n<\/p>\n<p>Pacijenti oboljeli od ove bolesti \u010desto imaju problema sa \u017eeludcem, bubrezima i \u017eenskim organima, jer\u00a0\u017eene \u010de\u0161\u0107e obolijevaju. Mutipla skleroza je \u010desta neurolo\u0161ka bolest koja zahvata bijelu masu srednjeg \u017eiv\u010danog sistema\u00a0 i ki\u010dmene mo\u017edine. Ta\u010dni uzroci jo\u0161 uvijek su nepoznati. Za dugoro\u010dno lije\u010denje ove bolesti kod nas nisu dostupni adekvatni lijekovi, jer su izuzetno\u00a0skupi.<\/p>\n<p>&#8221;Na\u0161 kanton izdvaja malo sredstava za mali broj bolesnika, Federalni fond solidarnosti, tako\u0111er, izdvaja jako malo za potrebe koje su na predispoziciji. To nije dobro i to treba hitno promijeniti&#8221;, naglasio je prof. dr.\u00a0Osman Sinanovi\u0107,\u00a0\u0161ef Odjeljenja za neuromi\u0161i\u0107ne bolesti i klini\u010dku neurofiziologiju UKC-a Tuzla<\/p>\n<p><img fetchpriority=\"high\" decoding=\"async\" class=\"size-full wp-image-10829\" alt=\"multipla_2\" height=\"336\" width=\"448\" src=\"https:\/\/ic-lotos.org.ba\/wp-content\/uploads\/2012\/05\/sadrzaj_2010_multipla_2.jpg\" srcset=\"https:\/\/ic-lotos.org.ba\/wp-content\/uploads\/2012\/05\/sadrzaj_2010_multipla_2.jpg 448w, https:\/\/ic-lotos.org.ba\/wp-content\/uploads\/2012\/05\/sadrzaj_2010_multipla_2-300x225.jpg 300w, https:\/\/ic-lotos.org.ba\/wp-content\/uploads\/2012\/05\/sadrzaj_2010_multipla_2-440x330.jpg 440w\" sizes=\"(max-width: 448px) 100vw, 448px\" \/><\/p>\n<p>Nastanak multipla skleroza prate i mnogi drugi poreme\u0107aji razli\u010ditog stepena, od blage uko\u010denosti i\u00a0ote\u017eanog hodanja, do potpune oduzetosti, slijepila\u00a0i drugog. Preno\u0161enje impulsa kroz neurone je poreme\u0107eno ili isprekidano, zbog \u010dega poruke iz mozga dolaze sa zaka\u0161njenjem ili ih uop\u0107e nema.<\/p>\n<hr \/>\n<div class=\"gsp_post_data\" \r\n\t            data-post_type=\"post\" \r\n\t            data-cat=\"vijesti\" \r\n\t            data-modified=\"120\"\r\n\t            data-created=\"1338369901\"\r\n\t            data-title=\"OBILJE\u017dEN SVJETSKI DAN OBOLJELIH OD MULTIPLE SKLEROZE\" \r\n\t            data-home=\"https:\/\/ic-lotos.org.ba\/en\"><\/div>","protected":false},"excerpt":{"rendered":"<p>Povodom obilje\u017eavanja Svjetskog dana oboljelih od multiple skleroze u Tuzli 29. maja skrenuta pa\u017enja na zna\u010daj podizanja svijesti stanovni\u0161tva u ranom otkrivanju ove bolesti. Svjetski dan oboljelih od multiple skleroze obilje\u017eava se s ciljem\u00a0podizanja svijesti javnosti o samoj bolesti kao [&hellip;]<\/p>\n","protected":false},"author":5,"featured_media":10828,"comment_status":"open","ping_status":"closed","sticky":false,"template":"","format":"standard","meta":{"footnotes":""},"categories":[65],"tags":[],"class_list":["post-10830","post","type-post","status-publish","format-standard","has-post-thumbnail","hentry","category-vijesti"],"yoast_head":"<!-- This site is optimized with the Yoast SEO plugin v27.5 - https:\/\/yoast.com\/product\/yoast-seo-wordpress\/ -->\n<title>OBILJE\u017dEN SVJETSKI DAN OBOLJELIH OD MULTIPLE SKLEROZE - IC Lotos Tuzla<\/title>\n<meta name=\"robots\" content=\"index, follow, max-snippet:-1, max-image-preview:large, max-video-preview:-1\" \/>\n<link rel=\"canonical\" href=\"https:\/\/ic-lotos.org.ba\/en\/obiljezen-svjetski-dan-oboljelih-od-multiple-skleroze\/\" \/>\n<meta property=\"og:locale\" content=\"en_US\" \/>\n<meta property=\"og:type\" content=\"article\" \/>\n<meta property=\"og:title\" content=\"OBILJE\u017dEN SVJETSKI DAN OBOLJELIH OD MULTIPLE SKLEROZE - IC Lotos Tuzla\" \/>\n<meta property=\"og:description\" content=\"Povodom obilje\u017eavanja Svjetskog dana oboljelih od multiple skleroze u Tuzli 29. maja skrenuta pa\u017enja na zna\u010daj podizanja svijesti stanovni\u0161tva u ranom otkrivanju ove bolesti. Svjetski dan oboljelih od multiple skleroze obilje\u017eava se s ciljem\u00a0podizanja svijesti javnosti o samoj bolesti kao [&hellip;]\" \/>\n<meta property=\"og:url\" content=\"https:\/\/ic-lotos.org.ba\/en\/obiljezen-svjetski-dan-oboljelih-od-multiple-skleroze\/\" \/>\n<meta property=\"og:site_name\" content=\"IC Lotos Tuzla\" \/>\n<meta property=\"article:publisher\" content=\"https:\/\/www.facebook.com\/iclotos\/\" \/>\n<meta property=\"article:published_time\" content=\"2012-05-30T09:25:01+00:00\" \/>\n<meta property=\"og:image\" content=\"https:\/\/ic-lotos.org.ba\/wp-content\/uploads\/2012\/05\/sadrzaj_2010_multipla_1.jpg\" \/>\n\t<meta property=\"og:image:width\" content=\"448\" \/>\n\t<meta property=\"og:image:height\" content=\"336\" \/>\n\t<meta property=\"og:image:type\" content=\"image\/jpeg\" \/>\n<meta name=\"author\" content=\"Jasminko Bijeli\u0107\" \/>\n<meta name=\"twitter:card\" content=\"summary_large_image\" \/>\n<meta name=\"twitter:label1\" content=\"Written by\" \/>\n\t<meta name=\"twitter:data1\" content=\"Jasminko Bijeli\u0107\" \/>\n\t<meta name=\"twitter:label2\" content=\"Est. reading time\" \/>\n\t<meta name=\"twitter:data2\" content=\"2 minutes\" \/>\n<script type=\"application\/ld+json\" class=\"yoast-schema-graph\">{\"@context\":\"https:\\\/\\\/schema.org\",\"@graph\":[{\"@type\":\"Article\",\"@id\":\"https:\\\/\\\/ic-lotos.org.ba\\\/obiljezen-svjetski-dan-oboljelih-od-multiple-skleroze\\\/#article\",\"isPartOf\":{\"@id\":\"https:\\\/\\\/ic-lotos.org.ba\\\/obiljezen-svjetski-dan-oboljelih-od-multiple-skleroze\\\/\"},\"author\":{\"name\":\"Jasminko Bijeli\u0107\",\"@id\":\"https:\\\/\\\/ic-lotos.org.ba\\\/#\\\/schema\\\/person\\\/fb1da7c92bc3365aad6d1abac5bfe80a\"},\"headline\":\"OBILJE\u017dEN SVJETSKI DAN OBOLJELIH OD MULTIPLE SKLEROZE\",\"datePublished\":\"2012-05-30T09:25:01+00:00\",\"mainEntityOfPage\":{\"@id\":\"https:\\\/\\\/ic-lotos.org.ba\\\/obiljezen-svjetski-dan-oboljelih-od-multiple-skleroze\\\/\"},\"wordCount\":326,\"commentCount\":0,\"publisher\":{\"@id\":\"https:\\\/\\\/ic-lotos.org.ba\\\/#organization\"},\"image\":{\"@id\":\"https:\\\/\\\/ic-lotos.org.ba\\\/obiljezen-svjetski-dan-oboljelih-od-multiple-skleroze\\\/#primaryimage\"},\"thumbnailUrl\":\"https:\\\/\\\/ic-lotos.org.ba\\\/wp-content\\\/uploads\\\/2012\\\/05\\\/sadrzaj_2010_multipla_1.jpg\",\"articleSection\":[\"Vijesti\"],\"inLanguage\":\"en-US\"},{\"@type\":\"WebPage\",\"@id\":\"https:\\\/\\\/ic-lotos.org.ba\\\/obiljezen-svjetski-dan-oboljelih-od-multiple-skleroze\\\/\",\"url\":\"https:\\\/\\\/ic-lotos.org.ba\\\/obiljezen-svjetski-dan-oboljelih-od-multiple-skleroze\\\/\",\"name\":\"OBILJE\u017dEN SVJETSKI DAN OBOLJELIH OD MULTIPLE SKLEROZE - IC Lotos Tuzla\",\"isPartOf\":{\"@id\":\"https:\\\/\\\/ic-lotos.org.ba\\\/#website\"},\"primaryImageOfPage\":{\"@id\":\"https:\\\/\\\/ic-lotos.org.ba\\\/obiljezen-svjetski-dan-oboljelih-od-multiple-skleroze\\\/#primaryimage\"},\"image\":{\"@id\":\"https:\\\/\\\/ic-lotos.org.ba\\\/obiljezen-svjetski-dan-oboljelih-od-multiple-skleroze\\\/#primaryimage\"},\"thumbnailUrl\":\"https:\\\/\\\/ic-lotos.org.ba\\\/wp-content\\\/uploads\\\/2012\\\/05\\\/sadrzaj_2010_multipla_1.jpg\",\"datePublished\":\"2012-05-30T09:25:01+00:00\",\"breadcrumb\":{\"@id\":\"https:\\\/\\\/ic-lotos.org.ba\\\/obiljezen-svjetski-dan-oboljelih-od-multiple-skleroze\\\/#breadcrumb\"},\"inLanguage\":\"en-US\",\"potentialAction\":[{\"@type\":\"ReadAction\",\"target\":[\"https:\\\/\\\/ic-lotos.org.ba\\\/obiljezen-svjetski-dan-oboljelih-od-multiple-skleroze\\\/\"]}]},{\"@type\":\"ImageObject\",\"inLanguage\":\"en-US\",\"@id\":\"https:\\\/\\\/ic-lotos.org.ba\\\/obiljezen-svjetski-dan-oboljelih-od-multiple-skleroze\\\/#primaryimage\",\"url\":\"https:\\\/\\\/ic-lotos.org.ba\\\/wp-content\\\/uploads\\\/2012\\\/05\\\/sadrzaj_2010_multipla_1.jpg\",\"contentUrl\":\"https:\\\/\\\/ic-lotos.org.ba\\\/wp-content\\\/uploads\\\/2012\\\/05\\\/sadrzaj_2010_multipla_1.jpg\",\"width\":448,\"height\":336,\"caption\":\"multipla_1\"},{\"@type\":\"BreadcrumbList\",\"@id\":\"https:\\\/\\\/ic-lotos.org.ba\\\/obiljezen-svjetski-dan-oboljelih-od-multiple-skleroze\\\/#breadcrumb\",\"itemListElement\":[{\"@type\":\"ListItem\",\"position\":1,\"name\":\"Naslovna\",\"item\":\"https:\\\/\\\/ic-lotos.org.ba\\\/\"},{\"@type\":\"ListItem\",\"position\":2,\"name\":\"OBILJE\u017dEN SVJETSKI DAN OBOLJELIH OD MULTIPLE SKLEROZE\"}]},{\"@type\":\"WebSite\",\"@id\":\"https:\\\/\\\/ic-lotos.org.ba\\\/#website\",\"url\":\"https:\\\/\\\/ic-lotos.org.ba\\\/\",\"name\":\"IC Lotos Tuzla\",\"description\":\"Informativni centar \u201cLotos\u201d okuplja osobe sa ili bez invaliditeta koje su zainteresovane da svojim radom bilo na profesionalnoj ili volonterskoj osnovi doprinesu ostvarivanju misije organizacije.\",\"publisher\":{\"@id\":\"https:\\\/\\\/ic-lotos.org.ba\\\/#organization\"},\"potentialAction\":[{\"@type\":\"SearchAction\",\"target\":{\"@type\":\"EntryPoint\",\"urlTemplate\":\"https:\\\/\\\/ic-lotos.org.ba\\\/?s={search_term_string}\"},\"query-input\":{\"@type\":\"PropertyValueSpecification\",\"valueRequired\":true,\"valueName\":\"search_term_string\"}}],\"inLanguage\":\"en-US\"},{\"@type\":\"Organization\",\"@id\":\"https:\\\/\\\/ic-lotos.org.ba\\\/#organization\",\"name\":\"IC Lotos Tuzla\",\"url\":\"https:\\\/\\\/ic-lotos.org.ba\\\/\",\"logo\":{\"@type\":\"ImageObject\",\"inLanguage\":\"en-US\",\"@id\":\"https:\\\/\\\/ic-lotos.org.ba\\\/#\\\/schema\\\/logo\\\/image\\\/\",\"url\":\"https:\\\/\\\/ic-lotos.org.ba\\\/wp-content\\\/uploads\\\/2019\\\/11\\\/logo.jpg\",\"contentUrl\":\"https:\\\/\\\/ic-lotos.org.ba\\\/wp-content\\\/uploads\\\/2019\\\/11\\\/logo.jpg\",\"width\":575,\"height\":623,\"caption\":\"IC Lotos Tuzla\"},\"image\":{\"@id\":\"https:\\\/\\\/ic-lotos.org.ba\\\/#\\\/schema\\\/logo\\\/image\\\/\"},\"sameAs\":[\"https:\\\/\\\/www.facebook.com\\\/iclotos\\\/\",\"https:\\\/\\\/www.youtube.com\\\/feed\\\/library\"]},{\"@type\":\"Person\",\"@id\":\"https:\\\/\\\/ic-lotos.org.ba\\\/#\\\/schema\\\/person\\\/fb1da7c92bc3365aad6d1abac5bfe80a\",\"name\":\"Jasminko Bijeli\u0107\",\"image\":{\"@type\":\"ImageObject\",\"inLanguage\":\"en-US\",\"@id\":\"https:\\\/\\\/secure.gravatar.com\\\/avatar\\\/d694f8eb6cc3383210938655f7851f13239ed2f29afcf4e787e3c519ba016d67?s=96&d=mm&r=g\",\"url\":\"https:\\\/\\\/secure.gravatar.com\\\/avatar\\\/d694f8eb6cc3383210938655f7851f13239ed2f29afcf4e787e3c519ba016d67?s=96&d=mm&r=g\",\"contentUrl\":\"https:\\\/\\\/secure.gravatar.com\\\/avatar\\\/d694f8eb6cc3383210938655f7851f13239ed2f29afcf4e787e3c519ba016d67?s=96&d=mm&r=g\",\"caption\":\"Jasminko Bijeli\u0107\"}}]}<\/script>\n<!-- \/ Yoast SEO plugin. -->","yoast_head_json":{"title":"OBILJE\u017dEN SVJETSKI DAN OBOLJELIH OD MULTIPLE SKLEROZE - IC Lotos Tuzla","robots":{"index":"index","follow":"follow","max-snippet":"max-snippet:-1","max-image-preview":"max-image-preview:large","max-video-preview":"max-video-preview:-1"},"canonical":"https:\/\/ic-lotos.org.ba\/en\/obiljezen-svjetski-dan-oboljelih-od-multiple-skleroze\/","og_locale":"en_US","og_type":"article","og_title":"OBILJE\u017dEN SVJETSKI DAN OBOLJELIH OD MULTIPLE SKLEROZE - IC Lotos Tuzla","og_description":"Povodom obilje\u017eavanja Svjetskog dana oboljelih od multiple skleroze u Tuzli 29. maja skrenuta pa\u017enja na zna\u010daj podizanja svijesti stanovni\u0161tva u ranom otkrivanju ove bolesti. Svjetski dan oboljelih od multiple skleroze obilje\u017eava se s ciljem\u00a0podizanja svijesti javnosti o samoj bolesti kao [&hellip;]","og_url":"https:\/\/ic-lotos.org.ba\/en\/obiljezen-svjetski-dan-oboljelih-od-multiple-skleroze\/","og_site_name":"IC Lotos Tuzla","article_publisher":"https:\/\/www.facebook.com\/iclotos\/","article_published_time":"2012-05-30T09:25:01+00:00","og_image":[{"width":448,"height":336,"url":"https:\/\/ic-lotos.org.ba\/wp-content\/uploads\/2012\/05\/sadrzaj_2010_multipla_1.jpg","type":"image\/jpeg"}],"author":"Jasminko Bijeli\u0107","twitter_card":"summary_large_image","twitter_misc":{"Written by":"Jasminko Bijeli\u0107","Est. reading time":"2 minutes"},"schema":{"@context":"https:\/\/schema.org","@graph":[{"@type":"Article","@id":"https:\/\/ic-lotos.org.ba\/obiljezen-svjetski-dan-oboljelih-od-multiple-skleroze\/#article","isPartOf":{"@id":"https:\/\/ic-lotos.org.ba\/obiljezen-svjetski-dan-oboljelih-od-multiple-skleroze\/"},"author":{"name":"Jasminko Bijeli\u0107","@id":"https:\/\/ic-lotos.org.ba\/#\/schema\/person\/fb1da7c92bc3365aad6d1abac5bfe80a"},"headline":"OBILJE\u017dEN SVJETSKI DAN OBOLJELIH OD MULTIPLE SKLEROZE","datePublished":"2012-05-30T09:25:01+00:00","mainEntityOfPage":{"@id":"https:\/\/ic-lotos.org.ba\/obiljezen-svjetski-dan-oboljelih-od-multiple-skleroze\/"},"wordCount":326,"commentCount":0,"publisher":{"@id":"https:\/\/ic-lotos.org.ba\/#organization"},"image":{"@id":"https:\/\/ic-lotos.org.ba\/obiljezen-svjetski-dan-oboljelih-od-multiple-skleroze\/#primaryimage"},"thumbnailUrl":"https:\/\/ic-lotos.org.ba\/wp-content\/uploads\/2012\/05\/sadrzaj_2010_multipla_1.jpg","articleSection":["Vijesti"],"inLanguage":"en-US"},{"@type":"WebPage","@id":"https:\/\/ic-lotos.org.ba\/obiljezen-svjetski-dan-oboljelih-od-multiple-skleroze\/","url":"https:\/\/ic-lotos.org.ba\/obiljezen-svjetski-dan-oboljelih-od-multiple-skleroze\/","name":"OBILJE\u017dEN SVJETSKI DAN OBOLJELIH OD MULTIPLE SKLEROZE - IC Lotos Tuzla","isPartOf":{"@id":"https:\/\/ic-lotos.org.ba\/#website"},"primaryImageOfPage":{"@id":"https:\/\/ic-lotos.org.ba\/obiljezen-svjetski-dan-oboljelih-od-multiple-skleroze\/#primaryimage"},"image":{"@id":"https:\/\/ic-lotos.org.ba\/obiljezen-svjetski-dan-oboljelih-od-multiple-skleroze\/#primaryimage"},"thumbnailUrl":"https:\/\/ic-lotos.org.ba\/wp-content\/uploads\/2012\/05\/sadrzaj_2010_multipla_1.jpg","datePublished":"2012-05-30T09:25:01+00:00","breadcrumb":{"@id":"https:\/\/ic-lotos.org.ba\/obiljezen-svjetski-dan-oboljelih-od-multiple-skleroze\/#breadcrumb"},"inLanguage":"en-US","potentialAction":[{"@type":"ReadAction","target":["https:\/\/ic-lotos.org.ba\/obiljezen-svjetski-dan-oboljelih-od-multiple-skleroze\/"]}]},{"@type":"ImageObject","inLanguage":"en-US","@id":"https:\/\/ic-lotos.org.ba\/obiljezen-svjetski-dan-oboljelih-od-multiple-skleroze\/#primaryimage","url":"https:\/\/ic-lotos.org.ba\/wp-content\/uploads\/2012\/05\/sadrzaj_2010_multipla_1.jpg","contentUrl":"https:\/\/ic-lotos.org.ba\/wp-content\/uploads\/2012\/05\/sadrzaj_2010_multipla_1.jpg","width":448,"height":336,"caption":"multipla_1"},{"@type":"BreadcrumbList","@id":"https:\/\/ic-lotos.org.ba\/obiljezen-svjetski-dan-oboljelih-od-multiple-skleroze\/#breadcrumb","itemListElement":[{"@type":"ListItem","position":1,"name":"Naslovna","item":"https:\/\/ic-lotos.org.ba\/"},{"@type":"ListItem","position":2,"name":"OBILJE\u017dEN SVJETSKI DAN OBOLJELIH OD MULTIPLE SKLEROZE"}]},{"@type":"WebSite","@id":"https:\/\/ic-lotos.org.ba\/#website","url":"https:\/\/ic-lotos.org.ba\/","name":"IC Lotos Tuzla","description":"Informativni centar \u201cLotos\u201d okuplja osobe sa ili bez invaliditeta koje su zainteresovane da svojim radom bilo na profesionalnoj ili volonterskoj osnovi doprinesu ostvarivanju misije organizacije.","publisher":{"@id":"https:\/\/ic-lotos.org.ba\/#organization"},"potentialAction":[{"@type":"SearchAction","target":{"@type":"EntryPoint","urlTemplate":"https:\/\/ic-lotos.org.ba\/?s={search_term_string}"},"query-input":{"@type":"PropertyValueSpecification","valueRequired":true,"valueName":"search_term_string"}}],"inLanguage":"en-US"},{"@type":"Organization","@id":"https:\/\/ic-lotos.org.ba\/#organization","name":"IC Lotos Tuzla","url":"https:\/\/ic-lotos.org.ba\/","logo":{"@type":"ImageObject","inLanguage":"en-US","@id":"https:\/\/ic-lotos.org.ba\/#\/schema\/logo\/image\/","url":"https:\/\/ic-lotos.org.ba\/wp-content\/uploads\/2019\/11\/logo.jpg","contentUrl":"https:\/\/ic-lotos.org.ba\/wp-content\/uploads\/2019\/11\/logo.jpg","width":575,"height":623,"caption":"IC Lotos Tuzla"},"image":{"@id":"https:\/\/ic-lotos.org.ba\/#\/schema\/logo\/image\/"},"sameAs":["https:\/\/www.facebook.com\/iclotos\/","https:\/\/www.youtube.com\/feed\/library"]},{"@type":"Person","@id":"https:\/\/ic-lotos.org.ba\/#\/schema\/person\/fb1da7c92bc3365aad6d1abac5bfe80a","name":"Jasminko Bijeli\u0107","image":{"@type":"ImageObject","inLanguage":"en-US","@id":"https:\/\/secure.gravatar.com\/avatar\/d694f8eb6cc3383210938655f7851f13239ed2f29afcf4e787e3c519ba016d67?s=96&d=mm&r=g","url":"https:\/\/secure.gravatar.com\/avatar\/d694f8eb6cc3383210938655f7851f13239ed2f29afcf4e787e3c519ba016d67?s=96&d=mm&r=g","contentUrl":"https:\/\/secure.gravatar.com\/avatar\/d694f8eb6cc3383210938655f7851f13239ed2f29afcf4e787e3c519ba016d67?s=96&d=mm&r=g","caption":"Jasminko Bijeli\u0107"}}]}},"_links":{"self":[{"href":"https:\/\/ic-lotos.org.ba\/en\/wp-json\/wp\/v2\/posts\/10830","targetHints":{"allow":["GET"]}}],"collection":[{"href":"https:\/\/ic-lotos.org.ba\/en\/wp-json\/wp\/v2\/posts"}],"about":[{"href":"https:\/\/ic-lotos.org.ba\/en\/wp-json\/wp\/v2\/types\/post"}],"author":[{"embeddable":true,"href":"https:\/\/ic-lotos.org.ba\/en\/wp-json\/wp\/v2\/users\/5"}],"replies":[{"embeddable":true,"href":"https:\/\/ic-lotos.org.ba\/en\/wp-json\/wp\/v2\/comments?post=10830"}],"version-history":[{"count":0,"href":"https:\/\/ic-lotos.org.ba\/en\/wp-json\/wp\/v2\/posts\/10830\/revisions"}],"wp:featuredmedia":[{"embeddable":true,"href":"https:\/\/ic-lotos.org.ba\/en\/wp-json\/wp\/v2\/media\/10828"}],"wp:attachment":[{"href":"https:\/\/ic-lotos.org.ba\/en\/wp-json\/wp\/v2\/media?parent=10830"}],"wp:term":[{"taxonomy":"category","embeddable":true,"href":"https:\/\/ic-lotos.org.ba\/en\/wp-json\/wp\/v2\/categories?post=10830"},{"taxonomy":"post_tag","embeddable":true,"href":"https:\/\/ic-lotos.org.ba\/en\/wp-json\/wp\/v2\/tags?post=10830"}],"curies":[{"name":"wp","href":"https:\/\/api.w.org\/{rel}","templated":true}]}}