{"id":10798,"date":"2012-01-19T09:25:38","date_gmt":"2012-01-19T09:25:38","guid":{"rendered":"https:\/\/v2.ic-lotos.org.ba\/da-je-bih-sada-u-eu-bila-bi-prvak-po-nezaposlenosti-mladih\/"},"modified":"2012-01-19T09:25:38","modified_gmt":"2012-01-19T09:25:38","slug":"da-je-bih-sada-u-eu-bila-bi-prvak-po-nezaposlenosti-mladih","status":"publish","type":"post","link":"https:\/\/ic-lotos.org.ba\/en\/da-je-bih-sada-u-eu-bila-bi-prvak-po-nezaposlenosti-mladih\/","title":{"rendered":"Da je BiH sada u EU, bila bi prvak po nezaposlenosti mladih"},"content":{"rendered":"<p><em>U posljednjih 10 godina broj nezaposlenih u Federaciji BiH pove\u0107ao se za vi\u0161e od 90 hiljada. Od 368.922 nezaposlene osobe u Federaciji BiH gotovo polovina prvi put tra\u017ei zaposlenje.<\/em><\/p>\n<p>\u201eHrvatska stopa nezaposlenosti mladih pribli\u017eila se 40 posto te je prema podacima Eurostata druga najve\u0107a stopa nezaposlenosti mladih u Evropi\u201d, pro\u0161le su godine prenijeli mediji. Ispred na\u0161ih susjeda samo je \u0160panija. Me\u0111utim, \u0160paniji ba\u0161 i nije bilo te\u0161ko osvojiti ovu \u201elaskavu titulu prvaka\u201d jer je izostalo u\u010de\u0161\u0107e prave konkurencije, istinskog \u0161ampiona u nezapo\u0161ljavanju mladih: Bosne i Hercegovine. Nazaposlenost mladih u BiH odavno je prema\u0161ila 50 posto.<\/p>\n<p><em>Stara tema bez poku\u0161aja rje\u0161enja<\/em><\/p>\n<p>Prema slu\u017ebenim podacima iz 2008. g. procenat nezaposlenih mladih u BiH bio je 58%. Iako se o ovoj temi u BiH jako mnogo pisalo, ona zavrje\u0111uje stalnu pa\u017enju, za \u0161ta postoje brojni razlozi. Kao prvo, rije\u010d je o problemu o kojem su se izjasnili i koji su definirali sami mladi u svim do sada provedenim istra\u017eivanjima. Njihova potreba za poslom je uvijek ispred svih drugih potreba koje imaju i neda\u0107a s kojim se susre\u0107u: slabog obrazovnog sistema, stambene nezbrinutosti, nedostatka adekvatnih kulturnih i sportskih sadr\u017eaja i sl. \u201ePrvo hljeba pa onda igara!\u201d, mladi su u tome vrlo saglasni.<\/p>\n<p>Sljede\u0107i razlog za\u0161to je o ovoj temi neminovno konstanto govoriti jeste apsolutni izostanak vizije rje\u0161avanja ovog problema od strane vlasti, \u0161to mlade dugoro\u010dno dovodi u nepovoljan ekonomski polo\u017eaj i bolnu neizvjesnost \u010diji se kraj ne nazire. U Federaciji se za programe zapo\u0161ljavanja ove godine izdvaja manje od jedne marke po nezaposlenoj osobi: 360 hiljada na skoro 370 hiljada nezaposlenih. U RS naj\u010de\u0161\u0107a forma aktivnosti u ovoj oblasti jesu programi zapo\u0161ljavanja pripravnika na odre\u0111eni period. Izuzev formalnog stjecanja radnog iskustva koje ih je \u010dinilo administrativno konkurentnijim prilikom apliciranja za posao drugih ve\u0107ih efekata od pripravni\u010dkih programa nema. Zloupotrebe anga\u017eiranja pripravnika posebna su tema koja zavrje\u0111uje da je se posebno obradi. Ekonomski stru\u010dnjaci predlagali su da bi strategije zapo\u0161ljavanja mladih morale obuhvatiti inicijative za podr\u0161ku razvoja omladinskog preduzetni\u0161tva, podr\u0161ku malim firmama koje vode mladi ljudi, unapre\u0111enje njihovog znanja i sposobnosti koji se tra\u017ee na tr\u017ei\u0161tu, osiguravanja grantova i kredita za popratne tro\u0161kove dopunskog obrazovanja i sl. Ali, kako se to kod nas ve\u0107 ka\u017ee: \u201eMa \u0161ta ekonomisti znaju o ekonomiji!\u201d<\/p>\n<p><em>Kr\u0161e se zakoni, kr\u0161e se povelje<\/em><\/p>\n<p>Ovu temu treba spominjati i kao ukaz na kr\u0161enje zakona i povelja koji reguliraju pitanja mladih. Alarmantno je kada vlasti kr\u0161e zakone a posluh o\u010dekuju od gra\u0111ana. Sve \u0161to je vezano za mlade, op\u0107enito, vlasti ne smatraju ozbiljnim, pa tako ni zakone o mladima, \u0161to pokazuju ne provode\u0107i ih. Evropska socijalna povelja, temeljni dokument Vije\u0107a Europe o socijalnim pravima, koji je BiH ratificirala jo\u0161 2008. g., mrtvo je slovo na papiru u BiH: od \u010clana 1 &#8211; prava na rad, preko odredbi o pravima mladih na socijalnu, pravnu i ekonomsku za\u0161titu, do pravi\u010dne pla\u0107e, stru\u010dnog usavr\u0161avanje i dr.<\/p>\n<p>O ovome se mora govoriti i zbog \u010dinjenice da nezaposlenost mladih neminovno odvodi dru\u0161tvo u propast, u svakom pogledu. Dugoro\u010dno nezaposleni mladi postaju siroma\u0161ni, a siroma\u0161tvo je glavni uzrok njihove pasivnosti i dru\u0161tvene isklju\u010denosti. Uzrokovana pasivnost mladih dovodi do toga da na\u0161e dru\u0161tvo dobiva dugoro\u010dno neupotrebljive generacije, koje ne\u0107e mo\u0107i pokretati pozitivne promjene, koji ne\u0107e mo\u0107i u\u010destvovati u razvoju privrede, koji ne\u0107e mo\u0107i zasnovati porodice, koji se ne\u0107e posve\u0107ivati cjelo\u017eivotnom u\u010denju i konstantnom usavr\u0161avanju. Kakva je sudbina namijenjena dru\u0161tvu u kojem mladi nisu nosioci promjena, u kojem ne privre\u0111uju, u kojem se ne obrazuju, u kojem ne ra\u0111aju? Namijenjena mu je stara\u010dka sudbina bi\u0107a koje vehne.<\/p>\n<p><em>Bud\u017eetska i administracijska nepravda<\/em><\/p>\n<p>Kako je ranije spomenuto, u na\u0161oj zemlji izostaju ozbiljni programi zapo\u0161ljavanja mladih. Kada izostaju programi, normalno je da izostaju i bud\u017eetska sredstva za tu svrhu jer nema osnova za njihovo planiranje. Bud\u017eeti su ogledalo stvarnih namjera vlasti i pokazatelji na koga\/\u0161ta vlast misli a na koga\/\u0161ta ne misli. Izdvojenih 78 miliona prora\u010dunskih sredstava za poljoprivredu u Federaciji jasan je pokazatelj da vlast dosta ozbiljno misli na poljoprivredu. 200 hiljada KM Transfera za mlade jasan su pokazatelj da vlast 390 puta vi\u0161e misli na poljoprivredu nego na mlade.<\/p>\n<p>Godine su recesije pa bi se moglo \u201eprogledati kroz prste\u201d i djelomi\u010dno priznati izgovore vlasti da im je te\u0161ko namaknuti sredstva za bilo \u0161ta. Me\u0111utim, administrativna diskriminacija nema opravdanja. Prilikom apliciranja za posao od mladih se tra\u017ei radno iskustvo koje oni nigdje ne mogu ste\u0107i: obrazovni sistem ne nudi praksu a pripravni\u010dki sta\u017e rijetki dobiju priliku obaviti. Dobrovoljni volonterski rad ne priznaje im se kao radno iskustvo. Zakon o radu FBiH polupao je lon\u010di\u0107e pa je napravio svojevrsnog mutanta: volontera-pripravnika, \u0161to je fakti\u010dki spoj nepomirljivog. Volontiranje je dobrovoljni nepla\u0107eni dru\u0161tveno-korisni anga\u017eman dok je pripravni\u010dki sta\u017e obavezni rad za stjecanje institucionalno priznatog radnog iskustva. Po ovoj federalnoj zakonskoj definiciji, volonter-pripravnik ustvari je dobrovoljni obveznik, odnosno svr\u0161enik obrazovanja koji dobrovoljno mora odraditi godinu dana besplatno, kako bi mu se priznalo radno iskustvo. Vjerovatno je intencija bila da se pripravniku ne mora pla\u0107ati tokom pripravni\u010dkog sta\u017ea, pa su mu pri\u0161ili \u201eudarni\u010dku volontersku zna\u010dku\u201d &#8211; da \u0107e dobrovoljno besplatno raditi. Novi zakon o radu u Federaciji, \u010dije se usvajanje uskoro o\u010dekuje, trebao bi ispraviti ovu nelogi\u010dnost i preimenovati volontiranje u besplatan pripravni\u010dki rad, kako su iz Vlade FBiH nedavno najavili. Ono \u0161to bi dugoro\u010dno moglo rije\u0161iti problem stjecanja radnog iskustva jeste usvajanje zakona o volontiranju FBiH, koji je tako\u0111er u\u0161ao u parlamentarnu proceduru usvajanja. On predvi\u0111a priznavanje volonterskog rada kao radnog iskustva i njegovim bi se usvajanjem ukinula decenijska diskriminacija zbog koje ve\u0107ina mladih koji prvi put apliciraju za posao ne mogu ispuniti taj osnovni kriteriji zapo\u0161ljavanja. Vlada FBiH se o zakonu o volontiranju jo\u0161 nije izjasnila, a zakon bi uskoro trebao pred parlamentarce na usvajanje. Ukoliko zakon bude usvojen, bit \u0107e to konkretna podr\u0161ka stvaranju boljeg ambijenta za zapo\u0161ljavanje mladih.<\/p>\n<p><em>Ostari\u0107u, ne\u0107u znati\u2026<\/em><\/p>\n<p>Od zavr\u0161etka \u0161kolovanja do prvog zaposlenja obi\u010dno prolazi puno vremena, \u0161to dovodi do lo\u0161eg psihi\u010dkog stanja mladih, nestajanja samopouzdanja pa \u010dak i depresije, ali i do gubitka ste\u010denih znanja i vje\u0161tina. U Holandiji, recimo, gdje je ovaj problem o\u010dito prepoznat, nadle\u017eni organi du\u017eni su na\u0107i posao diplomcu u roku od 6 mjeseci od dana njegovog zavr\u0161etka \u0161kolovanja. Saznanje da u\u010di\u0161 uzalud jer \u0107e\u0161 zaboraviti nau\u010deno prili\u010dno je frustriraju\u0107e. Nakon \u0161to zaborave ono \u0161to su nau\u010dili, mladi se lak\u0161e mire s tim da \u0107e (ukoliko bude nafake da rade) raditi posao za koji se nisu \u0161kolovali &#8211; ali to je lo\u0161e postignut sporazum sa samim sobom, koji nikog, ni pojedinca ni dru\u0161tvo, ne mo\u017ee zadovoljiti. Prema nedavnim rezultatima istra\u017eivanja portala posao.ba 54% nezaposlenih mladih je reklo da \u201emo\u017ee raditi i izvan svoje struke\u201d, \u0161to pokazuje da se mire sa neprirodnim stanjem na tr\u017ei\u0161tu rada i da prosto pristaju na sve, jer ih nu\u017eda na to tjera.<\/p>\n<p><em>Nezaposlenost u brojkama<\/em><\/p>\n<p>Evo i malo statistika. Prema podacima koji su dostupni na web-stranici Federalnog zavoda za zapo\u0161ljavanje, u novembru 2011. g. u Federaciji broj nezaposlenih dostigao je broj 368.922, te se zna\u010dajno primakao broju zaposlenih od 442.021 u istom periodu. Ako se vratimo 10-ak godina unazad, u 2002. g., vidjet \u0107emo da se situacija do sada zna\u010dajno pogor\u0161ala. 2002. g. u decembru broj nezaposlenih bio je 277.281 a zaposlenih 404.690. Dakle, broj nezaposlenih se pove\u0107ao za 91.641 osobu, a broj zaposlenih tek za 37.331. Razlika izme\u0111u broja zaposlenih i nezaposlenih bila je 127.409 a danas je 73.099. Ovom dinamikom ne\/zapo\u0161ljavanja velika je mogu\u0107nost da se broj zaposlenih izjedna\u010di s brojem nezaposlenih. Uzmemo li u obzir trend zapo\u0161ljavanja u javnu administraciju, koji bez obzira na recesiju ne jenjava (Bud\u017eet FBiH za 2012. g. pokazuje da imamo trend rasta pla\u0107a za tro\u0161kove administracije), mo\u017eemo zaklju\u010diti da se situacija u privrednom sektoru, onome koji hrani dr\u017eavu, nije popravljala &#8211; novi zaposleni su javni potro\u0161a\u010di a ne privre\u0111iva\u010di.\u00a0Statistika koja je zanimljiva u kontekstu nezaposlenosti mladih jeste da je na biroima u FBiH 169.473 onih koji prvi put tra\u017ee zaposlenje.<\/p>\n<p><em>Pad bh. dru\u0161tva na ljestvici potreba<\/em><\/p>\n<p>Mnogo se u posljednje vrijeme govorilo o propadanju bh. kulture. Problem s kojim se trenutno suo\u010davaju institucije kulture u BiH nije samo finansijski i pravno-politi\u010dki, on je posljedica op\u0107e nezainteresiranosti bosanskohercegova\u010dkih gra\u0111ana za kulturu. Maslowljeva ljestvica hijerarhije potreba mo\u017ee objasniti tu nezainteresiranost: Kultura ovome dru\u0161tvu vi\u0161e nije na ljestvici prioriteta, osnovne biolo\u0161ke i psiholo\u0161ke potrebe nisu zadovoljene. Ekonomska stabilnost uvjet je ozbiljnijem razvoju nauke i kulture. Potrebno je \u201eprevazi\u0107i \u017eivotne nu\u017enosti\u201d, kako je to jo\u0161 u 14. st. lijepo pojasnio Ibn Haldun. Nedavno je u ve\u010dernjoj informativnoj emisiji jednog uglednog sarajevskog TV kanala voditelj najavio vijest koja je trebala biti radosna: \u201eBiH je dobila prvi \u017eenski hokeja\u0161ki tim.\u201d Uz sve iskreno i du\u017eno po\u0161tovanje svim mladim entuzijastima koji poku\u0161avaju napraviti pozitivan iskorak u bilo kojoj aktivnosti zajednice, ta me je informacija odmah podsjetila na kultnu re\u010denicu iz na\u0161eg Oskarom nagra\u0111enog filma: \u201eOuuuu, da vidi\u0161 sranja u Ruandi!\u201d Mladima prije svega treba posao. Tako su rekli.<\/p>\n<p>Preuzeto sa: (TIP\/Rusmir Pobri\u0107, Institut za razvoj mladih KULT\/Foto:Ilustracija)<\/p>\n<p>\u00a0<\/p>\n<hr \/>\n<p>\u00a0<\/p>\n<div class=\"gsp_post_data\" \r\n\t            data-post_type=\"post\" \r\n\t            data-cat=\"vijesti\" \r\n\t            data-modified=\"120\"\r\n\t            data-created=\"1326965138\"\r\n\t            data-title=\"Da je BiH sada u EU, bila bi prvak po nezaposlenosti mladih\" \r\n\t            data-home=\"https:\/\/ic-lotos.org.ba\/en\"><\/div>","protected":false},"excerpt":{"rendered":"<p>U posljednjih 10 godina broj nezaposlenih u Federaciji BiH pove\u0107ao se za vi\u0161e od 90 hiljada. Od 368.922 nezaposlene osobe u Federaciji BiH gotovo polovina prvi put tra\u017ei zaposlenje. \u201eHrvatska stopa nezaposlenosti mladih pribli\u017eila se 40 posto te je prema [&hellip;]<\/p>\n","protected":false},"author":5,"featured_media":10797,"comment_status":"open","ping_status":"closed","sticky":false,"template":"","format":"standard","meta":{"footnotes":""},"categories":[65],"tags":[],"class_list":["post-10798","post","type-post","status-publish","format-standard","has-post-thumbnail","hentry","category-vijesti"],"yoast_head":"<!-- This site is optimized with the Yoast SEO plugin v27.5 - https:\/\/yoast.com\/product\/yoast-seo-wordpress\/ -->\n<title>Da je BiH sada u EU, bila bi prvak po nezaposlenosti mladih - IC Lotos Tuzla<\/title>\n<meta name=\"robots\" content=\"index, follow, max-snippet:-1, max-image-preview:large, max-video-preview:-1\" \/>\n<link rel=\"canonical\" href=\"https:\/\/ic-lotos.org.ba\/en\/da-je-bih-sada-u-eu-bila-bi-prvak-po-nezaposlenosti-mladih\/\" \/>\n<meta property=\"og:locale\" content=\"en_US\" \/>\n<meta property=\"og:type\" content=\"article\" \/>\n<meta property=\"og:title\" content=\"Da je BiH sada u EU, bila bi prvak po nezaposlenosti mladih - IC Lotos Tuzla\" \/>\n<meta property=\"og:description\" content=\"U posljednjih 10 godina broj nezaposlenih u Federaciji BiH pove\u0107ao se za vi\u0161e od 90 hiljada. Od 368.922 nezaposlene osobe u Federaciji BiH gotovo polovina prvi put tra\u017ei zaposlenje. \u201eHrvatska stopa nezaposlenosti mladih pribli\u017eila se 40 posto te je prema [&hellip;]\" \/>\n<meta property=\"og:url\" content=\"https:\/\/ic-lotos.org.ba\/en\/da-je-bih-sada-u-eu-bila-bi-prvak-po-nezaposlenosti-mladih\/\" \/>\n<meta property=\"og:site_name\" content=\"IC Lotos Tuzla\" \/>\n<meta property=\"article:publisher\" content=\"https:\/\/www.facebook.com\/iclotos\/\" \/>\n<meta property=\"article:published_time\" content=\"2012-01-19T09:25:38+00:00\" \/>\n<meta property=\"og:image\" content=\"https:\/\/ic-lotos.org.ba\/wp-content\/uploads\/2012\/01\/sadrzaj_2010_mladi.jpg\" \/>\n\t<meta property=\"og:image:width\" content=\"288\" \/>\n\t<meta property=\"og:image:height\" content=\"216\" \/>\n\t<meta property=\"og:image:type\" content=\"image\/jpeg\" \/>\n<meta name=\"author\" content=\"Jasminko Bijeli\u0107\" \/>\n<meta name=\"twitter:card\" content=\"summary_large_image\" \/>\n<meta name=\"twitter:label1\" content=\"Written by\" \/>\n\t<meta name=\"twitter:data1\" content=\"Jasminko Bijeli\u0107\" \/>\n\t<meta name=\"twitter:label2\" content=\"Est. reading time\" \/>\n\t<meta name=\"twitter:data2\" content=\"8 minutes\" \/>\n<script type=\"application\/ld+json\" class=\"yoast-schema-graph\">{\"@context\":\"https:\\\/\\\/schema.org\",\"@graph\":[{\"@type\":\"Article\",\"@id\":\"https:\\\/\\\/ic-lotos.org.ba\\\/da-je-bih-sada-u-eu-bila-bi-prvak-po-nezaposlenosti-mladih\\\/#article\",\"isPartOf\":{\"@id\":\"https:\\\/\\\/ic-lotos.org.ba\\\/da-je-bih-sada-u-eu-bila-bi-prvak-po-nezaposlenosti-mladih\\\/\"},\"author\":{\"name\":\"Jasminko Bijeli\u0107\",\"@id\":\"https:\\\/\\\/ic-lotos.org.ba\\\/#\\\/schema\\\/person\\\/fb1da7c92bc3365aad6d1abac5bfe80a\"},\"headline\":\"Da je BiH sada u EU, bila bi prvak po nezaposlenosti mladih\",\"datePublished\":\"2012-01-19T09:25:38+00:00\",\"mainEntityOfPage\":{\"@id\":\"https:\\\/\\\/ic-lotos.org.ba\\\/da-je-bih-sada-u-eu-bila-bi-prvak-po-nezaposlenosti-mladih\\\/\"},\"wordCount\":1643,\"commentCount\":0,\"publisher\":{\"@id\":\"https:\\\/\\\/ic-lotos.org.ba\\\/#organization\"},\"image\":{\"@id\":\"https:\\\/\\\/ic-lotos.org.ba\\\/da-je-bih-sada-u-eu-bila-bi-prvak-po-nezaposlenosti-mladih\\\/#primaryimage\"},\"thumbnailUrl\":\"https:\\\/\\\/ic-lotos.org.ba\\\/wp-content\\\/uploads\\\/2012\\\/01\\\/sadrzaj_2010_mladi.jpg\",\"articleSection\":[\"Vijesti\"],\"inLanguage\":\"en-US\"},{\"@type\":\"WebPage\",\"@id\":\"https:\\\/\\\/ic-lotos.org.ba\\\/da-je-bih-sada-u-eu-bila-bi-prvak-po-nezaposlenosti-mladih\\\/\",\"url\":\"https:\\\/\\\/ic-lotos.org.ba\\\/da-je-bih-sada-u-eu-bila-bi-prvak-po-nezaposlenosti-mladih\\\/\",\"name\":\"Da je BiH sada u EU, bila bi prvak po nezaposlenosti mladih - IC Lotos Tuzla\",\"isPartOf\":{\"@id\":\"https:\\\/\\\/ic-lotos.org.ba\\\/#website\"},\"primaryImageOfPage\":{\"@id\":\"https:\\\/\\\/ic-lotos.org.ba\\\/da-je-bih-sada-u-eu-bila-bi-prvak-po-nezaposlenosti-mladih\\\/#primaryimage\"},\"image\":{\"@id\":\"https:\\\/\\\/ic-lotos.org.ba\\\/da-je-bih-sada-u-eu-bila-bi-prvak-po-nezaposlenosti-mladih\\\/#primaryimage\"},\"thumbnailUrl\":\"https:\\\/\\\/ic-lotos.org.ba\\\/wp-content\\\/uploads\\\/2012\\\/01\\\/sadrzaj_2010_mladi.jpg\",\"datePublished\":\"2012-01-19T09:25:38+00:00\",\"breadcrumb\":{\"@id\":\"https:\\\/\\\/ic-lotos.org.ba\\\/da-je-bih-sada-u-eu-bila-bi-prvak-po-nezaposlenosti-mladih\\\/#breadcrumb\"},\"inLanguage\":\"en-US\",\"potentialAction\":[{\"@type\":\"ReadAction\",\"target\":[\"https:\\\/\\\/ic-lotos.org.ba\\\/da-je-bih-sada-u-eu-bila-bi-prvak-po-nezaposlenosti-mladih\\\/\"]}]},{\"@type\":\"ImageObject\",\"inLanguage\":\"en-US\",\"@id\":\"https:\\\/\\\/ic-lotos.org.ba\\\/da-je-bih-sada-u-eu-bila-bi-prvak-po-nezaposlenosti-mladih\\\/#primaryimage\",\"url\":\"https:\\\/\\\/ic-lotos.org.ba\\\/wp-content\\\/uploads\\\/2012\\\/01\\\/sadrzaj_2010_mladi.jpg\",\"contentUrl\":\"https:\\\/\\\/ic-lotos.org.ba\\\/wp-content\\\/uploads\\\/2012\\\/01\\\/sadrzaj_2010_mladi.jpg\",\"width\":288,\"height\":216,\"caption\":\"mladi\"},{\"@type\":\"BreadcrumbList\",\"@id\":\"https:\\\/\\\/ic-lotos.org.ba\\\/da-je-bih-sada-u-eu-bila-bi-prvak-po-nezaposlenosti-mladih\\\/#breadcrumb\",\"itemListElement\":[{\"@type\":\"ListItem\",\"position\":1,\"name\":\"Naslovna\",\"item\":\"https:\\\/\\\/ic-lotos.org.ba\\\/\"},{\"@type\":\"ListItem\",\"position\":2,\"name\":\"Da je BiH sada u EU, bila bi prvak po nezaposlenosti mladih\"}]},{\"@type\":\"WebSite\",\"@id\":\"https:\\\/\\\/ic-lotos.org.ba\\\/#website\",\"url\":\"https:\\\/\\\/ic-lotos.org.ba\\\/\",\"name\":\"IC Lotos Tuzla\",\"description\":\"Informativni centar \u201cLotos\u201d okuplja osobe sa ili bez invaliditeta koje su zainteresovane da svojim radom bilo na profesionalnoj ili volonterskoj osnovi doprinesu ostvarivanju misije organizacije.\",\"publisher\":{\"@id\":\"https:\\\/\\\/ic-lotos.org.ba\\\/#organization\"},\"potentialAction\":[{\"@type\":\"SearchAction\",\"target\":{\"@type\":\"EntryPoint\",\"urlTemplate\":\"https:\\\/\\\/ic-lotos.org.ba\\\/?s={search_term_string}\"},\"query-input\":{\"@type\":\"PropertyValueSpecification\",\"valueRequired\":true,\"valueName\":\"search_term_string\"}}],\"inLanguage\":\"en-US\"},{\"@type\":\"Organization\",\"@id\":\"https:\\\/\\\/ic-lotos.org.ba\\\/#organization\",\"name\":\"IC Lotos Tuzla\",\"url\":\"https:\\\/\\\/ic-lotos.org.ba\\\/\",\"logo\":{\"@type\":\"ImageObject\",\"inLanguage\":\"en-US\",\"@id\":\"https:\\\/\\\/ic-lotos.org.ba\\\/#\\\/schema\\\/logo\\\/image\\\/\",\"url\":\"https:\\\/\\\/ic-lotos.org.ba\\\/wp-content\\\/uploads\\\/2019\\\/11\\\/logo.jpg\",\"contentUrl\":\"https:\\\/\\\/ic-lotos.org.ba\\\/wp-content\\\/uploads\\\/2019\\\/11\\\/logo.jpg\",\"width\":575,\"height\":623,\"caption\":\"IC Lotos Tuzla\"},\"image\":{\"@id\":\"https:\\\/\\\/ic-lotos.org.ba\\\/#\\\/schema\\\/logo\\\/image\\\/\"},\"sameAs\":[\"https:\\\/\\\/www.facebook.com\\\/iclotos\\\/\",\"https:\\\/\\\/www.youtube.com\\\/feed\\\/library\"]},{\"@type\":\"Person\",\"@id\":\"https:\\\/\\\/ic-lotos.org.ba\\\/#\\\/schema\\\/person\\\/fb1da7c92bc3365aad6d1abac5bfe80a\",\"name\":\"Jasminko Bijeli\u0107\",\"image\":{\"@type\":\"ImageObject\",\"inLanguage\":\"en-US\",\"@id\":\"https:\\\/\\\/secure.gravatar.com\\\/avatar\\\/d694f8eb6cc3383210938655f7851f13239ed2f29afcf4e787e3c519ba016d67?s=96&d=mm&r=g\",\"url\":\"https:\\\/\\\/secure.gravatar.com\\\/avatar\\\/d694f8eb6cc3383210938655f7851f13239ed2f29afcf4e787e3c519ba016d67?s=96&d=mm&r=g\",\"contentUrl\":\"https:\\\/\\\/secure.gravatar.com\\\/avatar\\\/d694f8eb6cc3383210938655f7851f13239ed2f29afcf4e787e3c519ba016d67?s=96&d=mm&r=g\",\"caption\":\"Jasminko Bijeli\u0107\"}}]}<\/script>\n<!-- \/ Yoast SEO plugin. -->","yoast_head_json":{"title":"Da je BiH sada u EU, bila bi prvak po nezaposlenosti mladih - IC Lotos Tuzla","robots":{"index":"index","follow":"follow","max-snippet":"max-snippet:-1","max-image-preview":"max-image-preview:large","max-video-preview":"max-video-preview:-1"},"canonical":"https:\/\/ic-lotos.org.ba\/en\/da-je-bih-sada-u-eu-bila-bi-prvak-po-nezaposlenosti-mladih\/","og_locale":"en_US","og_type":"article","og_title":"Da je BiH sada u EU, bila bi prvak po nezaposlenosti mladih - IC Lotos Tuzla","og_description":"U posljednjih 10 godina broj nezaposlenih u Federaciji BiH pove\u0107ao se za vi\u0161e od 90 hiljada. Od 368.922 nezaposlene osobe u Federaciji BiH gotovo polovina prvi put tra\u017ei zaposlenje. \u201eHrvatska stopa nezaposlenosti mladih pribli\u017eila se 40 posto te je prema [&hellip;]","og_url":"https:\/\/ic-lotos.org.ba\/en\/da-je-bih-sada-u-eu-bila-bi-prvak-po-nezaposlenosti-mladih\/","og_site_name":"IC Lotos Tuzla","article_publisher":"https:\/\/www.facebook.com\/iclotos\/","article_published_time":"2012-01-19T09:25:38+00:00","og_image":[{"width":288,"height":216,"url":"https:\/\/ic-lotos.org.ba\/wp-content\/uploads\/2012\/01\/sadrzaj_2010_mladi.jpg","type":"image\/jpeg"}],"author":"Jasminko Bijeli\u0107","twitter_card":"summary_large_image","twitter_misc":{"Written by":"Jasminko Bijeli\u0107","Est. reading time":"8 minutes"},"schema":{"@context":"https:\/\/schema.org","@graph":[{"@type":"Article","@id":"https:\/\/ic-lotos.org.ba\/da-je-bih-sada-u-eu-bila-bi-prvak-po-nezaposlenosti-mladih\/#article","isPartOf":{"@id":"https:\/\/ic-lotos.org.ba\/da-je-bih-sada-u-eu-bila-bi-prvak-po-nezaposlenosti-mladih\/"},"author":{"name":"Jasminko Bijeli\u0107","@id":"https:\/\/ic-lotos.org.ba\/#\/schema\/person\/fb1da7c92bc3365aad6d1abac5bfe80a"},"headline":"Da je BiH sada u EU, bila bi prvak po nezaposlenosti mladih","datePublished":"2012-01-19T09:25:38+00:00","mainEntityOfPage":{"@id":"https:\/\/ic-lotos.org.ba\/da-je-bih-sada-u-eu-bila-bi-prvak-po-nezaposlenosti-mladih\/"},"wordCount":1643,"commentCount":0,"publisher":{"@id":"https:\/\/ic-lotos.org.ba\/#organization"},"image":{"@id":"https:\/\/ic-lotos.org.ba\/da-je-bih-sada-u-eu-bila-bi-prvak-po-nezaposlenosti-mladih\/#primaryimage"},"thumbnailUrl":"https:\/\/ic-lotos.org.ba\/wp-content\/uploads\/2012\/01\/sadrzaj_2010_mladi.jpg","articleSection":["Vijesti"],"inLanguage":"en-US"},{"@type":"WebPage","@id":"https:\/\/ic-lotos.org.ba\/da-je-bih-sada-u-eu-bila-bi-prvak-po-nezaposlenosti-mladih\/","url":"https:\/\/ic-lotos.org.ba\/da-je-bih-sada-u-eu-bila-bi-prvak-po-nezaposlenosti-mladih\/","name":"Da je BiH sada u EU, bila bi prvak po nezaposlenosti mladih - IC Lotos Tuzla","isPartOf":{"@id":"https:\/\/ic-lotos.org.ba\/#website"},"primaryImageOfPage":{"@id":"https:\/\/ic-lotos.org.ba\/da-je-bih-sada-u-eu-bila-bi-prvak-po-nezaposlenosti-mladih\/#primaryimage"},"image":{"@id":"https:\/\/ic-lotos.org.ba\/da-je-bih-sada-u-eu-bila-bi-prvak-po-nezaposlenosti-mladih\/#primaryimage"},"thumbnailUrl":"https:\/\/ic-lotos.org.ba\/wp-content\/uploads\/2012\/01\/sadrzaj_2010_mladi.jpg","datePublished":"2012-01-19T09:25:38+00:00","breadcrumb":{"@id":"https:\/\/ic-lotos.org.ba\/da-je-bih-sada-u-eu-bila-bi-prvak-po-nezaposlenosti-mladih\/#breadcrumb"},"inLanguage":"en-US","potentialAction":[{"@type":"ReadAction","target":["https:\/\/ic-lotos.org.ba\/da-je-bih-sada-u-eu-bila-bi-prvak-po-nezaposlenosti-mladih\/"]}]},{"@type":"ImageObject","inLanguage":"en-US","@id":"https:\/\/ic-lotos.org.ba\/da-je-bih-sada-u-eu-bila-bi-prvak-po-nezaposlenosti-mladih\/#primaryimage","url":"https:\/\/ic-lotos.org.ba\/wp-content\/uploads\/2012\/01\/sadrzaj_2010_mladi.jpg","contentUrl":"https:\/\/ic-lotos.org.ba\/wp-content\/uploads\/2012\/01\/sadrzaj_2010_mladi.jpg","width":288,"height":216,"caption":"mladi"},{"@type":"BreadcrumbList","@id":"https:\/\/ic-lotos.org.ba\/da-je-bih-sada-u-eu-bila-bi-prvak-po-nezaposlenosti-mladih\/#breadcrumb","itemListElement":[{"@type":"ListItem","position":1,"name":"Naslovna","item":"https:\/\/ic-lotos.org.ba\/"},{"@type":"ListItem","position":2,"name":"Da je BiH sada u EU, bila bi prvak po nezaposlenosti mladih"}]},{"@type":"WebSite","@id":"https:\/\/ic-lotos.org.ba\/#website","url":"https:\/\/ic-lotos.org.ba\/","name":"IC Lotos Tuzla","description":"Informativni centar \u201cLotos\u201d okuplja osobe sa ili bez invaliditeta koje su zainteresovane da svojim radom bilo na profesionalnoj ili volonterskoj osnovi doprinesu ostvarivanju misije organizacije.","publisher":{"@id":"https:\/\/ic-lotos.org.ba\/#organization"},"potentialAction":[{"@type":"SearchAction","target":{"@type":"EntryPoint","urlTemplate":"https:\/\/ic-lotos.org.ba\/?s={search_term_string}"},"query-input":{"@type":"PropertyValueSpecification","valueRequired":true,"valueName":"search_term_string"}}],"inLanguage":"en-US"},{"@type":"Organization","@id":"https:\/\/ic-lotos.org.ba\/#organization","name":"IC Lotos Tuzla","url":"https:\/\/ic-lotos.org.ba\/","logo":{"@type":"ImageObject","inLanguage":"en-US","@id":"https:\/\/ic-lotos.org.ba\/#\/schema\/logo\/image\/","url":"https:\/\/ic-lotos.org.ba\/wp-content\/uploads\/2019\/11\/logo.jpg","contentUrl":"https:\/\/ic-lotos.org.ba\/wp-content\/uploads\/2019\/11\/logo.jpg","width":575,"height":623,"caption":"IC Lotos Tuzla"},"image":{"@id":"https:\/\/ic-lotos.org.ba\/#\/schema\/logo\/image\/"},"sameAs":["https:\/\/www.facebook.com\/iclotos\/","https:\/\/www.youtube.com\/feed\/library"]},{"@type":"Person","@id":"https:\/\/ic-lotos.org.ba\/#\/schema\/person\/fb1da7c92bc3365aad6d1abac5bfe80a","name":"Jasminko Bijeli\u0107","image":{"@type":"ImageObject","inLanguage":"en-US","@id":"https:\/\/secure.gravatar.com\/avatar\/d694f8eb6cc3383210938655f7851f13239ed2f29afcf4e787e3c519ba016d67?s=96&d=mm&r=g","url":"https:\/\/secure.gravatar.com\/avatar\/d694f8eb6cc3383210938655f7851f13239ed2f29afcf4e787e3c519ba016d67?s=96&d=mm&r=g","contentUrl":"https:\/\/secure.gravatar.com\/avatar\/d694f8eb6cc3383210938655f7851f13239ed2f29afcf4e787e3c519ba016d67?s=96&d=mm&r=g","caption":"Jasminko Bijeli\u0107"}}]}},"_links":{"self":[{"href":"https:\/\/ic-lotos.org.ba\/en\/wp-json\/wp\/v2\/posts\/10798","targetHints":{"allow":["GET"]}}],"collection":[{"href":"https:\/\/ic-lotos.org.ba\/en\/wp-json\/wp\/v2\/posts"}],"about":[{"href":"https:\/\/ic-lotos.org.ba\/en\/wp-json\/wp\/v2\/types\/post"}],"author":[{"embeddable":true,"href":"https:\/\/ic-lotos.org.ba\/en\/wp-json\/wp\/v2\/users\/5"}],"replies":[{"embeddable":true,"href":"https:\/\/ic-lotos.org.ba\/en\/wp-json\/wp\/v2\/comments?post=10798"}],"version-history":[{"count":0,"href":"https:\/\/ic-lotos.org.ba\/en\/wp-json\/wp\/v2\/posts\/10798\/revisions"}],"wp:featuredmedia":[{"embeddable":true,"href":"https:\/\/ic-lotos.org.ba\/en\/wp-json\/wp\/v2\/media\/10797"}],"wp:attachment":[{"href":"https:\/\/ic-lotos.org.ba\/en\/wp-json\/wp\/v2\/media?parent=10798"}],"wp:term":[{"taxonomy":"category","embeddable":true,"href":"https:\/\/ic-lotos.org.ba\/en\/wp-json\/wp\/v2\/categories?post=10798"},{"taxonomy":"post_tag","embeddable":true,"href":"https:\/\/ic-lotos.org.ba\/en\/wp-json\/wp\/v2\/tags?post=10798"}],"curies":[{"name":"wp","href":"https:\/\/api.w.org\/{rel}","templated":true}]}}