{"id":10756,"date":"2011-11-04T13:37:21","date_gmt":"2011-11-04T13:37:21","guid":{"rendered":"https:\/\/v2.ic-lotos.org.ba\/fond-za-rehabilitaciju-i-zaposljavanje-osoba-sa-invaliditetom-fbih\/"},"modified":"2011-11-04T13:37:21","modified_gmt":"2011-11-04T13:37:21","slug":"fond-za-rehabilitaciju-i-zaposljavanje-osoba-sa-invaliditetom-fbih","status":"publish","type":"post","link":"https:\/\/ic-lotos.org.ba\/en\/fond-za-rehabilitaciju-i-zaposljavanje-osoba-sa-invaliditetom-fbih\/","title":{"rendered":"Fund for Rehabilitation and Employment of Persons with Disabilities of the Federation of Bosnia and Herzegovina"},"content":{"rendered":"<p>HELD THE 1ST CONSTITUTIONAL SESSION OF THE BOARD OF DIRECTORS<\/p>\n<p> On October 18, 2011, the first and constituent meeting of the Board of Directors of the Fund was held in the premises of the Fund for Professional Rehabilitation and Employment of Persons with Disabilities. The meeting was attended by all members of the Board of Directors, the President and the Director of the Fund. Director Ivica Marinovi\u0107, among other things, informed the attendees about the current state of the Fund and noted that due to the delay in appointing the Board members, this seven-member Board will have to work at an accelerated pace in order to meet all the obligations of the Fund stipulated by law.<\/p>\n<\/p>\n<p>\u00a0<\/p>\n<hr \/>\n<p>\u00a0<\/p>\n<p>\u00a0<\/p>\n<div class=\"gsp_post_data\" \r\n\t            data-post_type=\"post\" \r\n\t            data-cat=\"vijesti\" \r\n\t            data-modified=\"120\"\r\n\t            data-created=\"1320413841\"\r\n\t            data-title=\"Fond za rehabilitaciju i zapo\u0161ljavanje osoba sa invaliditetom FBiH\" \r\n\t            data-home=\"https:\/\/ic-lotos.org.ba\/en\"><\/div>","protected":false},"excerpt":{"rendered":"<p>ODR\u017dANA 1. I KONSTITUIRAJU\u0106A SJEDNICA UPRAVNOG ODBORA Dana, 18.10.2011.godine u prostorijama Fonda za profesionalnu rehabilitaciju i zapo\u0161ljavanje osoba sa invaliditetom odr\u017eana je prva i konstiruiraju\u0107a sjednica Upravnog odbora Fonda. Sjednici su prisustovali svi \u010dlanovi Upravnog odbora, predsjednik i direktor Fonda. [&hellip;]<\/p>\n","protected":false},"author":5,"featured_media":10755,"comment_status":"open","ping_status":"closed","sticky":false,"template":"","format":"standard","meta":{"footnotes":""},"categories":[65],"tags":[],"class_list":["post-10756","post","type-post","status-publish","format-standard","has-post-thumbnail","hentry","category-vijesti"],"yoast_head":"<!-- This site is optimized with the Yoast SEO plugin v27.5 - https:\/\/yoast.com\/product\/yoast-seo-wordpress\/ -->\n<title>Fond za rehabilitaciju i zapo\u0161ljavanje osoba sa invaliditetom FBiH - IC Lotos Tuzla<\/title>\n<meta name=\"robots\" content=\"index, follow, max-snippet:-1, max-image-preview:large, max-video-preview:-1\" \/>\n<link rel=\"canonical\" href=\"https:\/\/ic-lotos.org.ba\/en\/fond-za-rehabilitaciju-i-zaposljavanje-osoba-sa-invaliditetom-fbih\/\" \/>\n<meta property=\"og:locale\" content=\"en_US\" \/>\n<meta property=\"og:type\" content=\"article\" \/>\n<meta property=\"og:title\" content=\"Fond za rehabilitaciju i zapo\u0161ljavanje osoba sa invaliditetom FBiH - IC Lotos Tuzla\" \/>\n<meta property=\"og:description\" content=\"ODR\u017dANA 1. I KONSTITUIRAJU\u0106A SJEDNICA UPRAVNOG ODBORA Dana, 18.10.2011.godine u prostorijama Fonda za profesionalnu rehabilitaciju i zapo\u0161ljavanje osoba sa invaliditetom odr\u017eana je prva i konstiruiraju\u0107a sjednica Upravnog odbora Fonda. Sjednici su prisustovali svi \u010dlanovi Upravnog odbora, predsjednik i direktor Fonda. [&hellip;]\" \/>\n<meta property=\"og:url\" content=\"https:\/\/ic-lotos.org.ba\/en\/fond-za-rehabilitaciju-i-zaposljavanje-osoba-sa-invaliditetom-fbih\/\" \/>\n<meta property=\"og:site_name\" content=\"IC Lotos Tuzla\" \/>\n<meta property=\"article:publisher\" content=\"https:\/\/www.facebook.com\/iclotos\/\" \/>\n<meta property=\"article:published_time\" content=\"2011-11-04T13:37:21+00:00\" \/>\n<meta property=\"og:image\" content=\"https:\/\/ic-lotos.org.ba\/wp-content\/uploads\/2011\/11\/sadrzaj_2010_fond.png\" \/>\n\t<meta property=\"og:image:width\" content=\"411\" \/>\n\t<meta property=\"og:image:height\" content=\"336\" \/>\n\t<meta property=\"og:image:type\" content=\"image\/png\" \/>\n<meta name=\"author\" content=\"Jasminko Bijeli\u0107\" \/>\n<meta name=\"twitter:card\" content=\"summary_large_image\" \/>\n<meta name=\"twitter:label1\" content=\"Written by\" \/>\n\t<meta name=\"twitter:data1\" content=\"Jasminko Bijeli\u0107\" \/>\n<script type=\"application\/ld+json\" class=\"yoast-schema-graph\">{\"@context\":\"https:\\\/\\\/schema.org\",\"@graph\":[{\"@type\":\"Article\",\"@id\":\"https:\\\/\\\/ic-lotos.org.ba\\\/fond-za-rehabilitaciju-i-zaposljavanje-osoba-sa-invaliditetom-fbih\\\/#article\",\"isPartOf\":{\"@id\":\"https:\\\/\\\/ic-lotos.org.ba\\\/fond-za-rehabilitaciju-i-zaposljavanje-osoba-sa-invaliditetom-fbih\\\/\"},\"author\":{\"name\":\"Jasminko Bijeli\u0107\",\"@id\":\"https:\\\/\\\/ic-lotos.org.ba\\\/#\\\/schema\\\/person\\\/fb1da7c92bc3365aad6d1abac5bfe80a\"},\"headline\":\"Fond za rehabilitaciju i zapo\u0161ljavanje osoba sa invaliditetom FBiH\",\"datePublished\":\"2011-11-04T13:37:21+00:00\",\"mainEntityOfPage\":{\"@id\":\"https:\\\/\\\/ic-lotos.org.ba\\\/fond-za-rehabilitaciju-i-zaposljavanje-osoba-sa-invaliditetom-fbih\\\/\"},\"wordCount\":96,\"commentCount\":0,\"publisher\":{\"@id\":\"https:\\\/\\\/ic-lotos.org.ba\\\/#organization\"},\"image\":{\"@id\":\"https:\\\/\\\/ic-lotos.org.ba\\\/fond-za-rehabilitaciju-i-zaposljavanje-osoba-sa-invaliditetom-fbih\\\/#primaryimage\"},\"thumbnailUrl\":\"https:\\\/\\\/ic-lotos.org.ba\\\/wp-content\\\/uploads\\\/2011\\\/11\\\/sadrzaj_2010_fond.png\",\"articleSection\":[\"Vijesti\"],\"inLanguage\":\"en-US\"},{\"@type\":\"WebPage\",\"@id\":\"https:\\\/\\\/ic-lotos.org.ba\\\/fond-za-rehabilitaciju-i-zaposljavanje-osoba-sa-invaliditetom-fbih\\\/\",\"url\":\"https:\\\/\\\/ic-lotos.org.ba\\\/fond-za-rehabilitaciju-i-zaposljavanje-osoba-sa-invaliditetom-fbih\\\/\",\"name\":\"Fond za rehabilitaciju i zapo\u0161ljavanje osoba sa invaliditetom FBiH - IC Lotos Tuzla\",\"isPartOf\":{\"@id\":\"https:\\\/\\\/ic-lotos.org.ba\\\/#website\"},\"primaryImageOfPage\":{\"@id\":\"https:\\\/\\\/ic-lotos.org.ba\\\/fond-za-rehabilitaciju-i-zaposljavanje-osoba-sa-invaliditetom-fbih\\\/#primaryimage\"},\"image\":{\"@id\":\"https:\\\/\\\/ic-lotos.org.ba\\\/fond-za-rehabilitaciju-i-zaposljavanje-osoba-sa-invaliditetom-fbih\\\/#primaryimage\"},\"thumbnailUrl\":\"https:\\\/\\\/ic-lotos.org.ba\\\/wp-content\\\/uploads\\\/2011\\\/11\\\/sadrzaj_2010_fond.png\",\"datePublished\":\"2011-11-04T13:37:21+00:00\",\"breadcrumb\":{\"@id\":\"https:\\\/\\\/ic-lotos.org.ba\\\/fond-za-rehabilitaciju-i-zaposljavanje-osoba-sa-invaliditetom-fbih\\\/#breadcrumb\"},\"inLanguage\":\"en-US\",\"potentialAction\":[{\"@type\":\"ReadAction\",\"target\":[\"https:\\\/\\\/ic-lotos.org.ba\\\/fond-za-rehabilitaciju-i-zaposljavanje-osoba-sa-invaliditetom-fbih\\\/\"]}]},{\"@type\":\"ImageObject\",\"inLanguage\":\"en-US\",\"@id\":\"https:\\\/\\\/ic-lotos.org.ba\\\/fond-za-rehabilitaciju-i-zaposljavanje-osoba-sa-invaliditetom-fbih\\\/#primaryimage\",\"url\":\"https:\\\/\\\/ic-lotos.org.ba\\\/wp-content\\\/uploads\\\/2011\\\/11\\\/sadrzaj_2010_fond.png\",\"contentUrl\":\"https:\\\/\\\/ic-lotos.org.ba\\\/wp-content\\\/uploads\\\/2011\\\/11\\\/sadrzaj_2010_fond.png\",\"width\":411,\"height\":336,\"caption\":\"fond\"},{\"@type\":\"BreadcrumbList\",\"@id\":\"https:\\\/\\\/ic-lotos.org.ba\\\/fond-za-rehabilitaciju-i-zaposljavanje-osoba-sa-invaliditetom-fbih\\\/#breadcrumb\",\"itemListElement\":[{\"@type\":\"ListItem\",\"position\":1,\"name\":\"Naslovna\",\"item\":\"https:\\\/\\\/ic-lotos.org.ba\\\/\"},{\"@type\":\"ListItem\",\"position\":2,\"name\":\"Fond za rehabilitaciju i zapo\u0161ljavanje osoba sa invaliditetom FBiH\"}]},{\"@type\":\"WebSite\",\"@id\":\"https:\\\/\\\/ic-lotos.org.ba\\\/#website\",\"url\":\"https:\\\/\\\/ic-lotos.org.ba\\\/\",\"name\":\"IC Lotos Tuzla\",\"description\":\"Informativni centar \u201cLotos\u201d okuplja osobe sa ili bez invaliditeta koje su zainteresovane da svojim radom bilo na profesionalnoj ili volonterskoj osnovi doprinesu ostvarivanju misije organizacije.\",\"publisher\":{\"@id\":\"https:\\\/\\\/ic-lotos.org.ba\\\/#organization\"},\"potentialAction\":[{\"@type\":\"SearchAction\",\"target\":{\"@type\":\"EntryPoint\",\"urlTemplate\":\"https:\\\/\\\/ic-lotos.org.ba\\\/?s={search_term_string}\"},\"query-input\":{\"@type\":\"PropertyValueSpecification\",\"valueRequired\":true,\"valueName\":\"search_term_string\"}}],\"inLanguage\":\"en-US\"},{\"@type\":\"Organization\",\"@id\":\"https:\\\/\\\/ic-lotos.org.ba\\\/#organization\",\"name\":\"IC Lotos Tuzla\",\"url\":\"https:\\\/\\\/ic-lotos.org.ba\\\/\",\"logo\":{\"@type\":\"ImageObject\",\"inLanguage\":\"en-US\",\"@id\":\"https:\\\/\\\/ic-lotos.org.ba\\\/#\\\/schema\\\/logo\\\/image\\\/\",\"url\":\"https:\\\/\\\/ic-lotos.org.ba\\\/wp-content\\\/uploads\\\/2019\\\/11\\\/logo.jpg\",\"contentUrl\":\"https:\\\/\\\/ic-lotos.org.ba\\\/wp-content\\\/uploads\\\/2019\\\/11\\\/logo.jpg\",\"width\":575,\"height\":623,\"caption\":\"IC Lotos Tuzla\"},\"image\":{\"@id\":\"https:\\\/\\\/ic-lotos.org.ba\\\/#\\\/schema\\\/logo\\\/image\\\/\"},\"sameAs\":[\"https:\\\/\\\/www.facebook.com\\\/iclotos\\\/\",\"https:\\\/\\\/www.youtube.com\\\/feed\\\/library\"]},{\"@type\":\"Person\",\"@id\":\"https:\\\/\\\/ic-lotos.org.ba\\\/#\\\/schema\\\/person\\\/fb1da7c92bc3365aad6d1abac5bfe80a\",\"name\":\"Jasminko Bijeli\u0107\",\"image\":{\"@type\":\"ImageObject\",\"inLanguage\":\"en-US\",\"@id\":\"https:\\\/\\\/secure.gravatar.com\\\/avatar\\\/d694f8eb6cc3383210938655f7851f13239ed2f29afcf4e787e3c519ba016d67?s=96&d=mm&r=g\",\"url\":\"https:\\\/\\\/secure.gravatar.com\\\/avatar\\\/d694f8eb6cc3383210938655f7851f13239ed2f29afcf4e787e3c519ba016d67?s=96&d=mm&r=g\",\"contentUrl\":\"https:\\\/\\\/secure.gravatar.com\\\/avatar\\\/d694f8eb6cc3383210938655f7851f13239ed2f29afcf4e787e3c519ba016d67?s=96&d=mm&r=g\",\"caption\":\"Jasminko Bijeli\u0107\"}}]}<\/script>\n<!-- \/ Yoast SEO plugin. -->","yoast_head_json":{"title":"Fond za rehabilitaciju i zapo\u0161ljavanje osoba sa invaliditetom FBiH - IC Lotos Tuzla","robots":{"index":"index","follow":"follow","max-snippet":"max-snippet:-1","max-image-preview":"max-image-preview:large","max-video-preview":"max-video-preview:-1"},"canonical":"https:\/\/ic-lotos.org.ba\/en\/fond-za-rehabilitaciju-i-zaposljavanje-osoba-sa-invaliditetom-fbih\/","og_locale":"en_US","og_type":"article","og_title":"Fond za rehabilitaciju i zapo\u0161ljavanje osoba sa invaliditetom FBiH - IC Lotos Tuzla","og_description":"ODR\u017dANA 1. I KONSTITUIRAJU\u0106A SJEDNICA UPRAVNOG ODBORA Dana, 18.10.2011.godine u prostorijama Fonda za profesionalnu rehabilitaciju i zapo\u0161ljavanje osoba sa invaliditetom odr\u017eana je prva i konstiruiraju\u0107a sjednica Upravnog odbora Fonda. Sjednici su prisustovali svi \u010dlanovi Upravnog odbora, predsjednik i direktor Fonda. [&hellip;]","og_url":"https:\/\/ic-lotos.org.ba\/en\/fond-za-rehabilitaciju-i-zaposljavanje-osoba-sa-invaliditetom-fbih\/","og_site_name":"IC Lotos Tuzla","article_publisher":"https:\/\/www.facebook.com\/iclotos\/","article_published_time":"2011-11-04T13:37:21+00:00","og_image":[{"width":411,"height":336,"url":"https:\/\/ic-lotos.org.ba\/wp-content\/uploads\/2011\/11\/sadrzaj_2010_fond.png","type":"image\/png"}],"author":"Jasminko Bijeli\u0107","twitter_card":"summary_large_image","twitter_misc":{"Written by":"Jasminko Bijeli\u0107"},"schema":{"@context":"https:\/\/schema.org","@graph":[{"@type":"Article","@id":"https:\/\/ic-lotos.org.ba\/fond-za-rehabilitaciju-i-zaposljavanje-osoba-sa-invaliditetom-fbih\/#article","isPartOf":{"@id":"https:\/\/ic-lotos.org.ba\/fond-za-rehabilitaciju-i-zaposljavanje-osoba-sa-invaliditetom-fbih\/"},"author":{"name":"Jasminko Bijeli\u0107","@id":"https:\/\/ic-lotos.org.ba\/#\/schema\/person\/fb1da7c92bc3365aad6d1abac5bfe80a"},"headline":"Fond za rehabilitaciju i zapo\u0161ljavanje osoba sa invaliditetom FBiH","datePublished":"2011-11-04T13:37:21+00:00","mainEntityOfPage":{"@id":"https:\/\/ic-lotos.org.ba\/fond-za-rehabilitaciju-i-zaposljavanje-osoba-sa-invaliditetom-fbih\/"},"wordCount":96,"commentCount":0,"publisher":{"@id":"https:\/\/ic-lotos.org.ba\/#organization"},"image":{"@id":"https:\/\/ic-lotos.org.ba\/fond-za-rehabilitaciju-i-zaposljavanje-osoba-sa-invaliditetom-fbih\/#primaryimage"},"thumbnailUrl":"https:\/\/ic-lotos.org.ba\/wp-content\/uploads\/2011\/11\/sadrzaj_2010_fond.png","articleSection":["Vijesti"],"inLanguage":"en-US"},{"@type":"WebPage","@id":"https:\/\/ic-lotos.org.ba\/fond-za-rehabilitaciju-i-zaposljavanje-osoba-sa-invaliditetom-fbih\/","url":"https:\/\/ic-lotos.org.ba\/fond-za-rehabilitaciju-i-zaposljavanje-osoba-sa-invaliditetom-fbih\/","name":"Fond za rehabilitaciju i zapo\u0161ljavanje osoba sa invaliditetom FBiH - IC Lotos Tuzla","isPartOf":{"@id":"https:\/\/ic-lotos.org.ba\/#website"},"primaryImageOfPage":{"@id":"https:\/\/ic-lotos.org.ba\/fond-za-rehabilitaciju-i-zaposljavanje-osoba-sa-invaliditetom-fbih\/#primaryimage"},"image":{"@id":"https:\/\/ic-lotos.org.ba\/fond-za-rehabilitaciju-i-zaposljavanje-osoba-sa-invaliditetom-fbih\/#primaryimage"},"thumbnailUrl":"https:\/\/ic-lotos.org.ba\/wp-content\/uploads\/2011\/11\/sadrzaj_2010_fond.png","datePublished":"2011-11-04T13:37:21+00:00","breadcrumb":{"@id":"https:\/\/ic-lotos.org.ba\/fond-za-rehabilitaciju-i-zaposljavanje-osoba-sa-invaliditetom-fbih\/#breadcrumb"},"inLanguage":"en-US","potentialAction":[{"@type":"ReadAction","target":["https:\/\/ic-lotos.org.ba\/fond-za-rehabilitaciju-i-zaposljavanje-osoba-sa-invaliditetom-fbih\/"]}]},{"@type":"ImageObject","inLanguage":"en-US","@id":"https:\/\/ic-lotos.org.ba\/fond-za-rehabilitaciju-i-zaposljavanje-osoba-sa-invaliditetom-fbih\/#primaryimage","url":"https:\/\/ic-lotos.org.ba\/wp-content\/uploads\/2011\/11\/sadrzaj_2010_fond.png","contentUrl":"https:\/\/ic-lotos.org.ba\/wp-content\/uploads\/2011\/11\/sadrzaj_2010_fond.png","width":411,"height":336,"caption":"fond"},{"@type":"BreadcrumbList","@id":"https:\/\/ic-lotos.org.ba\/fond-za-rehabilitaciju-i-zaposljavanje-osoba-sa-invaliditetom-fbih\/#breadcrumb","itemListElement":[{"@type":"ListItem","position":1,"name":"Naslovna","item":"https:\/\/ic-lotos.org.ba\/"},{"@type":"ListItem","position":2,"name":"Fond za rehabilitaciju i zapo\u0161ljavanje osoba sa invaliditetom FBiH"}]},{"@type":"WebSite","@id":"https:\/\/ic-lotos.org.ba\/#website","url":"https:\/\/ic-lotos.org.ba\/","name":"IC Lotos Tuzla","description":"Informativni centar \u201cLotos\u201d okuplja osobe sa ili bez invaliditeta koje su zainteresovane da svojim radom bilo na profesionalnoj ili volonterskoj osnovi doprinesu ostvarivanju misije organizacije.","publisher":{"@id":"https:\/\/ic-lotos.org.ba\/#organization"},"potentialAction":[{"@type":"SearchAction","target":{"@type":"EntryPoint","urlTemplate":"https:\/\/ic-lotos.org.ba\/?s={search_term_string}"},"query-input":{"@type":"PropertyValueSpecification","valueRequired":true,"valueName":"search_term_string"}}],"inLanguage":"en-US"},{"@type":"Organization","@id":"https:\/\/ic-lotos.org.ba\/#organization","name":"IC Lotos Tuzla","url":"https:\/\/ic-lotos.org.ba\/","logo":{"@type":"ImageObject","inLanguage":"en-US","@id":"https:\/\/ic-lotos.org.ba\/#\/schema\/logo\/image\/","url":"https:\/\/ic-lotos.org.ba\/wp-content\/uploads\/2019\/11\/logo.jpg","contentUrl":"https:\/\/ic-lotos.org.ba\/wp-content\/uploads\/2019\/11\/logo.jpg","width":575,"height":623,"caption":"IC Lotos Tuzla"},"image":{"@id":"https:\/\/ic-lotos.org.ba\/#\/schema\/logo\/image\/"},"sameAs":["https:\/\/www.facebook.com\/iclotos\/","https:\/\/www.youtube.com\/feed\/library"]},{"@type":"Person","@id":"https:\/\/ic-lotos.org.ba\/#\/schema\/person\/fb1da7c92bc3365aad6d1abac5bfe80a","name":"Jasminko Bijeli\u0107","image":{"@type":"ImageObject","inLanguage":"en-US","@id":"https:\/\/secure.gravatar.com\/avatar\/d694f8eb6cc3383210938655f7851f13239ed2f29afcf4e787e3c519ba016d67?s=96&d=mm&r=g","url":"https:\/\/secure.gravatar.com\/avatar\/d694f8eb6cc3383210938655f7851f13239ed2f29afcf4e787e3c519ba016d67?s=96&d=mm&r=g","contentUrl":"https:\/\/secure.gravatar.com\/avatar\/d694f8eb6cc3383210938655f7851f13239ed2f29afcf4e787e3c519ba016d67?s=96&d=mm&r=g","caption":"Jasminko Bijeli\u0107"}}]}},"_links":{"self":[{"href":"https:\/\/ic-lotos.org.ba\/en\/wp-json\/wp\/v2\/posts\/10756","targetHints":{"allow":["GET"]}}],"collection":[{"href":"https:\/\/ic-lotos.org.ba\/en\/wp-json\/wp\/v2\/posts"}],"about":[{"href":"https:\/\/ic-lotos.org.ba\/en\/wp-json\/wp\/v2\/types\/post"}],"author":[{"embeddable":true,"href":"https:\/\/ic-lotos.org.ba\/en\/wp-json\/wp\/v2\/users\/5"}],"replies":[{"embeddable":true,"href":"https:\/\/ic-lotos.org.ba\/en\/wp-json\/wp\/v2\/comments?post=10756"}],"version-history":[{"count":0,"href":"https:\/\/ic-lotos.org.ba\/en\/wp-json\/wp\/v2\/posts\/10756\/revisions"}],"wp:featuredmedia":[{"embeddable":true,"href":"https:\/\/ic-lotos.org.ba\/en\/wp-json\/wp\/v2\/media\/10755"}],"wp:attachment":[{"href":"https:\/\/ic-lotos.org.ba\/en\/wp-json\/wp\/v2\/media?parent=10756"}],"wp:term":[{"taxonomy":"category","embeddable":true,"href":"https:\/\/ic-lotos.org.ba\/en\/wp-json\/wp\/v2\/categories?post=10756"},{"taxonomy":"post_tag","embeddable":true,"href":"https:\/\/ic-lotos.org.ba\/en\/wp-json\/wp\/v2\/tags?post=10756"}],"curies":[{"name":"wp","href":"https:\/\/api.w.org\/{rel}","templated":true}]}}