{"id":10690,"date":"2010-11-23T11:30:43","date_gmt":"2010-11-23T11:30:43","guid":{"rendered":"https:\/\/v2.ic-lotos.org.ba\/medjunarodni-dan-osoba-sa-invaliditetom-3-dcembar-2010-god\/"},"modified":"2010-11-23T11:30:43","modified_gmt":"2010-11-23T11:30:43","slug":"medjunarodni-dan-osoba-sa-invaliditetom-3-dcembar-2010-god","status":"publish","type":"post","link":"https:\/\/ic-lotos.org.ba\/en\/medjunarodni-dan-osoba-sa-invaliditetom-3-dcembar-2010-god\/","title":{"rendered":"ME\u0110UNARODNI DAN OSOBA SA INVALIDITETOM 3. DCEMBAR 2010. god."},"content":{"rendered":"<p>Me\u0111unarodni dan osoba sa invaliditetom 3. decembar se obilje\u017eava od 1992. godine kada je Glavna skup\u0161tina UN-a usvojila rezoluciju kojom se pozivaju sve zemlje na obilje\u017eavanje toga datuma s ciljem da se osobama sa invaliditetom omogu\u0107i jednako u\u017eivanje ljudskih prava i ravnopravno sudjelovanje u dru\u0161tvenom \u017eivotu.<\/p>\n<p>Povodom 3. decembra, Me\u0111unarodnog dana osoba sa invaliditetom Informativni centar za osobe sa invaliditetom \u0107e uprili\u010diti tradicionalni prijem predstavnika vlasti, javnih li\u010dnosti, medija, predstavnika organizacija osoba sa invaliditetom sa podru\u010dja TK kao i pojedinaca sa i bez invaliditeta. <\/p>\n<p>Prijem \u0107e biti organizovan u Hotelu Tuzla, a tim povodom bit \u0107e uprili\u010dena prezentacija aktivnosti i dostignu\u0107a organizacija osoba sa invaliditetom (\u0161tandovi) u razli\u010ditim oblastima djelovanja, a koje su od zna\u010daja za pobolj\u0161anje polo\u017eaja i daljnju afirmaciju osoba sa invaliditetom u dru\u0161tvu.<\/p>\n<p>\u00a0<\/p>\n<p>Tako\u0111er, Informativni centar za osobe sa invaliditetom \u201eLotos\u201c i Udru\u017eenje gra\u0111ana oboljelih od mi\u0161i\u0107ne distrofije TK, su pokrenuli polovinom oktobra mjeseca tradicionalnu humanu akciju nabavke ra\u010dunarske opreme za djecu i\u00a0 omladinu sa najte\u017eim oblikom invaliditeta, obra\u0107aju\u0107i se svim javnim i dr\u017eavnim institucijama, privrednim dru\u0161tvima i pojedincima, mobiliziraju\u0107i podr\u0161ku za pravo na obrazovanje i dostojanstveno zapo\u0161ljavanje te populacije.<\/p>\n<p>Akcija traje sve do po\u010detka decembra, a za 3. decembar. 2010. bit \u0107e javno podijeljeni ra\u010dunari djeci i mladima sa invaliditetom koja poha\u0111aju redovno obrazovanje, a ujedno \u0107e biti uprili\u010dena podjela zahvalnica donatorima koji su podr\u017eali akciju.<\/p>\n<hr \/>\n<div class=\"gsp_post_data\" \r\n\t            data-post_type=\"post\" \r\n\t            data-cat=\"vijesti\" \r\n\t            data-modified=\"120\"\r\n\t            data-created=\"1290511843\"\r\n\t            data-title=\"ME\u0110UNARODNI DAN OSOBA SA INVALIDITETOM 3. DCEMBAR 2010. god.\" \r\n\t            data-home=\"https:\/\/ic-lotos.org.ba\/en\"><\/div>","protected":false},"excerpt":{"rendered":"<p>Me\u0111unarodni dan osoba sa invaliditetom 3. decembar se obilje\u017eava od 1992. godine kada je Glavna skup\u0161tina UN-a usvojila rezoluciju kojom se pozivaju sve zemlje na obilje\u017eavanje toga datuma s ciljem da se osobama sa invaliditetom omogu\u0107i jednako u\u017eivanje ljudskih prava [&hellip;]<\/p>\n","protected":false},"author":5,"featured_media":0,"comment_status":"open","ping_status":"closed","sticky":false,"template":"","format":"standard","meta":{"footnotes":""},"categories":[65],"tags":[],"class_list":["post-10690","post","type-post","status-publish","format-standard","hentry","category-vijesti"],"yoast_head":"<!-- This site is optimized with the Yoast SEO plugin v27.5 - https:\/\/yoast.com\/product\/yoast-seo-wordpress\/ -->\n<title>ME\u0110UNARODNI DAN OSOBA SA INVALIDITETOM 3. DCEMBAR 2010. god. - IC Lotos Tuzla<\/title>\n<meta name=\"robots\" content=\"index, follow, max-snippet:-1, max-image-preview:large, max-video-preview:-1\" \/>\n<link rel=\"canonical\" href=\"https:\/\/ic-lotos.org.ba\/en\/medjunarodni-dan-osoba-sa-invaliditetom-3-dcembar-2010-god\/\" \/>\n<meta property=\"og:locale\" content=\"en_US\" \/>\n<meta property=\"og:type\" content=\"article\" \/>\n<meta property=\"og:title\" content=\"ME\u0110UNARODNI DAN OSOBA SA INVALIDITETOM 3. DCEMBAR 2010. god. - IC Lotos Tuzla\" \/>\n<meta property=\"og:description\" content=\"Me\u0111unarodni dan osoba sa invaliditetom 3. decembar se obilje\u017eava od 1992. godine kada je Glavna skup\u0161tina UN-a usvojila rezoluciju kojom se pozivaju sve zemlje na obilje\u017eavanje toga datuma s ciljem da se osobama sa invaliditetom omogu\u0107i jednako u\u017eivanje ljudskih prava [&hellip;]\" \/>\n<meta property=\"og:url\" content=\"https:\/\/ic-lotos.org.ba\/en\/medjunarodni-dan-osoba-sa-invaliditetom-3-dcembar-2010-god\/\" \/>\n<meta property=\"og:site_name\" content=\"IC Lotos Tuzla\" \/>\n<meta property=\"article:publisher\" content=\"https:\/\/www.facebook.com\/iclotos\/\" \/>\n<meta property=\"article:published_time\" content=\"2010-11-23T11:30:43+00:00\" \/>\n<meta property=\"og:image\" content=\"https:\/\/ic-lotos.org.ba\/wp-content\/uploads\/2023\/10\/naslovna-1.jpg\" \/>\n\t<meta property=\"og:image:width\" content=\"1920\" \/>\n\t<meta property=\"og:image:height\" content=\"600\" \/>\n\t<meta property=\"og:image:type\" content=\"image\/jpeg\" \/>\n<meta name=\"author\" content=\"Jasminko Bijeli\u0107\" \/>\n<meta name=\"twitter:card\" content=\"summary_large_image\" \/>\n<meta name=\"twitter:label1\" content=\"Written by\" \/>\n\t<meta name=\"twitter:data1\" content=\"Jasminko Bijeli\u0107\" \/>\n\t<meta name=\"twitter:label2\" content=\"Est. reading time\" \/>\n\t<meta name=\"twitter:data2\" content=\"1 minute\" \/>\n<script type=\"application\/ld+json\" class=\"yoast-schema-graph\">{\"@context\":\"https:\\\/\\\/schema.org\",\"@graph\":[{\"@type\":\"Article\",\"@id\":\"https:\\\/\\\/ic-lotos.org.ba\\\/medjunarodni-dan-osoba-sa-invaliditetom-3-dcembar-2010-god\\\/#article\",\"isPartOf\":{\"@id\":\"https:\\\/\\\/ic-lotos.org.ba\\\/medjunarodni-dan-osoba-sa-invaliditetom-3-dcembar-2010-god\\\/\"},\"author\":{\"name\":\"Jasminko Bijeli\u0107\",\"@id\":\"https:\\\/\\\/ic-lotos.org.ba\\\/#\\\/schema\\\/person\\\/fb1da7c92bc3365aad6d1abac5bfe80a\"},\"headline\":\"ME\u0110UNARODNI DAN OSOBA SA INVALIDITETOM 3. DCEMBAR 2010. god.\",\"datePublished\":\"2010-11-23T11:30:43+00:00\",\"mainEntityOfPage\":{\"@id\":\"https:\\\/\\\/ic-lotos.org.ba\\\/medjunarodni-dan-osoba-sa-invaliditetom-3-dcembar-2010-god\\\/\"},\"wordCount\":260,\"commentCount\":0,\"publisher\":{\"@id\":\"https:\\\/\\\/ic-lotos.org.ba\\\/#organization\"},\"articleSection\":[\"Vijesti\"],\"inLanguage\":\"en-US\"},{\"@type\":\"WebPage\",\"@id\":\"https:\\\/\\\/ic-lotos.org.ba\\\/medjunarodni-dan-osoba-sa-invaliditetom-3-dcembar-2010-god\\\/\",\"url\":\"https:\\\/\\\/ic-lotos.org.ba\\\/medjunarodni-dan-osoba-sa-invaliditetom-3-dcembar-2010-god\\\/\",\"name\":\"ME\u0110UNARODNI DAN OSOBA SA INVALIDITETOM 3. DCEMBAR 2010. god. - IC Lotos Tuzla\",\"isPartOf\":{\"@id\":\"https:\\\/\\\/ic-lotos.org.ba\\\/#website\"},\"datePublished\":\"2010-11-23T11:30:43+00:00\",\"breadcrumb\":{\"@id\":\"https:\\\/\\\/ic-lotos.org.ba\\\/medjunarodni-dan-osoba-sa-invaliditetom-3-dcembar-2010-god\\\/#breadcrumb\"},\"inLanguage\":\"en-US\",\"potentialAction\":[{\"@type\":\"ReadAction\",\"target\":[\"https:\\\/\\\/ic-lotos.org.ba\\\/medjunarodni-dan-osoba-sa-invaliditetom-3-dcembar-2010-god\\\/\"]}]},{\"@type\":\"BreadcrumbList\",\"@id\":\"https:\\\/\\\/ic-lotos.org.ba\\\/medjunarodni-dan-osoba-sa-invaliditetom-3-dcembar-2010-god\\\/#breadcrumb\",\"itemListElement\":[{\"@type\":\"ListItem\",\"position\":1,\"name\":\"Naslovna\",\"item\":\"https:\\\/\\\/ic-lotos.org.ba\\\/\"},{\"@type\":\"ListItem\",\"position\":2,\"name\":\"ME\u0110UNARODNI DAN OSOBA SA INVALIDITETOM 3. DCEMBAR 2010. god.\"}]},{\"@type\":\"WebSite\",\"@id\":\"https:\\\/\\\/ic-lotos.org.ba\\\/#website\",\"url\":\"https:\\\/\\\/ic-lotos.org.ba\\\/\",\"name\":\"IC Lotos Tuzla\",\"description\":\"Informativni centar \u201cLotos\u201d okuplja osobe sa ili bez invaliditeta koje su zainteresovane da svojim radom bilo na profesionalnoj ili volonterskoj osnovi doprinesu ostvarivanju misije organizacije.\",\"publisher\":{\"@id\":\"https:\\\/\\\/ic-lotos.org.ba\\\/#organization\"},\"potentialAction\":[{\"@type\":\"SearchAction\",\"target\":{\"@type\":\"EntryPoint\",\"urlTemplate\":\"https:\\\/\\\/ic-lotos.org.ba\\\/?s={search_term_string}\"},\"query-input\":{\"@type\":\"PropertyValueSpecification\",\"valueRequired\":true,\"valueName\":\"search_term_string\"}}],\"inLanguage\":\"en-US\"},{\"@type\":\"Organization\",\"@id\":\"https:\\\/\\\/ic-lotos.org.ba\\\/#organization\",\"name\":\"IC Lotos Tuzla\",\"url\":\"https:\\\/\\\/ic-lotos.org.ba\\\/\",\"logo\":{\"@type\":\"ImageObject\",\"inLanguage\":\"en-US\",\"@id\":\"https:\\\/\\\/ic-lotos.org.ba\\\/#\\\/schema\\\/logo\\\/image\\\/\",\"url\":\"https:\\\/\\\/ic-lotos.org.ba\\\/wp-content\\\/uploads\\\/2019\\\/11\\\/logo.jpg\",\"contentUrl\":\"https:\\\/\\\/ic-lotos.org.ba\\\/wp-content\\\/uploads\\\/2019\\\/11\\\/logo.jpg\",\"width\":575,\"height\":623,\"caption\":\"IC Lotos Tuzla\"},\"image\":{\"@id\":\"https:\\\/\\\/ic-lotos.org.ba\\\/#\\\/schema\\\/logo\\\/image\\\/\"},\"sameAs\":[\"https:\\\/\\\/www.facebook.com\\\/iclotos\\\/\",\"https:\\\/\\\/www.youtube.com\\\/feed\\\/library\"]},{\"@type\":\"Person\",\"@id\":\"https:\\\/\\\/ic-lotos.org.ba\\\/#\\\/schema\\\/person\\\/fb1da7c92bc3365aad6d1abac5bfe80a\",\"name\":\"Jasminko Bijeli\u0107\",\"image\":{\"@type\":\"ImageObject\",\"inLanguage\":\"en-US\",\"@id\":\"https:\\\/\\\/secure.gravatar.com\\\/avatar\\\/d694f8eb6cc3383210938655f7851f13239ed2f29afcf4e787e3c519ba016d67?s=96&d=mm&r=g\",\"url\":\"https:\\\/\\\/secure.gravatar.com\\\/avatar\\\/d694f8eb6cc3383210938655f7851f13239ed2f29afcf4e787e3c519ba016d67?s=96&d=mm&r=g\",\"contentUrl\":\"https:\\\/\\\/secure.gravatar.com\\\/avatar\\\/d694f8eb6cc3383210938655f7851f13239ed2f29afcf4e787e3c519ba016d67?s=96&d=mm&r=g\",\"caption\":\"Jasminko Bijeli\u0107\"}}]}<\/script>\n<!-- \/ Yoast SEO plugin. -->","yoast_head_json":{"title":"ME\u0110UNARODNI DAN OSOBA SA INVALIDITETOM 3. DCEMBAR 2010. god. - IC Lotos Tuzla","robots":{"index":"index","follow":"follow","max-snippet":"max-snippet:-1","max-image-preview":"max-image-preview:large","max-video-preview":"max-video-preview:-1"},"canonical":"https:\/\/ic-lotos.org.ba\/en\/medjunarodni-dan-osoba-sa-invaliditetom-3-dcembar-2010-god\/","og_locale":"en_US","og_type":"article","og_title":"ME\u0110UNARODNI DAN OSOBA SA INVALIDITETOM 3. DCEMBAR 2010. god. - IC Lotos Tuzla","og_description":"Me\u0111unarodni dan osoba sa invaliditetom 3. decembar se obilje\u017eava od 1992. godine kada je Glavna skup\u0161tina UN-a usvojila rezoluciju kojom se pozivaju sve zemlje na obilje\u017eavanje toga datuma s ciljem da se osobama sa invaliditetom omogu\u0107i jednako u\u017eivanje ljudskih prava [&hellip;]","og_url":"https:\/\/ic-lotos.org.ba\/en\/medjunarodni-dan-osoba-sa-invaliditetom-3-dcembar-2010-god\/","og_site_name":"IC Lotos Tuzla","article_publisher":"https:\/\/www.facebook.com\/iclotos\/","article_published_time":"2010-11-23T11:30:43+00:00","og_image":[{"width":1920,"height":600,"url":"https:\/\/ic-lotos.org.ba\/wp-content\/uploads\/2023\/10\/naslovna-1.jpg","type":"image\/jpeg"}],"author":"Jasminko Bijeli\u0107","twitter_card":"summary_large_image","twitter_misc":{"Written by":"Jasminko Bijeli\u0107","Est. reading time":"1 minute"},"schema":{"@context":"https:\/\/schema.org","@graph":[{"@type":"Article","@id":"https:\/\/ic-lotos.org.ba\/medjunarodni-dan-osoba-sa-invaliditetom-3-dcembar-2010-god\/#article","isPartOf":{"@id":"https:\/\/ic-lotos.org.ba\/medjunarodni-dan-osoba-sa-invaliditetom-3-dcembar-2010-god\/"},"author":{"name":"Jasminko Bijeli\u0107","@id":"https:\/\/ic-lotos.org.ba\/#\/schema\/person\/fb1da7c92bc3365aad6d1abac5bfe80a"},"headline":"ME\u0110UNARODNI DAN OSOBA SA INVALIDITETOM 3. DCEMBAR 2010. god.","datePublished":"2010-11-23T11:30:43+00:00","mainEntityOfPage":{"@id":"https:\/\/ic-lotos.org.ba\/medjunarodni-dan-osoba-sa-invaliditetom-3-dcembar-2010-god\/"},"wordCount":260,"commentCount":0,"publisher":{"@id":"https:\/\/ic-lotos.org.ba\/#organization"},"articleSection":["Vijesti"],"inLanguage":"en-US"},{"@type":"WebPage","@id":"https:\/\/ic-lotos.org.ba\/medjunarodni-dan-osoba-sa-invaliditetom-3-dcembar-2010-god\/","url":"https:\/\/ic-lotos.org.ba\/medjunarodni-dan-osoba-sa-invaliditetom-3-dcembar-2010-god\/","name":"ME\u0110UNARODNI DAN OSOBA SA INVALIDITETOM 3. DCEMBAR 2010. god. - IC Lotos Tuzla","isPartOf":{"@id":"https:\/\/ic-lotos.org.ba\/#website"},"datePublished":"2010-11-23T11:30:43+00:00","breadcrumb":{"@id":"https:\/\/ic-lotos.org.ba\/medjunarodni-dan-osoba-sa-invaliditetom-3-dcembar-2010-god\/#breadcrumb"},"inLanguage":"en-US","potentialAction":[{"@type":"ReadAction","target":["https:\/\/ic-lotos.org.ba\/medjunarodni-dan-osoba-sa-invaliditetom-3-dcembar-2010-god\/"]}]},{"@type":"BreadcrumbList","@id":"https:\/\/ic-lotos.org.ba\/medjunarodni-dan-osoba-sa-invaliditetom-3-dcembar-2010-god\/#breadcrumb","itemListElement":[{"@type":"ListItem","position":1,"name":"Naslovna","item":"https:\/\/ic-lotos.org.ba\/"},{"@type":"ListItem","position":2,"name":"ME\u0110UNARODNI DAN OSOBA SA INVALIDITETOM 3. DCEMBAR 2010. god."}]},{"@type":"WebSite","@id":"https:\/\/ic-lotos.org.ba\/#website","url":"https:\/\/ic-lotos.org.ba\/","name":"IC Lotos Tuzla","description":"Informativni centar \u201cLotos\u201d okuplja osobe sa ili bez invaliditeta koje su zainteresovane da svojim radom bilo na profesionalnoj ili volonterskoj osnovi doprinesu ostvarivanju misije organizacije.","publisher":{"@id":"https:\/\/ic-lotos.org.ba\/#organization"},"potentialAction":[{"@type":"SearchAction","target":{"@type":"EntryPoint","urlTemplate":"https:\/\/ic-lotos.org.ba\/?s={search_term_string}"},"query-input":{"@type":"PropertyValueSpecification","valueRequired":true,"valueName":"search_term_string"}}],"inLanguage":"en-US"},{"@type":"Organization","@id":"https:\/\/ic-lotos.org.ba\/#organization","name":"IC Lotos Tuzla","url":"https:\/\/ic-lotos.org.ba\/","logo":{"@type":"ImageObject","inLanguage":"en-US","@id":"https:\/\/ic-lotos.org.ba\/#\/schema\/logo\/image\/","url":"https:\/\/ic-lotos.org.ba\/wp-content\/uploads\/2019\/11\/logo.jpg","contentUrl":"https:\/\/ic-lotos.org.ba\/wp-content\/uploads\/2019\/11\/logo.jpg","width":575,"height":623,"caption":"IC Lotos Tuzla"},"image":{"@id":"https:\/\/ic-lotos.org.ba\/#\/schema\/logo\/image\/"},"sameAs":["https:\/\/www.facebook.com\/iclotos\/","https:\/\/www.youtube.com\/feed\/library"]},{"@type":"Person","@id":"https:\/\/ic-lotos.org.ba\/#\/schema\/person\/fb1da7c92bc3365aad6d1abac5bfe80a","name":"Jasminko Bijeli\u0107","image":{"@type":"ImageObject","inLanguage":"en-US","@id":"https:\/\/secure.gravatar.com\/avatar\/d694f8eb6cc3383210938655f7851f13239ed2f29afcf4e787e3c519ba016d67?s=96&d=mm&r=g","url":"https:\/\/secure.gravatar.com\/avatar\/d694f8eb6cc3383210938655f7851f13239ed2f29afcf4e787e3c519ba016d67?s=96&d=mm&r=g","contentUrl":"https:\/\/secure.gravatar.com\/avatar\/d694f8eb6cc3383210938655f7851f13239ed2f29afcf4e787e3c519ba016d67?s=96&d=mm&r=g","caption":"Jasminko Bijeli\u0107"}}]}},"_links":{"self":[{"href":"https:\/\/ic-lotos.org.ba\/en\/wp-json\/wp\/v2\/posts\/10690","targetHints":{"allow":["GET"]}}],"collection":[{"href":"https:\/\/ic-lotos.org.ba\/en\/wp-json\/wp\/v2\/posts"}],"about":[{"href":"https:\/\/ic-lotos.org.ba\/en\/wp-json\/wp\/v2\/types\/post"}],"author":[{"embeddable":true,"href":"https:\/\/ic-lotos.org.ba\/en\/wp-json\/wp\/v2\/users\/5"}],"replies":[{"embeddable":true,"href":"https:\/\/ic-lotos.org.ba\/en\/wp-json\/wp\/v2\/comments?post=10690"}],"version-history":[{"count":0,"href":"https:\/\/ic-lotos.org.ba\/en\/wp-json\/wp\/v2\/posts\/10690\/revisions"}],"wp:attachment":[{"href":"https:\/\/ic-lotos.org.ba\/en\/wp-json\/wp\/v2\/media?parent=10690"}],"wp:term":[{"taxonomy":"category","embeddable":true,"href":"https:\/\/ic-lotos.org.ba\/en\/wp-json\/wp\/v2\/categories?post=10690"},{"taxonomy":"post_tag","embeddable":true,"href":"https:\/\/ic-lotos.org.ba\/en\/wp-json\/wp\/v2\/tags?post=10690"}],"curies":[{"name":"wp","href":"https:\/\/api.w.org\/{rel}","templated":true}]}}